{"id":37752,"date":"2010-09-29T08:56:33","date_gmt":"2010-09-29T06:56:33","guid":{"rendered":"http:\/\/www.visit-ulcinj.com\/blog\/?p=37752"},"modified":"2010-10-03T21:47:27","modified_gmt":"2010-10-03T19:47:27","slug":"adonis-markashi-kampion-ballkanik","status":"publish","type":"post","link":"https:\/\/www.visit-ulcinj.com\/blog\/2010\/09\/29\/adonis-markashi-kampion-ballkanik\/","title":{"rendered":"Adonis Markashi Kampion Ballkanik &#8211; Video"},"content":{"rendered":"<p><a href=\"http:\/\/www.visit-ulcinj.com\/blog\/wp-content\/uploads\/2010\/09\/Adonis-Markashi-Kampion-Ballkanik.jpg\"><img loading=\"lazy\" class=\"alignleft size-full wp-image-37753\" title=\"Adonis Markashi Kampion Ballkanik\" src=\"http:\/\/www.visit-ulcinj.com\/blog\/wp-content\/uploads\/2010\/09\/Adonis-Markashi-Kampion-Ballkanik.jpg\" alt=\"\" width=\"490\" height=\"736\" srcset=\"https:\/\/www.visit-ulcinj.com\/blog\/wp-content\/uploads\/2010\/09\/Adonis-Markashi-Kampion-Ballkanik.jpg 490w, https:\/\/www.visit-ulcinj.com\/blog\/wp-content\/uploads\/2010\/09\/Adonis-Markashi-Kampion-Ballkanik-199x300.jpg 199w\" sizes=\"(max-width: 490px) 100vw, 490px\" \/><\/a>Nxenesi i klubit te karatese &#8220;Champion&#8221;nga Ulqini,<a href=\"http:\/\/www.facebook.com\/pages\/Lajme-Nga-Ulqini\/143844329234#!\/profile.php?id=1528496395&amp;ref=search\" target=\"_blank\"><strong>Adonis Markash<\/strong>i<\/a> mori pjese per perfaqesuesen e Malit te Zi ne kampionatin Ballkanik per pionier,shpresa dhe senior,ne Loutraki,Greqi.Ne konkurencen e luftrave individuale ai pati disa ndeshje ,si me garuesin e Qipros,Bullgarise,Greqise,ndeshje keto te gjitha me fitore.Ndersa ne finale Adonisi u ndesh me garuesin e Bosnje dhe Hercegovines me rezultat 6:1.<br \/>\nAdonis Markashi solli ne qytetin tone per here te pare medaljen e arte nga kampionati ballkanik.&#8221;Medalja e arte ne kete kampionat eshte kulmi i sukseseve te deritanishme per Adonis Markashin&#8221;-shtojne traineret Lek\u00eb Markiqi dhe Nail Kurtoviqi te cilet jane me se te kenaqur me arritjet e klubit te cilin ata drejtojne.<\/p>\n<p><strong><a href=\"http:\/\/www.facebook.com\/profile.php?id=1176673704\">Flora Markiq Facebook<\/a><\/strong><\/p>\n<p>Ulcinj &#8211; Adonis Marka\u0161i (13), \u010dlan KK \u201e\u0160ampion\u201c iz Ulcinja, osvojio je zlatnu medalju u borbama pojedina\u010dno do 40 kilograma na 14. Balkanskom prvenstvu u karateu za pionire, nade i seniore koje je odr\u017eano u Lutraki u Gr\u010dkoj. Njegov klupski drug Genc Murati (12) okitio se bronzom tako\u0111e u borbama pojedina\u010dno, ali do 50 kilograma.<br \/>\nOba dje\u010daka nastupala su za reprezentaciju Crne Gore koja je na takmi\u010denju zauzela 4. mjesto u generalnom plasmanu.<\/p>\n<p><strong>S,A<br \/>\n<a href=\"http:\/\/www.vijesti.me\/\">Vijesti<\/a><\/strong><\/p>\n<p><strong><a href=\"http:\/\/www.facebook.com\/profile.php?id=1176673704\"><\/a><\/strong><\/p>\n<p><strong><a href=\"http:\/\/www.facebook.com\/profile.php?id=1176673704\">\n\t\t<style type=\"text\/css\">\n\t\t\t#gallery-1 {\n\t\t\t\tmargin: auto;\n\t\t\t}\n\t\t\t#gallery-1 .gallery-item {\n\t\t\t\tfloat: left;\n\t\t\t\tmargin-top: 10px;\n\t\t\t\ttext-align: center;\n\t\t\t\twidth: 33%;\n\t\t\t}\n\t\t\t#gallery-1 img {\n\t\t\t\tborder: 2px solid #cfcfcf;\n\t\t\t}\n\t\t\t#gallery-1 .gallery-caption {\n\t\t\t\tmargin-left: 0;\n\t\t\t}\n\t\t\t\/* see gallery_shortcode() in wp-includes\/media.php *\/\n\t\t<\/style>\n\t\t<div id='gallery-1' class='gallery galleryid-37752 gallery-columns-3 gallery-size-thumbnail'><dl class='gallery-item'>\n\t\t\t<dt class='gallery-icon portrait'>\n\t\t\t\t<a href='https:\/\/www.visit-ulcinj.com\/blog\/wp-content\/uploads\/2010\/09\/Adonis-Markashi-Kampion-Ballkanik.jpg'><img width=\"150\" height=\"150\" src=\"https:\/\/www.visit-ulcinj.com\/blog\/wp-content\/uploads\/2010\/09\/Adonis-Markashi-Kampion-Ballkanik-150x150.jpg\" class=\"attachment-thumbnail size-thumbnail\" alt=\"\" loading=\"lazy\" \/><\/a>\n\t\t\t<\/dt><\/dl><dl class='gallery-item'>\n\t\t\t<dt class='gallery-icon portrait'>\n\t\t\t\t<a href='https:\/\/www.visit-ulcinj.com\/blog\/wp-content\/uploads\/2010\/09\/Adonis-Markashi-Kampion-Ballkanik.1.jpg'><img width=\"150\" height=\"150\" src=\"https:\/\/www.visit-ulcinj.com\/blog\/wp-content\/uploads\/2010\/09\/Adonis-Markashi-Kampion-Ballkanik.1-150x150.jpg\" class=\"attachment-thumbnail size-thumbnail\" alt=\"\" loading=\"lazy\" \/><\/a>\n\t\t\t<\/dt><\/dl><dl class='gallery-item'>\n\t\t\t<dt class='gallery-icon portrait'>\n\t\t\t\t<a href='https:\/\/www.visit-ulcinj.com\/blog\/wp-content\/uploads\/2010\/09\/Adonis-Markashi-Kampion-Ballkanik.2.jpg'><img width=\"150\" height=\"150\" src=\"https:\/\/www.visit-ulcinj.com\/blog\/wp-content\/uploads\/2010\/09\/Adonis-Markashi-Kampion-Ballkanik.2-150x150.jpg\" class=\"attachment-thumbnail size-thumbnail\" alt=\"\" loading=\"lazy\" \/><\/a>\n\t\t\t<\/dt><\/dl><br style=\"clear: both\" \/><dl class='gallery-item'>\n\t\t\t<dt class='gallery-icon landscape'>\n\t\t\t\t<a href='https:\/\/www.visit-ulcinj.com\/blog\/wp-content\/uploads\/2010\/09\/Adonis-Markashi-Kampion-Ballkanik.3.jpg'><img width=\"150\" height=\"150\" src=\"https:\/\/www.visit-ulcinj.com\/blog\/wp-content\/uploads\/2010\/09\/Adonis-Markashi-Kampion-Ballkanik.3-150x150.jpg\" class=\"attachment-thumbnail size-thumbnail\" alt=\"\" loading=\"lazy\" \/><\/a>\n\t\t\t<\/dt><\/dl><dl class='gallery-item'>\n\t\t\t<dt class='gallery-icon landscape'>\n\t\t\t\t<a href='https:\/\/www.visit-ulcinj.com\/blog\/wp-content\/uploads\/2010\/09\/Adonis-Markashi-Kampion-Ballkanik.4.jpg'><img width=\"150\" height=\"150\" src=\"https:\/\/www.visit-ulcinj.com\/blog\/wp-content\/uploads\/2010\/09\/Adonis-Markashi-Kampion-Ballkanik.4-150x150.jpg\" class=\"attachment-thumbnail size-thumbnail\" alt=\"\" loading=\"lazy\" \/><\/a>\n\t\t\t<\/dt><\/dl><dl class='gallery-item'>\n\t\t\t<dt class='gallery-icon landscape'>\n\t\t\t\t<a href='https:\/\/www.visit-ulcinj.com\/blog\/wp-content\/uploads\/2010\/09\/Adonis-Markashi-Kampion-Ballkanik.5.jpg'><img width=\"150\" height=\"150\" src=\"https:\/\/www.visit-ulcinj.com\/blog\/wp-content\/uploads\/2010\/09\/Adonis-Markashi-Kampion-Ballkanik.5-150x150.jpg\" class=\"attachment-thumbnail size-thumbnail\" alt=\"\" loading=\"lazy\" \/><\/a>\n\t\t\t<\/dt><\/dl><br style=\"clear: both\" \/><dl class='gallery-item'>\n\t\t\t<dt class='gallery-icon landscape'>\n\t\t\t\t<a href='https:\/\/www.visit-ulcinj.com\/blog\/wp-content\/uploads\/2010\/09\/Kampionet-ne-kabinetin-e-kryetarit-te-Komunes-se-Ulqinit30.09.2010.jpg'><img width=\"150\" height=\"150\" src=\"https:\/\/www.visit-ulcinj.com\/blog\/wp-content\/uploads\/2010\/09\/Kampionet-ne-kabinetin-e-kryetarit-te-Komunes-se-Ulqinit30.09.2010-150x150.jpg\" class=\"attachment-thumbnail size-thumbnail\" alt=\"\" loading=\"lazy\" \/><\/a>\n\t\t\t<\/dt><\/dl><dl class='gallery-item'>\n\t\t\t<dt class='gallery-icon landscape'>\n\t\t\t\t<a href='https:\/\/www.visit-ulcinj.com\/blog\/wp-content\/uploads\/2010\/09\/Kampionet-me-trejner-para-Komunes-se-Ulqinit30.09.2010.jpg'><img width=\"150\" height=\"150\" src=\"https:\/\/www.visit-ulcinj.com\/blog\/wp-content\/uploads\/2010\/09\/Kampionet-me-trejner-para-Komunes-se-Ulqinit30.09.2010-150x150.jpg\" class=\"attachment-thumbnail size-thumbnail\" alt=\"\" loading=\"lazy\" \/><\/a>\n\t\t\t<\/dt><\/dl><dl class='gallery-item'>\n\t\t\t<dt class='gallery-icon portrait'>\n\t\t\t\t<a href='https:\/\/www.visit-ulcinj.com\/blog\/wp-content\/uploads\/2010\/09\/Kampionet-para-Komunes-se-Ulqinit30.09.2010.jpg'><img width=\"150\" height=\"150\" src=\"https:\/\/www.visit-ulcinj.com\/blog\/wp-content\/uploads\/2010\/09\/Kampionet-para-Komunes-se-Ulqinit30.09.2010-150x150.jpg\" class=\"attachment-thumbnail size-thumbnail\" alt=\"\" loading=\"lazy\" \/><\/a>\n\t\t\t<\/dt><\/dl><br style=\"clear: both\" \/>\n\t\t<\/div>\n<br \/>\n<\/a><!--YouTube Error: bad URL entered--><a href=\"http:\/\/www.facebook.com\/profile.php?id=1176673704\"><br \/>\n<\/a><\/strong><\/p>\n","protected":false},"excerpt":{"rendered":"<p>Nxenesi i klubit te karatese &#8220;Champion&#8221;nga Ulqini,Adonis Markashi mori pjese per perfaqesuesen e Malit te Zi ne kampionatin Ballkanik per pionier,shpresa dhe senior,ne Loutraki,Greqi.Ne konkurencen e luftrave individuale ai pati disa ndeshje ,si me garuesin e Qipros,Bullgarise,Greqise,ndeshje keto te gjitha me fitore.Ndersa ne finale Adonisi u ndesh me garuesin e Bosnje dhe Hercegovines me rezultat [&hellip;]<\/p>\n","protected":false},"author":1,"featured_media":0,"comment_status":"open","ping_status":"closed","sticky":false,"template":"","format":"standard","meta":{"spay_email":"","jetpack_publicize_message":"","jetpack_is_tweetstorm":false,"jetpack_publicize_feature_enabled":true},"categories":[3],"tags":[1817,15683,15682,200,18],"jetpack_publicize_connections":[],"yoast_head":"<!-- This site is optimized with the Yoast SEO plugin v19.1 - https:\/\/yoast.com\/wordpress\/plugins\/seo\/ -->\n<title>Adonis Markashi Kampion Ballkanik - Video - Lajme nga Ulqini<\/title>\n<meta name=\"description\" content=\"Nxenesi i klubit te karatese &quot;Champion&quot;nga Ulqini,Adonis Markashi mori pjese per perfaqesuesen e Malit te Zi ne kampionatin Ballkanik per pionier,shpresa\" \/>\n<meta name=\"robots\" content=\"index, follow, max-snippet:-1, max-image-preview:large, max-video-preview:-1\" \/>\n<link rel=\"canonical\" href=\"https:\/\/www.visit-ulcinj.com\/blog\/2010\/09\/29\/adonis-markashi-kampion-ballkanik\/\" \/>\n<meta property=\"og:locale\" content=\"en_US\" \/>\n<meta property=\"og:type\" content=\"article\" \/>\n<meta property=\"og:title\" content=\"Adonis Markashi Kampion Ballkanik - Video - Lajme nga Ulqini\" \/>\n<meta property=\"og:description\" content=\"Nxenesi i klubit te karatese &quot;Champion&quot;nga Ulqini,Adonis Markashi mori pjese per perfaqesuesen e Malit te Zi ne kampionatin Ballkanik per pionier,shpresa\" \/>\n<meta property=\"og:url\" content=\"https:\/\/www.visit-ulcinj.com\/blog\/2010\/09\/29\/adonis-markashi-kampion-ballkanik\/\" \/>\n<meta property=\"og:site_name\" content=\"Lajme nga Ulqini\" \/>\n<meta property=\"article:published_time\" content=\"2010-09-29T06:56:33+00:00\" \/>\n<meta property=\"article:modified_time\" content=\"2010-10-03T19:47:27+00:00\" \/>\n<meta property=\"og:image\" content=\"https:\/\/www.visit-ulcinj.com\/blog\/wp-content\/uploads\/2010\/09\/Adonis-Markashi-Kampion-Ballkanik-150x150.jpg\" \/>\n<meta name=\"twitter:label1\" content=\"Written by\" \/>\n\t<meta name=\"twitter:data1\" content=\"ulqini\" \/>\n\t<meta name=\"twitter:label2\" content=\"Est. reading time\" \/>\n\t<meta name=\"twitter:data2\" content=\"1 minute\" \/>\n<script type=\"application\/ld+json\" class=\"yoast-schema-graph\">{\"@context\":\"https:\/\/schema.org\",\"@graph\":[{\"@type\":\"WebSite\",\"@id\":\"https:\/\/www.visit-ulcinj.com\/blog\/#website\",\"url\":\"https:\/\/www.visit-ulcinj.com\/blog\/\",\"name\":\"Lajme nga Ulqini\",\"description\":\"Lajme,Vijesti,Ulqini,Ulqin,Crna Gora,Mali i Zi\",\"potentialAction\":[{\"@type\":\"SearchAction\",\"target\":{\"@type\":\"EntryPoint\",\"urlTemplate\":\"https:\/\/www.visit-ulcinj.com\/blog\/?s={search_term_string}\"},\"query-input\":\"required name=search_term_string\"}],\"inLanguage\":\"en-US\"},{\"@type\":\"ImageObject\",\"inLanguage\":\"en-US\",\"@id\":\"https:\/\/www.visit-ulcinj.com\/blog\/2010\/09\/29\/adonis-markashi-kampion-ballkanik\/#primaryimage\",\"url\":\"https:\/\/www.visit-ulcinj.com\/blog\/wp-content\/uploads\/2010\/09\/Adonis-Markashi-Kampion-Ballkanik.jpg\",\"contentUrl\":\"https:\/\/www.visit-ulcinj.com\/blog\/wp-content\/uploads\/2010\/09\/Adonis-Markashi-Kampion-Ballkanik.jpg\",\"width\":\"490\",\"height\":\"736\"},{\"@type\":\"WebPage\",\"@id\":\"https:\/\/www.visit-ulcinj.com\/blog\/2010\/09\/29\/adonis-markashi-kampion-ballkanik\/#webpage\",\"url\":\"https:\/\/www.visit-ulcinj.com\/blog\/2010\/09\/29\/adonis-markashi-kampion-ballkanik\/\",\"name\":\"Adonis Markashi Kampion Ballkanik - Video - Lajme nga Ulqini\",\"isPartOf\":{\"@id\":\"https:\/\/www.visit-ulcinj.com\/blog\/#website\"},\"primaryImageOfPage\":{\"@id\":\"https:\/\/www.visit-ulcinj.com\/blog\/2010\/09\/29\/adonis-markashi-kampion-ballkanik\/#primaryimage\"},\"datePublished\":\"2010-09-29T06:56:33+00:00\",\"dateModified\":\"2010-10-03T19:47:27+00:00\",\"author\":{\"@id\":\"https:\/\/www.visit-ulcinj.com\/blog\/#\/schema\/person\/dcab619c614d3038751c63bc2aadc06d\"},\"description\":\"Nxenesi i klubit te karatese \\\"Champion\\\"nga Ulqini,Adonis Markashi mori pjese per perfaqesuesen e Malit te Zi ne kampionatin Ballkanik per pionier,shpresa\",\"breadcrumb\":{\"@id\":\"https:\/\/www.visit-ulcinj.com\/blog\/2010\/09\/29\/adonis-markashi-kampion-ballkanik\/#breadcrumb\"},\"inLanguage\":\"en-US\",\"potentialAction\":[{\"@type\":\"ReadAction\",\"target\":[\"https:\/\/www.visit-ulcinj.com\/blog\/2010\/09\/29\/adonis-markashi-kampion-ballkanik\/\"]}]},{\"@type\":\"BreadcrumbList\",\"@id\":\"https:\/\/www.visit-ulcinj.com\/blog\/2010\/09\/29\/adonis-markashi-kampion-ballkanik\/#breadcrumb\",\"itemListElement\":[{\"@type\":\"ListItem\",\"position\":1,\"name\":\"Adonis Markashi Kampion Ballkanik &#8211; Video\"}]},{\"@type\":\"Person\",\"@id\":\"https:\/\/www.visit-ulcinj.com\/blog\/#\/schema\/person\/dcab619c614d3038751c63bc2aadc06d\",\"name\":\"ulqini\",\"sameAs\":[\"http:\/\/www.visit-ulcinj.com\"],\"url\":\"https:\/\/www.visit-ulcinj.com\/blog\/author\/admin\/\"}]}<\/script>\n<!-- \/ Yoast SEO plugin. -->","yoast_head_json":{"title":"Adonis Markashi Kampion Ballkanik - Video - Lajme nga Ulqini","description":"Nxenesi i klubit te karatese \"Champion\"nga Ulqini,Adonis Markashi mori pjese per perfaqesuesen e Malit te Zi ne kampionatin Ballkanik per pionier,shpresa","robots":{"index":"index","follow":"follow","max-snippet":"max-snippet:-1","max-image-preview":"max-image-preview:large","max-video-preview":"max-video-preview:-1"},"canonical":"https:\/\/www.visit-ulcinj.com\/blog\/2010\/09\/29\/adonis-markashi-kampion-ballkanik\/","og_locale":"en_US","og_type":"article","og_title":"Adonis Markashi Kampion Ballkanik - Video - Lajme nga Ulqini","og_description":"Nxenesi i klubit te karatese \"Champion\"nga Ulqini,Adonis Markashi mori pjese per perfaqesuesen e Malit te Zi ne kampionatin Ballkanik per pionier,shpresa","og_url":"https:\/\/www.visit-ulcinj.com\/blog\/2010\/09\/29\/adonis-markashi-kampion-ballkanik\/","og_site_name":"Lajme nga Ulqini","article_published_time":"2010-09-29T06:56:33+00:00","article_modified_time":"2010-10-03T19:47:27+00:00","og_image":[{"url":"https:\/\/www.visit-ulcinj.com\/blog\/wp-content\/uploads\/2010\/09\/Adonis-Markashi-Kampion-Ballkanik-150x150.jpg"}],"twitter_misc":{"Written by":"ulqini","Est. reading time":"1 minute"},"schema":{"@context":"https:\/\/schema.org","@graph":[{"@type":"WebSite","@id":"https:\/\/www.visit-ulcinj.com\/blog\/#website","url":"https:\/\/www.visit-ulcinj.com\/blog\/","name":"Lajme nga Ulqini","description":"Lajme,Vijesti,Ulqini,Ulqin,Crna Gora,Mali i Zi","potentialAction":[{"@type":"SearchAction","target":{"@type":"EntryPoint","urlTemplate":"https:\/\/www.visit-ulcinj.com\/blog\/?s={search_term_string}"},"query-input":"required name=search_term_string"}],"inLanguage":"en-US"},{"@type":"ImageObject","inLanguage":"en-US","@id":"https:\/\/www.visit-ulcinj.com\/blog\/2010\/09\/29\/adonis-markashi-kampion-ballkanik\/#primaryimage","url":"https:\/\/www.visit-ulcinj.com\/blog\/wp-content\/uploads\/2010\/09\/Adonis-Markashi-Kampion-Ballkanik.jpg","contentUrl":"https:\/\/www.visit-ulcinj.com\/blog\/wp-content\/uploads\/2010\/09\/Adonis-Markashi-Kampion-Ballkanik.jpg","width":"490","height":"736"},{"@type":"WebPage","@id":"https:\/\/www.visit-ulcinj.com\/blog\/2010\/09\/29\/adonis-markashi-kampion-ballkanik\/#webpage","url":"https:\/\/www.visit-ulcinj.com\/blog\/2010\/09\/29\/adonis-markashi-kampion-ballkanik\/","name":"Adonis Markashi Kampion Ballkanik - Video - Lajme nga Ulqini","isPartOf":{"@id":"https:\/\/www.visit-ulcinj.com\/blog\/#website"},"primaryImageOfPage":{"@id":"https:\/\/www.visit-ulcinj.com\/blog\/2010\/09\/29\/adonis-markashi-kampion-ballkanik\/#primaryimage"},"datePublished":"2010-09-29T06:56:33+00:00","dateModified":"2010-10-03T19:47:27+00:00","author":{"@id":"https:\/\/www.visit-ulcinj.com\/blog\/#\/schema\/person\/dcab619c614d3038751c63bc2aadc06d"},"description":"Nxenesi i klubit te karatese \"Champion\"nga Ulqini,Adonis Markashi mori pjese per perfaqesuesen e Malit te Zi ne kampionatin Ballkanik per pionier,shpresa","breadcrumb":{"@id":"https:\/\/www.visit-ulcinj.com\/blog\/2010\/09\/29\/adonis-markashi-kampion-ballkanik\/#breadcrumb"},"inLanguage":"en-US","potentialAction":[{"@type":"ReadAction","target":["https:\/\/www.visit-ulcinj.com\/blog\/2010\/09\/29\/adonis-markashi-kampion-ballkanik\/"]}]},{"@type":"BreadcrumbList","@id":"https:\/\/www.visit-ulcinj.com\/blog\/2010\/09\/29\/adonis-markashi-kampion-ballkanik\/#breadcrumb","itemListElement":[{"@type":"ListItem","position":1,"name":"Adonis Markashi Kampion Ballkanik &#8211; Video"}]},{"@type":"Person","@id":"https:\/\/www.visit-ulcinj.com\/blog\/#\/schema\/person\/dcab619c614d3038751c63bc2aadc06d","name":"ulqini","sameAs":["http:\/\/www.visit-ulcinj.com"],"url":"https:\/\/www.visit-ulcinj.com\/blog\/author\/admin\/"}]}},"jetpack_featured_media_url":"","jetpack_sharing_enabled":true,"jetpack_shortlink":"https:\/\/wp.me\/pe6lTn-9OU","_links":{"self":[{"href":"https:\/\/www.visit-ulcinj.com\/blog\/wp-json\/wp\/v2\/posts\/37752"}],"collection":[{"href":"https:\/\/www.visit-ulcinj.com\/blog\/wp-json\/wp\/v2\/posts"}],"about":[{"href":"https:\/\/www.visit-ulcinj.com\/blog\/wp-json\/wp\/v2\/types\/post"}],"author":[{"embeddable":true,"href":"https:\/\/www.visit-ulcinj.com\/blog\/wp-json\/wp\/v2\/users\/1"}],"replies":[{"embeddable":true,"href":"https:\/\/www.visit-ulcinj.com\/blog\/wp-json\/wp\/v2\/comments?post=37752"}],"version-history":[{"count":0,"href":"https:\/\/www.visit-ulcinj.com\/blog\/wp-json\/wp\/v2\/posts\/37752\/revisions"}],"wp:attachment":[{"href":"https:\/\/www.visit-ulcinj.com\/blog\/wp-json\/wp\/v2\/media?parent=37752"}],"wp:term":[{"taxonomy":"category","embeddable":true,"href":"https:\/\/www.visit-ulcinj.com\/blog\/wp-json\/wp\/v2\/categories?post=37752"},{"taxonomy":"post_tag","embeddable":true,"href":"https:\/\/www.visit-ulcinj.com\/blog\/wp-json\/wp\/v2\/tags?post=37752"}],"curies":[{"name":"wp","href":"https:\/\/api.w.org\/{rel}","templated":true}]}}