{"id":37775,"date":"2010-09-29T11:31:54","date_gmt":"2010-09-29T09:31:54","guid":{"rendered":"http:\/\/www.visit-ulcinj.com\/blog\/?p=37775"},"modified":"2010-09-29T11:39:19","modified_gmt":"2010-09-29T09:39:19","slug":"ulqini-arkeologjik-kujtesa-e-shekujve","status":"publish","type":"post","link":"https:\/\/www.visit-ulcinj.com\/blog\/2010\/09\/29\/ulqini-arkeologjik-kujtesa-e-shekujve\/","title":{"rendered":"Ulqini Arkeologjik &#8211; Kujtesa e shekujve"},"content":{"rendered":"<p><strong><a href=\"http:\/\/www.visit-ulcinj.com\/blog\/wp-content\/uploads\/2010\/09\/Ulqini-Arkeologjik-Kujtesa-e-shekujve.jpg\"><img loading=\"lazy\" class=\"alignleft size-full wp-image-37776\" title=\"Ulqini Arkeologjik - Kujtesa e shekujve\" src=\"http:\/\/www.visit-ulcinj.com\/blog\/wp-content\/uploads\/2010\/09\/Ulqini-Arkeologjik-Kujtesa-e-shekujve.jpg\" alt=\"\" width=\"490\" height=\"390\" \/><\/a>Ulqini \u00ebsht\u00eb nj\u00eb qytet arkeologjik i klasit t\u00eb par\u00eb. Ai \u00ebsht\u00eb nj\u00eb struktur\u00eb\u00a0urbane iliro \u2013 shqiptare buz\u00eb Adriatikut, me nj\u00eb histori sinkretike\u00a0qytet\u00ebrimesh t\u00eb m\u00ebdha. K\u00ebtu jan\u00eb g\u00ebrshetuar qytet\u00ebrimet l\u00ebviz\u00ebse t\u00eb\u00a0grek\u00ebrve t\u00eb vjet\u00ebr, romak\u00ebve, bizantin\u00ebve, venedikasve, osman\u00ebve,\u00a0sllav\u00ebve, duke mbijetuar Ulqini shqiptar sot dhe n\u00eb t\u00eb ardhmen. K\u00ebtu kulturat\u00a0shpirt\u00ebzuese t\u00eb mitologjive jan\u00eb p\u00ebrzjer\u00eb dhe nd\u00ebrthurur gati n\u00eb\u00a0m\u00ebnyr\u00eb sureale. Mitet homerike t\u00eb argonaut\u00ebve, t\u00eb kolkid\u00ebve dhe\u00a0Medeas, t\u00eb Artemisit dhe t\u00eb Bindit, mitet e krisht\u00ebrimit t\u00eb hersh\u00ebm, t\u00eb\u00a0katolicizmit europer\u00ebndimor italik, dalmatin, t\u00eb ortodoksizmit bizantin\u00a0dhe sllav, islamizmi kuranik, sektet mistike t\u00eb dervish\u00ebve etj. <\/strong><\/p>\n<p>Ulqini meriton nje sage dashurie te perhershme,\u00a0te pafundme. Por per shqiptaret e\u00a0Ulqinit ende arkeologjia nuk eshte celesi per\u00a0te hapur portat e mbyllura te kujteses.\u00a0Shqiptaret jane te vonuar, por kjo nuk eshte\u00a0fatale.\u00a0Per shkak te lidhjes time shume te vecante me\u00a0Ulqinin kam pare me syrin e arkeologut monumentet\u00a0e tij. Ulqini eshte nje qytet arkeologjik\u00a0i klasit te pare. Ai eshte nje strukture\u00a0urbane iliro \u2013 shqiptare buze Adriatikut, me\u00a0nje histori sinkretike qyteterimesh te medha.\u00a0Ketu jane gershetuar qyteterimet levizese te\u00a0grekerve te vjeter, romakeve, bizantineve,\u00a0venedikasve, osmaneve, sllaveve, duke mbijetuar\u00a0Ulqini shqiptar sot dhe ne te ardhmen.\u00a0Ketu kulturat shpirtezuese te mitologjive jane\u00a0perzjere dhe nderthurur gati ne menyre\u00a0sureale. Mitet homerike te argonauteve, te\u00a0kolkideve dhe Medeas, te Artemisit dhe te\u00a0Bindit, mitet e krishterimit te hershem, te\u00a0katolicizmit europerendimor italik, dalmatin,\u00a0te ortodoksizmit bizantin dhe sllav, islamizmi\u00a0kuranik, sektet mistike te dervisheve etj.\u00a0Me poshte po flas per disa hulumtime te mia\u00a0per monumentet arkeologjike te panjohura te\u00a0Ulqinit.<\/p>\n<p><strong>1.<\/strong> Ne akropolin e keshtjelles prane sternes\u00a0monumentale bizantine gjeta per here te pare\u00a0nje kapitel te stilit jonik te shekullit IV p.e.s.,\u00a0qe deshmon per ekzistencen e dikurshme te\u00a0nje tempulli pagan jonik, ndoshta kushtuar\u00a0kultit te Artemisit, kult shume i fuqishem ne\u00a0Durres, Apoloni gjate shekujve VI-III p.e.s.\u00a0Ky kapitel me mermer te bardhe te importuar,\u00a0ne baze te permasave dhe te modulit percakton\u00a0qarte lartesine e kolones mbi te cilen ka\u00a0qene dhe rikonstruktimin hipotetik te monumentit.<\/p>\n<p><strong>2.<\/strong> Duke e pare me vemendje profesionale\u00a0altarin e Artemisit, te bashkesise (koinonit) te\u00a0gurgdhendesve te Ulqinit, vura re se ne pjesen\u00a0e siperme eshte saktesisht nje vrime me kllape\u00a0plumbi, qe tregon se mbi te ka qene vendosur\u00a0dikur statuja e Artemisit Elafovoles, kult ky i\u00a0cuditshem, sepse e paraqet kete hyjneshe me\u00a0brire dreri (nje rifigurim i njejte i hyjneshes se\u00a0ketij kulti eshte zbuluar ne Apoloni).<\/p>\n<p><strong>3.<\/strong> Ne materialet arkeologjike te ekspozuara ne\u00a0Kala, ku jane vene edhe objektet e kultures se\u00a0hershme arberore te Shasit, eshte edhe nje\u00a0fragment pelhure mendafshi me motive floreale,\u00a0nje tekstil bizantin, deshmi unike deri me\u00a0sot e nxjerre nga varret arberore te Shasit.\u00a0Eshte zbulim sensacional.<br \/>\n<a href=\"http:\/\/www.visit-ulcinj.com\/blog\/wp-content\/uploads\/2010\/09\/Ulqini-Arkeologjik-Kujtesa-e-shekujve.1.jpg\"><img loading=\"lazy\" class=\"alignleft size-full wp-image-37777\" title=\"Ulqini Arkeologjik - Kujtesa e shekujve.1\" src=\"http:\/\/www.visit-ulcinj.com\/blog\/wp-content\/uploads\/2010\/09\/Ulqini-Arkeologjik-Kujtesa-e-shekujve.1.jpg\" alt=\"\" width=\"490\" height=\"347\" srcset=\"https:\/\/www.visit-ulcinj.com\/blog\/wp-content\/uploads\/2010\/09\/Ulqini-Arkeologjik-Kujtesa-e-shekujve.1.jpg 490w, https:\/\/www.visit-ulcinj.com\/blog\/wp-content\/uploads\/2010\/09\/Ulqini-Arkeologjik-Kujtesa-e-shekujve.1-300x212.jpg 300w\" sizes=\"(max-width: 490px) 100vw, 490px\" \/><\/a><\/p>\n<p>4. Plastika paleokristiane e shekujve V \u2013 VI\u00a0brenda territorit te keshtjelles, ende e pastudiuar\u00a0dhe e pabotuar, flet per kulture ndertimore\u00a0dhe artistike te krishterimit vendas te nivelit\u00a0shume te larte, ku koncepti bizantin eshte i\u00a0stilit dalmatik te lidhur qe heret me elemente\u00a0te krishterimit perendimor. Relievet skulpturore\u00a0te shekujve XII \u2013 XIV, po te monumenteve\u00a0te kultit te krishtere te stilit pre-romanik,\u00a0romanik, te gotikut te hershem si dhe te rilindjes\u00a0dalmatinase flasin per nje faze te dyte,\u00a0vijuese, qe lartesohet ne kulturen mesjetare\u00a0shqiptare ne sintoni e simbioze me kulturen\u00a0venedikase. Ulqini si qytet &#8211; keshtjelle shqiptaro\u00a0\u2013 venedikase eshte kapitull kryesor me\u00a0nivel shume te larte te mesjetes dhe rilindjes\u00a0dalmatine.<\/p>\n<p><strong>5.<\/strong> Qeramika majolike e pikturuar bizantine\u00a0dhe venedikase me figura zoomorfe dhe\u00a0antropomorfe ne Ulqin perben nje koleksion\u00a0te pasur (shekujt XII \u2013 XV) e denje per nje\u00a0album cilesor te historise se artit miniaturist\u00a0dhe utilitar te perditshmerise se jetes njerezore.<\/p>\n<p><strong>Dr. Moikom Zeqo<br \/>\nKoha Javore<br \/>\n<!--YouTube Error: bad URL entered--><\/strong><\/p>\n","protected":false},"excerpt":{"rendered":"<p>Ulqini \u00ebsht\u00eb nj\u00eb qytet arkeologjik i klasit t\u00eb par\u00eb. Ai \u00ebsht\u00eb nj\u00eb struktur\u00eb\u00a0urbane iliro \u2013 shqiptare buz\u00eb Adriatikut, me nj\u00eb histori sinkretike\u00a0qytet\u00ebrimesh t\u00eb m\u00ebdha. K\u00ebtu jan\u00eb g\u00ebrshetuar qytet\u00ebrimet l\u00ebviz\u00ebse t\u00eb\u00a0grek\u00ebrve t\u00eb vjet\u00ebr, romak\u00ebve, bizantin\u00ebve, venedikasve, osman\u00ebve,\u00a0sllav\u00ebve, duke mbijetuar Ulqini shqiptar sot dhe n\u00eb t\u00eb ardhmen. K\u00ebtu kulturat\u00a0shpirt\u00ebzuese t\u00eb mitologjive jan\u00eb p\u00ebrzjer\u00eb dhe nd\u00ebrthurur gati n\u00eb\u00a0m\u00ebnyr\u00eb [&hellip;]<\/p>\n","protected":false},"author":1,"featured_media":0,"comment_status":"open","ping_status":"closed","sticky":false,"template":"","format":"standard","meta":{"spay_email":"","jetpack_publicize_message":"","jetpack_is_tweetstorm":false,"jetpack_publicize_feature_enabled":true},"categories":[13],"tags":[15689,15690,15688,3231,15684,15686,15687,15685],"jetpack_publicize_connections":[],"yoast_head":"<!-- This site is optimized with the Yoast SEO plugin v19.1 - https:\/\/yoast.com\/wordpress\/plugins\/seo\/ -->\n<title>Ulqini Arkeologjik - Kujtesa e shekujve - Lajme nga Ulqini<\/title>\n<meta name=\"description\" content=\"Ulqini \u00ebsht\u00eb nj\u00eb qytet arkeologjik i klasit t\u00eb par\u00eb. Ai \u00ebsht\u00eb nj\u00eb struktur\u00eb\u00a0urbane iliro \u2013 shqiptare buz\u00eb Adriatikut, me nj\u00eb histori\" \/>\n<meta name=\"robots\" content=\"index, follow, max-snippet:-1, max-image-preview:large, max-video-preview:-1\" \/>\n<link rel=\"canonical\" href=\"https:\/\/www.visit-ulcinj.com\/blog\/2010\/09\/29\/ulqini-arkeologjik-kujtesa-e-shekujve\/\" \/>\n<meta property=\"og:locale\" content=\"en_US\" \/>\n<meta property=\"og:type\" content=\"article\" \/>\n<meta property=\"og:title\" content=\"Ulqini Arkeologjik - Kujtesa e shekujve - Lajme nga Ulqini\" \/>\n<meta property=\"og:description\" content=\"Ulqini \u00ebsht\u00eb nj\u00eb qytet arkeologjik i klasit t\u00eb par\u00eb. Ai \u00ebsht\u00eb nj\u00eb struktur\u00eb\u00a0urbane iliro \u2013 shqiptare buz\u00eb Adriatikut, me nj\u00eb histori\" \/>\n<meta property=\"og:url\" content=\"https:\/\/www.visit-ulcinj.com\/blog\/2010\/09\/29\/ulqini-arkeologjik-kujtesa-e-shekujve\/\" \/>\n<meta property=\"og:site_name\" content=\"Lajme nga Ulqini\" \/>\n<meta property=\"article:published_time\" content=\"2010-09-29T09:31:54+00:00\" \/>\n<meta property=\"article:modified_time\" content=\"2010-09-29T09:39:19+00:00\" \/>\n<meta property=\"og:image\" content=\"http:\/\/www.visit-ulcinj.com\/blog\/wp-content\/uploads\/2010\/09\/Ulqini-Arkeologjik-Kujtesa-e-shekujve.jpg\" \/>\n<meta name=\"twitter:label1\" content=\"Written by\" \/>\n\t<meta name=\"twitter:data1\" content=\"ulqini\" \/>\n\t<meta name=\"twitter:label2\" content=\"Est. reading time\" \/>\n\t<meta name=\"twitter:data2\" content=\"3 minutes\" \/>\n<script type=\"application\/ld+json\" class=\"yoast-schema-graph\">{\"@context\":\"https:\/\/schema.org\",\"@graph\":[{\"@type\":\"WebSite\",\"@id\":\"https:\/\/www.visit-ulcinj.com\/blog\/#website\",\"url\":\"https:\/\/www.visit-ulcinj.com\/blog\/\",\"name\":\"Lajme nga Ulqini\",\"description\":\"Lajme,Vijesti,Ulqini,Ulqin,Crna Gora,Mali i Zi\",\"potentialAction\":[{\"@type\":\"SearchAction\",\"target\":{\"@type\":\"EntryPoint\",\"urlTemplate\":\"https:\/\/www.visit-ulcinj.com\/blog\/?s={search_term_string}\"},\"query-input\":\"required name=search_term_string\"}],\"inLanguage\":\"en-US\"},{\"@type\":\"ImageObject\",\"inLanguage\":\"en-US\",\"@id\":\"https:\/\/www.visit-ulcinj.com\/blog\/2010\/09\/29\/ulqini-arkeologjik-kujtesa-e-shekujve\/#primaryimage\",\"url\":\"https:\/\/www.visit-ulcinj.com\/blog\/wp-content\/uploads\/2010\/09\/Ulqini-Arkeologjik-Kujtesa-e-shekujve.jpg\",\"contentUrl\":\"https:\/\/www.visit-ulcinj.com\/blog\/wp-content\/uploads\/2010\/09\/Ulqini-Arkeologjik-Kujtesa-e-shekujve.jpg\",\"width\":\"800\",\"height\":\"600\"},{\"@type\":\"WebPage\",\"@id\":\"https:\/\/www.visit-ulcinj.com\/blog\/2010\/09\/29\/ulqini-arkeologjik-kujtesa-e-shekujve\/#webpage\",\"url\":\"https:\/\/www.visit-ulcinj.com\/blog\/2010\/09\/29\/ulqini-arkeologjik-kujtesa-e-shekujve\/\",\"name\":\"Ulqini Arkeologjik - Kujtesa e shekujve - Lajme nga Ulqini\",\"isPartOf\":{\"@id\":\"https:\/\/www.visit-ulcinj.com\/blog\/#website\"},\"primaryImageOfPage\":{\"@id\":\"https:\/\/www.visit-ulcinj.com\/blog\/2010\/09\/29\/ulqini-arkeologjik-kujtesa-e-shekujve\/#primaryimage\"},\"datePublished\":\"2010-09-29T09:31:54+00:00\",\"dateModified\":\"2010-09-29T09:39:19+00:00\",\"author\":{\"@id\":\"https:\/\/www.visit-ulcinj.com\/blog\/#\/schema\/person\/dcab619c614d3038751c63bc2aadc06d\"},\"description\":\"Ulqini \u00ebsht\u00eb nj\u00eb qytet arkeologjik i klasit t\u00eb par\u00eb. Ai \u00ebsht\u00eb nj\u00eb struktur\u00eb\u00a0urbane iliro \u2013 shqiptare buz\u00eb Adriatikut, me nj\u00eb histori\",\"breadcrumb\":{\"@id\":\"https:\/\/www.visit-ulcinj.com\/blog\/2010\/09\/29\/ulqini-arkeologjik-kujtesa-e-shekujve\/#breadcrumb\"},\"inLanguage\":\"en-US\",\"potentialAction\":[{\"@type\":\"ReadAction\",\"target\":[\"https:\/\/www.visit-ulcinj.com\/blog\/2010\/09\/29\/ulqini-arkeologjik-kujtesa-e-shekujve\/\"]}]},{\"@type\":\"BreadcrumbList\",\"@id\":\"https:\/\/www.visit-ulcinj.com\/blog\/2010\/09\/29\/ulqini-arkeologjik-kujtesa-e-shekujve\/#breadcrumb\",\"itemListElement\":[{\"@type\":\"ListItem\",\"position\":1,\"name\":\"Ulqini Arkeologjik &#8211; Kujtesa e shekujve\"}]},{\"@type\":\"Person\",\"@id\":\"https:\/\/www.visit-ulcinj.com\/blog\/#\/schema\/person\/dcab619c614d3038751c63bc2aadc06d\",\"name\":\"ulqini\",\"sameAs\":[\"http:\/\/www.visit-ulcinj.com\"],\"url\":\"https:\/\/www.visit-ulcinj.com\/blog\/author\/admin\/\"}]}<\/script>\n<!-- \/ Yoast SEO plugin. -->","yoast_head_json":{"title":"Ulqini Arkeologjik - Kujtesa e shekujve - Lajme nga Ulqini","description":"Ulqini \u00ebsht\u00eb nj\u00eb qytet arkeologjik i klasit t\u00eb par\u00eb. Ai \u00ebsht\u00eb nj\u00eb struktur\u00eb\u00a0urbane iliro \u2013 shqiptare buz\u00eb Adriatikut, me nj\u00eb histori","robots":{"index":"index","follow":"follow","max-snippet":"max-snippet:-1","max-image-preview":"max-image-preview:large","max-video-preview":"max-video-preview:-1"},"canonical":"https:\/\/www.visit-ulcinj.com\/blog\/2010\/09\/29\/ulqini-arkeologjik-kujtesa-e-shekujve\/","og_locale":"en_US","og_type":"article","og_title":"Ulqini Arkeologjik - Kujtesa e shekujve - Lajme nga Ulqini","og_description":"Ulqini \u00ebsht\u00eb nj\u00eb qytet arkeologjik i klasit t\u00eb par\u00eb. Ai \u00ebsht\u00eb nj\u00eb struktur\u00eb\u00a0urbane iliro \u2013 shqiptare buz\u00eb Adriatikut, me nj\u00eb histori","og_url":"https:\/\/www.visit-ulcinj.com\/blog\/2010\/09\/29\/ulqini-arkeologjik-kujtesa-e-shekujve\/","og_site_name":"Lajme nga Ulqini","article_published_time":"2010-09-29T09:31:54+00:00","article_modified_time":"2010-09-29T09:39:19+00:00","og_image":[{"url":"http:\/\/www.visit-ulcinj.com\/blog\/wp-content\/uploads\/2010\/09\/Ulqini-Arkeologjik-Kujtesa-e-shekujve.jpg"}],"twitter_misc":{"Written by":"ulqini","Est. reading time":"3 minutes"},"schema":{"@context":"https:\/\/schema.org","@graph":[{"@type":"WebSite","@id":"https:\/\/www.visit-ulcinj.com\/blog\/#website","url":"https:\/\/www.visit-ulcinj.com\/blog\/","name":"Lajme nga Ulqini","description":"Lajme,Vijesti,Ulqini,Ulqin,Crna Gora,Mali i Zi","potentialAction":[{"@type":"SearchAction","target":{"@type":"EntryPoint","urlTemplate":"https:\/\/www.visit-ulcinj.com\/blog\/?s={search_term_string}"},"query-input":"required name=search_term_string"}],"inLanguage":"en-US"},{"@type":"ImageObject","inLanguage":"en-US","@id":"https:\/\/www.visit-ulcinj.com\/blog\/2010\/09\/29\/ulqini-arkeologjik-kujtesa-e-shekujve\/#primaryimage","url":"https:\/\/www.visit-ulcinj.com\/blog\/wp-content\/uploads\/2010\/09\/Ulqini-Arkeologjik-Kujtesa-e-shekujve.jpg","contentUrl":"https:\/\/www.visit-ulcinj.com\/blog\/wp-content\/uploads\/2010\/09\/Ulqini-Arkeologjik-Kujtesa-e-shekujve.jpg","width":"800","height":"600"},{"@type":"WebPage","@id":"https:\/\/www.visit-ulcinj.com\/blog\/2010\/09\/29\/ulqini-arkeologjik-kujtesa-e-shekujve\/#webpage","url":"https:\/\/www.visit-ulcinj.com\/blog\/2010\/09\/29\/ulqini-arkeologjik-kujtesa-e-shekujve\/","name":"Ulqini Arkeologjik - Kujtesa e shekujve - Lajme nga Ulqini","isPartOf":{"@id":"https:\/\/www.visit-ulcinj.com\/blog\/#website"},"primaryImageOfPage":{"@id":"https:\/\/www.visit-ulcinj.com\/blog\/2010\/09\/29\/ulqini-arkeologjik-kujtesa-e-shekujve\/#primaryimage"},"datePublished":"2010-09-29T09:31:54+00:00","dateModified":"2010-09-29T09:39:19+00:00","author":{"@id":"https:\/\/www.visit-ulcinj.com\/blog\/#\/schema\/person\/dcab619c614d3038751c63bc2aadc06d"},"description":"Ulqini \u00ebsht\u00eb nj\u00eb qytet arkeologjik i klasit t\u00eb par\u00eb. Ai \u00ebsht\u00eb nj\u00eb struktur\u00eb\u00a0urbane iliro \u2013 shqiptare buz\u00eb Adriatikut, me nj\u00eb histori","breadcrumb":{"@id":"https:\/\/www.visit-ulcinj.com\/blog\/2010\/09\/29\/ulqini-arkeologjik-kujtesa-e-shekujve\/#breadcrumb"},"inLanguage":"en-US","potentialAction":[{"@type":"ReadAction","target":["https:\/\/www.visit-ulcinj.com\/blog\/2010\/09\/29\/ulqini-arkeologjik-kujtesa-e-shekujve\/"]}]},{"@type":"BreadcrumbList","@id":"https:\/\/www.visit-ulcinj.com\/blog\/2010\/09\/29\/ulqini-arkeologjik-kujtesa-e-shekujve\/#breadcrumb","itemListElement":[{"@type":"ListItem","position":1,"name":"Ulqini Arkeologjik &#8211; Kujtesa e shekujve"}]},{"@type":"Person","@id":"https:\/\/www.visit-ulcinj.com\/blog\/#\/schema\/person\/dcab619c614d3038751c63bc2aadc06d","name":"ulqini","sameAs":["http:\/\/www.visit-ulcinj.com"],"url":"https:\/\/www.visit-ulcinj.com\/blog\/author\/admin\/"}]}},"jetpack_featured_media_url":"","jetpack_sharing_enabled":true,"jetpack_shortlink":"https:\/\/wp.me\/pe6lTn-9Ph","_links":{"self":[{"href":"https:\/\/www.visit-ulcinj.com\/blog\/wp-json\/wp\/v2\/posts\/37775"}],"collection":[{"href":"https:\/\/www.visit-ulcinj.com\/blog\/wp-json\/wp\/v2\/posts"}],"about":[{"href":"https:\/\/www.visit-ulcinj.com\/blog\/wp-json\/wp\/v2\/types\/post"}],"author":[{"embeddable":true,"href":"https:\/\/www.visit-ulcinj.com\/blog\/wp-json\/wp\/v2\/users\/1"}],"replies":[{"embeddable":true,"href":"https:\/\/www.visit-ulcinj.com\/blog\/wp-json\/wp\/v2\/comments?post=37775"}],"version-history":[{"count":0,"href":"https:\/\/www.visit-ulcinj.com\/blog\/wp-json\/wp\/v2\/posts\/37775\/revisions"}],"wp:attachment":[{"href":"https:\/\/www.visit-ulcinj.com\/blog\/wp-json\/wp\/v2\/media?parent=37775"}],"wp:term":[{"taxonomy":"category","embeddable":true,"href":"https:\/\/www.visit-ulcinj.com\/blog\/wp-json\/wp\/v2\/categories?post=37775"},{"taxonomy":"post_tag","embeddable":true,"href":"https:\/\/www.visit-ulcinj.com\/blog\/wp-json\/wp\/v2\/tags?post=37775"}],"curies":[{"name":"wp","href":"https:\/\/api.w.org\/{rel}","templated":true}]}}