{"id":37803,"date":"2010-09-29T13:05:42","date_gmt":"2010-09-29T11:05:42","guid":{"rendered":"http:\/\/www.visit-ulcinj.com\/blog\/?p=37803"},"modified":"2010-10-01T15:26:43","modified_gmt":"2010-10-01T13:26:43","slug":"pocistimo-i-losu-upravu-i-afere","status":"publish","type":"post","link":"https:\/\/www.visit-ulcinj.com\/blog\/2010\/09\/29\/pocistimo-i-losu-upravu-i-afere\/","title":{"rendered":"Po\u010distimo i lo\u0161u upravu i afere"},"content":{"rendered":"<p><strong><a href=\"http:\/\/www.visit-ulcinj.com\/blog\/wp-content\/uploads\/2010\/09\/U-Ulcinj-Nedjelja-cistoce.jpg\"><img loading=\"lazy\" class=\"alignleft size-full wp-image-37805\" title=\"U Ulcinj - Nedjelja cistoce\" src=\"http:\/\/www.visit-ulcinj.com\/blog\/wp-content\/uploads\/2010\/09\/U-Ulcinj-Nedjelja-cistoce.jpg\" alt=\"\" width=\"490\" height=\"380\" \/><\/a>Forca u ulcinju pokrenula akciju \u201eNedjelja \u010disto\u0107e\u201d, Nazif Cungu poru\u010dio<br \/>\n<\/strong>Ulcinj &#8211; Zabrinuta zbog stanja \u017eivotne sredine, Forca je ju\u010de pokrenula akciju \u201cNedjelja \u010disto\u0107e\u201d, nadaju\u0107i se da \u0107e, uz sme\u0107e, divlje deponije i otpadne vode, uskoro biti po\u010di\u0161\u0107ene i \u201elo\u0161a lokalna uprava i bud\u017eetske i korupcijske afere\u201c.<br \/>\nPredsjednik Force Nazif Cungu kazao je da su \u201cnesposobnost i zlupotrebe aktuelne vlasti pogor\u0161ale stanje u op\u0161tini u oblastima ekonomije, socijale, kulture i obrazovanja, a posebno na polju za\u0161tite \u017eivotne sredine\u201d.<br \/>\n\u201cTeritorija na\u0161e op\u0161tine pretvorena je u veliku deponiju koja ozbiljno prijeti razvoju turizma i zdravlju gra\u0111ana. Zato pokre\u0107emo akciju \\&#8217;Nedjelja \u010disto\u0107e\\&#8217;, tokom koje \u0107emo komunalni otpad uklanjati od Kruta do Bojane i od Kodara do Sukobina\u201d, najavio je Cungu na ju\u010dera\u0161njoj konferenciji za novinare.<br \/>\nOn je naglasio da je cilj akcije podizanje svijesti o zna\u010daju i potrebi o\u010duvanja \u017eivotne sredine, kao i poruka \u201cda je op\u0161tinu lako po\u010distiti\u201d.<br \/>\n\u201cOvom akcijom \u017eelimo pokazati da je do\u0161lo vrijeme da se, pored divljih deponija i gra\u0111evina, moraju po\u010distiti i lo\u0161a lokalna uprava i afere oko bu\u017eeta i korupcije\u201d, kazao je Cungu.<br \/>\nOn je pozvao gra\u0111ane da se u \u0161to ve\u0107em broju uklju\u010de u predstoje\u0107u akciju Force.<\/p>\n<p><strong>S.A.<br \/>\n<a href=\"http:\/\/www.vijesti.me\/\" target=\"_blank\">Vijesti<\/a><\/strong><br \/>\n<!--YouTube Error: bad URL entered--><\/p>\n","protected":false},"excerpt":{"rendered":"<p>Forca u ulcinju pokrenula akciju \u201eNedjelja \u010disto\u0107e\u201d, Nazif Cungu poru\u010dio Ulcinj &#8211; Zabrinuta zbog stanja \u017eivotne sredine, Forca je ju\u010de pokrenula akciju \u201cNedjelja \u010disto\u0107e\u201d, nadaju\u0107i se da \u0107e, uz sme\u0107e, divlje deponije i otpadne vode, uskoro biti po\u010di\u0161\u0107ene i \u201elo\u0161a lokalna uprava i bud\u017eetske i korupcijske afere\u201c. Predsjednik Force Nazif Cungu kazao je da su [&hellip;]<\/p>\n","protected":false},"author":1,"featured_media":0,"comment_status":"open","ping_status":"closed","sticky":false,"template":"","format":"standard","meta":{"spay_email":"","jetpack_publicize_message":"","jetpack_is_tweetstorm":false,"jetpack_publicize_feature_enabled":true},"categories":[8337],"tags":[20,15693,19],"jetpack_publicize_connections":[],"yoast_head":"<!-- This site is optimized with the Yoast SEO plugin v19.1 - https:\/\/yoast.com\/wordpress\/plugins\/seo\/ -->\n<title>Po\u010distimo i lo\u0161u upravu i afere - Lajme nga Ulqini<\/title>\n<meta name=\"description\" content=\"Forca u ulcinju pokrenula akciju \u201eNedjelja \u010disto\u0107e\u201d, Nazif Cungu poru\u010dio Ulcinj - Zabrinuta zbog stanja \u017eivotne sredine, Forca je ju\u010de pokrenula akciju\" \/>\n<meta name=\"robots\" content=\"index, follow, max-snippet:-1, max-image-preview:large, max-video-preview:-1\" \/>\n<link rel=\"canonical\" href=\"https:\/\/www.visit-ulcinj.com\/blog\/2010\/09\/29\/pocistimo-i-losu-upravu-i-afere\/\" \/>\n<meta property=\"og:locale\" content=\"en_US\" \/>\n<meta property=\"og:type\" content=\"article\" \/>\n<meta property=\"og:title\" content=\"Po\u010distimo i lo\u0161u upravu i afere - Lajme nga Ulqini\" \/>\n<meta property=\"og:description\" content=\"Forca u ulcinju pokrenula akciju \u201eNedjelja \u010disto\u0107e\u201d, Nazif Cungu poru\u010dio Ulcinj - Zabrinuta zbog stanja \u017eivotne sredine, Forca je ju\u010de pokrenula akciju\" \/>\n<meta property=\"og:url\" content=\"https:\/\/www.visit-ulcinj.com\/blog\/2010\/09\/29\/pocistimo-i-losu-upravu-i-afere\/\" \/>\n<meta property=\"og:site_name\" content=\"Lajme nga Ulqini\" \/>\n<meta property=\"article:published_time\" content=\"2010-09-29T11:05:42+00:00\" \/>\n<meta property=\"article:modified_time\" content=\"2010-10-01T13:26:43+00:00\" \/>\n<meta property=\"og:image\" content=\"http:\/\/www.visit-ulcinj.com\/blog\/wp-content\/uploads\/2010\/09\/U-Ulcinj-Nedjelja-cistoce.jpg\" \/>\n<meta name=\"twitter:label1\" content=\"Written by\" \/>\n\t<meta name=\"twitter:data1\" content=\"ulqini\" \/>\n\t<meta name=\"twitter:label2\" content=\"Est. reading time\" \/>\n\t<meta name=\"twitter:data2\" content=\"1 minute\" \/>\n<script type=\"application\/ld+json\" class=\"yoast-schema-graph\">{\"@context\":\"https:\/\/schema.org\",\"@graph\":[{\"@type\":\"WebSite\",\"@id\":\"https:\/\/www.visit-ulcinj.com\/blog\/#website\",\"url\":\"https:\/\/www.visit-ulcinj.com\/blog\/\",\"name\":\"Lajme nga Ulqini\",\"description\":\"Lajme,Vijesti,Ulqini,Ulqin,Crna Gora,Mali i Zi\",\"potentialAction\":[{\"@type\":\"SearchAction\",\"target\":{\"@type\":\"EntryPoint\",\"urlTemplate\":\"https:\/\/www.visit-ulcinj.com\/blog\/?s={search_term_string}\"},\"query-input\":\"required name=search_term_string\"}],\"inLanguage\":\"en-US\"},{\"@type\":\"ImageObject\",\"inLanguage\":\"en-US\",\"@id\":\"https:\/\/www.visit-ulcinj.com\/blog\/2010\/09\/29\/pocistimo-i-losu-upravu-i-afere\/#primaryimage\",\"url\":\"https:\/\/www.visit-ulcinj.com\/blog\/wp-content\/uploads\/2010\/09\/U-Ulcinj-Nedjelja-cistoce.jpg\",\"contentUrl\":\"https:\/\/www.visit-ulcinj.com\/blog\/wp-content\/uploads\/2010\/09\/U-Ulcinj-Nedjelja-cistoce.jpg\",\"width\":\"830\",\"height\":\"600\"},{\"@type\":\"WebPage\",\"@id\":\"https:\/\/www.visit-ulcinj.com\/blog\/2010\/09\/29\/pocistimo-i-losu-upravu-i-afere\/#webpage\",\"url\":\"https:\/\/www.visit-ulcinj.com\/blog\/2010\/09\/29\/pocistimo-i-losu-upravu-i-afere\/\",\"name\":\"Po\u010distimo i lo\u0161u upravu i afere - Lajme nga Ulqini\",\"isPartOf\":{\"@id\":\"https:\/\/www.visit-ulcinj.com\/blog\/#website\"},\"primaryImageOfPage\":{\"@id\":\"https:\/\/www.visit-ulcinj.com\/blog\/2010\/09\/29\/pocistimo-i-losu-upravu-i-afere\/#primaryimage\"},\"datePublished\":\"2010-09-29T11:05:42+00:00\",\"dateModified\":\"2010-10-01T13:26:43+00:00\",\"author\":{\"@id\":\"https:\/\/www.visit-ulcinj.com\/blog\/#\/schema\/person\/dcab619c614d3038751c63bc2aadc06d\"},\"description\":\"Forca u ulcinju pokrenula akciju \u201eNedjelja \u010disto\u0107e\u201d, Nazif Cungu poru\u010dio Ulcinj - Zabrinuta zbog stanja \u017eivotne sredine, Forca je ju\u010de pokrenula akciju\",\"breadcrumb\":{\"@id\":\"https:\/\/www.visit-ulcinj.com\/blog\/2010\/09\/29\/pocistimo-i-losu-upravu-i-afere\/#breadcrumb\"},\"inLanguage\":\"en-US\",\"potentialAction\":[{\"@type\":\"ReadAction\",\"target\":[\"https:\/\/www.visit-ulcinj.com\/blog\/2010\/09\/29\/pocistimo-i-losu-upravu-i-afere\/\"]}]},{\"@type\":\"BreadcrumbList\",\"@id\":\"https:\/\/www.visit-ulcinj.com\/blog\/2010\/09\/29\/pocistimo-i-losu-upravu-i-afere\/#breadcrumb\",\"itemListElement\":[{\"@type\":\"ListItem\",\"position\":1,\"name\":\"Po\u010distimo i lo\u0161u upravu i afere\"}]},{\"@type\":\"Person\",\"@id\":\"https:\/\/www.visit-ulcinj.com\/blog\/#\/schema\/person\/dcab619c614d3038751c63bc2aadc06d\",\"name\":\"ulqini\",\"sameAs\":[\"http:\/\/www.visit-ulcinj.com\"],\"url\":\"https:\/\/www.visit-ulcinj.com\/blog\/author\/admin\/\"}]}<\/script>\n<!-- \/ Yoast SEO plugin. -->","yoast_head_json":{"title":"Po\u010distimo i lo\u0161u upravu i afere - Lajme nga Ulqini","description":"Forca u ulcinju pokrenula akciju \u201eNedjelja \u010disto\u0107e\u201d, Nazif Cungu poru\u010dio Ulcinj - Zabrinuta zbog stanja \u017eivotne sredine, Forca je ju\u010de pokrenula akciju","robots":{"index":"index","follow":"follow","max-snippet":"max-snippet:-1","max-image-preview":"max-image-preview:large","max-video-preview":"max-video-preview:-1"},"canonical":"https:\/\/www.visit-ulcinj.com\/blog\/2010\/09\/29\/pocistimo-i-losu-upravu-i-afere\/","og_locale":"en_US","og_type":"article","og_title":"Po\u010distimo i lo\u0161u upravu i afere - Lajme nga Ulqini","og_description":"Forca u ulcinju pokrenula akciju \u201eNedjelja \u010disto\u0107e\u201d, Nazif Cungu poru\u010dio Ulcinj - Zabrinuta zbog stanja \u017eivotne sredine, Forca je ju\u010de pokrenula akciju","og_url":"https:\/\/www.visit-ulcinj.com\/blog\/2010\/09\/29\/pocistimo-i-losu-upravu-i-afere\/","og_site_name":"Lajme nga Ulqini","article_published_time":"2010-09-29T11:05:42+00:00","article_modified_time":"2010-10-01T13:26:43+00:00","og_image":[{"url":"http:\/\/www.visit-ulcinj.com\/blog\/wp-content\/uploads\/2010\/09\/U-Ulcinj-Nedjelja-cistoce.jpg"}],"twitter_misc":{"Written by":"ulqini","Est. reading time":"1 minute"},"schema":{"@context":"https:\/\/schema.org","@graph":[{"@type":"WebSite","@id":"https:\/\/www.visit-ulcinj.com\/blog\/#website","url":"https:\/\/www.visit-ulcinj.com\/blog\/","name":"Lajme nga Ulqini","description":"Lajme,Vijesti,Ulqini,Ulqin,Crna Gora,Mali i Zi","potentialAction":[{"@type":"SearchAction","target":{"@type":"EntryPoint","urlTemplate":"https:\/\/www.visit-ulcinj.com\/blog\/?s={search_term_string}"},"query-input":"required name=search_term_string"}],"inLanguage":"en-US"},{"@type":"ImageObject","inLanguage":"en-US","@id":"https:\/\/www.visit-ulcinj.com\/blog\/2010\/09\/29\/pocistimo-i-losu-upravu-i-afere\/#primaryimage","url":"https:\/\/www.visit-ulcinj.com\/blog\/wp-content\/uploads\/2010\/09\/U-Ulcinj-Nedjelja-cistoce.jpg","contentUrl":"https:\/\/www.visit-ulcinj.com\/blog\/wp-content\/uploads\/2010\/09\/U-Ulcinj-Nedjelja-cistoce.jpg","width":"830","height":"600"},{"@type":"WebPage","@id":"https:\/\/www.visit-ulcinj.com\/blog\/2010\/09\/29\/pocistimo-i-losu-upravu-i-afere\/#webpage","url":"https:\/\/www.visit-ulcinj.com\/blog\/2010\/09\/29\/pocistimo-i-losu-upravu-i-afere\/","name":"Po\u010distimo i lo\u0161u upravu i afere - Lajme nga Ulqini","isPartOf":{"@id":"https:\/\/www.visit-ulcinj.com\/blog\/#website"},"primaryImageOfPage":{"@id":"https:\/\/www.visit-ulcinj.com\/blog\/2010\/09\/29\/pocistimo-i-losu-upravu-i-afere\/#primaryimage"},"datePublished":"2010-09-29T11:05:42+00:00","dateModified":"2010-10-01T13:26:43+00:00","author":{"@id":"https:\/\/www.visit-ulcinj.com\/blog\/#\/schema\/person\/dcab619c614d3038751c63bc2aadc06d"},"description":"Forca u ulcinju pokrenula akciju \u201eNedjelja \u010disto\u0107e\u201d, Nazif Cungu poru\u010dio Ulcinj - Zabrinuta zbog stanja \u017eivotne sredine, Forca je ju\u010de pokrenula akciju","breadcrumb":{"@id":"https:\/\/www.visit-ulcinj.com\/blog\/2010\/09\/29\/pocistimo-i-losu-upravu-i-afere\/#breadcrumb"},"inLanguage":"en-US","potentialAction":[{"@type":"ReadAction","target":["https:\/\/www.visit-ulcinj.com\/blog\/2010\/09\/29\/pocistimo-i-losu-upravu-i-afere\/"]}]},{"@type":"BreadcrumbList","@id":"https:\/\/www.visit-ulcinj.com\/blog\/2010\/09\/29\/pocistimo-i-losu-upravu-i-afere\/#breadcrumb","itemListElement":[{"@type":"ListItem","position":1,"name":"Po\u010distimo i lo\u0161u upravu i afere"}]},{"@type":"Person","@id":"https:\/\/www.visit-ulcinj.com\/blog\/#\/schema\/person\/dcab619c614d3038751c63bc2aadc06d","name":"ulqini","sameAs":["http:\/\/www.visit-ulcinj.com"],"url":"https:\/\/www.visit-ulcinj.com\/blog\/author\/admin\/"}]}},"jetpack_featured_media_url":"","jetpack_sharing_enabled":true,"jetpack_shortlink":"https:\/\/wp.me\/pe6lTn-9PJ","_links":{"self":[{"href":"https:\/\/www.visit-ulcinj.com\/blog\/wp-json\/wp\/v2\/posts\/37803"}],"collection":[{"href":"https:\/\/www.visit-ulcinj.com\/blog\/wp-json\/wp\/v2\/posts"}],"about":[{"href":"https:\/\/www.visit-ulcinj.com\/blog\/wp-json\/wp\/v2\/types\/post"}],"author":[{"embeddable":true,"href":"https:\/\/www.visit-ulcinj.com\/blog\/wp-json\/wp\/v2\/users\/1"}],"replies":[{"embeddable":true,"href":"https:\/\/www.visit-ulcinj.com\/blog\/wp-json\/wp\/v2\/comments?post=37803"}],"version-history":[{"count":0,"href":"https:\/\/www.visit-ulcinj.com\/blog\/wp-json\/wp\/v2\/posts\/37803\/revisions"}],"wp:attachment":[{"href":"https:\/\/www.visit-ulcinj.com\/blog\/wp-json\/wp\/v2\/media?parent=37803"}],"wp:term":[{"taxonomy":"category","embeddable":true,"href":"https:\/\/www.visit-ulcinj.com\/blog\/wp-json\/wp\/v2\/categories?post=37803"},{"taxonomy":"post_tag","embeddable":true,"href":"https:\/\/www.visit-ulcinj.com\/blog\/wp-json\/wp\/v2\/tags?post=37803"}],"curies":[{"name":"wp","href":"https:\/\/api.w.org\/{rel}","templated":true}]}}