{"id":37808,"date":"2010-09-29T13:13:06","date_gmt":"2010-09-29T11:13:06","guid":{"rendered":"http:\/\/www.visit-ulcinj.com\/blog\/?p=37808"},"modified":"2010-10-05T18:42:25","modified_gmt":"2010-10-05T16:42:25","slug":"java-e-ambientit","status":"publish","type":"post","link":"https:\/\/www.visit-ulcinj.com\/blog\/2010\/09\/29\/java-e-ambientit\/","title":{"rendered":"Java e Ambientit"},"content":{"rendered":"<p><a href=\"http:\/\/www.visit-ulcinj.com\/blog\/wp-content\/uploads\/2010\/09\/Java-e-Ambientit-ne-Ulqin.jpg\"><img loading=\"lazy\" class=\"alignleft size-full wp-image-37809\" title=\"Java e Ambientit ne Ulqin\" src=\"http:\/\/www.visit-ulcinj.com\/blog\/wp-content\/uploads\/2010\/09\/Java-e-Ambientit-ne-Ulqin.jpg\" alt=\"\" width=\"490\" height=\"380\" \/><\/a>T\u00eb nderuar qytetar\u00eb, paaft\u00ebsia dhe keqp\u00ebrdorimet e pushtetit aktual e kan\u00eb r\u00ebnduar shum\u00eb gjendjen ekonomike, sociale, arsimore dhe kulturore t\u00eb komun\u00ebs son\u00eb,\u00a0 mir\u00ebpo nj\u00eb nd\u00ebr d\u00ebmet m\u00eb t\u00eb m\u00ebdha ia ka shkaktuar papast\u00ebrtia e ambienteve ku ne jetojm\u00eb.<\/p>\n<p>Si pasoj\u00eb e keqmenaxhimit t\u00eb buxhetit dhe administrat\u00ebs nga qevertar\u00ebt, punonj\u00ebsit e nd\u00ebrmarrjes s\u00eb pastrimit kan\u00eb rroga t\u00eb ulta dhe nuk iu paguhen regullish dhe ajo qe na brengos te gjitheve eshte se territori i komun\u00ebs \u00ebsht\u00eb shnd\u00ebrruar n\u00eb nj\u00eb deponi t\u00eb madhe.<\/p>\n<p>Ndotja masive po k\u00ebrc\u00ebnon burimin kryesor t\u00eb t\u00eb ardhurave tona, turizmin, dhe\u00a0 \u00ebsht\u00eb duke rrezikuar edhe vet\u00eb sh\u00ebndetin e qytetar\u00ebve.<\/p>\n<p>Duke patur parasysh r\u00ebnd\u00ebsin\u00eb jetike t\u00eb past\u00ebrtis\u00eb, por edhe dometh\u00ebnien simbolike t\u00eb k\u00ebtij elementi, Forca e Re Demokratike nd\u00ebrmerr si iniciativ\u00eb Jav\u00ebn\u00a0 e Past\u00ebrtis\u00eb, e cila do jet\u00eb\u00a0 e mbushur me aktivitete t\u00eb shumta q\u00eb do ken\u00eb t\u00eb b\u00ebjn\u00eb me past\u00ebrtin\u00eb dhe cil\u00ebsin\u00eb e mjedisit.<\/p>\n<p>Ne sot e shpallim t\u00eb hapur k\u00ebt\u00eb jav\u00eb p\u00ebr t\u00eb rritur vet\u00ebdijen qytetare p\u00ebr r\u00ebnd\u00ebsin\u00eb e mjedisit dhe nevoj\u00ebn e past\u00ebrtis\u00eb dhe p\u00ebr t\u00eb dh\u00ebn\u00eb shpres\u00ebn q\u00eb kjo komun\u00eb mund t\u00eb pastrohet leht\u00eb dhe se mjafton t\u00eb ekzistoj\u00eb vullneti dhe kapaciteti pozitiv i politikan\u00ebve q\u00eb qeverisin.<\/p>\n<p>Gjithashtu me an\u00ebn e k\u00ebsaj jave Forca d\u00ebshiron t\u00eb tregoj\u00eb se ka ardhur koha q\u00eb Komuna e Ulqinit jo vet\u00ebm t\u00eb pastrohet nga plehrat, deponit\u00eb e egra, mbetjet urbane dhe ujrat e zeza por t\u00eb pastrohet gjithashtu edhe qeverisja e keqe, aferat e ndryra q\u00eb b\u00ebhen n\u00eb kurriz t\u00eb buxhetit t\u00eb popullit, paaft\u00ebsia dhe korrupsioni.<\/p>\n<p>Pastrimi do t\u00eb b\u00ebhet duke filluar nga Kru\u00e7i deri n\u00eb Bun\u00eb, dhe nga Kodrat deri n\u00eb Sukubin\u00eb.<\/p>\n<p>Prandaj ne i ftojm\u00eb qytetar\u00ebt e komun\u00ebs s\u00eb Ulqinit t\u00eb marrin pjes\u00eb n\u00eb aktivitetet tona<br \/>\ndhe q\u00eb t\u00eb bashkohen t\u00eb gjith\u00eb n\u00eb p\u00ebrpjekjet tona p\u00ebr t\u00eb pasur n\u00eb t\u00eb ardhmen nj\u00eb Komun\u00eb t\u00eb past\u00ebr e dinjitoze.<\/p>\n<p><strong>Kryetari i Forc\u00ebs<br \/>\nNazif Cungu<br \/>\n<!--YouTube Error: bad URL entered--><br \/>\n<\/strong><\/p>\n","protected":false},"excerpt":{"rendered":"<p>T\u00eb nderuar qytetar\u00eb, paaft\u00ebsia dhe keqp\u00ebrdorimet e pushtetit aktual e kan\u00eb r\u00ebnduar shum\u00eb gjendjen ekonomike, sociale, arsimore dhe kulturore t\u00eb komun\u00ebs son\u00eb,\u00a0 mir\u00ebpo nj\u00eb nd\u00ebr d\u00ebmet m\u00eb t\u00eb m\u00ebdha ia ka shkaktuar papast\u00ebrtia e ambienteve ku ne jetojm\u00eb. Si pasoj\u00eb e keqmenaxhimit t\u00eb buxhetit dhe administrat\u00ebs nga qevertar\u00ebt, punonj\u00ebsit e nd\u00ebrmarrjes s\u00eb pastrimit kan\u00eb rroga [&hellip;]<\/p>\n","protected":false},"author":1,"featured_media":0,"comment_status":"open","ping_status":"closed","sticky":false,"template":"","format":"standard","meta":{"spay_email":"","jetpack_publicize_message":"","jetpack_is_tweetstorm":false,"jetpack_publicize_feature_enabled":true},"categories":[6950],"tags":[15694,18],"jetpack_publicize_connections":[],"yoast_head":"<!-- This site is optimized with the Yoast SEO plugin v19.1 - https:\/\/yoast.com\/wordpress\/plugins\/seo\/ -->\n<title>Java e Ambientit - Lajme nga Ulqini<\/title>\n<meta name=\"description\" content=\"T\u00eb nderuar qytetar\u00eb, paaft\u00ebsia dhe keqp\u00ebrdorimet e pushtetit aktual e kan\u00eb r\u00ebnduar shum\u00eb gjendjen ekonomike, sociale, arsimore dhe kulturore t\u00eb komun\u00ebs\" \/>\n<meta name=\"robots\" content=\"index, follow, max-snippet:-1, max-image-preview:large, max-video-preview:-1\" \/>\n<link rel=\"canonical\" href=\"https:\/\/www.visit-ulcinj.com\/blog\/2010\/09\/29\/java-e-ambientit\/\" \/>\n<meta property=\"og:locale\" content=\"en_US\" \/>\n<meta property=\"og:type\" content=\"article\" \/>\n<meta property=\"og:title\" content=\"Java e Ambientit - Lajme nga Ulqini\" \/>\n<meta property=\"og:description\" content=\"T\u00eb nderuar qytetar\u00eb, paaft\u00ebsia dhe keqp\u00ebrdorimet e pushtetit aktual e kan\u00eb r\u00ebnduar shum\u00eb gjendjen ekonomike, sociale, arsimore dhe kulturore t\u00eb komun\u00ebs\" \/>\n<meta property=\"og:url\" content=\"https:\/\/www.visit-ulcinj.com\/blog\/2010\/09\/29\/java-e-ambientit\/\" \/>\n<meta property=\"og:site_name\" content=\"Lajme nga Ulqini\" \/>\n<meta property=\"article:published_time\" content=\"2010-09-29T11:13:06+00:00\" \/>\n<meta property=\"article:modified_time\" content=\"2010-10-05T16:42:25+00:00\" \/>\n<meta property=\"og:image\" content=\"http:\/\/www.visit-ulcinj.com\/blog\/wp-content\/uploads\/2010\/09\/Java-e-Ambientit-ne-Ulqin.jpg\" \/>\n<meta name=\"twitter:label1\" content=\"Written by\" \/>\n\t<meta name=\"twitter:data1\" content=\"ulqini\" \/>\n\t<meta name=\"twitter:label2\" content=\"Est. reading time\" \/>\n\t<meta name=\"twitter:data2\" content=\"2 minutes\" \/>\n<script type=\"application\/ld+json\" class=\"yoast-schema-graph\">{\"@context\":\"https:\/\/schema.org\",\"@graph\":[{\"@type\":\"WebSite\",\"@id\":\"https:\/\/www.visit-ulcinj.com\/blog\/#website\",\"url\":\"https:\/\/www.visit-ulcinj.com\/blog\/\",\"name\":\"Lajme nga Ulqini\",\"description\":\"Lajme,Vijesti,Ulqini,Ulqin,Crna Gora,Mali i Zi\",\"potentialAction\":[{\"@type\":\"SearchAction\",\"target\":{\"@type\":\"EntryPoint\",\"urlTemplate\":\"https:\/\/www.visit-ulcinj.com\/blog\/?s={search_term_string}\"},\"query-input\":\"required name=search_term_string\"}],\"inLanguage\":\"en-US\"},{\"@type\":\"ImageObject\",\"inLanguage\":\"en-US\",\"@id\":\"https:\/\/www.visit-ulcinj.com\/blog\/2010\/09\/29\/java-e-ambientit\/#primaryimage\",\"url\":\"https:\/\/www.visit-ulcinj.com\/blog\/wp-content\/uploads\/2010\/09\/Java-e-Ambientit-ne-Ulqin.jpg\",\"contentUrl\":\"https:\/\/www.visit-ulcinj.com\/blog\/wp-content\/uploads\/2010\/09\/Java-e-Ambientit-ne-Ulqin.jpg\",\"width\":\"830\",\"height\":\"600\"},{\"@type\":\"WebPage\",\"@id\":\"https:\/\/www.visit-ulcinj.com\/blog\/2010\/09\/29\/java-e-ambientit\/#webpage\",\"url\":\"https:\/\/www.visit-ulcinj.com\/blog\/2010\/09\/29\/java-e-ambientit\/\",\"name\":\"Java e Ambientit - Lajme nga Ulqini\",\"isPartOf\":{\"@id\":\"https:\/\/www.visit-ulcinj.com\/blog\/#website\"},\"primaryImageOfPage\":{\"@id\":\"https:\/\/www.visit-ulcinj.com\/blog\/2010\/09\/29\/java-e-ambientit\/#primaryimage\"},\"datePublished\":\"2010-09-29T11:13:06+00:00\",\"dateModified\":\"2010-10-05T16:42:25+00:00\",\"author\":{\"@id\":\"https:\/\/www.visit-ulcinj.com\/blog\/#\/schema\/person\/dcab619c614d3038751c63bc2aadc06d\"},\"description\":\"T\u00eb nderuar qytetar\u00eb, paaft\u00ebsia dhe keqp\u00ebrdorimet e pushtetit aktual e kan\u00eb r\u00ebnduar shum\u00eb gjendjen ekonomike, sociale, arsimore dhe kulturore t\u00eb komun\u00ebs\",\"breadcrumb\":{\"@id\":\"https:\/\/www.visit-ulcinj.com\/blog\/2010\/09\/29\/java-e-ambientit\/#breadcrumb\"},\"inLanguage\":\"en-US\",\"potentialAction\":[{\"@type\":\"ReadAction\",\"target\":[\"https:\/\/www.visit-ulcinj.com\/blog\/2010\/09\/29\/java-e-ambientit\/\"]}]},{\"@type\":\"BreadcrumbList\",\"@id\":\"https:\/\/www.visit-ulcinj.com\/blog\/2010\/09\/29\/java-e-ambientit\/#breadcrumb\",\"itemListElement\":[{\"@type\":\"ListItem\",\"position\":1,\"name\":\"Java e Ambientit\"}]},{\"@type\":\"Person\",\"@id\":\"https:\/\/www.visit-ulcinj.com\/blog\/#\/schema\/person\/dcab619c614d3038751c63bc2aadc06d\",\"name\":\"ulqini\",\"sameAs\":[\"http:\/\/www.visit-ulcinj.com\"],\"url\":\"https:\/\/www.visit-ulcinj.com\/blog\/author\/admin\/\"}]}<\/script>\n<!-- \/ Yoast SEO plugin. -->","yoast_head_json":{"title":"Java e Ambientit - Lajme nga Ulqini","description":"T\u00eb nderuar qytetar\u00eb, paaft\u00ebsia dhe keqp\u00ebrdorimet e pushtetit aktual e kan\u00eb r\u00ebnduar shum\u00eb gjendjen ekonomike, sociale, arsimore dhe kulturore t\u00eb komun\u00ebs","robots":{"index":"index","follow":"follow","max-snippet":"max-snippet:-1","max-image-preview":"max-image-preview:large","max-video-preview":"max-video-preview:-1"},"canonical":"https:\/\/www.visit-ulcinj.com\/blog\/2010\/09\/29\/java-e-ambientit\/","og_locale":"en_US","og_type":"article","og_title":"Java e Ambientit - Lajme nga Ulqini","og_description":"T\u00eb nderuar qytetar\u00eb, paaft\u00ebsia dhe keqp\u00ebrdorimet e pushtetit aktual e kan\u00eb r\u00ebnduar shum\u00eb gjendjen ekonomike, sociale, arsimore dhe kulturore t\u00eb komun\u00ebs","og_url":"https:\/\/www.visit-ulcinj.com\/blog\/2010\/09\/29\/java-e-ambientit\/","og_site_name":"Lajme nga Ulqini","article_published_time":"2010-09-29T11:13:06+00:00","article_modified_time":"2010-10-05T16:42:25+00:00","og_image":[{"url":"http:\/\/www.visit-ulcinj.com\/blog\/wp-content\/uploads\/2010\/09\/Java-e-Ambientit-ne-Ulqin.jpg"}],"twitter_misc":{"Written by":"ulqini","Est. reading time":"2 minutes"},"schema":{"@context":"https:\/\/schema.org","@graph":[{"@type":"WebSite","@id":"https:\/\/www.visit-ulcinj.com\/blog\/#website","url":"https:\/\/www.visit-ulcinj.com\/blog\/","name":"Lajme nga Ulqini","description":"Lajme,Vijesti,Ulqini,Ulqin,Crna Gora,Mali i Zi","potentialAction":[{"@type":"SearchAction","target":{"@type":"EntryPoint","urlTemplate":"https:\/\/www.visit-ulcinj.com\/blog\/?s={search_term_string}"},"query-input":"required name=search_term_string"}],"inLanguage":"en-US"},{"@type":"ImageObject","inLanguage":"en-US","@id":"https:\/\/www.visit-ulcinj.com\/blog\/2010\/09\/29\/java-e-ambientit\/#primaryimage","url":"https:\/\/www.visit-ulcinj.com\/blog\/wp-content\/uploads\/2010\/09\/Java-e-Ambientit-ne-Ulqin.jpg","contentUrl":"https:\/\/www.visit-ulcinj.com\/blog\/wp-content\/uploads\/2010\/09\/Java-e-Ambientit-ne-Ulqin.jpg","width":"830","height":"600"},{"@type":"WebPage","@id":"https:\/\/www.visit-ulcinj.com\/blog\/2010\/09\/29\/java-e-ambientit\/#webpage","url":"https:\/\/www.visit-ulcinj.com\/blog\/2010\/09\/29\/java-e-ambientit\/","name":"Java e Ambientit - Lajme nga Ulqini","isPartOf":{"@id":"https:\/\/www.visit-ulcinj.com\/blog\/#website"},"primaryImageOfPage":{"@id":"https:\/\/www.visit-ulcinj.com\/blog\/2010\/09\/29\/java-e-ambientit\/#primaryimage"},"datePublished":"2010-09-29T11:13:06+00:00","dateModified":"2010-10-05T16:42:25+00:00","author":{"@id":"https:\/\/www.visit-ulcinj.com\/blog\/#\/schema\/person\/dcab619c614d3038751c63bc2aadc06d"},"description":"T\u00eb nderuar qytetar\u00eb, paaft\u00ebsia dhe keqp\u00ebrdorimet e pushtetit aktual e kan\u00eb r\u00ebnduar shum\u00eb gjendjen ekonomike, sociale, arsimore dhe kulturore t\u00eb komun\u00ebs","breadcrumb":{"@id":"https:\/\/www.visit-ulcinj.com\/blog\/2010\/09\/29\/java-e-ambientit\/#breadcrumb"},"inLanguage":"en-US","potentialAction":[{"@type":"ReadAction","target":["https:\/\/www.visit-ulcinj.com\/blog\/2010\/09\/29\/java-e-ambientit\/"]}]},{"@type":"BreadcrumbList","@id":"https:\/\/www.visit-ulcinj.com\/blog\/2010\/09\/29\/java-e-ambientit\/#breadcrumb","itemListElement":[{"@type":"ListItem","position":1,"name":"Java e Ambientit"}]},{"@type":"Person","@id":"https:\/\/www.visit-ulcinj.com\/blog\/#\/schema\/person\/dcab619c614d3038751c63bc2aadc06d","name":"ulqini","sameAs":["http:\/\/www.visit-ulcinj.com"],"url":"https:\/\/www.visit-ulcinj.com\/blog\/author\/admin\/"}]}},"jetpack_featured_media_url":"","jetpack_sharing_enabled":true,"jetpack_shortlink":"https:\/\/wp.me\/pe6lTn-9PO","_links":{"self":[{"href":"https:\/\/www.visit-ulcinj.com\/blog\/wp-json\/wp\/v2\/posts\/37808"}],"collection":[{"href":"https:\/\/www.visit-ulcinj.com\/blog\/wp-json\/wp\/v2\/posts"}],"about":[{"href":"https:\/\/www.visit-ulcinj.com\/blog\/wp-json\/wp\/v2\/types\/post"}],"author":[{"embeddable":true,"href":"https:\/\/www.visit-ulcinj.com\/blog\/wp-json\/wp\/v2\/users\/1"}],"replies":[{"embeddable":true,"href":"https:\/\/www.visit-ulcinj.com\/blog\/wp-json\/wp\/v2\/comments?post=37808"}],"version-history":[{"count":0,"href":"https:\/\/www.visit-ulcinj.com\/blog\/wp-json\/wp\/v2\/posts\/37808\/revisions"}],"wp:attachment":[{"href":"https:\/\/www.visit-ulcinj.com\/blog\/wp-json\/wp\/v2\/media?parent=37808"}],"wp:term":[{"taxonomy":"category","embeddable":true,"href":"https:\/\/www.visit-ulcinj.com\/blog\/wp-json\/wp\/v2\/categories?post=37808"},{"taxonomy":"post_tag","embeddable":true,"href":"https:\/\/www.visit-ulcinj.com\/blog\/wp-json\/wp\/v2\/tags?post=37808"}],"curies":[{"name":"wp","href":"https:\/\/api.w.org\/{rel}","templated":true}]}}