{"id":37832,"date":"2010-09-29T21:02:00","date_gmt":"2010-09-29T19:02:00","guid":{"rendered":"http:\/\/www.visit-ulcinj.com\/blog\/?p=37832"},"modified":"2010-10-01T20:11:54","modified_gmt":"2010-10-01T18:11:54","slug":"rejhana-kosovare","status":"publish","type":"post","link":"https:\/\/www.visit-ulcinj.com\/blog\/2010\/09\/29\/rejhana-kosovare\/","title":{"rendered":"Rejhana kosovare!"},"content":{"rendered":"<p><a href=\"http:\/\/www.visit-ulcinj.com\/blog\/wp-content\/uploads\/2010\/09\/Rejhana-Morina.3.jpg\"><img loading=\"lazy\" class=\"alignleft size-full wp-image-37833\" title=\"Rejhana Morina.3\" src=\"http:\/\/www.visit-ulcinj.com\/blog\/wp-content\/uploads\/2010\/09\/Rejhana-Morina.3.jpg\" alt=\"\" width=\"490\" height=\"380\" \/><\/a>Dikush mund t\u00eb thot\u00eb se emri i saj nuk \u00ebsht\u00eb Rejhana po kjo \u00ebsht\u00eb me s\u00eb e v\u00ebrtet\u00eb.<\/p>\n<p>K\u00ebng\u00ebtarja nga Gjilani, Rejhana Morina ka vazhduar karrier\u00ebn e saj muzikore nd\u00ebrkaq shum\u00eb kush mendon se emri i saj \u00ebsht\u00eb nj\u00eb \u201cnickname\u201d.<\/p>\n<p>Megjithat\u00eb, Rejhana e ka k\u00ebt\u00eb em\u00ebr dhe ai \u00ebsht\u00eb adash i emrit Rihanna, k\u00ebng\u00ebtare shum\u00eb e popullarizuar n\u00eb Shtetet e Bashkuara t\u00eb Amerik\u00ebs.<\/p>\n<p>Por, vlerat e saj muzikore l\u00ebn\u00eb p\u00ebr t\u00eb \u201cd\u00ebshiruar\u201d dhe as q\u00eb nuk mund t\u00eb krahasohen fare me ato t\u00eb Rihanna\u2019s. Edhe pse k\u00ebng\u00ebtarja duket se e ka idol k\u00ebng\u00ebtaren ameikane.<br \/>\nSidoqoft\u00eb p\u00ebr k\u00ebto vlera m\u00eb s\u00eb miri mund t\u00eb gjykojn\u00eb lexuesit dhe shikimi i spotit\u00a0 q\u00eb k\u00ebng\u00ebtarja e ka lansuar s\u00eb fundmi.<\/p>\n<p><strong>Gazeta Express<br \/>\n<\/p>\n<p><\/strong><\/p>\n<p><strong> <\/strong><\/p>\n<p><strong> <\/strong><!--YouTube Error: bad URL entered--><\/p>\n","protected":false},"excerpt":{"rendered":"<p>Dikush mund t\u00eb thot\u00eb se emri i saj nuk \u00ebsht\u00eb Rejhana po kjo \u00ebsht\u00eb me s\u00eb e v\u00ebrtet\u00eb. K\u00ebng\u00ebtarja nga Gjilani, Rejhana Morina ka vazhduar karrier\u00ebn e saj muzikore nd\u00ebrkaq shum\u00eb kush mendon se emri i saj \u00ebsht\u00eb nj\u00eb \u201cnickname\u201d. Megjithat\u00eb, Rejhana e ka k\u00ebt\u00eb em\u00ebr dhe ai \u00ebsht\u00eb adash i emrit Rihanna, k\u00ebng\u00ebtare shum\u00eb [&hellip;]<\/p>\n","protected":false},"author":1,"featured_media":0,"comment_status":"open","ping_status":"closed","sticky":false,"template":"","format":"standard","meta":{"spay_email":"","jetpack_publicize_message":"","jetpack_is_tweetstorm":false,"jetpack_publicize_feature_enabled":true},"categories":[1],"tags":[15700],"jetpack_publicize_connections":[],"yoast_head":"<!-- This site is optimized with the Yoast SEO plugin v19.1 - https:\/\/yoast.com\/wordpress\/plugins\/seo\/ -->\n<title>Rejhana kosovare! - Lajme nga Ulqini<\/title>\n<meta name=\"description\" content=\"Dikush mund t\u00eb thot\u00eb se emri i saj nuk \u00ebsht\u00eb Rejhana po kjo \u00ebsht\u00eb me s\u00eb e v\u00ebrtet\u00eb. K\u00ebng\u00ebtarja nga Gjilani, Rejhana Morina ka vazhduar karrier\u00ebn e saj\" \/>\n<meta name=\"robots\" content=\"index, follow, max-snippet:-1, max-image-preview:large, max-video-preview:-1\" \/>\n<link rel=\"canonical\" href=\"https:\/\/www.visit-ulcinj.com\/blog\/2010\/09\/29\/rejhana-kosovare\/\" \/>\n<meta property=\"og:locale\" content=\"en_US\" \/>\n<meta property=\"og:type\" content=\"article\" \/>\n<meta property=\"og:title\" content=\"Rejhana kosovare! - Lajme nga Ulqini\" \/>\n<meta property=\"og:description\" content=\"Dikush mund t\u00eb thot\u00eb se emri i saj nuk \u00ebsht\u00eb Rejhana po kjo \u00ebsht\u00eb me s\u00eb e v\u00ebrtet\u00eb. K\u00ebng\u00ebtarja nga Gjilani, Rejhana Morina ka vazhduar karrier\u00ebn e saj\" \/>\n<meta property=\"og:url\" content=\"https:\/\/www.visit-ulcinj.com\/blog\/2010\/09\/29\/rejhana-kosovare\/\" \/>\n<meta property=\"og:site_name\" content=\"Lajme nga Ulqini\" \/>\n<meta property=\"article:published_time\" content=\"2010-09-29T19:02:00+00:00\" \/>\n<meta property=\"article:modified_time\" content=\"2010-10-01T18:11:54+00:00\" \/>\n<meta property=\"og:image\" content=\"https:\/\/www.visit-ulcinj.com\/blog\/wp-content\/uploads\/2010\/09\/Rejhana-Morina.3-150x150.jpg\" \/>\n<meta name=\"twitter:label1\" content=\"Written by\" \/>\n\t<meta name=\"twitter:data1\" content=\"ulqini\" \/>\n\t<meta name=\"twitter:label2\" content=\"Est. reading time\" \/>\n\t<meta name=\"twitter:data2\" content=\"1 minute\" \/>\n<script type=\"application\/ld+json\" class=\"yoast-schema-graph\">{\"@context\":\"https:\/\/schema.org\",\"@graph\":[{\"@type\":\"WebSite\",\"@id\":\"https:\/\/www.visit-ulcinj.com\/blog\/#website\",\"url\":\"https:\/\/www.visit-ulcinj.com\/blog\/\",\"name\":\"Lajme nga Ulqini\",\"description\":\"Lajme,Vijesti,Ulqini,Ulqin,Crna Gora,Mali i Zi\",\"potentialAction\":[{\"@type\":\"SearchAction\",\"target\":{\"@type\":\"EntryPoint\",\"urlTemplate\":\"https:\/\/www.visit-ulcinj.com\/blog\/?s={search_term_string}\"},\"query-input\":\"required name=search_term_string\"}],\"inLanguage\":\"en-US\"},{\"@type\":\"ImageObject\",\"inLanguage\":\"en-US\",\"@id\":\"https:\/\/www.visit-ulcinj.com\/blog\/2010\/09\/29\/rejhana-kosovare\/#primaryimage\",\"url\":\"http:\/\/www.visit-ulcinj.com\/blog\/wp-content\/uploads\/2010\/09\/Rejhana-Morina.3.jpg\",\"contentUrl\":\"http:\/\/www.visit-ulcinj.com\/blog\/wp-content\/uploads\/2010\/09\/Rejhana-Morina.3.jpg\"},{\"@type\":\"WebPage\",\"@id\":\"https:\/\/www.visit-ulcinj.com\/blog\/2010\/09\/29\/rejhana-kosovare\/#webpage\",\"url\":\"https:\/\/www.visit-ulcinj.com\/blog\/2010\/09\/29\/rejhana-kosovare\/\",\"name\":\"Rejhana kosovare! - Lajme nga Ulqini\",\"isPartOf\":{\"@id\":\"https:\/\/www.visit-ulcinj.com\/blog\/#website\"},\"primaryImageOfPage\":{\"@id\":\"https:\/\/www.visit-ulcinj.com\/blog\/2010\/09\/29\/rejhana-kosovare\/#primaryimage\"},\"datePublished\":\"2010-09-29T19:02:00+00:00\",\"dateModified\":\"2010-10-01T18:11:54+00:00\",\"author\":{\"@id\":\"https:\/\/www.visit-ulcinj.com\/blog\/#\/schema\/person\/dcab619c614d3038751c63bc2aadc06d\"},\"description\":\"Dikush mund t\u00eb thot\u00eb se emri i saj nuk \u00ebsht\u00eb Rejhana po kjo \u00ebsht\u00eb me s\u00eb e v\u00ebrtet\u00eb. K\u00ebng\u00ebtarja nga Gjilani, Rejhana Morina ka vazhduar karrier\u00ebn e saj\",\"breadcrumb\":{\"@id\":\"https:\/\/www.visit-ulcinj.com\/blog\/2010\/09\/29\/rejhana-kosovare\/#breadcrumb\"},\"inLanguage\":\"en-US\",\"potentialAction\":[{\"@type\":\"ReadAction\",\"target\":[\"https:\/\/www.visit-ulcinj.com\/blog\/2010\/09\/29\/rejhana-kosovare\/\"]}]},{\"@type\":\"BreadcrumbList\",\"@id\":\"https:\/\/www.visit-ulcinj.com\/blog\/2010\/09\/29\/rejhana-kosovare\/#breadcrumb\",\"itemListElement\":[{\"@type\":\"ListItem\",\"position\":1,\"name\":\"Rejhana kosovare!\"}]},{\"@type\":\"Person\",\"@id\":\"https:\/\/www.visit-ulcinj.com\/blog\/#\/schema\/person\/dcab619c614d3038751c63bc2aadc06d\",\"name\":\"ulqini\",\"sameAs\":[\"http:\/\/www.visit-ulcinj.com\"],\"url\":\"https:\/\/www.visit-ulcinj.com\/blog\/author\/admin\/\"}]}<\/script>\n<!-- \/ Yoast SEO plugin. -->","yoast_head_json":{"title":"Rejhana kosovare! - Lajme nga Ulqini","description":"Dikush mund t\u00eb thot\u00eb se emri i saj nuk \u00ebsht\u00eb Rejhana po kjo \u00ebsht\u00eb me s\u00eb e v\u00ebrtet\u00eb. K\u00ebng\u00ebtarja nga Gjilani, Rejhana Morina ka vazhduar karrier\u00ebn e saj","robots":{"index":"index","follow":"follow","max-snippet":"max-snippet:-1","max-image-preview":"max-image-preview:large","max-video-preview":"max-video-preview:-1"},"canonical":"https:\/\/www.visit-ulcinj.com\/blog\/2010\/09\/29\/rejhana-kosovare\/","og_locale":"en_US","og_type":"article","og_title":"Rejhana kosovare! - Lajme nga Ulqini","og_description":"Dikush mund t\u00eb thot\u00eb se emri i saj nuk \u00ebsht\u00eb Rejhana po kjo \u00ebsht\u00eb me s\u00eb e v\u00ebrtet\u00eb. K\u00ebng\u00ebtarja nga Gjilani, Rejhana Morina ka vazhduar karrier\u00ebn e saj","og_url":"https:\/\/www.visit-ulcinj.com\/blog\/2010\/09\/29\/rejhana-kosovare\/","og_site_name":"Lajme nga Ulqini","article_published_time":"2010-09-29T19:02:00+00:00","article_modified_time":"2010-10-01T18:11:54+00:00","og_image":[{"url":"https:\/\/www.visit-ulcinj.com\/blog\/wp-content\/uploads\/2010\/09\/Rejhana-Morina.3-150x150.jpg"}],"twitter_misc":{"Written by":"ulqini","Est. reading time":"1 minute"},"schema":{"@context":"https:\/\/schema.org","@graph":[{"@type":"WebSite","@id":"https:\/\/www.visit-ulcinj.com\/blog\/#website","url":"https:\/\/www.visit-ulcinj.com\/blog\/","name":"Lajme nga Ulqini","description":"Lajme,Vijesti,Ulqini,Ulqin,Crna Gora,Mali i Zi","potentialAction":[{"@type":"SearchAction","target":{"@type":"EntryPoint","urlTemplate":"https:\/\/www.visit-ulcinj.com\/blog\/?s={search_term_string}"},"query-input":"required name=search_term_string"}],"inLanguage":"en-US"},{"@type":"ImageObject","inLanguage":"en-US","@id":"https:\/\/www.visit-ulcinj.com\/blog\/2010\/09\/29\/rejhana-kosovare\/#primaryimage","url":"http:\/\/www.visit-ulcinj.com\/blog\/wp-content\/uploads\/2010\/09\/Rejhana-Morina.3.jpg","contentUrl":"http:\/\/www.visit-ulcinj.com\/blog\/wp-content\/uploads\/2010\/09\/Rejhana-Morina.3.jpg"},{"@type":"WebPage","@id":"https:\/\/www.visit-ulcinj.com\/blog\/2010\/09\/29\/rejhana-kosovare\/#webpage","url":"https:\/\/www.visit-ulcinj.com\/blog\/2010\/09\/29\/rejhana-kosovare\/","name":"Rejhana kosovare! - Lajme nga Ulqini","isPartOf":{"@id":"https:\/\/www.visit-ulcinj.com\/blog\/#website"},"primaryImageOfPage":{"@id":"https:\/\/www.visit-ulcinj.com\/blog\/2010\/09\/29\/rejhana-kosovare\/#primaryimage"},"datePublished":"2010-09-29T19:02:00+00:00","dateModified":"2010-10-01T18:11:54+00:00","author":{"@id":"https:\/\/www.visit-ulcinj.com\/blog\/#\/schema\/person\/dcab619c614d3038751c63bc2aadc06d"},"description":"Dikush mund t\u00eb thot\u00eb se emri i saj nuk \u00ebsht\u00eb Rejhana po kjo \u00ebsht\u00eb me s\u00eb e v\u00ebrtet\u00eb. K\u00ebng\u00ebtarja nga Gjilani, Rejhana Morina ka vazhduar karrier\u00ebn e saj","breadcrumb":{"@id":"https:\/\/www.visit-ulcinj.com\/blog\/2010\/09\/29\/rejhana-kosovare\/#breadcrumb"},"inLanguage":"en-US","potentialAction":[{"@type":"ReadAction","target":["https:\/\/www.visit-ulcinj.com\/blog\/2010\/09\/29\/rejhana-kosovare\/"]}]},{"@type":"BreadcrumbList","@id":"https:\/\/www.visit-ulcinj.com\/blog\/2010\/09\/29\/rejhana-kosovare\/#breadcrumb","itemListElement":[{"@type":"ListItem","position":1,"name":"Rejhana kosovare!"}]},{"@type":"Person","@id":"https:\/\/www.visit-ulcinj.com\/blog\/#\/schema\/person\/dcab619c614d3038751c63bc2aadc06d","name":"ulqini","sameAs":["http:\/\/www.visit-ulcinj.com"],"url":"https:\/\/www.visit-ulcinj.com\/blog\/author\/admin\/"}]}},"jetpack_featured_media_url":"","jetpack_sharing_enabled":true,"jetpack_shortlink":"https:\/\/wp.me\/pe6lTn-9Qc","_links":{"self":[{"href":"https:\/\/www.visit-ulcinj.com\/blog\/wp-json\/wp\/v2\/posts\/37832"}],"collection":[{"href":"https:\/\/www.visit-ulcinj.com\/blog\/wp-json\/wp\/v2\/posts"}],"about":[{"href":"https:\/\/www.visit-ulcinj.com\/blog\/wp-json\/wp\/v2\/types\/post"}],"author":[{"embeddable":true,"href":"https:\/\/www.visit-ulcinj.com\/blog\/wp-json\/wp\/v2\/users\/1"}],"replies":[{"embeddable":true,"href":"https:\/\/www.visit-ulcinj.com\/blog\/wp-json\/wp\/v2\/comments?post=37832"}],"version-history":[{"count":0,"href":"https:\/\/www.visit-ulcinj.com\/blog\/wp-json\/wp\/v2\/posts\/37832\/revisions"}],"wp:attachment":[{"href":"https:\/\/www.visit-ulcinj.com\/blog\/wp-json\/wp\/v2\/media?parent=37832"}],"wp:term":[{"taxonomy":"category","embeddable":true,"href":"https:\/\/www.visit-ulcinj.com\/blog\/wp-json\/wp\/v2\/categories?post=37832"},{"taxonomy":"post_tag","embeddable":true,"href":"https:\/\/www.visit-ulcinj.com\/blog\/wp-json\/wp\/v2\/tags?post=37832"}],"curies":[{"name":"wp","href":"https:\/\/api.w.org\/{rel}","templated":true}]}}