{"id":37869,"date":"2010-09-30T18:25:51","date_gmt":"2010-09-30T16:25:51","guid":{"rendered":"http:\/\/www.visit-ulcinj.com\/blog\/?p=37869"},"modified":"2010-09-30T18:25:51","modified_gmt":"2010-09-30T16:25:51","slug":"ana-oksa-thyen-heshtjen-5-vjecare","status":"publish","type":"post","link":"https:\/\/www.visit-ulcinj.com\/blog\/2010\/09\/30\/ana-oksa-thyen-heshtjen-5-vjecare\/","title":{"rendered":"Ana Oksa thyen heshtjen 5 vjecare"},"content":{"rendered":"<p><a href=\"http:\/\/www.visit-ulcinj.com\/blog\/wp-content\/uploads\/2010\/09\/Ana-Oksa.jpg\"><img loading=\"lazy\" class=\"alignleft size-full wp-image-37870\" title=\"Ana Oksa\" src=\"http:\/\/www.visit-ulcinj.com\/blog\/wp-content\/uploads\/2010\/09\/Ana-Oksa.jpg\" alt=\"\" width=\"490\" height=\"306\" \/><\/a>K\u00ebng\u00ebtarja e njohur me origjin\u00eb shqiptare Ana Oksa thyen heshtjen dhe vjen n\u00eb tregun diskografik italianme nj\u00eb album t\u00eb ri tep\u00ebr t\u00eb fuqish\u00ebm. Albumi i titulluar &#8220;Proxima&#8221;p\u00ebrmban 11 k\u00ebng\u00eb mes tyre \u201cTutto l\u2019amore intorno\u201d e shkruar nga Ivano Fossati. &#8220;Dopo la neve&#8221; e &#8220;Apri gli occhi&#8221; t\u00eb Pacifico. Media italiane e p\u00ebrshkruan albumin si nj\u00eb projekt t\u00eb fuqish\u00ebm n\u00eb t\u00eb cil\u00ebn z\u00ebri i Ana Oksa kthehet edhe nj\u00eb her\u00eb p\u00ebr t\u00eb mahnitur dhe k\u00ebnaqur simpatizant\u00ebt. N\u00eb k\u00ebt\u00eb album Ana Oksa bashk\u00ebpunon me nj\u00eb grup muzikant\u00ebsh dhe dj t\u00eb rinj. Albumi ka nj\u00eb arrangjament t\u00eb ri q\u00eb b\u00ebn q\u00eb disku t\u00eb vendoset nd\u00ebr albumet m\u00eb mira t\u00eb koh\u00ebve t\u00eb fundit. \u201cAlbumin ia kushtoj t\u00eb rinjve t\u00eb cil\u00ebve ndjej se kam p\u00ebr tu th\u00ebn\u00eb dicka\u201d- thot\u00eb Ana Oksa n\u00eb nj\u00eb intervist\u00eb p\u00ebr tg com.<br \/>\n<br \/>\n<!--YouTube Error: bad URL entered--><\/p>\n","protected":false},"excerpt":{"rendered":"<p>K\u00ebng\u00ebtarja e njohur me origjin\u00eb shqiptare Ana Oksa thyen heshtjen dhe vjen n\u00eb tregun diskografik italianme nj\u00eb album t\u00eb ri tep\u00ebr t\u00eb fuqish\u00ebm. Albumi i titulluar &#8220;Proxima&#8221;p\u00ebrmban 11 k\u00ebng\u00eb mes tyre \u201cTutto l\u2019amore intorno\u201d e shkruar nga Ivano Fossati. &#8220;Dopo la neve&#8221; e &#8220;Apri gli occhi&#8221; t\u00eb Pacifico. Media italiane e p\u00ebrshkruan albumin si nj\u00eb [&hellip;]<\/p>\n","protected":false},"author":1,"featured_media":0,"comment_status":"open","ping_status":"closed","sticky":false,"template":"","format":"standard","meta":{"spay_email":"","jetpack_publicize_message":"","jetpack_is_tweetstorm":false,"jetpack_publicize_feature_enabled":true},"categories":[1],"tags":[15703],"jetpack_publicize_connections":[],"yoast_head":"<!-- This site is optimized with the Yoast SEO plugin v19.1 - https:\/\/yoast.com\/wordpress\/plugins\/seo\/ -->\n<title>Ana Oksa thyen heshtjen 5 vjecare - Lajme nga Ulqini<\/title>\n<meta name=\"description\" content=\"K\u00ebng\u00ebtarja e njohur me origjin\u00eb shqiptare Ana Oksa thyen heshtjen dhe vjen n\u00eb tregun diskografik italianme nj\u00eb album t\u00eb ri tep\u00ebr t\u00eb fuqish\u00ebm. Albumi i\" \/>\n<meta name=\"robots\" content=\"index, follow, max-snippet:-1, max-image-preview:large, max-video-preview:-1\" \/>\n<link rel=\"canonical\" href=\"https:\/\/www.visit-ulcinj.com\/blog\/2010\/09\/30\/ana-oksa-thyen-heshtjen-5-vjecare\/\" \/>\n<meta property=\"og:locale\" content=\"en_US\" \/>\n<meta property=\"og:type\" content=\"article\" \/>\n<meta property=\"og:title\" content=\"Ana Oksa thyen heshtjen 5 vjecare - Lajme nga Ulqini\" \/>\n<meta property=\"og:description\" content=\"K\u00ebng\u00ebtarja e njohur me origjin\u00eb shqiptare Ana Oksa thyen heshtjen dhe vjen n\u00eb tregun diskografik italianme nj\u00eb album t\u00eb ri tep\u00ebr t\u00eb fuqish\u00ebm. Albumi i\" \/>\n<meta property=\"og:url\" content=\"https:\/\/www.visit-ulcinj.com\/blog\/2010\/09\/30\/ana-oksa-thyen-heshtjen-5-vjecare\/\" \/>\n<meta property=\"og:site_name\" content=\"Lajme nga Ulqini\" \/>\n<meta property=\"article:published_time\" content=\"2010-09-30T16:25:51+00:00\" \/>\n<meta property=\"og:image\" content=\"https:\/\/www.visit-ulcinj.com\/blog\/wp-content\/uploads\/2010\/09\/Ana-Oksa-150x150.jpg\" \/>\n<meta name=\"twitter:label1\" content=\"Written by\" \/>\n\t<meta name=\"twitter:data1\" content=\"ulqini\" \/>\n\t<meta name=\"twitter:label2\" content=\"Est. reading time\" \/>\n\t<meta name=\"twitter:data2\" content=\"1 minute\" \/>\n<script type=\"application\/ld+json\" class=\"yoast-schema-graph\">{\"@context\":\"https:\/\/schema.org\",\"@graph\":[{\"@type\":\"WebSite\",\"@id\":\"https:\/\/www.visit-ulcinj.com\/blog\/#website\",\"url\":\"https:\/\/www.visit-ulcinj.com\/blog\/\",\"name\":\"Lajme nga Ulqini\",\"description\":\"Lajme,Vijesti,Ulqini,Ulqin,Crna Gora,Mali i Zi\",\"potentialAction\":[{\"@type\":\"SearchAction\",\"target\":{\"@type\":\"EntryPoint\",\"urlTemplate\":\"https:\/\/www.visit-ulcinj.com\/blog\/?s={search_term_string}\"},\"query-input\":\"required name=search_term_string\"}],\"inLanguage\":\"en-US\"},{\"@type\":\"ImageObject\",\"inLanguage\":\"en-US\",\"@id\":\"https:\/\/www.visit-ulcinj.com\/blog\/2010\/09\/30\/ana-oksa-thyen-heshtjen-5-vjecare\/#primaryimage\",\"url\":\"http:\/\/www.visit-ulcinj.com\/blog\/wp-content\/uploads\/2010\/09\/Ana-Oksa.jpg\",\"contentUrl\":\"http:\/\/www.visit-ulcinj.com\/blog\/wp-content\/uploads\/2010\/09\/Ana-Oksa.jpg\"},{\"@type\":\"WebPage\",\"@id\":\"https:\/\/www.visit-ulcinj.com\/blog\/2010\/09\/30\/ana-oksa-thyen-heshtjen-5-vjecare\/#webpage\",\"url\":\"https:\/\/www.visit-ulcinj.com\/blog\/2010\/09\/30\/ana-oksa-thyen-heshtjen-5-vjecare\/\",\"name\":\"Ana Oksa thyen heshtjen 5 vjecare - Lajme nga Ulqini\",\"isPartOf\":{\"@id\":\"https:\/\/www.visit-ulcinj.com\/blog\/#website\"},\"primaryImageOfPage\":{\"@id\":\"https:\/\/www.visit-ulcinj.com\/blog\/2010\/09\/30\/ana-oksa-thyen-heshtjen-5-vjecare\/#primaryimage\"},\"datePublished\":\"2010-09-30T16:25:51+00:00\",\"dateModified\":\"2010-09-30T16:25:51+00:00\",\"author\":{\"@id\":\"https:\/\/www.visit-ulcinj.com\/blog\/#\/schema\/person\/dcab619c614d3038751c63bc2aadc06d\"},\"description\":\"K\u00ebng\u00ebtarja e njohur me origjin\u00eb shqiptare Ana Oksa thyen heshtjen dhe vjen n\u00eb tregun diskografik italianme nj\u00eb album t\u00eb ri tep\u00ebr t\u00eb fuqish\u00ebm. Albumi i\",\"breadcrumb\":{\"@id\":\"https:\/\/www.visit-ulcinj.com\/blog\/2010\/09\/30\/ana-oksa-thyen-heshtjen-5-vjecare\/#breadcrumb\"},\"inLanguage\":\"en-US\",\"potentialAction\":[{\"@type\":\"ReadAction\",\"target\":[\"https:\/\/www.visit-ulcinj.com\/blog\/2010\/09\/30\/ana-oksa-thyen-heshtjen-5-vjecare\/\"]}]},{\"@type\":\"BreadcrumbList\",\"@id\":\"https:\/\/www.visit-ulcinj.com\/blog\/2010\/09\/30\/ana-oksa-thyen-heshtjen-5-vjecare\/#breadcrumb\",\"itemListElement\":[{\"@type\":\"ListItem\",\"position\":1,\"name\":\"Ana Oksa thyen heshtjen 5 vjecare\"}]},{\"@type\":\"Person\",\"@id\":\"https:\/\/www.visit-ulcinj.com\/blog\/#\/schema\/person\/dcab619c614d3038751c63bc2aadc06d\",\"name\":\"ulqini\",\"sameAs\":[\"http:\/\/www.visit-ulcinj.com\"],\"url\":\"https:\/\/www.visit-ulcinj.com\/blog\/author\/admin\/\"}]}<\/script>\n<!-- \/ Yoast SEO plugin. -->","yoast_head_json":{"title":"Ana Oksa thyen heshtjen 5 vjecare - Lajme nga Ulqini","description":"K\u00ebng\u00ebtarja e njohur me origjin\u00eb shqiptare Ana Oksa thyen heshtjen dhe vjen n\u00eb tregun diskografik italianme nj\u00eb album t\u00eb ri tep\u00ebr t\u00eb fuqish\u00ebm. Albumi i","robots":{"index":"index","follow":"follow","max-snippet":"max-snippet:-1","max-image-preview":"max-image-preview:large","max-video-preview":"max-video-preview:-1"},"canonical":"https:\/\/www.visit-ulcinj.com\/blog\/2010\/09\/30\/ana-oksa-thyen-heshtjen-5-vjecare\/","og_locale":"en_US","og_type":"article","og_title":"Ana Oksa thyen heshtjen 5 vjecare - Lajme nga Ulqini","og_description":"K\u00ebng\u00ebtarja e njohur me origjin\u00eb shqiptare Ana Oksa thyen heshtjen dhe vjen n\u00eb tregun diskografik italianme nj\u00eb album t\u00eb ri tep\u00ebr t\u00eb fuqish\u00ebm. Albumi i","og_url":"https:\/\/www.visit-ulcinj.com\/blog\/2010\/09\/30\/ana-oksa-thyen-heshtjen-5-vjecare\/","og_site_name":"Lajme nga Ulqini","article_published_time":"2010-09-30T16:25:51+00:00","og_image":[{"url":"https:\/\/www.visit-ulcinj.com\/blog\/wp-content\/uploads\/2010\/09\/Ana-Oksa-150x150.jpg"}],"twitter_misc":{"Written by":"ulqini","Est. reading time":"1 minute"},"schema":{"@context":"https:\/\/schema.org","@graph":[{"@type":"WebSite","@id":"https:\/\/www.visit-ulcinj.com\/blog\/#website","url":"https:\/\/www.visit-ulcinj.com\/blog\/","name":"Lajme nga Ulqini","description":"Lajme,Vijesti,Ulqini,Ulqin,Crna Gora,Mali i Zi","potentialAction":[{"@type":"SearchAction","target":{"@type":"EntryPoint","urlTemplate":"https:\/\/www.visit-ulcinj.com\/blog\/?s={search_term_string}"},"query-input":"required name=search_term_string"}],"inLanguage":"en-US"},{"@type":"ImageObject","inLanguage":"en-US","@id":"https:\/\/www.visit-ulcinj.com\/blog\/2010\/09\/30\/ana-oksa-thyen-heshtjen-5-vjecare\/#primaryimage","url":"http:\/\/www.visit-ulcinj.com\/blog\/wp-content\/uploads\/2010\/09\/Ana-Oksa.jpg","contentUrl":"http:\/\/www.visit-ulcinj.com\/blog\/wp-content\/uploads\/2010\/09\/Ana-Oksa.jpg"},{"@type":"WebPage","@id":"https:\/\/www.visit-ulcinj.com\/blog\/2010\/09\/30\/ana-oksa-thyen-heshtjen-5-vjecare\/#webpage","url":"https:\/\/www.visit-ulcinj.com\/blog\/2010\/09\/30\/ana-oksa-thyen-heshtjen-5-vjecare\/","name":"Ana Oksa thyen heshtjen 5 vjecare - Lajme nga Ulqini","isPartOf":{"@id":"https:\/\/www.visit-ulcinj.com\/blog\/#website"},"primaryImageOfPage":{"@id":"https:\/\/www.visit-ulcinj.com\/blog\/2010\/09\/30\/ana-oksa-thyen-heshtjen-5-vjecare\/#primaryimage"},"datePublished":"2010-09-30T16:25:51+00:00","dateModified":"2010-09-30T16:25:51+00:00","author":{"@id":"https:\/\/www.visit-ulcinj.com\/blog\/#\/schema\/person\/dcab619c614d3038751c63bc2aadc06d"},"description":"K\u00ebng\u00ebtarja e njohur me origjin\u00eb shqiptare Ana Oksa thyen heshtjen dhe vjen n\u00eb tregun diskografik italianme nj\u00eb album t\u00eb ri tep\u00ebr t\u00eb fuqish\u00ebm. Albumi i","breadcrumb":{"@id":"https:\/\/www.visit-ulcinj.com\/blog\/2010\/09\/30\/ana-oksa-thyen-heshtjen-5-vjecare\/#breadcrumb"},"inLanguage":"en-US","potentialAction":[{"@type":"ReadAction","target":["https:\/\/www.visit-ulcinj.com\/blog\/2010\/09\/30\/ana-oksa-thyen-heshtjen-5-vjecare\/"]}]},{"@type":"BreadcrumbList","@id":"https:\/\/www.visit-ulcinj.com\/blog\/2010\/09\/30\/ana-oksa-thyen-heshtjen-5-vjecare\/#breadcrumb","itemListElement":[{"@type":"ListItem","position":1,"name":"Ana Oksa thyen heshtjen 5 vjecare"}]},{"@type":"Person","@id":"https:\/\/www.visit-ulcinj.com\/blog\/#\/schema\/person\/dcab619c614d3038751c63bc2aadc06d","name":"ulqini","sameAs":["http:\/\/www.visit-ulcinj.com"],"url":"https:\/\/www.visit-ulcinj.com\/blog\/author\/admin\/"}]}},"jetpack_featured_media_url":"","jetpack_sharing_enabled":true,"jetpack_shortlink":"https:\/\/wp.me\/pe6lTn-9QN","_links":{"self":[{"href":"https:\/\/www.visit-ulcinj.com\/blog\/wp-json\/wp\/v2\/posts\/37869"}],"collection":[{"href":"https:\/\/www.visit-ulcinj.com\/blog\/wp-json\/wp\/v2\/posts"}],"about":[{"href":"https:\/\/www.visit-ulcinj.com\/blog\/wp-json\/wp\/v2\/types\/post"}],"author":[{"embeddable":true,"href":"https:\/\/www.visit-ulcinj.com\/blog\/wp-json\/wp\/v2\/users\/1"}],"replies":[{"embeddable":true,"href":"https:\/\/www.visit-ulcinj.com\/blog\/wp-json\/wp\/v2\/comments?post=37869"}],"version-history":[{"count":0,"href":"https:\/\/www.visit-ulcinj.com\/blog\/wp-json\/wp\/v2\/posts\/37869\/revisions"}],"wp:attachment":[{"href":"https:\/\/www.visit-ulcinj.com\/blog\/wp-json\/wp\/v2\/media?parent=37869"}],"wp:term":[{"taxonomy":"category","embeddable":true,"href":"https:\/\/www.visit-ulcinj.com\/blog\/wp-json\/wp\/v2\/categories?post=37869"},{"taxonomy":"post_tag","embeddable":true,"href":"https:\/\/www.visit-ulcinj.com\/blog\/wp-json\/wp\/v2\/tags?post=37869"}],"curies":[{"name":"wp","href":"https:\/\/api.w.org\/{rel}","templated":true}]}}