{"id":37887,"date":"2010-10-01T18:34:12","date_gmt":"2010-10-01T16:34:12","guid":{"rendered":"http:\/\/www.visit-ulcinj.com\/blog\/?p=37887"},"modified":"2010-10-01T18:34:12","modified_gmt":"2010-10-01T16:34:12","slug":"ulcinj-kazan-za-smece","status":"publish","type":"post","link":"https:\/\/www.visit-ulcinj.com\/blog\/2010\/10\/01\/ulcinj-kazan-za-smece\/","title":{"rendered":"Ulcinj kazan za sme\u0107e"},"content":{"rendered":"<h3><a href=\"http:\/\/www.visit-ulcinj.com\/blog\/wp-content\/uploads\/2010\/10\/Forca-optuzila-vlast-Ulcinja.jpg\"><img loading=\"lazy\" class=\"alignleft size-full wp-image-37888\" title=\"Forca optuzila vlast Ulcinja\" src=\"http:\/\/www.visit-ulcinj.com\/blog\/wp-content\/uploads\/2010\/10\/Forca-optuzila-vlast-Ulcinja.jpg\" alt=\"\" width=\"490\" height=\"332\" srcset=\"https:\/\/www.visit-ulcinj.com\/blog\/wp-content\/uploads\/2010\/10\/Forca-optuzila-vlast-Ulcinja.jpg 490w, https:\/\/www.visit-ulcinj.com\/blog\/wp-content\/uploads\/2010\/10\/Forca-optuzila-vlast-Ulcinja-300x203.jpg 300w\" sizes=\"(max-width: 490px) 100vw, 490px\" \/><\/a>Forca optu\u017eila vlast zbog ugovora sa Barom o kori\u0161\u0107enju deponije u Kru\u010dama<\/h3>\n<p>Ulcinj &#8211; Forca je ju\u010de optu\u017eila lokalnu vlast da je sa susjednim Barom \u201czaklju\u010dila sumnjiv ugovor o odlaganju sme\u0107a na deponiji u mjestu Hije, u Kru\u010dama\u201d, i obe\u0107ala da \u0107e, \u201ckada pobijedi na izborima 17. oktobra, tra\u017eiti zakonsku odgovornost zbog vi\u0161emilionske \u0161tete\u201d.<br \/>\nLider Force Nazif Cungu, koji je izjavu dao na deponiji, dok se u pozadini vide na desetine goveda kako se hrane sme\u0107em, kazao je da su \u201cdetalji ugovora skandalozni\u201d.<br \/>\n\u201cZa deponovanje otpada iz Bara, Op\u0161tina je inkasirala sedam eura po kubnom metru za 2009, a osam eura za ovu godinu. Na podgori\u010dkoj sanitarnoj deponiji, ta cijena za ostale primorske op\u0161tine iznosi 68 eura po kubiku, dakle od osam do devet puta vi\u0161e. Znamo da \u0107e Op\u0161tina Bar ovdje za \u010detiri godine istovariti 80.000 kubnih metara svog sme\u0107a \u0161to, po tarifi iz Podgorice, iznosi vi\u0161e od pet miliona eura. Na\u0161 grad, po istom osnovu, inkasira\u0107e devet puta manje, zbog \u010dega \u0107e svi koji su u\u010destvovali u zaklju\u010divanju tog sramnog ugovora morati da odgovaraju nakon na\u0161e pobjede 17. oktobra\u201d, poru\u010dio je Cungu.<br \/>\nOn je ocijenio da je \u201cstanje na deponiji alarmantno i najbolja potvrda nesposobnosti lokalne vlasti\u201c.<br \/>\n\u201c\u010cinjenica da su sada\u0161nji \u010delnici pristali da pretvore na\u0161u teritoriju u kazan za otpad iz drugih op\u0161tina, govori o nedostatku po\u0161tovanja i ljubavi prema zavi\u010daju. Deponija ne samo \u0161to zaga\u0111uje obalu, ve\u0107 i zbog \u010dinjenice da je na vrlo atraktivnoj lokaciji pod sme\u0107em zakopano dva miliona kvadrata panoramskog prostora, odvra\u0107a potencijalne investicije\u201d, kazao je Cungu.<\/p>\n<p><strong>DUA: Trik im je providan<\/strong><\/p>\n<p>Dan ranije, DUA je aktivnosti Force u okviru \u201eNedjelje \u010disto\u0107e\u201c okarakterisala kao \u201cprovidan politi\u010dki trik\u201d.<br \/>\n\u201cGospoda iz Force, u svojoj naivnosti, i dalje misle da na ovakav na\u010din mogu do\u0107i do jeftinih politi\u010dkih poena. Neka se Forca i dalje bavi time, neka koristi jezik uvreda i mr\u017enje i neka takav ljudski moral bude temelj njihove politi\u010dke platforme. To je njihov izbor, a DUA ima svoju politi\u010dku i radnu viziju koja ka\u017ee da \u0107emo zadr\u017eati na\u0161e dostojanstvo, a drugima \u010duvati i dostojanstvo i moral\u201d, saop\u0161teno je iz DUA u reagovanju na tekst sa naslovom \u201ePo\u010distimo i lo\u0161u upravi i afere\u201c, koji je u \u201eVijestima\u201c objavljen u utorak.<\/p>\n<p><strong>Batina neposlu\u0161nima, novac podmitljivima<\/strong><\/p>\n<p>Udru\u017eena opozicija ocijenila je da je u Ulcinju do\u0161lo vrijeme da se \u201cvlast okrene gra\u0111anima, a ne privilegijama kao \u0161to je do sada bio slu\u010daj\u201d i upitala za\u0161to se pojedincima dozvolilo da se pod maskom institucija, enormno obogate.<br \/>\n\u201cSve vrijeme svoje vladavine slu\u017eili su se samo silnim obe\u0107anjima koja su pukla kao plove\u0107a santa leda. Prazni kao ispaljena pu\u0161ka, po\u010dinju da pri\u010daju pri\u010de bez \u017eivota, poput \u017eeljezni\u010dkog reda vo\u017enje\u201d, pi\u0161e u saop\u0161tenju i dodaje da vlast sve to radi ne bi li \u201cu bira\u010dki krvotok svojih simpatizera ubrizgala jo\u0161 koju optimisti\u010dku transfuziju\u201d.<br \/>\n\u201cU rukama dr\u017ee batinu za neposlu\u0161ne, novac za podmitljive i ponude za lakovjerne\u201d, pi\u0161e u saop\u0161tenju.<br \/>\nNi oni, kako dodaju, sa boljim pam\u0107enjem ne mogu se sjetiti kada je u Ulcinju realizovana neka ve\u0107a investicija.<br \/>\n\u201cVe\u0107 25 godina u gradu nije izgra\u0111en nijedan ve\u0107i hotel dok su sva preduze\u0107a u ste\u010daju ili su poga\u0161ena. Od prije 10 godina, najavljuju se radovi na izgradnji hotela \u201eJadran\u201c, a vi\u0161e nema ni \u201eGaleba\u201c iako \u201eRok\u0161ped\u201c ve\u0107 godinama najavljuje nicanje novog i ljep\u0161eg hotela na istom mjestu. U problemima su i ulcinjski gra\u0111evinari koji vode rat za svoja prava, a posljednjih godina nije lako ni zaposlenim u Solani\u201d, navodi se u saop\u0161tenju.<\/p>\n<p><strong>S.A.<br \/>\n<a href=\"http:\/\/www.vijesti.me\/\" target=\"_blank\">Vijesti<br \/>\n<\/a><!--YouTube Error: bad URL entered--><a href=\"http:\/\/www.vijesti.me\/\" target=\"_blank\"><\/a><\/strong><\/p>\n","protected":false},"excerpt":{"rendered":"<p>Forca optu\u017eila vlast zbog ugovora sa Barom o kori\u0161\u0107enju deponije u Kru\u010dama Ulcinj &#8211; Forca je ju\u010de optu\u017eila lokalnu vlast da je sa susjednim Barom \u201czaklju\u010dila sumnjiv ugovor o odlaganju sme\u0107a na deponiji u mjestu Hije, u Kru\u010dama\u201d, i obe\u0107ala da \u0107e, \u201ckada pobijedi na izborima 17. oktobra, tra\u017eiti zakonsku odgovornost zbog vi\u0161emilionske \u0161tete\u201d. Lider [&hellip;]<\/p>\n","protected":false},"author":1,"featured_media":0,"comment_status":"open","ping_status":"closed","sticky":false,"template":"","format":"standard","meta":{"spay_email":"","jetpack_publicize_message":"","jetpack_is_tweetstorm":false,"jetpack_publicize_feature_enabled":true},"categories":[8337],"tags":[14281],"jetpack_publicize_connections":[],"yoast_head":"<!-- This site is optimized with the Yoast SEO plugin v19.1 - https:\/\/yoast.com\/wordpress\/plugins\/seo\/ -->\n<title>Ulcinj kazan za sme\u0107e - Lajme nga Ulqini<\/title>\n<meta name=\"description\" content=\"Forca optu\u017eila vlast zbog ugovora sa Barom o kori\u0161\u0107enju deponije u Kru\u010dama Ulcinj - Forca je ju\u010de optu\u017eila lokalnu vlast da je sa susjednim Barom\" \/>\n<meta name=\"robots\" content=\"index, follow, max-snippet:-1, max-image-preview:large, max-video-preview:-1\" \/>\n<link rel=\"canonical\" href=\"https:\/\/www.visit-ulcinj.com\/blog\/2010\/10\/01\/ulcinj-kazan-za-smece\/\" \/>\n<meta property=\"og:locale\" content=\"en_US\" \/>\n<meta property=\"og:type\" content=\"article\" \/>\n<meta property=\"og:title\" content=\"Ulcinj kazan za sme\u0107e - Lajme nga Ulqini\" \/>\n<meta property=\"og:description\" content=\"Forca optu\u017eila vlast zbog ugovora sa Barom o kori\u0161\u0107enju deponije u Kru\u010dama Ulcinj - Forca je ju\u010de optu\u017eila lokalnu vlast da je sa susjednim Barom\" \/>\n<meta property=\"og:url\" content=\"https:\/\/www.visit-ulcinj.com\/blog\/2010\/10\/01\/ulcinj-kazan-za-smece\/\" \/>\n<meta property=\"og:site_name\" content=\"Lajme nga Ulqini\" \/>\n<meta property=\"article:published_time\" content=\"2010-10-01T16:34:12+00:00\" \/>\n<meta property=\"og:image\" content=\"http:\/\/www.visit-ulcinj.com\/blog\/wp-content\/uploads\/2010\/10\/Forca-optuzila-vlast-Ulcinja.jpg\" \/>\n<meta name=\"twitter:label1\" content=\"Written by\" \/>\n\t<meta name=\"twitter:data1\" content=\"ulqini\" \/>\n\t<meta name=\"twitter:label2\" content=\"Est. reading time\" \/>\n\t<meta name=\"twitter:data2\" content=\"3 minutes\" \/>\n<script type=\"application\/ld+json\" class=\"yoast-schema-graph\">{\"@context\":\"https:\/\/schema.org\",\"@graph\":[{\"@type\":\"WebSite\",\"@id\":\"https:\/\/www.visit-ulcinj.com\/blog\/#website\",\"url\":\"https:\/\/www.visit-ulcinj.com\/blog\/\",\"name\":\"Lajme nga Ulqini\",\"description\":\"Lajme,Vijesti,Ulqini,Ulqin,Crna Gora,Mali i Zi\",\"potentialAction\":[{\"@type\":\"SearchAction\",\"target\":{\"@type\":\"EntryPoint\",\"urlTemplate\":\"https:\/\/www.visit-ulcinj.com\/blog\/?s={search_term_string}\"},\"query-input\":\"required name=search_term_string\"}],\"inLanguage\":\"en-US\"},{\"@type\":\"ImageObject\",\"inLanguage\":\"en-US\",\"@id\":\"https:\/\/www.visit-ulcinj.com\/blog\/2010\/10\/01\/ulcinj-kazan-za-smece\/#primaryimage\",\"url\":\"https:\/\/www.visit-ulcinj.com\/blog\/wp-content\/uploads\/2010\/10\/Forca-optuzila-vlast-Ulcinja.jpg\",\"contentUrl\":\"https:\/\/www.visit-ulcinj.com\/blog\/wp-content\/uploads\/2010\/10\/Forca-optuzila-vlast-Ulcinja.jpg\",\"width\":\"490\",\"height\":\"332\"},{\"@type\":\"WebPage\",\"@id\":\"https:\/\/www.visit-ulcinj.com\/blog\/2010\/10\/01\/ulcinj-kazan-za-smece\/#webpage\",\"url\":\"https:\/\/www.visit-ulcinj.com\/blog\/2010\/10\/01\/ulcinj-kazan-za-smece\/\",\"name\":\"Ulcinj kazan za sme\u0107e - Lajme nga Ulqini\",\"isPartOf\":{\"@id\":\"https:\/\/www.visit-ulcinj.com\/blog\/#website\"},\"primaryImageOfPage\":{\"@id\":\"https:\/\/www.visit-ulcinj.com\/blog\/2010\/10\/01\/ulcinj-kazan-za-smece\/#primaryimage\"},\"datePublished\":\"2010-10-01T16:34:12+00:00\",\"dateModified\":\"2010-10-01T16:34:12+00:00\",\"author\":{\"@id\":\"https:\/\/www.visit-ulcinj.com\/blog\/#\/schema\/person\/dcab619c614d3038751c63bc2aadc06d\"},\"description\":\"Forca optu\u017eila vlast zbog ugovora sa Barom o kori\u0161\u0107enju deponije u Kru\u010dama Ulcinj - Forca je ju\u010de optu\u017eila lokalnu vlast da je sa susjednim Barom\",\"breadcrumb\":{\"@id\":\"https:\/\/www.visit-ulcinj.com\/blog\/2010\/10\/01\/ulcinj-kazan-za-smece\/#breadcrumb\"},\"inLanguage\":\"en-US\",\"potentialAction\":[{\"@type\":\"ReadAction\",\"target\":[\"https:\/\/www.visit-ulcinj.com\/blog\/2010\/10\/01\/ulcinj-kazan-za-smece\/\"]}]},{\"@type\":\"BreadcrumbList\",\"@id\":\"https:\/\/www.visit-ulcinj.com\/blog\/2010\/10\/01\/ulcinj-kazan-za-smece\/#breadcrumb\",\"itemListElement\":[{\"@type\":\"ListItem\",\"position\":1,\"name\":\"Ulcinj kazan za sme\u0107e\"}]},{\"@type\":\"Person\",\"@id\":\"https:\/\/www.visit-ulcinj.com\/blog\/#\/schema\/person\/dcab619c614d3038751c63bc2aadc06d\",\"name\":\"ulqini\",\"sameAs\":[\"http:\/\/www.visit-ulcinj.com\"],\"url\":\"https:\/\/www.visit-ulcinj.com\/blog\/author\/admin\/\"}]}<\/script>\n<!-- \/ Yoast SEO plugin. -->","yoast_head_json":{"title":"Ulcinj kazan za sme\u0107e - Lajme nga Ulqini","description":"Forca optu\u017eila vlast zbog ugovora sa Barom o kori\u0161\u0107enju deponije u Kru\u010dama Ulcinj - Forca je ju\u010de optu\u017eila lokalnu vlast da je sa susjednim Barom","robots":{"index":"index","follow":"follow","max-snippet":"max-snippet:-1","max-image-preview":"max-image-preview:large","max-video-preview":"max-video-preview:-1"},"canonical":"https:\/\/www.visit-ulcinj.com\/blog\/2010\/10\/01\/ulcinj-kazan-za-smece\/","og_locale":"en_US","og_type":"article","og_title":"Ulcinj kazan za sme\u0107e - Lajme nga Ulqini","og_description":"Forca optu\u017eila vlast zbog ugovora sa Barom o kori\u0161\u0107enju deponije u Kru\u010dama Ulcinj - Forca je ju\u010de optu\u017eila lokalnu vlast da je sa susjednim Barom","og_url":"https:\/\/www.visit-ulcinj.com\/blog\/2010\/10\/01\/ulcinj-kazan-za-smece\/","og_site_name":"Lajme nga Ulqini","article_published_time":"2010-10-01T16:34:12+00:00","og_image":[{"url":"http:\/\/www.visit-ulcinj.com\/blog\/wp-content\/uploads\/2010\/10\/Forca-optuzila-vlast-Ulcinja.jpg"}],"twitter_misc":{"Written by":"ulqini","Est. reading time":"3 minutes"},"schema":{"@context":"https:\/\/schema.org","@graph":[{"@type":"WebSite","@id":"https:\/\/www.visit-ulcinj.com\/blog\/#website","url":"https:\/\/www.visit-ulcinj.com\/blog\/","name":"Lajme nga Ulqini","description":"Lajme,Vijesti,Ulqini,Ulqin,Crna Gora,Mali i Zi","potentialAction":[{"@type":"SearchAction","target":{"@type":"EntryPoint","urlTemplate":"https:\/\/www.visit-ulcinj.com\/blog\/?s={search_term_string}"},"query-input":"required name=search_term_string"}],"inLanguage":"en-US"},{"@type":"ImageObject","inLanguage":"en-US","@id":"https:\/\/www.visit-ulcinj.com\/blog\/2010\/10\/01\/ulcinj-kazan-za-smece\/#primaryimage","url":"https:\/\/www.visit-ulcinj.com\/blog\/wp-content\/uploads\/2010\/10\/Forca-optuzila-vlast-Ulcinja.jpg","contentUrl":"https:\/\/www.visit-ulcinj.com\/blog\/wp-content\/uploads\/2010\/10\/Forca-optuzila-vlast-Ulcinja.jpg","width":"490","height":"332"},{"@type":"WebPage","@id":"https:\/\/www.visit-ulcinj.com\/blog\/2010\/10\/01\/ulcinj-kazan-za-smece\/#webpage","url":"https:\/\/www.visit-ulcinj.com\/blog\/2010\/10\/01\/ulcinj-kazan-za-smece\/","name":"Ulcinj kazan za sme\u0107e - Lajme nga Ulqini","isPartOf":{"@id":"https:\/\/www.visit-ulcinj.com\/blog\/#website"},"primaryImageOfPage":{"@id":"https:\/\/www.visit-ulcinj.com\/blog\/2010\/10\/01\/ulcinj-kazan-za-smece\/#primaryimage"},"datePublished":"2010-10-01T16:34:12+00:00","dateModified":"2010-10-01T16:34:12+00:00","author":{"@id":"https:\/\/www.visit-ulcinj.com\/blog\/#\/schema\/person\/dcab619c614d3038751c63bc2aadc06d"},"description":"Forca optu\u017eila vlast zbog ugovora sa Barom o kori\u0161\u0107enju deponije u Kru\u010dama Ulcinj - Forca je ju\u010de optu\u017eila lokalnu vlast da je sa susjednim Barom","breadcrumb":{"@id":"https:\/\/www.visit-ulcinj.com\/blog\/2010\/10\/01\/ulcinj-kazan-za-smece\/#breadcrumb"},"inLanguage":"en-US","potentialAction":[{"@type":"ReadAction","target":["https:\/\/www.visit-ulcinj.com\/blog\/2010\/10\/01\/ulcinj-kazan-za-smece\/"]}]},{"@type":"BreadcrumbList","@id":"https:\/\/www.visit-ulcinj.com\/blog\/2010\/10\/01\/ulcinj-kazan-za-smece\/#breadcrumb","itemListElement":[{"@type":"ListItem","position":1,"name":"Ulcinj kazan za sme\u0107e"}]},{"@type":"Person","@id":"https:\/\/www.visit-ulcinj.com\/blog\/#\/schema\/person\/dcab619c614d3038751c63bc2aadc06d","name":"ulqini","sameAs":["http:\/\/www.visit-ulcinj.com"],"url":"https:\/\/www.visit-ulcinj.com\/blog\/author\/admin\/"}]}},"jetpack_featured_media_url":"","jetpack_sharing_enabled":true,"jetpack_shortlink":"https:\/\/wp.me\/pe6lTn-9R5","_links":{"self":[{"href":"https:\/\/www.visit-ulcinj.com\/blog\/wp-json\/wp\/v2\/posts\/37887"}],"collection":[{"href":"https:\/\/www.visit-ulcinj.com\/blog\/wp-json\/wp\/v2\/posts"}],"about":[{"href":"https:\/\/www.visit-ulcinj.com\/blog\/wp-json\/wp\/v2\/types\/post"}],"author":[{"embeddable":true,"href":"https:\/\/www.visit-ulcinj.com\/blog\/wp-json\/wp\/v2\/users\/1"}],"replies":[{"embeddable":true,"href":"https:\/\/www.visit-ulcinj.com\/blog\/wp-json\/wp\/v2\/comments?post=37887"}],"version-history":[{"count":0,"href":"https:\/\/www.visit-ulcinj.com\/blog\/wp-json\/wp\/v2\/posts\/37887\/revisions"}],"wp:attachment":[{"href":"https:\/\/www.visit-ulcinj.com\/blog\/wp-json\/wp\/v2\/media?parent=37887"}],"wp:term":[{"taxonomy":"category","embeddable":true,"href":"https:\/\/www.visit-ulcinj.com\/blog\/wp-json\/wp\/v2\/categories?post=37887"},{"taxonomy":"post_tag","embeddable":true,"href":"https:\/\/www.visit-ulcinj.com\/blog\/wp-json\/wp\/v2\/tags?post=37887"}],"curies":[{"name":"wp","href":"https:\/\/api.w.org\/{rel}","templated":true}]}}