{"id":37894,"date":"2010-10-01T19:30:23","date_gmt":"2010-10-01T17:30:23","guid":{"rendered":"http:\/\/www.visit-ulcinj.com\/blog\/?p=37894"},"modified":"2010-10-01T19:30:23","modified_gmt":"2010-10-01T17:30:23","slug":"soni-malaj-dhe-mirko-%e2%80%9cbuenos-dias%e2%80%9d-nga-spanja%e2%80%a6","status":"publish","type":"post","link":"https:\/\/www.visit-ulcinj.com\/blog\/2010\/10\/01\/soni-malaj-dhe-mirko-%e2%80%9cbuenos-dias%e2%80%9d-nga-spanja%e2%80%a6\/","title":{"rendered":"Soni Malaj dhe Mirko, \u201cbuenos dias\u201d nga Spanja\u2026"},"content":{"rendered":"<p><a href=\"http:\/\/www.visit-ulcinj.com\/blog\/wp-content\/uploads\/2010\/10\/Soni-Malaj-Mirko-Luccarelli.jpg\"><img loading=\"lazy\" class=\"alignleft size-full wp-image-37895\" title=\"Soni Malaj &amp; Mirko Luccarelli\" src=\"http:\/\/www.visit-ulcinj.com\/blog\/wp-content\/uploads\/2010\/10\/Soni-Malaj-Mirko-Luccarelli.jpg\" alt=\"\" width=\"490\" height=\"390\" \/><\/a>K\u00ebng\u00ebtarja Soni Malaj si\u00e7 duket ka gjetur komoditetin e k\u00ebrkuar n\u00eb krah\u00ebt e Mirkos, djaloshit q\u00eb i \u201cvodhi\u201d zemr\u00ebn gjat\u00eb spektaklit \u201cDancing with the stars Albania\u201d. Momentalisht, \u00e7ifti po jeton n\u00eb Sevilla t\u00eb Spanj\u00ebs, vend ku Mirko po ushtron biznesin e tij.<\/p>\n<p>Soni nuk ndjehet aspak e vetmuar, pasi \u00e7do dit\u00eb shijon bukurit\u00eb e k\u00ebtij vendi si dhe n\u00eb \u00e7do koh\u00eb at\u00eb e vizitojn\u00eb koleg\u00eb dhe familjar\u00eb t\u00eb ndrysh\u00ebm. S\u00eb fundmi ishte Sinan Hoxha, ai i cili u largua nga Shqip\u00ebria p\u00ebr pak koh\u00eb p\u00ebr t\u2019i kushtuar v\u00ebmendje koleges, apo si\u00e7 e quan ai \u201cmotr\u00ebs\u201d s\u00eb tij, Sonit. Gjat\u00eb q\u00ebndrimit t\u00eb Sinanit n\u00eb Sevilla, Soni dhe Mirko kan\u00eb p\u00ebrgatitur nj\u00eb pritje madh\u00ebshtore si dhe darka luksoze.<\/p>\n<p>Sa i p\u00ebrket aspektit profesional, muaj m\u00eb par\u00eb Soni lan\u00e7oi albumin e ri, por p\u00ebr munges\u00eb kohe nuk i b\u00ebri as promovim dhe pik\u00ebrisht ky fakt duket se ka b\u00ebr\u00eb q\u00eb i gjith\u00eb mundi t\u2019i shkojn\u00eb huq. I d\u00ebgjuar n\u00eb radio, nga ky album ka dal\u00eb vet\u00ebm nj\u00eb hit, \u201cKalle mos ta nin\u201d, nd\u00ebrsa klipi i k\u00ebng\u00ebs nuk \u00ebsht\u00eb vizituar aq shum\u00eb p\u00ebr arsye se, tashm\u00eb Soni ka n\u00ebnshkruar nj\u00eb kontrat\u00eb me nj\u00eb kompani q\u00eb mban t\u00eb drejt\u00ebn e publikimit t\u00eb klipeve dhe k\u00ebng\u00ebve t\u00eb saj. Nd\u00ebrkoh\u00eb n\u00eb YouTube klipi mund t\u00eb shikohet vet\u00ebm me pages\u00eb.<strong>\/GO \/<br \/>\n<!--YouTube Error: bad URL entered--><\/strong><\/p>\n","protected":false},"excerpt":{"rendered":"<p>K\u00ebng\u00ebtarja Soni Malaj si\u00e7 duket ka gjetur komoditetin e k\u00ebrkuar n\u00eb krah\u00ebt e Mirkos, djaloshit q\u00eb i \u201cvodhi\u201d zemr\u00ebn gjat\u00eb spektaklit \u201cDancing with the stars Albania\u201d. Momentalisht, \u00e7ifti po jeton n\u00eb Sevilla t\u00eb Spanj\u00ebs, vend ku Mirko po ushtron biznesin e tij. Soni nuk ndjehet aspak e vetmuar, pasi \u00e7do dit\u00eb shijon bukurit\u00eb e k\u00ebtij [&hellip;]<\/p>\n","protected":false},"author":1,"featured_media":0,"comment_status":"open","ping_status":"closed","sticky":false,"template":"","format":"standard","meta":{"spay_email":"","jetpack_publicize_message":"","jetpack_is_tweetstorm":false,"jetpack_publicize_feature_enabled":true},"categories":[1],"tags":[15259],"jetpack_publicize_connections":[],"yoast_head":"<!-- This site is optimized with the Yoast SEO plugin v19.1 - https:\/\/yoast.com\/wordpress\/plugins\/seo\/ -->\n<title>Soni Malaj dhe Mirko, \u201cbuenos dias\u201d nga Spanja\u2026 - Lajme nga Ulqini<\/title>\n<meta name=\"description\" content=\"K\u00ebng\u00ebtarja Soni Malaj si\u00e7 duket ka gjetur komoditetin e k\u00ebrkuar n\u00eb krah\u00ebt e Mirkos, djaloshit q\u00eb i \u201cvodhi\u201d zemr\u00ebn gjat\u00eb spektaklit \u201cDancing with the stars\" \/>\n<meta name=\"robots\" content=\"index, follow, max-snippet:-1, max-image-preview:large, max-video-preview:-1\" \/>\n<link rel=\"canonical\" href=\"https:\/\/www.visit-ulcinj.com\/blog\/2010\/10\/01\/soni-malaj-dhe-mirko-\u201cbuenos-dias\u201d-nga-spanja\u2026\/\" \/>\n<meta property=\"og:locale\" content=\"en_US\" \/>\n<meta property=\"og:type\" content=\"article\" \/>\n<meta property=\"og:title\" content=\"Soni Malaj dhe Mirko, \u201cbuenos dias\u201d nga Spanja\u2026 - Lajme nga Ulqini\" \/>\n<meta property=\"og:description\" content=\"K\u00ebng\u00ebtarja Soni Malaj si\u00e7 duket ka gjetur komoditetin e k\u00ebrkuar n\u00eb krah\u00ebt e Mirkos, djaloshit q\u00eb i \u201cvodhi\u201d zemr\u00ebn gjat\u00eb spektaklit \u201cDancing with the stars\" \/>\n<meta property=\"og:url\" content=\"https:\/\/www.visit-ulcinj.com\/blog\/2010\/10\/01\/soni-malaj-dhe-mirko-\u201cbuenos-dias\u201d-nga-spanja\u2026\/\" \/>\n<meta property=\"og:site_name\" content=\"Lajme nga Ulqini\" \/>\n<meta property=\"article:published_time\" content=\"2010-10-01T17:30:23+00:00\" \/>\n<meta property=\"og:image\" content=\"http:\/\/www.visit-ulcinj.com\/blog\/wp-content\/uploads\/2010\/10\/Soni-Malaj-Mirko-Luccarelli.jpg\" \/>\n<meta name=\"twitter:label1\" content=\"Written by\" \/>\n\t<meta name=\"twitter:data1\" content=\"ulqini\" \/>\n\t<meta name=\"twitter:label2\" content=\"Est. reading time\" \/>\n\t<meta name=\"twitter:data2\" content=\"1 minute\" \/>\n<script type=\"application\/ld+json\" class=\"yoast-schema-graph\">{\"@context\":\"https:\/\/schema.org\",\"@graph\":[{\"@type\":\"WebSite\",\"@id\":\"https:\/\/www.visit-ulcinj.com\/blog\/#website\",\"url\":\"https:\/\/www.visit-ulcinj.com\/blog\/\",\"name\":\"Lajme nga Ulqini\",\"description\":\"Lajme,Vijesti,Ulqini,Ulqin,Crna Gora,Mali i Zi\",\"potentialAction\":[{\"@type\":\"SearchAction\",\"target\":{\"@type\":\"EntryPoint\",\"urlTemplate\":\"https:\/\/www.visit-ulcinj.com\/blog\/?s={search_term_string}\"},\"query-input\":\"required name=search_term_string\"}],\"inLanguage\":\"en-US\"},{\"@type\":\"ImageObject\",\"inLanguage\":\"en-US\",\"@id\":\"https:\/\/www.visit-ulcinj.com\/blog\/2010\/10\/01\/soni-malaj-dhe-mirko-%e2%80%9cbuenos-dias%e2%80%9d-nga-spanja%e2%80%a6\/#primaryimage\",\"url\":\"http:\/\/www.visit-ulcinj.com\/blog\/wp-content\/uploads\/2010\/10\/Soni-Malaj-Mirko-Luccarelli.jpg\",\"contentUrl\":\"http:\/\/www.visit-ulcinj.com\/blog\/wp-content\/uploads\/2010\/10\/Soni-Malaj-Mirko-Luccarelli.jpg\"},{\"@type\":\"WebPage\",\"@id\":\"https:\/\/www.visit-ulcinj.com\/blog\/2010\/10\/01\/soni-malaj-dhe-mirko-%e2%80%9cbuenos-dias%e2%80%9d-nga-spanja%e2%80%a6\/#webpage\",\"url\":\"https:\/\/www.visit-ulcinj.com\/blog\/2010\/10\/01\/soni-malaj-dhe-mirko-%e2%80%9cbuenos-dias%e2%80%9d-nga-spanja%e2%80%a6\/\",\"name\":\"Soni Malaj dhe Mirko, \u201cbuenos dias\u201d nga Spanja\u2026 - Lajme nga Ulqini\",\"isPartOf\":{\"@id\":\"https:\/\/www.visit-ulcinj.com\/blog\/#website\"},\"primaryImageOfPage\":{\"@id\":\"https:\/\/www.visit-ulcinj.com\/blog\/2010\/10\/01\/soni-malaj-dhe-mirko-%e2%80%9cbuenos-dias%e2%80%9d-nga-spanja%e2%80%a6\/#primaryimage\"},\"datePublished\":\"2010-10-01T17:30:23+00:00\",\"dateModified\":\"2010-10-01T17:30:23+00:00\",\"author\":{\"@id\":\"https:\/\/www.visit-ulcinj.com\/blog\/#\/schema\/person\/dcab619c614d3038751c63bc2aadc06d\"},\"description\":\"K\u00ebng\u00ebtarja Soni Malaj si\u00e7 duket ka gjetur komoditetin e k\u00ebrkuar n\u00eb krah\u00ebt e Mirkos, djaloshit q\u00eb i \u201cvodhi\u201d zemr\u00ebn gjat\u00eb spektaklit \u201cDancing with the stars\",\"breadcrumb\":{\"@id\":\"https:\/\/www.visit-ulcinj.com\/blog\/2010\/10\/01\/soni-malaj-dhe-mirko-%e2%80%9cbuenos-dias%e2%80%9d-nga-spanja%e2%80%a6\/#breadcrumb\"},\"inLanguage\":\"en-US\",\"potentialAction\":[{\"@type\":\"ReadAction\",\"target\":[\"https:\/\/www.visit-ulcinj.com\/blog\/2010\/10\/01\/soni-malaj-dhe-mirko-%e2%80%9cbuenos-dias%e2%80%9d-nga-spanja%e2%80%a6\/\"]}]},{\"@type\":\"BreadcrumbList\",\"@id\":\"https:\/\/www.visit-ulcinj.com\/blog\/2010\/10\/01\/soni-malaj-dhe-mirko-%e2%80%9cbuenos-dias%e2%80%9d-nga-spanja%e2%80%a6\/#breadcrumb\",\"itemListElement\":[{\"@type\":\"ListItem\",\"position\":1,\"name\":\"Soni Malaj dhe Mirko, \u201cbuenos dias\u201d nga Spanja\u2026\"}]},{\"@type\":\"Person\",\"@id\":\"https:\/\/www.visit-ulcinj.com\/blog\/#\/schema\/person\/dcab619c614d3038751c63bc2aadc06d\",\"name\":\"ulqini\",\"sameAs\":[\"http:\/\/www.visit-ulcinj.com\"],\"url\":\"https:\/\/www.visit-ulcinj.com\/blog\/author\/admin\/\"}]}<\/script>\n<!-- \/ Yoast SEO plugin. -->","yoast_head_json":{"title":"Soni Malaj dhe Mirko, \u201cbuenos dias\u201d nga Spanja\u2026 - Lajme nga Ulqini","description":"K\u00ebng\u00ebtarja Soni Malaj si\u00e7 duket ka gjetur komoditetin e k\u00ebrkuar n\u00eb krah\u00ebt e Mirkos, djaloshit q\u00eb i \u201cvodhi\u201d zemr\u00ebn gjat\u00eb spektaklit \u201cDancing with the stars","robots":{"index":"index","follow":"follow","max-snippet":"max-snippet:-1","max-image-preview":"max-image-preview:large","max-video-preview":"max-video-preview:-1"},"canonical":"https:\/\/www.visit-ulcinj.com\/blog\/2010\/10\/01\/soni-malaj-dhe-mirko-\u201cbuenos-dias\u201d-nga-spanja\u2026\/","og_locale":"en_US","og_type":"article","og_title":"Soni Malaj dhe Mirko, \u201cbuenos dias\u201d nga Spanja\u2026 - Lajme nga Ulqini","og_description":"K\u00ebng\u00ebtarja Soni Malaj si\u00e7 duket ka gjetur komoditetin e k\u00ebrkuar n\u00eb krah\u00ebt e Mirkos, djaloshit q\u00eb i \u201cvodhi\u201d zemr\u00ebn gjat\u00eb spektaklit \u201cDancing with the stars","og_url":"https:\/\/www.visit-ulcinj.com\/blog\/2010\/10\/01\/soni-malaj-dhe-mirko-\u201cbuenos-dias\u201d-nga-spanja\u2026\/","og_site_name":"Lajme nga Ulqini","article_published_time":"2010-10-01T17:30:23+00:00","og_image":[{"url":"http:\/\/www.visit-ulcinj.com\/blog\/wp-content\/uploads\/2010\/10\/Soni-Malaj-Mirko-Luccarelli.jpg"}],"twitter_misc":{"Written by":"ulqini","Est. reading time":"1 minute"},"schema":{"@context":"https:\/\/schema.org","@graph":[{"@type":"WebSite","@id":"https:\/\/www.visit-ulcinj.com\/blog\/#website","url":"https:\/\/www.visit-ulcinj.com\/blog\/","name":"Lajme nga Ulqini","description":"Lajme,Vijesti,Ulqini,Ulqin,Crna Gora,Mali i Zi","potentialAction":[{"@type":"SearchAction","target":{"@type":"EntryPoint","urlTemplate":"https:\/\/www.visit-ulcinj.com\/blog\/?s={search_term_string}"},"query-input":"required name=search_term_string"}],"inLanguage":"en-US"},{"@type":"ImageObject","inLanguage":"en-US","@id":"https:\/\/www.visit-ulcinj.com\/blog\/2010\/10\/01\/soni-malaj-dhe-mirko-%e2%80%9cbuenos-dias%e2%80%9d-nga-spanja%e2%80%a6\/#primaryimage","url":"http:\/\/www.visit-ulcinj.com\/blog\/wp-content\/uploads\/2010\/10\/Soni-Malaj-Mirko-Luccarelli.jpg","contentUrl":"http:\/\/www.visit-ulcinj.com\/blog\/wp-content\/uploads\/2010\/10\/Soni-Malaj-Mirko-Luccarelli.jpg"},{"@type":"WebPage","@id":"https:\/\/www.visit-ulcinj.com\/blog\/2010\/10\/01\/soni-malaj-dhe-mirko-%e2%80%9cbuenos-dias%e2%80%9d-nga-spanja%e2%80%a6\/#webpage","url":"https:\/\/www.visit-ulcinj.com\/blog\/2010\/10\/01\/soni-malaj-dhe-mirko-%e2%80%9cbuenos-dias%e2%80%9d-nga-spanja%e2%80%a6\/","name":"Soni Malaj dhe Mirko, \u201cbuenos dias\u201d nga Spanja\u2026 - Lajme nga Ulqini","isPartOf":{"@id":"https:\/\/www.visit-ulcinj.com\/blog\/#website"},"primaryImageOfPage":{"@id":"https:\/\/www.visit-ulcinj.com\/blog\/2010\/10\/01\/soni-malaj-dhe-mirko-%e2%80%9cbuenos-dias%e2%80%9d-nga-spanja%e2%80%a6\/#primaryimage"},"datePublished":"2010-10-01T17:30:23+00:00","dateModified":"2010-10-01T17:30:23+00:00","author":{"@id":"https:\/\/www.visit-ulcinj.com\/blog\/#\/schema\/person\/dcab619c614d3038751c63bc2aadc06d"},"description":"K\u00ebng\u00ebtarja Soni Malaj si\u00e7 duket ka gjetur komoditetin e k\u00ebrkuar n\u00eb krah\u00ebt e Mirkos, djaloshit q\u00eb i \u201cvodhi\u201d zemr\u00ebn gjat\u00eb spektaklit \u201cDancing with the stars","breadcrumb":{"@id":"https:\/\/www.visit-ulcinj.com\/blog\/2010\/10\/01\/soni-malaj-dhe-mirko-%e2%80%9cbuenos-dias%e2%80%9d-nga-spanja%e2%80%a6\/#breadcrumb"},"inLanguage":"en-US","potentialAction":[{"@type":"ReadAction","target":["https:\/\/www.visit-ulcinj.com\/blog\/2010\/10\/01\/soni-malaj-dhe-mirko-%e2%80%9cbuenos-dias%e2%80%9d-nga-spanja%e2%80%a6\/"]}]},{"@type":"BreadcrumbList","@id":"https:\/\/www.visit-ulcinj.com\/blog\/2010\/10\/01\/soni-malaj-dhe-mirko-%e2%80%9cbuenos-dias%e2%80%9d-nga-spanja%e2%80%a6\/#breadcrumb","itemListElement":[{"@type":"ListItem","position":1,"name":"Soni Malaj dhe Mirko, \u201cbuenos dias\u201d nga Spanja\u2026"}]},{"@type":"Person","@id":"https:\/\/www.visit-ulcinj.com\/blog\/#\/schema\/person\/dcab619c614d3038751c63bc2aadc06d","name":"ulqini","sameAs":["http:\/\/www.visit-ulcinj.com"],"url":"https:\/\/www.visit-ulcinj.com\/blog\/author\/admin\/"}]}},"jetpack_featured_media_url":"","jetpack_sharing_enabled":true,"jetpack_shortlink":"https:\/\/wp.me\/pe6lTn-9Rc","_links":{"self":[{"href":"https:\/\/www.visit-ulcinj.com\/blog\/wp-json\/wp\/v2\/posts\/37894"}],"collection":[{"href":"https:\/\/www.visit-ulcinj.com\/blog\/wp-json\/wp\/v2\/posts"}],"about":[{"href":"https:\/\/www.visit-ulcinj.com\/blog\/wp-json\/wp\/v2\/types\/post"}],"author":[{"embeddable":true,"href":"https:\/\/www.visit-ulcinj.com\/blog\/wp-json\/wp\/v2\/users\/1"}],"replies":[{"embeddable":true,"href":"https:\/\/www.visit-ulcinj.com\/blog\/wp-json\/wp\/v2\/comments?post=37894"}],"version-history":[{"count":0,"href":"https:\/\/www.visit-ulcinj.com\/blog\/wp-json\/wp\/v2\/posts\/37894\/revisions"}],"wp:attachment":[{"href":"https:\/\/www.visit-ulcinj.com\/blog\/wp-json\/wp\/v2\/media?parent=37894"}],"wp:term":[{"taxonomy":"category","embeddable":true,"href":"https:\/\/www.visit-ulcinj.com\/blog\/wp-json\/wp\/v2\/categories?post=37894"},{"taxonomy":"post_tag","embeddable":true,"href":"https:\/\/www.visit-ulcinj.com\/blog\/wp-json\/wp\/v2\/tags?post=37894"}],"curies":[{"name":"wp","href":"https:\/\/api.w.org\/{rel}","templated":true}]}}