{"id":37907,"date":"2010-10-01T20:26:17","date_gmt":"2010-10-01T18:26:17","guid":{"rendered":"http:\/\/www.visit-ulcinj.com\/blog\/?p=37907"},"modified":"2010-10-02T19:35:34","modified_gmt":"2010-10-02T17:35:34","slug":"ansambli-shota-per-te-paren-here-ne-ulqin","status":"publish","type":"post","link":"https:\/\/www.visit-ulcinj.com\/blog\/2010\/10\/01\/ansambli-shota-per-te-paren-here-ne-ulqin\/","title":{"rendered":"Ansambli SHOTA p\u00ebr t\u00eb par\u00ebn her\u00eb n\u00eb Ulqin"},"content":{"rendered":"<p><a href=\"http:\/\/www.visit-ulcinj.com\/blog\/wp-content\/uploads\/2010\/10\/Ansambli-SHOTA.jpg\"><img loading=\"lazy\" class=\"alignleft size-full wp-image-37909\" title=\"Ansambli SHOTA\" src=\"http:\/\/www.visit-ulcinj.com\/blog\/wp-content\/uploads\/2010\/10\/Ansambli-SHOTA.jpg\" alt=\"\" width=\"490\" height=\"360\" \/><\/a>N\u00eb kuad\u00ebr t\u00eb bashk\u00ebpunimit kulturor\u00eb nd\u00ebrmjet Ulqinit dhe Kosov\u00ebs m\u00eb dat\u00ebn 6 tetor n\u00eb or\u00ebn 19.30 minuta n\u00eb Pallatin e Kultur\u00ebs do t\u00eb jap\u00eb nj\u00eb koncert me k\u00ebng\u00ebn dhe valle ansambli profesional \u2019\u2019SHOTA\u2019\u2019.<\/p>\n<p>Koncerti mbahet n\u00ebn patronatin e kryetarit t\u00eb Komun\u00ebs G\u00ebzim Hajdinaga<\/p>\n<p>Ansambli \u2019\u2019SHOTA\u2019\u2019 p\u00ebr t\u00eb par\u00ebn her\u00eb n\u00eb nj\u00eb formacion t\u00eb k\u00ebtij lloji n\u00eb Ulqin.<\/p>\n<h3>Municipality of Ulcinj \/ Ulqin<br \/>\nArsllan Hajdinaga<\/h3>\n<p><strong><br \/>\nAnsambli \u201cShota\u201d jep koncert n\u00eb Ulqin<\/strong><\/p>\n<p>Ulqin, 2 tetor &#8211; N\u00eb kuad\u00ebr t\u00eb bashk\u00ebpunimit kulturor nd\u00ebrmjet Ulqinit dhe Republik\u00ebs s\u00eb Kosov\u00ebs, jav\u00ebn e ardhshme, pik\u00ebrisht m\u00eb 6 tetor n\u00eb Pallatin e Kultur\u00ebs, do t\u00eb jap\u00eb nj\u00eb koncert me k\u00ebng\u00eb dhe valle ansambli i mir\u00ebnjohur profesionist \u2019\u2019Shota\u2019\u2019 nga Prishtina.<br \/>\nKoncerti mbahet n\u00ebn patronatin e kryetarit t\u00eb Komun\u00ebs, G\u00ebzim Hajdinaga, raporton KosovaLive.<br \/>\nOpinioni kulturor, jo vet\u00ebm i Ulqinit, por edhe nga viset tjera shqiptare n\u00eb Malin e Zi, si Ana e Malit, Kraja, Tivari, Mal\u00ebsia, por edhe nga qyteti fqinj Shkodra, kan\u00eb mir\u00ebpritur lajmin e ardhjes s\u00eb artist\u00ebve kosovar\u00eb, edhe shprehin interesimin e madh p\u00ebr ta ndjekur k\u00ebt\u00eb koncert.<br \/>\nKryetari i Komun\u00ebs s\u00eb Ulqinit, G\u00ebzim Hajdinaga thot\u00eb p\u00ebr KosovaLive se Ansambli \u2019\u2019Shota\u2019\u2019 vjen p\u00ebr here t\u00eb pare n\u00eb k\u00ebt\u00eb formacion n\u00eb Ulqin.<br \/>\n\u201cGjat\u00eb sezonit turistik n\u00eb Festivalin kulturor tradicional &#8216;Skena verore&#8217;, n\u00eb Ulqin jan\u00eb prezantuar ansamble t\u00eb ndryshme e t\u00eb njohura skenike e muzikore nga Kosova. Ansambli &#8216;Shota &#8216;, jo vet\u00ebm p\u00ebr ulqinak\u00ebt, sjell freski artistike dhe sh\u00ebnon vazhdimin kulturor t\u00eb Ulqinit me Kosov\u00ebn\u201d,- shprehet kryetari Hajdinaga.<\/p>\n<p>KOHA NET<br \/>\n<!--YouTube Error: bad URL entered--><\/p>\n","protected":false},"excerpt":{"rendered":"<p>N\u00eb kuad\u00ebr t\u00eb bashk\u00ebpunimit kulturor\u00eb nd\u00ebrmjet Ulqinit dhe Kosov\u00ebs m\u00eb dat\u00ebn 6 tetor n\u00eb or\u00ebn 19.30 minuta n\u00eb Pallatin e Kultur\u00ebs do t\u00eb jap\u00eb nj\u00eb koncert me k\u00ebng\u00ebn dhe valle ansambli profesional \u2019\u2019SHOTA\u2019\u2019. Koncerti mbahet n\u00ebn patronatin e kryetarit t\u00eb Komun\u00ebs G\u00ebzim Hajdinaga Ansambli \u2019\u2019SHOTA\u2019\u2019 p\u00ebr t\u00eb par\u00ebn her\u00eb n\u00eb nj\u00eb formacion t\u00eb k\u00ebtij lloji [&hellip;]<\/p>\n","protected":false},"author":1,"featured_media":0,"comment_status":"open","ping_status":"closed","sticky":false,"template":"","format":"standard","meta":{"spay_email":"","jetpack_publicize_message":"","jetpack_is_tweetstorm":false,"jetpack_publicize_feature_enabled":true},"categories":[4],"tags":[15716,200],"jetpack_publicize_connections":[],"yoast_head":"<!-- This site is optimized with the Yoast SEO plugin v19.1 - https:\/\/yoast.com\/wordpress\/plugins\/seo\/ -->\n<title>Ansambli SHOTA p\u00ebr t\u00eb par\u00ebn her\u00eb n\u00eb Ulqin - Lajme nga Ulqini<\/title>\n<meta name=\"description\" content=\"N\u00eb kuad\u00ebr t\u00eb bashk\u00ebpunimit kulturor\u00eb nd\u00ebrmjet Ulqinit dhe Kosov\u00ebs m\u00eb dat\u00ebn 6 tetor n\u00eb or\u00ebn 19.30 minuta n\u00eb Pallatin e Kultur\u00ebs do t\u00eb jap\u00eb nj\u00eb koncert me\" \/>\n<meta name=\"robots\" content=\"index, follow, max-snippet:-1, max-image-preview:large, max-video-preview:-1\" \/>\n<link rel=\"canonical\" href=\"https:\/\/www.visit-ulcinj.com\/blog\/2010\/10\/01\/ansambli-shota-per-te-paren-here-ne-ulqin\/\" \/>\n<meta property=\"og:locale\" content=\"en_US\" \/>\n<meta property=\"og:type\" content=\"article\" \/>\n<meta property=\"og:title\" content=\"Ansambli SHOTA p\u00ebr t\u00eb par\u00ebn her\u00eb n\u00eb Ulqin - Lajme nga Ulqini\" \/>\n<meta property=\"og:description\" content=\"N\u00eb kuad\u00ebr t\u00eb bashk\u00ebpunimit kulturor\u00eb nd\u00ebrmjet Ulqinit dhe Kosov\u00ebs m\u00eb dat\u00ebn 6 tetor n\u00eb or\u00ebn 19.30 minuta n\u00eb Pallatin e Kultur\u00ebs do t\u00eb jap\u00eb nj\u00eb koncert me\" \/>\n<meta property=\"og:url\" content=\"https:\/\/www.visit-ulcinj.com\/blog\/2010\/10\/01\/ansambli-shota-per-te-paren-here-ne-ulqin\/\" \/>\n<meta property=\"og:site_name\" content=\"Lajme nga Ulqini\" \/>\n<meta property=\"article:published_time\" content=\"2010-10-01T18:26:17+00:00\" \/>\n<meta property=\"article:modified_time\" content=\"2010-10-02T17:35:34+00:00\" \/>\n<meta property=\"og:image\" content=\"http:\/\/www.visit-ulcinj.com\/blog\/wp-content\/uploads\/2010\/10\/Ansambli-SHOTA.jpg\" \/>\n<meta name=\"twitter:label1\" content=\"Written by\" \/>\n\t<meta name=\"twitter:data1\" content=\"ulqini\" \/>\n\t<meta name=\"twitter:label2\" content=\"Est. reading time\" \/>\n\t<meta name=\"twitter:data2\" content=\"1 minute\" \/>\n<script type=\"application\/ld+json\" class=\"yoast-schema-graph\">{\"@context\":\"https:\/\/schema.org\",\"@graph\":[{\"@type\":\"WebSite\",\"@id\":\"https:\/\/www.visit-ulcinj.com\/blog\/#website\",\"url\":\"https:\/\/www.visit-ulcinj.com\/blog\/\",\"name\":\"Lajme nga Ulqini\",\"description\":\"Lajme,Vijesti,Ulqini,Ulqin,Crna Gora,Mali i Zi\",\"potentialAction\":[{\"@type\":\"SearchAction\",\"target\":{\"@type\":\"EntryPoint\",\"urlTemplate\":\"https:\/\/www.visit-ulcinj.com\/blog\/?s={search_term_string}\"},\"query-input\":\"required name=search_term_string\"}],\"inLanguage\":\"en-US\"},{\"@type\":\"ImageObject\",\"inLanguage\":\"en-US\",\"@id\":\"https:\/\/www.visit-ulcinj.com\/blog\/2010\/10\/01\/ansambli-shota-per-te-paren-here-ne-ulqin\/#primaryimage\",\"url\":\"https:\/\/www.visit-ulcinj.com\/blog\/wp-content\/uploads\/2010\/10\/Ansambli-SHOTA.jpg\",\"contentUrl\":\"https:\/\/www.visit-ulcinj.com\/blog\/wp-content\/uploads\/2010\/10\/Ansambli-SHOTA.jpg\",\"width\":\"480\",\"height\":\"360\"},{\"@type\":\"WebPage\",\"@id\":\"https:\/\/www.visit-ulcinj.com\/blog\/2010\/10\/01\/ansambli-shota-per-te-paren-here-ne-ulqin\/#webpage\",\"url\":\"https:\/\/www.visit-ulcinj.com\/blog\/2010\/10\/01\/ansambli-shota-per-te-paren-here-ne-ulqin\/\",\"name\":\"Ansambli SHOTA p\u00ebr t\u00eb par\u00ebn her\u00eb n\u00eb Ulqin - Lajme nga Ulqini\",\"isPartOf\":{\"@id\":\"https:\/\/www.visit-ulcinj.com\/blog\/#website\"},\"primaryImageOfPage\":{\"@id\":\"https:\/\/www.visit-ulcinj.com\/blog\/2010\/10\/01\/ansambli-shota-per-te-paren-here-ne-ulqin\/#primaryimage\"},\"datePublished\":\"2010-10-01T18:26:17+00:00\",\"dateModified\":\"2010-10-02T17:35:34+00:00\",\"author\":{\"@id\":\"https:\/\/www.visit-ulcinj.com\/blog\/#\/schema\/person\/dcab619c614d3038751c63bc2aadc06d\"},\"description\":\"N\u00eb kuad\u00ebr t\u00eb bashk\u00ebpunimit kulturor\u00eb nd\u00ebrmjet Ulqinit dhe Kosov\u00ebs m\u00eb dat\u00ebn 6 tetor n\u00eb or\u00ebn 19.30 minuta n\u00eb Pallatin e Kultur\u00ebs do t\u00eb jap\u00eb nj\u00eb koncert me\",\"breadcrumb\":{\"@id\":\"https:\/\/www.visit-ulcinj.com\/blog\/2010\/10\/01\/ansambli-shota-per-te-paren-here-ne-ulqin\/#breadcrumb\"},\"inLanguage\":\"en-US\",\"potentialAction\":[{\"@type\":\"ReadAction\",\"target\":[\"https:\/\/www.visit-ulcinj.com\/blog\/2010\/10\/01\/ansambli-shota-per-te-paren-here-ne-ulqin\/\"]}]},{\"@type\":\"BreadcrumbList\",\"@id\":\"https:\/\/www.visit-ulcinj.com\/blog\/2010\/10\/01\/ansambli-shota-per-te-paren-here-ne-ulqin\/#breadcrumb\",\"itemListElement\":[{\"@type\":\"ListItem\",\"position\":1,\"name\":\"Ansambli SHOTA p\u00ebr t\u00eb par\u00ebn her\u00eb n\u00eb Ulqin\"}]},{\"@type\":\"Person\",\"@id\":\"https:\/\/www.visit-ulcinj.com\/blog\/#\/schema\/person\/dcab619c614d3038751c63bc2aadc06d\",\"name\":\"ulqini\",\"sameAs\":[\"http:\/\/www.visit-ulcinj.com\"],\"url\":\"https:\/\/www.visit-ulcinj.com\/blog\/author\/admin\/\"}]}<\/script>\n<!-- \/ Yoast SEO plugin. -->","yoast_head_json":{"title":"Ansambli SHOTA p\u00ebr t\u00eb par\u00ebn her\u00eb n\u00eb Ulqin - Lajme nga Ulqini","description":"N\u00eb kuad\u00ebr t\u00eb bashk\u00ebpunimit kulturor\u00eb nd\u00ebrmjet Ulqinit dhe Kosov\u00ebs m\u00eb dat\u00ebn 6 tetor n\u00eb or\u00ebn 19.30 minuta n\u00eb Pallatin e Kultur\u00ebs do t\u00eb jap\u00eb nj\u00eb koncert me","robots":{"index":"index","follow":"follow","max-snippet":"max-snippet:-1","max-image-preview":"max-image-preview:large","max-video-preview":"max-video-preview:-1"},"canonical":"https:\/\/www.visit-ulcinj.com\/blog\/2010\/10\/01\/ansambli-shota-per-te-paren-here-ne-ulqin\/","og_locale":"en_US","og_type":"article","og_title":"Ansambli SHOTA p\u00ebr t\u00eb par\u00ebn her\u00eb n\u00eb Ulqin - Lajme nga Ulqini","og_description":"N\u00eb kuad\u00ebr t\u00eb bashk\u00ebpunimit kulturor\u00eb nd\u00ebrmjet Ulqinit dhe Kosov\u00ebs m\u00eb dat\u00ebn 6 tetor n\u00eb or\u00ebn 19.30 minuta n\u00eb Pallatin e Kultur\u00ebs do t\u00eb jap\u00eb nj\u00eb koncert me","og_url":"https:\/\/www.visit-ulcinj.com\/blog\/2010\/10\/01\/ansambli-shota-per-te-paren-here-ne-ulqin\/","og_site_name":"Lajme nga Ulqini","article_published_time":"2010-10-01T18:26:17+00:00","article_modified_time":"2010-10-02T17:35:34+00:00","og_image":[{"url":"http:\/\/www.visit-ulcinj.com\/blog\/wp-content\/uploads\/2010\/10\/Ansambli-SHOTA.jpg"}],"twitter_misc":{"Written by":"ulqini","Est. reading time":"1 minute"},"schema":{"@context":"https:\/\/schema.org","@graph":[{"@type":"WebSite","@id":"https:\/\/www.visit-ulcinj.com\/blog\/#website","url":"https:\/\/www.visit-ulcinj.com\/blog\/","name":"Lajme nga Ulqini","description":"Lajme,Vijesti,Ulqini,Ulqin,Crna Gora,Mali i Zi","potentialAction":[{"@type":"SearchAction","target":{"@type":"EntryPoint","urlTemplate":"https:\/\/www.visit-ulcinj.com\/blog\/?s={search_term_string}"},"query-input":"required name=search_term_string"}],"inLanguage":"en-US"},{"@type":"ImageObject","inLanguage":"en-US","@id":"https:\/\/www.visit-ulcinj.com\/blog\/2010\/10\/01\/ansambli-shota-per-te-paren-here-ne-ulqin\/#primaryimage","url":"https:\/\/www.visit-ulcinj.com\/blog\/wp-content\/uploads\/2010\/10\/Ansambli-SHOTA.jpg","contentUrl":"https:\/\/www.visit-ulcinj.com\/blog\/wp-content\/uploads\/2010\/10\/Ansambli-SHOTA.jpg","width":"480","height":"360"},{"@type":"WebPage","@id":"https:\/\/www.visit-ulcinj.com\/blog\/2010\/10\/01\/ansambli-shota-per-te-paren-here-ne-ulqin\/#webpage","url":"https:\/\/www.visit-ulcinj.com\/blog\/2010\/10\/01\/ansambli-shota-per-te-paren-here-ne-ulqin\/","name":"Ansambli SHOTA p\u00ebr t\u00eb par\u00ebn her\u00eb n\u00eb Ulqin - Lajme nga Ulqini","isPartOf":{"@id":"https:\/\/www.visit-ulcinj.com\/blog\/#website"},"primaryImageOfPage":{"@id":"https:\/\/www.visit-ulcinj.com\/blog\/2010\/10\/01\/ansambli-shota-per-te-paren-here-ne-ulqin\/#primaryimage"},"datePublished":"2010-10-01T18:26:17+00:00","dateModified":"2010-10-02T17:35:34+00:00","author":{"@id":"https:\/\/www.visit-ulcinj.com\/blog\/#\/schema\/person\/dcab619c614d3038751c63bc2aadc06d"},"description":"N\u00eb kuad\u00ebr t\u00eb bashk\u00ebpunimit kulturor\u00eb nd\u00ebrmjet Ulqinit dhe Kosov\u00ebs m\u00eb dat\u00ebn 6 tetor n\u00eb or\u00ebn 19.30 minuta n\u00eb Pallatin e Kultur\u00ebs do t\u00eb jap\u00eb nj\u00eb koncert me","breadcrumb":{"@id":"https:\/\/www.visit-ulcinj.com\/blog\/2010\/10\/01\/ansambli-shota-per-te-paren-here-ne-ulqin\/#breadcrumb"},"inLanguage":"en-US","potentialAction":[{"@type":"ReadAction","target":["https:\/\/www.visit-ulcinj.com\/blog\/2010\/10\/01\/ansambli-shota-per-te-paren-here-ne-ulqin\/"]}]},{"@type":"BreadcrumbList","@id":"https:\/\/www.visit-ulcinj.com\/blog\/2010\/10\/01\/ansambli-shota-per-te-paren-here-ne-ulqin\/#breadcrumb","itemListElement":[{"@type":"ListItem","position":1,"name":"Ansambli SHOTA p\u00ebr t\u00eb par\u00ebn her\u00eb n\u00eb Ulqin"}]},{"@type":"Person","@id":"https:\/\/www.visit-ulcinj.com\/blog\/#\/schema\/person\/dcab619c614d3038751c63bc2aadc06d","name":"ulqini","sameAs":["http:\/\/www.visit-ulcinj.com"],"url":"https:\/\/www.visit-ulcinj.com\/blog\/author\/admin\/"}]}},"jetpack_featured_media_url":"","jetpack_sharing_enabled":true,"jetpack_shortlink":"https:\/\/wp.me\/pe6lTn-9Rp","_links":{"self":[{"href":"https:\/\/www.visit-ulcinj.com\/blog\/wp-json\/wp\/v2\/posts\/37907"}],"collection":[{"href":"https:\/\/www.visit-ulcinj.com\/blog\/wp-json\/wp\/v2\/posts"}],"about":[{"href":"https:\/\/www.visit-ulcinj.com\/blog\/wp-json\/wp\/v2\/types\/post"}],"author":[{"embeddable":true,"href":"https:\/\/www.visit-ulcinj.com\/blog\/wp-json\/wp\/v2\/users\/1"}],"replies":[{"embeddable":true,"href":"https:\/\/www.visit-ulcinj.com\/blog\/wp-json\/wp\/v2\/comments?post=37907"}],"version-history":[{"count":0,"href":"https:\/\/www.visit-ulcinj.com\/blog\/wp-json\/wp\/v2\/posts\/37907\/revisions"}],"wp:attachment":[{"href":"https:\/\/www.visit-ulcinj.com\/blog\/wp-json\/wp\/v2\/media?parent=37907"}],"wp:term":[{"taxonomy":"category","embeddable":true,"href":"https:\/\/www.visit-ulcinj.com\/blog\/wp-json\/wp\/v2\/categories?post=37907"},{"taxonomy":"post_tag","embeddable":true,"href":"https:\/\/www.visit-ulcinj.com\/blog\/wp-json\/wp\/v2\/tags?post=37907"}],"curies":[{"name":"wp","href":"https:\/\/api.w.org\/{rel}","templated":true}]}}