{"id":37918,"date":"2010-10-03T08:24:24","date_gmt":"2010-10-03T06:24:24","guid":{"rendered":"http:\/\/www.visit-ulcinj.com\/blog\/?p=37918"},"modified":"2010-10-16T20:43:20","modified_gmt":"2010-10-16T18:43:20","slug":"rifat-stankovic-nosilac-liste-bosnjacke-stranke-opstina-ulcinj","status":"publish","type":"post","link":"https:\/\/www.visit-ulcinj.com\/blog\/2010\/10\/03\/rifat-stankovic-nosilac-liste-bosnjacke-stranke-opstina-ulcinj\/","title":{"rendered":"Rifat Stankovic &#8211; Nosilac liste Bosnjacke Stranke opstina Ulcinj"},"content":{"rendered":"<p><strong><a href=\"http:\/\/www.visit-ulcinj.com\/blog\/wp-content\/uploads\/2010\/10\/Rifat-Stankovic-Bosnjacka-Stranka-opstina-Ulcinj1.jpg\"><img loading=\"lazy\" class=\"alignleft size-full wp-image-37923\" title=\"Rifat Stankovic - Bosnjacka Stranka opstina Ulcinj\" src=\"http:\/\/www.visit-ulcinj.com\/blog\/wp-content\/uploads\/2010\/10\/Rifat-Stankovic-Bosnjacka-Stranka-opstina-Ulcinj1.jpg\" alt=\"\" width=\"490\" height=\"620\" \/><\/a>Kratka biografija <\/strong><\/p>\n<p><strong>Rifat Stankovic, ro\u0111en 01.04.1967. god., u Ulcinju.gdje je zavrsio osnovnu skolu.<br \/>\nMedicinsku \u0161kolu zavr\u0161io na Cetinju ,studirao i radio u Novom Sadu na Medicinskom Fakultetu<\/strong><\/p>\n<ul>\n<li>Institut za Hirurgiju,      Gradskoj Bolnici u Frankfurtu\u00a0 Univerzitet Johann Wolfgang Goethe      ,stekao zvanje Zdravstveni Menadzer u Frankfurtu,kao i Ekonoma za      Zdravstveno i socijalno staranje u Visbadenu.<\/li>\n<li>Vlasnik Cenra za zdravstveno      i socijalno staranje u Bad Vilbelu ,<\/li>\n<li>Ambulantne sluzbe\u00a0u      Frankfurtu,<\/li>\n<li>Hotela u Ulcinju.<\/li>\n<li>O\u017eenjen. Otac\u00a0troje      \u00a0djece,\u00a0dvije \u00a0\u0107erke i sina.<\/li>\n<li>Nekadasnji fudbaler Ulcinja,      i<\/li>\n<li>Bokser: Lovcena, Vrbasa i      Vojvodine<\/li>\n<li>Licencirani sportski trener      u Frankfurtu( njemacki sportski savez)<\/li>\n<li>Trener i Clan predsjednistva      poznatog Kluba za Borilacke vjestine Lotus( dobitnik najvisih<\/li>\n<li>odlikovanja za integraciju      kroz sport od njemacke vlade)<\/li>\n<li>\u017divi i radi u Bad Vilbelu i      Frankfurtu, dijelom u Ulcinju.<\/li>\n<li>Sportsko-Politicki aktivan u      Njemackoj i Crnoj Gori.<\/li>\n<\/ul>\n<p><strong>Do uvo\u0111enja vi\u0161epartijskog politi\u010dkog sistema u Crnoj Gori nije bio politi\u010dki anga\u017eovan.<\/strong><\/p>\n<p><strong><span style=\"text-decoration: underline;\">Politicki ciljevi:<\/span><\/strong><\/p>\n<p><strong>1.Zdravstvo i ocuvanje zivotne sredine<\/strong><\/p>\n<p>a) Operacioni blok sa porodjajnom salom\u00a0 i intenzivnom jedinicom<\/p>\n<p>b) Uredjaji za preciscavanje otpadnih voda i adaptacija kanalizacione mreze<\/p>\n<p>c) Poboljsanje higijenskih uslova na plazama izgradnjom kanalizacione infrastrukture<\/p>\n<p><strong>2.Turizam: <\/strong><\/p>\n<p>a) Vracanje turizma zapadne evrope sa ponudama tokom cijele godine<\/p>\n<p>b) Seniorski turizam &#8211;\u00a0 Projekat za zbrinjavanje senior<\/p>\n<p>c) Sportski turizam<\/p>\n<p>d) Stavljanje Hotelskih kompleksa u funkciju, kao i olaksavanje izgradnje novih hotela, tako i legalizacija vec izgradjenih objekata, cime se dobija mogucnost novih radnih mjesta.<\/p>\n<p>e) Uvodjenje poreza \u201culicnim\u201d i prodavcima po plazama, dati prednost domacim prodavcima sa poleskim olaksicama, stroga kontrola prodaje preko inspekcijske sluzbe.<\/p>\n<p><strong>3.Sport: <\/strong><\/p>\n<p>a) Unapredjenje sporta sa izgradnjom sportske dvorane sa bazenom sa time omoguciti zimske pripreme internacionalnih sportista na optimalan\u00a0\u00a0 nacin<\/p>\n<p>b) pomoc u razvoju sportskih klubova<\/p>\n<p>c) sport kao preduzetnistvo ( clanarina, reklama, oprema)<\/p>\n<p>d) financijska pomoc vrhunskim sportistima<\/p>\n<p><strong>4.Mladi i obrazovanje: <\/strong><\/p>\n<p>a) bilateralna saradnja mladih sa mladima zapadne Evrope<\/p>\n<p>b) stvoriti mogucnosti strucne obuke i usavrsavanja administrativnih kadrova u zapadnoj Evropi<\/p>\n<p>c) stvoriti mogucnost studiranja mladih u Evropi<\/p>\n<p><strong><a href=\"http:\/\/www.visit-ulcinj.com\/blog\/wp-content\/uploads\/2010\/10\/Rifat-Stankovic-Nosilac-liste-Bosnjacke-Stranke-opstina-Ulcinj.2.jpg\"><img loading=\"lazy\" class=\"alignleft size-medium wp-image-37920\" title=\"Rifat Stankovic - Nosilac liste Bosnjacke Stranke opstina Ulcinj.2\" src=\"http:\/\/www.visit-ulcinj.com\/blog\/wp-content\/uploads\/2010\/10\/Rifat-Stankovic-Nosilac-liste-Bosnjacke-Stranke-opstina-Ulcinj.2-288x300.jpg\" alt=\"\" width=\"288\" height=\"300\" srcset=\"https:\/\/www.visit-ulcinj.com\/blog\/wp-content\/uploads\/2010\/10\/Rifat-Stankovic-Nosilac-liste-Bosnjacke-Stranke-opstina-Ulcinj.2-288x300.jpg 288w, https:\/\/www.visit-ulcinj.com\/blog\/wp-content\/uploads\/2010\/10\/Rifat-Stankovic-Nosilac-liste-Bosnjacke-Stranke-opstina-Ulcinj.2.jpg 943w\" sizes=\"(max-width: 288px) 100vw, 288px\" \/><\/a>5.Evropske Integracije:<\/strong><\/p>\n<p>a) kroz sport<\/p>\n<p>b) bratimljenje gradova<\/p>\n<p>c) integracija manjina<\/p>\n<p>d) izgradnja programa za dostup fondova EZ<\/p>\n<p><strong>Lista\u00a0 kandidata Bosnjacke Stranke opstina Ulcinj:<\/strong><br \/>\nRifat Stankovic, Alen Abazovic, Muamer Rash\u00e7ic, Omer Skrobanovic, Edis Sijaric, Mesud \u00c7uturic, Safet Resulbegovic, Ertan Omerovic, Admir Hasic, Mejrusa Rastoder, Avdija Kajevic, Avdo Rash\u00e7ic, Sahman Mujesira, Nexhad Skorupan, Nusreta Likovic, Jasmin Muratovic, Admir Muhovic, Haris Muratovic, Bajram Rexhepagic, Adnan Karadjuzovic, Rafeta Jahdadic, Damir Rash\u00e7ic, Smail Skorupan, Ilda \u00c7uturic ,Uliks Muratovic.<\/p>\n<p><strong>Rifat Stankovic &#8211; Nosilac liste Bosnjacke Stranke<\/strong><\/p>\n","protected":false},"excerpt":{"rendered":"<p>Kratka biografija Rifat Stankovic, ro\u0111en 01.04.1967. god., u Ulcinju.gdje je zavrsio osnovnu skolu. Medicinsku \u0161kolu zavr\u0161io na Cetinju ,studirao i radio u Novom Sadu na Medicinskom Fakultetu Institut za Hirurgiju, Gradskoj Bolnici u Frankfurtu\u00a0 Univerzitet Johann Wolfgang Goethe ,stekao zvanje Zdravstveni Menadzer u Frankfurtu,kao i Ekonoma za Zdravstveno i socijalno staranje u Visbadenu. Vlasnik Cenra [&hellip;]<\/p>\n","protected":false},"author":1,"featured_media":0,"comment_status":"open","ping_status":"closed","sticky":false,"template":"","format":"standard","meta":{"spay_email":"","jetpack_publicize_message":"","jetpack_is_tweetstorm":false,"jetpack_publicize_feature_enabled":true},"categories":[8337],"tags":[15725,15733,15736,15718,15727,15728,15735,1798,20,15738,15721,15724,15734,15740,15732,15726,15722,15719,15730,15731,15720,264,15737,15717,15723,15729,15739,15741],"jetpack_publicize_connections":[],"yoast_head":"<!-- This site is optimized with the Yoast SEO plugin v19.1 - https:\/\/yoast.com\/wordpress\/plugins\/seo\/ -->\n<title>Rifat Stankovic - Nosilac liste Bosnjacke Stranke opstina Ulcinj - Lajme nga Ulqini<\/title>\n<meta name=\"description\" content=\"Kratka biografija Rifat Stankovic, ro\u0111en 01.04.1967. god., u Ulcinju.gdje je zavrsio osnovnu skolu. Medicinsku \u0161kolu zavr\u0161io na Cetinju ,studirao i radio\" \/>\n<meta name=\"robots\" content=\"index, follow, max-snippet:-1, max-image-preview:large, max-video-preview:-1\" \/>\n<link rel=\"canonical\" href=\"https:\/\/www.visit-ulcinj.com\/blog\/2010\/10\/03\/rifat-stankovic-nosilac-liste-bosnjacke-stranke-opstina-ulcinj\/\" \/>\n<meta property=\"og:locale\" content=\"en_US\" \/>\n<meta property=\"og:type\" content=\"article\" \/>\n<meta property=\"og:title\" content=\"Rifat Stankovic - Nosilac liste Bosnjacke Stranke opstina Ulcinj - Lajme nga Ulqini\" \/>\n<meta property=\"og:description\" content=\"Kratka biografija Rifat Stankovic, ro\u0111en 01.04.1967. god., u Ulcinju.gdje je zavrsio osnovnu skolu. Medicinsku \u0161kolu zavr\u0161io na Cetinju ,studirao i radio\" \/>\n<meta property=\"og:url\" content=\"https:\/\/www.visit-ulcinj.com\/blog\/2010\/10\/03\/rifat-stankovic-nosilac-liste-bosnjacke-stranke-opstina-ulcinj\/\" \/>\n<meta property=\"og:site_name\" content=\"Lajme nga Ulqini\" \/>\n<meta property=\"article:published_time\" content=\"2010-10-03T06:24:24+00:00\" \/>\n<meta property=\"article:modified_time\" content=\"2010-10-16T18:43:20+00:00\" \/>\n<meta property=\"og:image\" content=\"http:\/\/www.visit-ulcinj.com\/blog\/wp-content\/uploads\/2010\/10\/Rifat-Stankovic-Bosnjacka-Stranka-opstina-Ulcinj1.jpg\" \/>\n<meta name=\"twitter:label1\" content=\"Written by\" \/>\n\t<meta name=\"twitter:data1\" content=\"ulqini\" \/>\n\t<meta name=\"twitter:label2\" content=\"Est. reading time\" \/>\n\t<meta name=\"twitter:data2\" content=\"2 minutes\" \/>\n<script type=\"application\/ld+json\" class=\"yoast-schema-graph\">{\"@context\":\"https:\/\/schema.org\",\"@graph\":[{\"@type\":\"WebSite\",\"@id\":\"https:\/\/www.visit-ulcinj.com\/blog\/#website\",\"url\":\"https:\/\/www.visit-ulcinj.com\/blog\/\",\"name\":\"Lajme nga Ulqini\",\"description\":\"Lajme,Vijesti,Ulqini,Ulqin,Crna Gora,Mali i Zi\",\"potentialAction\":[{\"@type\":\"SearchAction\",\"target\":{\"@type\":\"EntryPoint\",\"urlTemplate\":\"https:\/\/www.visit-ulcinj.com\/blog\/?s={search_term_string}\"},\"query-input\":\"required name=search_term_string\"}],\"inLanguage\":\"en-US\"},{\"@type\":\"ImageObject\",\"inLanguage\":\"en-US\",\"@id\":\"https:\/\/www.visit-ulcinj.com\/blog\/2010\/10\/03\/rifat-stankovic-nosilac-liste-bosnjacke-stranke-opstina-ulcinj\/#primaryimage\",\"url\":\"https:\/\/www.visit-ulcinj.com\/blog\/wp-content\/uploads\/2010\/10\/Rifat-Stankovic-Bosnjacka-Stranka-opstina-Ulcinj1.jpg\",\"contentUrl\":\"https:\/\/www.visit-ulcinj.com\/blog\/wp-content\/uploads\/2010\/10\/Rifat-Stankovic-Bosnjacka-Stranka-opstina-Ulcinj1.jpg\",\"width\":\"490\",\"height\":\"721\"},{\"@type\":\"WebPage\",\"@id\":\"https:\/\/www.visit-ulcinj.com\/blog\/2010\/10\/03\/rifat-stankovic-nosilac-liste-bosnjacke-stranke-opstina-ulcinj\/#webpage\",\"url\":\"https:\/\/www.visit-ulcinj.com\/blog\/2010\/10\/03\/rifat-stankovic-nosilac-liste-bosnjacke-stranke-opstina-ulcinj\/\",\"name\":\"Rifat Stankovic - Nosilac liste Bosnjacke Stranke opstina Ulcinj - Lajme nga Ulqini\",\"isPartOf\":{\"@id\":\"https:\/\/www.visit-ulcinj.com\/blog\/#website\"},\"primaryImageOfPage\":{\"@id\":\"https:\/\/www.visit-ulcinj.com\/blog\/2010\/10\/03\/rifat-stankovic-nosilac-liste-bosnjacke-stranke-opstina-ulcinj\/#primaryimage\"},\"datePublished\":\"2010-10-03T06:24:24+00:00\",\"dateModified\":\"2010-10-16T18:43:20+00:00\",\"author\":{\"@id\":\"https:\/\/www.visit-ulcinj.com\/blog\/#\/schema\/person\/dcab619c614d3038751c63bc2aadc06d\"},\"description\":\"Kratka biografija Rifat Stankovic, ro\u0111en 01.04.1967. god., u Ulcinju.gdje je zavrsio osnovnu skolu. Medicinsku \u0161kolu zavr\u0161io na Cetinju ,studirao i radio\",\"breadcrumb\":{\"@id\":\"https:\/\/www.visit-ulcinj.com\/blog\/2010\/10\/03\/rifat-stankovic-nosilac-liste-bosnjacke-stranke-opstina-ulcinj\/#breadcrumb\"},\"inLanguage\":\"en-US\",\"potentialAction\":[{\"@type\":\"ReadAction\",\"target\":[\"https:\/\/www.visit-ulcinj.com\/blog\/2010\/10\/03\/rifat-stankovic-nosilac-liste-bosnjacke-stranke-opstina-ulcinj\/\"]}]},{\"@type\":\"BreadcrumbList\",\"@id\":\"https:\/\/www.visit-ulcinj.com\/blog\/2010\/10\/03\/rifat-stankovic-nosilac-liste-bosnjacke-stranke-opstina-ulcinj\/#breadcrumb\",\"itemListElement\":[{\"@type\":\"ListItem\",\"position\":1,\"name\":\"Rifat Stankovic &#8211; Nosilac liste Bosnjacke Stranke opstina Ulcinj\"}]},{\"@type\":\"Person\",\"@id\":\"https:\/\/www.visit-ulcinj.com\/blog\/#\/schema\/person\/dcab619c614d3038751c63bc2aadc06d\",\"name\":\"ulqini\",\"sameAs\":[\"http:\/\/www.visit-ulcinj.com\"],\"url\":\"https:\/\/www.visit-ulcinj.com\/blog\/author\/admin\/\"}]}<\/script>\n<!-- \/ Yoast SEO plugin. -->","yoast_head_json":{"title":"Rifat Stankovic - Nosilac liste Bosnjacke Stranke opstina Ulcinj - Lajme nga Ulqini","description":"Kratka biografija Rifat Stankovic, ro\u0111en 01.04.1967. god., u Ulcinju.gdje je zavrsio osnovnu skolu. Medicinsku \u0161kolu zavr\u0161io na Cetinju ,studirao i radio","robots":{"index":"index","follow":"follow","max-snippet":"max-snippet:-1","max-image-preview":"max-image-preview:large","max-video-preview":"max-video-preview:-1"},"canonical":"https:\/\/www.visit-ulcinj.com\/blog\/2010\/10\/03\/rifat-stankovic-nosilac-liste-bosnjacke-stranke-opstina-ulcinj\/","og_locale":"en_US","og_type":"article","og_title":"Rifat Stankovic - Nosilac liste Bosnjacke Stranke opstina Ulcinj - Lajme nga Ulqini","og_description":"Kratka biografija Rifat Stankovic, ro\u0111en 01.04.1967. god., u Ulcinju.gdje je zavrsio osnovnu skolu. Medicinsku \u0161kolu zavr\u0161io na Cetinju ,studirao i radio","og_url":"https:\/\/www.visit-ulcinj.com\/blog\/2010\/10\/03\/rifat-stankovic-nosilac-liste-bosnjacke-stranke-opstina-ulcinj\/","og_site_name":"Lajme nga Ulqini","article_published_time":"2010-10-03T06:24:24+00:00","article_modified_time":"2010-10-16T18:43:20+00:00","og_image":[{"url":"http:\/\/www.visit-ulcinj.com\/blog\/wp-content\/uploads\/2010\/10\/Rifat-Stankovic-Bosnjacka-Stranka-opstina-Ulcinj1.jpg"}],"twitter_misc":{"Written by":"ulqini","Est. reading time":"2 minutes"},"schema":{"@context":"https:\/\/schema.org","@graph":[{"@type":"WebSite","@id":"https:\/\/www.visit-ulcinj.com\/blog\/#website","url":"https:\/\/www.visit-ulcinj.com\/blog\/","name":"Lajme nga Ulqini","description":"Lajme,Vijesti,Ulqini,Ulqin,Crna Gora,Mali i Zi","potentialAction":[{"@type":"SearchAction","target":{"@type":"EntryPoint","urlTemplate":"https:\/\/www.visit-ulcinj.com\/blog\/?s={search_term_string}"},"query-input":"required name=search_term_string"}],"inLanguage":"en-US"},{"@type":"ImageObject","inLanguage":"en-US","@id":"https:\/\/www.visit-ulcinj.com\/blog\/2010\/10\/03\/rifat-stankovic-nosilac-liste-bosnjacke-stranke-opstina-ulcinj\/#primaryimage","url":"https:\/\/www.visit-ulcinj.com\/blog\/wp-content\/uploads\/2010\/10\/Rifat-Stankovic-Bosnjacka-Stranka-opstina-Ulcinj1.jpg","contentUrl":"https:\/\/www.visit-ulcinj.com\/blog\/wp-content\/uploads\/2010\/10\/Rifat-Stankovic-Bosnjacka-Stranka-opstina-Ulcinj1.jpg","width":"490","height":"721"},{"@type":"WebPage","@id":"https:\/\/www.visit-ulcinj.com\/blog\/2010\/10\/03\/rifat-stankovic-nosilac-liste-bosnjacke-stranke-opstina-ulcinj\/#webpage","url":"https:\/\/www.visit-ulcinj.com\/blog\/2010\/10\/03\/rifat-stankovic-nosilac-liste-bosnjacke-stranke-opstina-ulcinj\/","name":"Rifat Stankovic - Nosilac liste Bosnjacke Stranke opstina Ulcinj - Lajme nga Ulqini","isPartOf":{"@id":"https:\/\/www.visit-ulcinj.com\/blog\/#website"},"primaryImageOfPage":{"@id":"https:\/\/www.visit-ulcinj.com\/blog\/2010\/10\/03\/rifat-stankovic-nosilac-liste-bosnjacke-stranke-opstina-ulcinj\/#primaryimage"},"datePublished":"2010-10-03T06:24:24+00:00","dateModified":"2010-10-16T18:43:20+00:00","author":{"@id":"https:\/\/www.visit-ulcinj.com\/blog\/#\/schema\/person\/dcab619c614d3038751c63bc2aadc06d"},"description":"Kratka biografija Rifat Stankovic, ro\u0111en 01.04.1967. god., u Ulcinju.gdje je zavrsio osnovnu skolu. Medicinsku \u0161kolu zavr\u0161io na Cetinju ,studirao i radio","breadcrumb":{"@id":"https:\/\/www.visit-ulcinj.com\/blog\/2010\/10\/03\/rifat-stankovic-nosilac-liste-bosnjacke-stranke-opstina-ulcinj\/#breadcrumb"},"inLanguage":"en-US","potentialAction":[{"@type":"ReadAction","target":["https:\/\/www.visit-ulcinj.com\/blog\/2010\/10\/03\/rifat-stankovic-nosilac-liste-bosnjacke-stranke-opstina-ulcinj\/"]}]},{"@type":"BreadcrumbList","@id":"https:\/\/www.visit-ulcinj.com\/blog\/2010\/10\/03\/rifat-stankovic-nosilac-liste-bosnjacke-stranke-opstina-ulcinj\/#breadcrumb","itemListElement":[{"@type":"ListItem","position":1,"name":"Rifat Stankovic &#8211; Nosilac liste Bosnjacke Stranke opstina Ulcinj"}]},{"@type":"Person","@id":"https:\/\/www.visit-ulcinj.com\/blog\/#\/schema\/person\/dcab619c614d3038751c63bc2aadc06d","name":"ulqini","sameAs":["http:\/\/www.visit-ulcinj.com"],"url":"https:\/\/www.visit-ulcinj.com\/blog\/author\/admin\/"}]}},"jetpack_featured_media_url":"","jetpack_sharing_enabled":true,"jetpack_shortlink":"https:\/\/wp.me\/pe6lTn-9RA","_links":{"self":[{"href":"https:\/\/www.visit-ulcinj.com\/blog\/wp-json\/wp\/v2\/posts\/37918"}],"collection":[{"href":"https:\/\/www.visit-ulcinj.com\/blog\/wp-json\/wp\/v2\/posts"}],"about":[{"href":"https:\/\/www.visit-ulcinj.com\/blog\/wp-json\/wp\/v2\/types\/post"}],"author":[{"embeddable":true,"href":"https:\/\/www.visit-ulcinj.com\/blog\/wp-json\/wp\/v2\/users\/1"}],"replies":[{"embeddable":true,"href":"https:\/\/www.visit-ulcinj.com\/blog\/wp-json\/wp\/v2\/comments?post=37918"}],"version-history":[{"count":0,"href":"https:\/\/www.visit-ulcinj.com\/blog\/wp-json\/wp\/v2\/posts\/37918\/revisions"}],"wp:attachment":[{"href":"https:\/\/www.visit-ulcinj.com\/blog\/wp-json\/wp\/v2\/media?parent=37918"}],"wp:term":[{"taxonomy":"category","embeddable":true,"href":"https:\/\/www.visit-ulcinj.com\/blog\/wp-json\/wp\/v2\/categories?post=37918"},{"taxonomy":"post_tag","embeddable":true,"href":"https:\/\/www.visit-ulcinj.com\/blog\/wp-json\/wp\/v2\/tags?post=37918"}],"curies":[{"name":"wp","href":"https:\/\/api.w.org\/{rel}","templated":true}]}}