{"id":37929,"date":"2010-10-03T15:30:26","date_gmt":"2010-10-03T13:30:26","guid":{"rendered":"http:\/\/www.visit-ulcinj.com\/blog\/?p=37929"},"modified":"2010-10-03T15:30:26","modified_gmt":"2010-10-03T13:30:26","slug":"e-mollabeqiri-ne-vigjile-te-verdiktit-drejt-elektoratit","status":"publish","type":"post","link":"https:\/\/www.visit-ulcinj.com\/blog\/2010\/10\/03\/e-mollabeqiri-ne-vigjile-te-verdiktit-drejt-elektoratit\/","title":{"rendered":"E.Mollabeqiri: N\u00eb vigjile t\u00eb verdiktit-Drejt elektoratit"},"content":{"rendered":"<p><strong><a href=\"http:\/\/www.visit-ulcinj.com\/blog\/wp-content\/uploads\/2010\/10\/votimet-ne-Ulqin.jpg\"><img loading=\"lazy\" class=\"alignleft size-full wp-image-37930\" title=\"votimet ne Ulqin\" src=\"http:\/\/www.visit-ulcinj.com\/blog\/wp-content\/uploads\/2010\/10\/votimet-ne-Ulqin.jpg\" alt=\"\" width=\"490\" height=\"390\" \/><\/a>Edhe pse kjo p\u00ebr partit\u00eb\u00a0politike \u00ebsht\u00eb loj\u00eb e zakonshme\u00a0e aktivitetit t\u00eb tyre,\u00a0ata nuk duhet neglizhuar\u00a0frym\u00ebmarrjen dhe nevojat e\u00a0sovranit, pasi q\u00eb si\u00e7 tham\u00eb\u00a0ai sovran \u00ebsht\u00eb populli dhe\u00a0vet\u00ebm ai do t\u00eb dij\u00eb t\u2019i vej\u00eb\u00a0n\u00eb peshore veprimet e tyre. <\/strong><\/p>\n<p>Zgjedhjet lokale n\u00eb Ulqin po afrohen.\u00a0Protagonist\u00ebt e sken\u00ebs son\u00eb\u00a0politike, n\u00eb vigjile t\u00eb k\u00ebtyre zgjedhjeve\u00a0mundohen q\u00eb secili t\u00eb marr\u00eb\u00a0pozicionin m\u00eb t\u00eb favorsh\u00ebm me q\u00ebllim\u00a0q\u00eb profiti i tyre politik t\u00eb jet\u00eb sa\u00a0m\u00eb i mir\u00eb dhe pozitiv p\u00ebr ta.\u00a0Si aktor\u00ebt e \u201em\u00ebdhenj\u201d, e po ashtu\u00a0edhe ata t\u00eb \u201evegj\u00eblit\u201d mundohen q\u00eb\u00a0k\u00ebto pozicione t\u00eb jen\u00eb sa m\u00eb t\u00eb p\u00ebrshtatshme\u00a0p\u00ebr ta.Aty nuk ka rregulla.\u00a0Si i \u201evogli\u201d ashtu edhe i ,,madhi,,\u00a0p\u00ebrforcojn\u00eb pozitat e veta duke krijuar\u00a0premisat e pamund\u00ebsis\u00eb s\u00eb\u00a0formimit t\u00eb shumic\u00ebs s\u00eb ardhshme\u00a0kuvendore pa ta. Pra duhen llogaritur\u00a0t\u00eb gjith\u00eb dhe duhen llogaritur t\u00eb\u00a0gjith\u00eb me t\u00eb gjith\u00eb, pa marr\u00eb\u00a0parasysh fuqin\u00eb potenciale politike\u00a0n\u00eb elektorat.T\u00eb gjith\u00eb jan\u00eb t\u00eb\u00a0v\u00ebmendsh\u00ebm dhe me an\u00eb t\u00eb metodave\u00a0t\u00eb veta ,,speciale,, degjojn\u00eb\u00a0pulsin e elektoratit.\u00a0K\u00ebtu nuk duhen anashkaluar as\u00a0metodat e vjetra t\u00eb provuara t\u00eb\u00a0premtimeve,me pun\u00ebsime,investime,\u00a0e pse jo edhe me ndonj\u00eb ,,surpriz\u00eb,,\u00a0materiale, por kjo \u00ebsht\u00eb ende\u00a0n\u00eb fush\u00ebn e thashethemeve dhe nuk\u00a0\u00ebsht\u00eb e konfirmuar nga askush.\u00a0T\u00eb gjith\u00eb i drejtohen elektoratit dhe\u00a0presin nga ai. Por subjektet tona\u00a0politike nuk duhet t\u00eb harrojm\u00eb q\u00eb ky\u00a0elektorat \u00ebsht\u00eb populli dhe ai n\u00eb\u00a0k\u00ebt\u00eb rast \u00ebsht\u00eb sovrani.E sovrani si\u00a0secili sovran nganj\u00ebher\u00eb me\u00a0vendimet e veta t\u00eb sjell\u00eb g\u00ebzim t\u00eb\u00a0pap\u00ebrshkruesh\u00ebm,por di edhe t\u00eb jet\u00eb\u00a0i rrept\u00eb, i vendosur dhe t\u00eb nd\u00ebshkoj\u00eb\u00a0p\u00ebr fajet e b\u00ebra.K\u00ebto jan\u00eb t\u00eb drejtat\u00a0e sovranit dhe t\u00eb gjith\u00eb aktor\u00ebt e\u00a0sken\u00ebs politike t\u00eb Ulqinit duhet t\u00eb i\u00a0b\u00ebjn\u00eb llogarit\u00eb me k\u00ebt\u00eb mund\u00ebsi.\u00a0Deri tash nuk ka koalicione t\u00eb konfirmuara\u00a0nga partit\u00eb politike\u00a0shqiptare, edhe pse jan\u00eb b\u00ebr\u00eb\u00a0deklarata, bile edhe takime, por\u00a0asgj\u00eb nuk \u00ebsht\u00eb finalizuar me ndonj\u00eb\u00a0marr\u00ebveshje. T\u00eb gjith\u00eb presin.\u00a0Mundet edhe t\u00eb b\u00ebhet koalicioni n\u00eb\u00a0fjal\u00eb n\u00ebse pal\u00ebt e interesuara gjejn\u00eb\u00a0pik\u00eb t\u00eb p\u00ebrbashk\u00ebta dhe merren\u00a0vesh me ,, ndarjen,, e mandateve\u00a0eventuale. Por,e gjith\u00eb kjo situat\u00eb t\u00eb\u00a0b\u00ebn t\u00eb rikthehesh n\u00eb epizodet e\u00a0m\u00ebparshme kur partit\u00eb politike\u00a0shqiptare kan\u00eb dalur n\u00eb zgjedhje t\u00eb\u00a0coptuara dhe kan\u00eb humbur. Me k\u00ebto\u00a0humbje ka humbur edhe elektorati i\u00a0cili nuk ka votuar ashtu.Pra, nga\u00a0fragmentarizmi dhe coptimi i subjekteve\u00a0politike shqiptare, kan\u00eb p\u00ebrfituar\u00a0t\u00eb tjer\u00ebt dhe votat e elektoratit\u00a0shqiptar kan\u00eb shkuar n\u00eb mulli t\u00eb t\u00eb\u00a0tjer\u00ebve. Por, nuk duhet harruar se\u00a0shumica e elektoratit k\u00ebt\u00eb nuk e do\u00a0dhe k\u00ebt\u00eb duhen ta ken\u00eb parasysh\u00a0subjektet politike n\u00eb Ulqin.\u00a0Partit\u00eb politike, para se t\u00eb b\u00ebjn\u00eb\u00a0llogarit\u00eb dhe pazaret t\u00eb cilat n\u00eb\u00a0fund rregullisht dalin t\u00eb gabuara,\u00a0duhen t\u00eb i sillen popullit dhe k\u00ebrkesave\u00a0dhe preferancave t\u00eb tia.\u00a0Populli nuk \u00ebsht\u00eb vet\u00ebm ,,elektorat,,.\u00a0Ai \u00ebsht\u00eb nj\u00eb organiz\u00ebm i\u00a0gjall\u00eb i cili jeton me Ulqinin me t\u00eb\u00a0mirat dhe t\u00eb k\u00ebqiat e tia.Ai merr\u00a0frym\u00eb m\u00eb k\u00ebt\u00eb qytet dhe e di p\u00ebr\u00a0cfar\u00eb ka nevoj\u00eb ky qytet.Andaj edhe\u00a0vota e popullit apo e ,,elektoratit,,\u00a0me siguri do t\u00eb jet\u00eb n\u00eb favor t\u00eb\u00a0Ulqinit dhe t\u00eb nevojave t\u00eb tia.\u00a0Populli e don\u00eb Ulqinin dhe partit\u00eb\u00a0politike duhen ta marrin k\u00ebt\u00eb\u00a0parasysh kur t\u00eb b\u00ebjn\u00eb llogarit\u00eb e\u00a0rezultateve t\u00eb pun\u00ebs dhe t\u00eb b\u00ebmave\u00a0apo t\u00eb ,,b\u00ebmave,, th\u00ebn\u00eb ndryshe.\u00a0Edhe pse kjo p\u00ebr partit\u00eb politike\u00a0\u00ebsht\u00eb loj\u00eb e zakonshme e aktivitetit\u00a0t\u00eb tyre, ata nuk duhet neglizhuar\u00a0frym\u00ebmarrjen dhe nevojat e sovranit,\u00a0pasi q\u00eb si\u00e7 tham\u00eb ai sovran \u00ebsht\u00eb\u00a0populli dhe vet\u00ebm ai do t\u00eb dij\u00eb t\u2019i\u00a0vej\u00eb n\u00eb peshore veprimet e tyre.\u00a0Shpresojm\u00eb n\u00eb t\u00eb mir\u00eb t\u00eb t\u00eb gjith\u00eb\u00a0banor\u00ebve t\u00eb Ulqinit.<\/p>\n<p><strong>Enver Eno Mollabeqiri<br \/>\n<\/strong><strong>Koha Javore <\/strong><\/p>\n","protected":false},"excerpt":{"rendered":"<p>Edhe pse kjo p\u00ebr partit\u00eb\u00a0politike \u00ebsht\u00eb loj\u00eb e zakonshme\u00a0e aktivitetit t\u00eb tyre,\u00a0ata nuk duhet neglizhuar\u00a0frym\u00ebmarrjen dhe nevojat e\u00a0sovranit, pasi q\u00eb si\u00e7 tham\u00eb\u00a0ai sovran \u00ebsht\u00eb populli dhe\u00a0vet\u00ebm ai do t\u00eb dij\u00eb t\u2019i vej\u00eb\u00a0n\u00eb peshore veprimet e tyre. Zgjedhjet lokale n\u00eb Ulqin po afrohen.\u00a0Protagonist\u00ebt e sken\u00ebs son\u00eb\u00a0politike, n\u00eb vigjile t\u00eb k\u00ebtyre zgjedhjeve\u00a0mundohen q\u00eb secili t\u00eb marr\u00eb\u00a0pozicionin m\u00eb [&hellip;]<\/p>\n","protected":false},"author":1,"featured_media":0,"comment_status":"open","ping_status":"closed","sticky":false,"template":"","format":"standard","meta":{"spay_email":"","jetpack_publicize_message":"","jetpack_is_tweetstorm":false,"jetpack_publicize_feature_enabled":true},"categories":[14249],"tags":[15742,200,18,15743],"jetpack_publicize_connections":[],"yoast_head":"<!-- This site is optimized with the Yoast SEO plugin v19.1 - https:\/\/yoast.com\/wordpress\/plugins\/seo\/ -->\n<title>E.Mollabeqiri: N\u00eb vigjile t\u00eb verdiktit-Drejt elektoratit - Lajme nga Ulqini<\/title>\n<meta name=\"description\" content=\"Edhe pse kjo p\u00ebr partit\u00eb\u00a0politike \u00ebsht\u00eb loj\u00eb e zakonshme\u00a0e aktivitetit t\u00eb tyre,\u00a0ata nuk duhet neglizhuar\u00a0frym\u00ebmarrjen dhe nevojat e\u00a0sovranit, pasi q\u00eb si\u00e7\" \/>\n<meta name=\"robots\" content=\"index, follow, max-snippet:-1, max-image-preview:large, max-video-preview:-1\" \/>\n<link rel=\"canonical\" href=\"https:\/\/www.visit-ulcinj.com\/blog\/2010\/10\/03\/e-mollabeqiri-ne-vigjile-te-verdiktit-drejt-elektoratit\/\" \/>\n<meta property=\"og:locale\" content=\"en_US\" \/>\n<meta property=\"og:type\" content=\"article\" \/>\n<meta property=\"og:title\" content=\"E.Mollabeqiri: N\u00eb vigjile t\u00eb verdiktit-Drejt elektoratit - Lajme nga Ulqini\" \/>\n<meta property=\"og:description\" content=\"Edhe pse kjo p\u00ebr partit\u00eb\u00a0politike \u00ebsht\u00eb loj\u00eb e zakonshme\u00a0e aktivitetit t\u00eb tyre,\u00a0ata nuk duhet neglizhuar\u00a0frym\u00ebmarrjen dhe nevojat e\u00a0sovranit, pasi q\u00eb si\u00e7\" \/>\n<meta property=\"og:url\" content=\"https:\/\/www.visit-ulcinj.com\/blog\/2010\/10\/03\/e-mollabeqiri-ne-vigjile-te-verdiktit-drejt-elektoratit\/\" \/>\n<meta property=\"og:site_name\" content=\"Lajme nga Ulqini\" \/>\n<meta property=\"article:published_time\" content=\"2010-10-03T13:30:26+00:00\" \/>\n<meta property=\"og:image\" content=\"http:\/\/www.visit-ulcinj.com\/blog\/wp-content\/uploads\/2010\/10\/votimet-ne-Ulqin.jpg\" \/>\n<meta name=\"twitter:label1\" content=\"Written by\" \/>\n\t<meta name=\"twitter:data1\" content=\"ulqini\" \/>\n\t<meta name=\"twitter:label2\" content=\"Est. reading time\" \/>\n\t<meta name=\"twitter:data2\" content=\"3 minutes\" \/>\n<script type=\"application\/ld+json\" class=\"yoast-schema-graph\">{\"@context\":\"https:\/\/schema.org\",\"@graph\":[{\"@type\":\"WebSite\",\"@id\":\"https:\/\/www.visit-ulcinj.com\/blog\/#website\",\"url\":\"https:\/\/www.visit-ulcinj.com\/blog\/\",\"name\":\"Lajme nga Ulqini\",\"description\":\"Lajme,Vijesti,Ulqini,Ulqin,Crna Gora,Mali i Zi\",\"potentialAction\":[{\"@type\":\"SearchAction\",\"target\":{\"@type\":\"EntryPoint\",\"urlTemplate\":\"https:\/\/www.visit-ulcinj.com\/blog\/?s={search_term_string}\"},\"query-input\":\"required name=search_term_string\"}],\"inLanguage\":\"en-US\"},{\"@type\":\"ImageObject\",\"inLanguage\":\"en-US\",\"@id\":\"https:\/\/www.visit-ulcinj.com\/blog\/2010\/10\/03\/e-mollabeqiri-ne-vigjile-te-verdiktit-drejt-elektoratit\/#primaryimage\",\"url\":\"https:\/\/www.visit-ulcinj.com\/blog\/wp-content\/uploads\/2010\/10\/votimet-ne-Ulqin.jpg\",\"contentUrl\":\"https:\/\/www.visit-ulcinj.com\/blog\/wp-content\/uploads\/2010\/10\/votimet-ne-Ulqin.jpg\",\"width\":\"1024\",\"height\":\"555\"},{\"@type\":\"WebPage\",\"@id\":\"https:\/\/www.visit-ulcinj.com\/blog\/2010\/10\/03\/e-mollabeqiri-ne-vigjile-te-verdiktit-drejt-elektoratit\/#webpage\",\"url\":\"https:\/\/www.visit-ulcinj.com\/blog\/2010\/10\/03\/e-mollabeqiri-ne-vigjile-te-verdiktit-drejt-elektoratit\/\",\"name\":\"E.Mollabeqiri: N\u00eb vigjile t\u00eb verdiktit-Drejt elektoratit - Lajme nga Ulqini\",\"isPartOf\":{\"@id\":\"https:\/\/www.visit-ulcinj.com\/blog\/#website\"},\"primaryImageOfPage\":{\"@id\":\"https:\/\/www.visit-ulcinj.com\/blog\/2010\/10\/03\/e-mollabeqiri-ne-vigjile-te-verdiktit-drejt-elektoratit\/#primaryimage\"},\"datePublished\":\"2010-10-03T13:30:26+00:00\",\"dateModified\":\"2010-10-03T13:30:26+00:00\",\"author\":{\"@id\":\"https:\/\/www.visit-ulcinj.com\/blog\/#\/schema\/person\/dcab619c614d3038751c63bc2aadc06d\"},\"description\":\"Edhe pse kjo p\u00ebr partit\u00eb\u00a0politike \u00ebsht\u00eb loj\u00eb e zakonshme\u00a0e aktivitetit t\u00eb tyre,\u00a0ata nuk duhet neglizhuar\u00a0frym\u00ebmarrjen dhe nevojat e\u00a0sovranit, pasi q\u00eb si\u00e7\",\"breadcrumb\":{\"@id\":\"https:\/\/www.visit-ulcinj.com\/blog\/2010\/10\/03\/e-mollabeqiri-ne-vigjile-te-verdiktit-drejt-elektoratit\/#breadcrumb\"},\"inLanguage\":\"en-US\",\"potentialAction\":[{\"@type\":\"ReadAction\",\"target\":[\"https:\/\/www.visit-ulcinj.com\/blog\/2010\/10\/03\/e-mollabeqiri-ne-vigjile-te-verdiktit-drejt-elektoratit\/\"]}]},{\"@type\":\"BreadcrumbList\",\"@id\":\"https:\/\/www.visit-ulcinj.com\/blog\/2010\/10\/03\/e-mollabeqiri-ne-vigjile-te-verdiktit-drejt-elektoratit\/#breadcrumb\",\"itemListElement\":[{\"@type\":\"ListItem\",\"position\":1,\"name\":\"E.Mollabeqiri: N\u00eb vigjile t\u00eb verdiktit-Drejt elektoratit\"}]},{\"@type\":\"Person\",\"@id\":\"https:\/\/www.visit-ulcinj.com\/blog\/#\/schema\/person\/dcab619c614d3038751c63bc2aadc06d\",\"name\":\"ulqini\",\"sameAs\":[\"http:\/\/www.visit-ulcinj.com\"],\"url\":\"https:\/\/www.visit-ulcinj.com\/blog\/author\/admin\/\"}]}<\/script>\n<!-- \/ Yoast SEO plugin. -->","yoast_head_json":{"title":"E.Mollabeqiri: N\u00eb vigjile t\u00eb verdiktit-Drejt elektoratit - Lajme nga Ulqini","description":"Edhe pse kjo p\u00ebr partit\u00eb\u00a0politike \u00ebsht\u00eb loj\u00eb e zakonshme\u00a0e aktivitetit t\u00eb tyre,\u00a0ata nuk duhet neglizhuar\u00a0frym\u00ebmarrjen dhe nevojat e\u00a0sovranit, pasi q\u00eb si\u00e7","robots":{"index":"index","follow":"follow","max-snippet":"max-snippet:-1","max-image-preview":"max-image-preview:large","max-video-preview":"max-video-preview:-1"},"canonical":"https:\/\/www.visit-ulcinj.com\/blog\/2010\/10\/03\/e-mollabeqiri-ne-vigjile-te-verdiktit-drejt-elektoratit\/","og_locale":"en_US","og_type":"article","og_title":"E.Mollabeqiri: N\u00eb vigjile t\u00eb verdiktit-Drejt elektoratit - Lajme nga Ulqini","og_description":"Edhe pse kjo p\u00ebr partit\u00eb\u00a0politike \u00ebsht\u00eb loj\u00eb e zakonshme\u00a0e aktivitetit t\u00eb tyre,\u00a0ata nuk duhet neglizhuar\u00a0frym\u00ebmarrjen dhe nevojat e\u00a0sovranit, pasi q\u00eb si\u00e7","og_url":"https:\/\/www.visit-ulcinj.com\/blog\/2010\/10\/03\/e-mollabeqiri-ne-vigjile-te-verdiktit-drejt-elektoratit\/","og_site_name":"Lajme nga Ulqini","article_published_time":"2010-10-03T13:30:26+00:00","og_image":[{"url":"http:\/\/www.visit-ulcinj.com\/blog\/wp-content\/uploads\/2010\/10\/votimet-ne-Ulqin.jpg"}],"twitter_misc":{"Written by":"ulqini","Est. reading time":"3 minutes"},"schema":{"@context":"https:\/\/schema.org","@graph":[{"@type":"WebSite","@id":"https:\/\/www.visit-ulcinj.com\/blog\/#website","url":"https:\/\/www.visit-ulcinj.com\/blog\/","name":"Lajme nga Ulqini","description":"Lajme,Vijesti,Ulqini,Ulqin,Crna Gora,Mali i Zi","potentialAction":[{"@type":"SearchAction","target":{"@type":"EntryPoint","urlTemplate":"https:\/\/www.visit-ulcinj.com\/blog\/?s={search_term_string}"},"query-input":"required name=search_term_string"}],"inLanguage":"en-US"},{"@type":"ImageObject","inLanguage":"en-US","@id":"https:\/\/www.visit-ulcinj.com\/blog\/2010\/10\/03\/e-mollabeqiri-ne-vigjile-te-verdiktit-drejt-elektoratit\/#primaryimage","url":"https:\/\/www.visit-ulcinj.com\/blog\/wp-content\/uploads\/2010\/10\/votimet-ne-Ulqin.jpg","contentUrl":"https:\/\/www.visit-ulcinj.com\/blog\/wp-content\/uploads\/2010\/10\/votimet-ne-Ulqin.jpg","width":"1024","height":"555"},{"@type":"WebPage","@id":"https:\/\/www.visit-ulcinj.com\/blog\/2010\/10\/03\/e-mollabeqiri-ne-vigjile-te-verdiktit-drejt-elektoratit\/#webpage","url":"https:\/\/www.visit-ulcinj.com\/blog\/2010\/10\/03\/e-mollabeqiri-ne-vigjile-te-verdiktit-drejt-elektoratit\/","name":"E.Mollabeqiri: N\u00eb vigjile t\u00eb verdiktit-Drejt elektoratit - Lajme nga Ulqini","isPartOf":{"@id":"https:\/\/www.visit-ulcinj.com\/blog\/#website"},"primaryImageOfPage":{"@id":"https:\/\/www.visit-ulcinj.com\/blog\/2010\/10\/03\/e-mollabeqiri-ne-vigjile-te-verdiktit-drejt-elektoratit\/#primaryimage"},"datePublished":"2010-10-03T13:30:26+00:00","dateModified":"2010-10-03T13:30:26+00:00","author":{"@id":"https:\/\/www.visit-ulcinj.com\/blog\/#\/schema\/person\/dcab619c614d3038751c63bc2aadc06d"},"description":"Edhe pse kjo p\u00ebr partit\u00eb\u00a0politike \u00ebsht\u00eb loj\u00eb e zakonshme\u00a0e aktivitetit t\u00eb tyre,\u00a0ata nuk duhet neglizhuar\u00a0frym\u00ebmarrjen dhe nevojat e\u00a0sovranit, pasi q\u00eb si\u00e7","breadcrumb":{"@id":"https:\/\/www.visit-ulcinj.com\/blog\/2010\/10\/03\/e-mollabeqiri-ne-vigjile-te-verdiktit-drejt-elektoratit\/#breadcrumb"},"inLanguage":"en-US","potentialAction":[{"@type":"ReadAction","target":["https:\/\/www.visit-ulcinj.com\/blog\/2010\/10\/03\/e-mollabeqiri-ne-vigjile-te-verdiktit-drejt-elektoratit\/"]}]},{"@type":"BreadcrumbList","@id":"https:\/\/www.visit-ulcinj.com\/blog\/2010\/10\/03\/e-mollabeqiri-ne-vigjile-te-verdiktit-drejt-elektoratit\/#breadcrumb","itemListElement":[{"@type":"ListItem","position":1,"name":"E.Mollabeqiri: N\u00eb vigjile t\u00eb verdiktit-Drejt elektoratit"}]},{"@type":"Person","@id":"https:\/\/www.visit-ulcinj.com\/blog\/#\/schema\/person\/dcab619c614d3038751c63bc2aadc06d","name":"ulqini","sameAs":["http:\/\/www.visit-ulcinj.com"],"url":"https:\/\/www.visit-ulcinj.com\/blog\/author\/admin\/"}]}},"jetpack_featured_media_url":"","jetpack_sharing_enabled":true,"jetpack_shortlink":"https:\/\/wp.me\/pe6lTn-9RL","_links":{"self":[{"href":"https:\/\/www.visit-ulcinj.com\/blog\/wp-json\/wp\/v2\/posts\/37929"}],"collection":[{"href":"https:\/\/www.visit-ulcinj.com\/blog\/wp-json\/wp\/v2\/posts"}],"about":[{"href":"https:\/\/www.visit-ulcinj.com\/blog\/wp-json\/wp\/v2\/types\/post"}],"author":[{"embeddable":true,"href":"https:\/\/www.visit-ulcinj.com\/blog\/wp-json\/wp\/v2\/users\/1"}],"replies":[{"embeddable":true,"href":"https:\/\/www.visit-ulcinj.com\/blog\/wp-json\/wp\/v2\/comments?post=37929"}],"version-history":[{"count":0,"href":"https:\/\/www.visit-ulcinj.com\/blog\/wp-json\/wp\/v2\/posts\/37929\/revisions"}],"wp:attachment":[{"href":"https:\/\/www.visit-ulcinj.com\/blog\/wp-json\/wp\/v2\/media?parent=37929"}],"wp:term":[{"taxonomy":"category","embeddable":true,"href":"https:\/\/www.visit-ulcinj.com\/blog\/wp-json\/wp\/v2\/categories?post=37929"},{"taxonomy":"post_tag","embeddable":true,"href":"https:\/\/www.visit-ulcinj.com\/blog\/wp-json\/wp\/v2\/tags?post=37929"}],"curies":[{"name":"wp","href":"https:\/\/api.w.org\/{rel}","templated":true}]}}