{"id":37933,"date":"2010-10-03T15:53:37","date_gmt":"2010-10-03T13:53:37","guid":{"rendered":"http:\/\/www.visit-ulcinj.com\/blog\/?p=37933"},"modified":"2010-10-05T18:32:06","modified_gmt":"2010-10-05T16:32:06","slug":"emira-hajdar-hapi-ekspoziten-individuale-ne-galerine-%e2%80%9cart%e2%80%9dulqin","status":"publish","type":"post","link":"https:\/\/www.visit-ulcinj.com\/blog\/2010\/10\/03\/emira-hajdar-hapi-ekspoziten-individuale-ne-galerine-%e2%80%9cart%e2%80%9dulqin\/","title":{"rendered":"Emira Hajdar, hapi ekspozit\u00ebn individuale n\u00eb Galerin\u00eb \u201cArt\u201dUlqin"},"content":{"rendered":"<p><strong><a href=\"http:\/\/www.visit-ulcinj.com\/blog\/wp-content\/uploads\/2010\/10\/Mileva-NikolaidisEmira-HajdarMehmet-Aloja.jpg\"><img loading=\"lazy\" class=\"alignleft size-full wp-image-37934\" title=\"Mileva Nikolaidis,Emira Hajdar,Mehmet Aloja\" src=\"http:\/\/www.visit-ulcinj.com\/blog\/wp-content\/uploads\/2010\/10\/Mileva-NikolaidisEmira-HajdarMehmet-Aloja.jpg\" alt=\"\" width=\"490\" height=\"318\" \/><\/a>Piktorja nga Bosnja dhe Hercegovina,Emira Hajdar hapi ekspozit\u00ebn n\u00eb galerin\u00eb \u201cArt\u201d t\u00eb Qendr\u00ebs s\u00eb\u00a0Kultur\u00ebs n\u00eb Ulqin<\/strong><br \/>\nN\u00eb krijimtarin\u00eb e piktores Hajdar dominojn\u00eb\u00a0ngjyra e kuqe, e kalt\u00ebr dhe e verdh\u00eb. Baz\u00ebn e krijimtaris\u00eb\u00a0s\u00eb saj ajo e gjen duke u mb\u00ebshtetur n\u00eb\u00a0krijimtarin\u00eb tradicionale boshnjake. Vet\u00eb piktorja\u00a0Hajdar tha se duke p\u00ebrpunuar simbolizmin tradicional\u00a0n\u00eb t\u00eb shprehurin bashk\u00ebkohor artistik,\u00a0p\u00ebrpiqet t\u00eb zgjoj\u00eb njeriun nga jeta konsumatore\u00a0dhe ta kthej\u00eb at\u00eb te jeta shpirt\u00ebrore.<br \/>\nPiktorja nga Bosnja e Hercegovina, Emira Hajdar, hapi te\u00a0shtunen ekspoziten e saj individuale ne Galerine \u201cArt\u201d te\u00a0Qendres se Kultures ne Ulqin.\u00a0Per biografine dhe krijimtarine e piktores folen kryetari i\u00a0Shoqates se Artisteve Figurative te Ulqinit, piktori Mehmet\u00a0Aloja, dhe udheheqesja e Muzeut te Ulqinit, Mileva Nikolaidis.\u00a0Te dy ata e vleresuan kete ekspozite si nje hap te pare te vendosjes\u00a0se bashkepunimit ndermjet piktoreve te Bosnje e\u00a0Hercegovines dhe atyre te Ulqinit.\u00a0Ne krijimtarine e piktores Hajdar dominojne ngjyra e kuqe, e\u00a0kalter dhe e verdhe. Bazen e krijimtarise se saj ajo e gjen duke\u00a0u mbeshtetur ne krijimtarine tradicionale boshnjake.\u00a0Vete piktorja Hajdar tha se duke perpunuar simbolizmin tradicional\u00a0ne te shprehurin bashkekohor artistik, perpiqet te zgjoje\u00a0njeriun nga jeta konsumatore dhe ta ktheje ate te jeta\u00a0shpirterore.\u00a0Piktorja Emira Hajdar u lind ne Foce ne vitin 1971. Ka diplomuar\u00a0ne Akademine e Arteve Figurative ne Sarajeve ne vitin\u00a02002, kurse studimet pasdiplomike i ka mbaruar ne vitin 2007,\u00a0ne degen e mesuesise, ne klasen e prof. Radosllav Tadiq.\u00a0Fusha me e rendesishme ne te cilen ka hulumtuar eshte tradita\u00a0kulturore boshnjake.\u00a0Ajo ekspozon qe nga viti 1990, ne menyre individuale dhe\u00a0kolektive, dhe ka marre pjese ne shume simpoziume, festivale\u00a0ne vend dhe jashte.\u00a0Eshte anetare e Shoqates se Artisteve Figurative \u201cGrupi \u201869\u201d\u00a0Zagreb. Posacerisht shquhet per punen e saj pedagogjike me te\u00a0rinj per c\u2019gje ka fituar nje sere mirenjohjesh dhe shperblimesh.\u00a0Jeton dhe punon ne Sarajeve.<\/p>\n<p><strong>i.k.<br \/>\nKoha Javore<br \/>\n\n\t\t<style type=\"text\/css\">\n\t\t\t#gallery-1 {\n\t\t\t\tmargin: auto;\n\t\t\t}\n\t\t\t#gallery-1 .gallery-item {\n\t\t\t\tfloat: left;\n\t\t\t\tmargin-top: 10px;\n\t\t\t\ttext-align: center;\n\t\t\t\twidth: 33%;\n\t\t\t}\n\t\t\t#gallery-1 img {\n\t\t\t\tborder: 2px solid #cfcfcf;\n\t\t\t}\n\t\t\t#gallery-1 .gallery-caption {\n\t\t\t\tmargin-left: 0;\n\t\t\t}\n\t\t\t\/* see gallery_shortcode() in wp-includes\/media.php *\/\n\t\t<\/style>\n\t\t<div id='gallery-1' class='gallery galleryid-37933 gallery-columns-3 gallery-size-thumbnail'><dl class='gallery-item'>\n\t\t\t<dt class='gallery-icon landscape'>\n\t\t\t\t<a href='https:\/\/www.visit-ulcinj.com\/blog\/wp-content\/uploads\/2010\/10\/Mileva-NikolaidisEmira-HajdarMehmet-Aloja.jpg'><img width=\"150\" height=\"150\" src=\"https:\/\/www.visit-ulcinj.com\/blog\/wp-content\/uploads\/2010\/10\/Mileva-NikolaidisEmira-HajdarMehmet-Aloja-150x150.jpg\" class=\"attachment-thumbnail size-thumbnail\" alt=\"\" loading=\"lazy\" \/><\/a>\n\t\t\t<\/dt><\/dl><dl class='gallery-item'>\n\t\t\t<dt class='gallery-icon landscape'>\n\t\t\t\t<a href='https:\/\/www.visit-ulcinj.com\/blog\/wp-content\/uploads\/2010\/10\/Piktorja-Emira-Hajdar.2.jpg'><img width=\"150\" height=\"150\" src=\"https:\/\/www.visit-ulcinj.com\/blog\/wp-content\/uploads\/2010\/10\/Piktorja-Emira-Hajdar.2-150x150.jpg\" class=\"attachment-thumbnail size-thumbnail\" alt=\"\" loading=\"lazy\" \/><\/a>\n\t\t\t<\/dt><\/dl><dl class='gallery-item'>\n\t\t\t<dt class='gallery-icon portrait'>\n\t\t\t\t<a href='https:\/\/www.visit-ulcinj.com\/blog\/wp-content\/uploads\/2010\/10\/Piktorja-Emira-Hajdar..jpg'><img width=\"150\" height=\"150\" src=\"https:\/\/www.visit-ulcinj.com\/blog\/wp-content\/uploads\/2010\/10\/Piktorja-Emira-Hajdar.-150x150.jpg\" class=\"attachment-thumbnail size-thumbnail\" alt=\"\" loading=\"lazy\" \/><\/a>\n\t\t\t<\/dt><\/dl><br style=\"clear: both\" \/>\n\t\t<\/div>\n<br \/>\n<\/strong><!--YouTube Error: bad URL entered--><\/p>\n","protected":false},"excerpt":{"rendered":"<p>Piktorja nga Bosnja dhe Hercegovina,Emira Hajdar hapi ekspozit\u00ebn n\u00eb galerin\u00eb \u201cArt\u201d t\u00eb Qendr\u00ebs s\u00eb\u00a0Kultur\u00ebs n\u00eb Ulqin N\u00eb krijimtarin\u00eb e piktores Hajdar dominojn\u00eb\u00a0ngjyra e kuqe, e kalt\u00ebr dhe e verdh\u00eb. Baz\u00ebn e krijimtaris\u00eb\u00a0s\u00eb saj ajo e gjen duke u mb\u00ebshtetur n\u00eb\u00a0krijimtarin\u00eb tradicionale boshnjake. Vet\u00eb piktorja\u00a0Hajdar tha se duke p\u00ebrpunuar simbolizmin tradicional\u00a0n\u00eb t\u00eb shprehurin bashk\u00ebkohor artistik,\u00a0p\u00ebrpiqet t\u00eb [&hellip;]<\/p>\n","protected":false},"author":1,"featured_media":0,"comment_status":"open","ping_status":"closed","sticky":false,"template":"","format":"standard","meta":{"spay_email":"","jetpack_publicize_message":"","jetpack_is_tweetstorm":false,"jetpack_publicize_feature_enabled":true},"categories":[4],"tags":[15744,152,883,15745,15277],"jetpack_publicize_connections":[],"yoast_head":"<!-- This site is optimized with the Yoast SEO plugin v19.1 - https:\/\/yoast.com\/wordpress\/plugins\/seo\/ -->\n<title>Emira Hajdar, hapi ekspozit\u00ebn individuale n\u00eb Galerin\u00eb \u201cArt\u201dUlqin - Lajme nga Ulqini<\/title>\n<meta name=\"description\" content=\"Piktorja nga Bosnja dhe Hercegovina,Emira Hajdar hapi ekspozit\u00ebn n\u00eb galerin\u00eb \u201cArt\u201d t\u00eb Qendr\u00ebs s\u00eb\u00a0Kultur\u00ebs n\u00eb Ulqin N\u00eb krijimtarin\u00eb e piktores Hajdar\" \/>\n<meta name=\"robots\" content=\"index, follow, max-snippet:-1, max-image-preview:large, max-video-preview:-1\" \/>\n<link rel=\"canonical\" href=\"https:\/\/www.visit-ulcinj.com\/blog\/2010\/10\/03\/emira-hajdar-hapi-ekspoziten-individuale-ne-galerine-\u201cart\u201dulqin\/\" \/>\n<meta property=\"og:locale\" content=\"en_US\" \/>\n<meta property=\"og:type\" content=\"article\" \/>\n<meta property=\"og:title\" content=\"Emira Hajdar, hapi ekspozit\u00ebn individuale n\u00eb Galerin\u00eb \u201cArt\u201dUlqin - Lajme nga Ulqini\" \/>\n<meta property=\"og:description\" content=\"Piktorja nga Bosnja dhe Hercegovina,Emira Hajdar hapi ekspozit\u00ebn n\u00eb galerin\u00eb \u201cArt\u201d t\u00eb Qendr\u00ebs s\u00eb\u00a0Kultur\u00ebs n\u00eb Ulqin N\u00eb krijimtarin\u00eb e piktores Hajdar\" \/>\n<meta property=\"og:url\" content=\"https:\/\/www.visit-ulcinj.com\/blog\/2010\/10\/03\/emira-hajdar-hapi-ekspoziten-individuale-ne-galerine-\u201cart\u201dulqin\/\" \/>\n<meta property=\"og:site_name\" content=\"Lajme nga Ulqini\" \/>\n<meta property=\"article:published_time\" content=\"2010-10-03T13:53:37+00:00\" \/>\n<meta property=\"article:modified_time\" content=\"2010-10-05T16:32:06+00:00\" \/>\n<meta property=\"og:image\" content=\"https:\/\/www.visit-ulcinj.com\/blog\/wp-content\/uploads\/2010\/10\/Mileva-NikolaidisEmira-HajdarMehmet-Aloja-150x150.jpg\" \/>\n<meta name=\"twitter:label1\" content=\"Written by\" \/>\n\t<meta name=\"twitter:data1\" content=\"ulqini\" \/>\n\t<meta name=\"twitter:label2\" content=\"Est. reading time\" \/>\n\t<meta name=\"twitter:data2\" content=\"2 minutes\" \/>\n<script type=\"application\/ld+json\" class=\"yoast-schema-graph\">{\"@context\":\"https:\/\/schema.org\",\"@graph\":[{\"@type\":\"WebSite\",\"@id\":\"https:\/\/www.visit-ulcinj.com\/blog\/#website\",\"url\":\"https:\/\/www.visit-ulcinj.com\/blog\/\",\"name\":\"Lajme nga Ulqini\",\"description\":\"Lajme,Vijesti,Ulqini,Ulqin,Crna Gora,Mali i Zi\",\"potentialAction\":[{\"@type\":\"SearchAction\",\"target\":{\"@type\":\"EntryPoint\",\"urlTemplate\":\"https:\/\/www.visit-ulcinj.com\/blog\/?s={search_term_string}\"},\"query-input\":\"required name=search_term_string\"}],\"inLanguage\":\"en-US\"},{\"@type\":\"ImageObject\",\"inLanguage\":\"en-US\",\"@id\":\"https:\/\/www.visit-ulcinj.com\/blog\/2010\/10\/03\/emira-hajdar-hapi-ekspoziten-individuale-ne-galerine-%e2%80%9cart%e2%80%9dulqin\/#primaryimage\",\"url\":\"https:\/\/www.visit-ulcinj.com\/blog\/wp-content\/uploads\/2010\/10\/Mileva-NikolaidisEmira-HajdarMehmet-Aloja.jpg\",\"contentUrl\":\"https:\/\/www.visit-ulcinj.com\/blog\/wp-content\/uploads\/2010\/10\/Mileva-NikolaidisEmira-HajdarMehmet-Aloja.jpg\",\"width\":\"702\",\"height\":\"318\"},{\"@type\":\"WebPage\",\"@id\":\"https:\/\/www.visit-ulcinj.com\/blog\/2010\/10\/03\/emira-hajdar-hapi-ekspoziten-individuale-ne-galerine-%e2%80%9cart%e2%80%9dulqin\/#webpage\",\"url\":\"https:\/\/www.visit-ulcinj.com\/blog\/2010\/10\/03\/emira-hajdar-hapi-ekspoziten-individuale-ne-galerine-%e2%80%9cart%e2%80%9dulqin\/\",\"name\":\"Emira Hajdar, hapi ekspozit\u00ebn individuale n\u00eb Galerin\u00eb \u201cArt\u201dUlqin - Lajme nga Ulqini\",\"isPartOf\":{\"@id\":\"https:\/\/www.visit-ulcinj.com\/blog\/#website\"},\"primaryImageOfPage\":{\"@id\":\"https:\/\/www.visit-ulcinj.com\/blog\/2010\/10\/03\/emira-hajdar-hapi-ekspoziten-individuale-ne-galerine-%e2%80%9cart%e2%80%9dulqin\/#primaryimage\"},\"datePublished\":\"2010-10-03T13:53:37+00:00\",\"dateModified\":\"2010-10-05T16:32:06+00:00\",\"author\":{\"@id\":\"https:\/\/www.visit-ulcinj.com\/blog\/#\/schema\/person\/dcab619c614d3038751c63bc2aadc06d\"},\"description\":\"Piktorja nga Bosnja dhe Hercegovina,Emira Hajdar hapi ekspozit\u00ebn n\u00eb galerin\u00eb \u201cArt\u201d t\u00eb Qendr\u00ebs s\u00eb\u00a0Kultur\u00ebs n\u00eb Ulqin N\u00eb krijimtarin\u00eb e piktores Hajdar\",\"breadcrumb\":{\"@id\":\"https:\/\/www.visit-ulcinj.com\/blog\/2010\/10\/03\/emira-hajdar-hapi-ekspoziten-individuale-ne-galerine-%e2%80%9cart%e2%80%9dulqin\/#breadcrumb\"},\"inLanguage\":\"en-US\",\"potentialAction\":[{\"@type\":\"ReadAction\",\"target\":[\"https:\/\/www.visit-ulcinj.com\/blog\/2010\/10\/03\/emira-hajdar-hapi-ekspoziten-individuale-ne-galerine-%e2%80%9cart%e2%80%9dulqin\/\"]}]},{\"@type\":\"BreadcrumbList\",\"@id\":\"https:\/\/www.visit-ulcinj.com\/blog\/2010\/10\/03\/emira-hajdar-hapi-ekspoziten-individuale-ne-galerine-%e2%80%9cart%e2%80%9dulqin\/#breadcrumb\",\"itemListElement\":[{\"@type\":\"ListItem\",\"position\":1,\"name\":\"Emira Hajdar, hapi ekspozit\u00ebn individuale n\u00eb Galerin\u00eb \u201cArt\u201dUlqin\"}]},{\"@type\":\"Person\",\"@id\":\"https:\/\/www.visit-ulcinj.com\/blog\/#\/schema\/person\/dcab619c614d3038751c63bc2aadc06d\",\"name\":\"ulqini\",\"sameAs\":[\"http:\/\/www.visit-ulcinj.com\"],\"url\":\"https:\/\/www.visit-ulcinj.com\/blog\/author\/admin\/\"}]}<\/script>\n<!-- \/ Yoast SEO plugin. -->","yoast_head_json":{"title":"Emira Hajdar, hapi ekspozit\u00ebn individuale n\u00eb Galerin\u00eb \u201cArt\u201dUlqin - Lajme nga Ulqini","description":"Piktorja nga Bosnja dhe Hercegovina,Emira Hajdar hapi ekspozit\u00ebn n\u00eb galerin\u00eb \u201cArt\u201d t\u00eb Qendr\u00ebs s\u00eb\u00a0Kultur\u00ebs n\u00eb Ulqin N\u00eb krijimtarin\u00eb e piktores Hajdar","robots":{"index":"index","follow":"follow","max-snippet":"max-snippet:-1","max-image-preview":"max-image-preview:large","max-video-preview":"max-video-preview:-1"},"canonical":"https:\/\/www.visit-ulcinj.com\/blog\/2010\/10\/03\/emira-hajdar-hapi-ekspoziten-individuale-ne-galerine-\u201cart\u201dulqin\/","og_locale":"en_US","og_type":"article","og_title":"Emira Hajdar, hapi ekspozit\u00ebn individuale n\u00eb Galerin\u00eb \u201cArt\u201dUlqin - Lajme nga Ulqini","og_description":"Piktorja nga Bosnja dhe Hercegovina,Emira Hajdar hapi ekspozit\u00ebn n\u00eb galerin\u00eb \u201cArt\u201d t\u00eb Qendr\u00ebs s\u00eb\u00a0Kultur\u00ebs n\u00eb Ulqin N\u00eb krijimtarin\u00eb e piktores Hajdar","og_url":"https:\/\/www.visit-ulcinj.com\/blog\/2010\/10\/03\/emira-hajdar-hapi-ekspoziten-individuale-ne-galerine-\u201cart\u201dulqin\/","og_site_name":"Lajme nga Ulqini","article_published_time":"2010-10-03T13:53:37+00:00","article_modified_time":"2010-10-05T16:32:06+00:00","og_image":[{"url":"https:\/\/www.visit-ulcinj.com\/blog\/wp-content\/uploads\/2010\/10\/Mileva-NikolaidisEmira-HajdarMehmet-Aloja-150x150.jpg"}],"twitter_misc":{"Written by":"ulqini","Est. reading time":"2 minutes"},"schema":{"@context":"https:\/\/schema.org","@graph":[{"@type":"WebSite","@id":"https:\/\/www.visit-ulcinj.com\/blog\/#website","url":"https:\/\/www.visit-ulcinj.com\/blog\/","name":"Lajme nga Ulqini","description":"Lajme,Vijesti,Ulqini,Ulqin,Crna Gora,Mali i Zi","potentialAction":[{"@type":"SearchAction","target":{"@type":"EntryPoint","urlTemplate":"https:\/\/www.visit-ulcinj.com\/blog\/?s={search_term_string}"},"query-input":"required name=search_term_string"}],"inLanguage":"en-US"},{"@type":"ImageObject","inLanguage":"en-US","@id":"https:\/\/www.visit-ulcinj.com\/blog\/2010\/10\/03\/emira-hajdar-hapi-ekspoziten-individuale-ne-galerine-%e2%80%9cart%e2%80%9dulqin\/#primaryimage","url":"https:\/\/www.visit-ulcinj.com\/blog\/wp-content\/uploads\/2010\/10\/Mileva-NikolaidisEmira-HajdarMehmet-Aloja.jpg","contentUrl":"https:\/\/www.visit-ulcinj.com\/blog\/wp-content\/uploads\/2010\/10\/Mileva-NikolaidisEmira-HajdarMehmet-Aloja.jpg","width":"702","height":"318"},{"@type":"WebPage","@id":"https:\/\/www.visit-ulcinj.com\/blog\/2010\/10\/03\/emira-hajdar-hapi-ekspoziten-individuale-ne-galerine-%e2%80%9cart%e2%80%9dulqin\/#webpage","url":"https:\/\/www.visit-ulcinj.com\/blog\/2010\/10\/03\/emira-hajdar-hapi-ekspoziten-individuale-ne-galerine-%e2%80%9cart%e2%80%9dulqin\/","name":"Emira Hajdar, hapi ekspozit\u00ebn individuale n\u00eb Galerin\u00eb \u201cArt\u201dUlqin - Lajme nga Ulqini","isPartOf":{"@id":"https:\/\/www.visit-ulcinj.com\/blog\/#website"},"primaryImageOfPage":{"@id":"https:\/\/www.visit-ulcinj.com\/blog\/2010\/10\/03\/emira-hajdar-hapi-ekspoziten-individuale-ne-galerine-%e2%80%9cart%e2%80%9dulqin\/#primaryimage"},"datePublished":"2010-10-03T13:53:37+00:00","dateModified":"2010-10-05T16:32:06+00:00","author":{"@id":"https:\/\/www.visit-ulcinj.com\/blog\/#\/schema\/person\/dcab619c614d3038751c63bc2aadc06d"},"description":"Piktorja nga Bosnja dhe Hercegovina,Emira Hajdar hapi ekspozit\u00ebn n\u00eb galerin\u00eb \u201cArt\u201d t\u00eb Qendr\u00ebs s\u00eb\u00a0Kultur\u00ebs n\u00eb Ulqin N\u00eb krijimtarin\u00eb e piktores Hajdar","breadcrumb":{"@id":"https:\/\/www.visit-ulcinj.com\/blog\/2010\/10\/03\/emira-hajdar-hapi-ekspoziten-individuale-ne-galerine-%e2%80%9cart%e2%80%9dulqin\/#breadcrumb"},"inLanguage":"en-US","potentialAction":[{"@type":"ReadAction","target":["https:\/\/www.visit-ulcinj.com\/blog\/2010\/10\/03\/emira-hajdar-hapi-ekspoziten-individuale-ne-galerine-%e2%80%9cart%e2%80%9dulqin\/"]}]},{"@type":"BreadcrumbList","@id":"https:\/\/www.visit-ulcinj.com\/blog\/2010\/10\/03\/emira-hajdar-hapi-ekspoziten-individuale-ne-galerine-%e2%80%9cart%e2%80%9dulqin\/#breadcrumb","itemListElement":[{"@type":"ListItem","position":1,"name":"Emira Hajdar, hapi ekspozit\u00ebn individuale n\u00eb Galerin\u00eb \u201cArt\u201dUlqin"}]},{"@type":"Person","@id":"https:\/\/www.visit-ulcinj.com\/blog\/#\/schema\/person\/dcab619c614d3038751c63bc2aadc06d","name":"ulqini","sameAs":["http:\/\/www.visit-ulcinj.com"],"url":"https:\/\/www.visit-ulcinj.com\/blog\/author\/admin\/"}]}},"jetpack_featured_media_url":"","jetpack_sharing_enabled":true,"jetpack_shortlink":"https:\/\/wp.me\/pe6lTn-9RP","_links":{"self":[{"href":"https:\/\/www.visit-ulcinj.com\/blog\/wp-json\/wp\/v2\/posts\/37933"}],"collection":[{"href":"https:\/\/www.visit-ulcinj.com\/blog\/wp-json\/wp\/v2\/posts"}],"about":[{"href":"https:\/\/www.visit-ulcinj.com\/blog\/wp-json\/wp\/v2\/types\/post"}],"author":[{"embeddable":true,"href":"https:\/\/www.visit-ulcinj.com\/blog\/wp-json\/wp\/v2\/users\/1"}],"replies":[{"embeddable":true,"href":"https:\/\/www.visit-ulcinj.com\/blog\/wp-json\/wp\/v2\/comments?post=37933"}],"version-history":[{"count":0,"href":"https:\/\/www.visit-ulcinj.com\/blog\/wp-json\/wp\/v2\/posts\/37933\/revisions"}],"wp:attachment":[{"href":"https:\/\/www.visit-ulcinj.com\/blog\/wp-json\/wp\/v2\/media?parent=37933"}],"wp:term":[{"taxonomy":"category","embeddable":true,"href":"https:\/\/www.visit-ulcinj.com\/blog\/wp-json\/wp\/v2\/categories?post=37933"},{"taxonomy":"post_tag","embeddable":true,"href":"https:\/\/www.visit-ulcinj.com\/blog\/wp-json\/wp\/v2\/tags?post=37933"}],"curies":[{"name":"wp","href":"https:\/\/api.w.org\/{rel}","templated":true}]}}