{"id":37939,"date":"2010-10-03T19:20:14","date_gmt":"2010-10-03T17:20:14","guid":{"rendered":"http:\/\/www.visit-ulcinj.com\/blog\/?p=37939"},"modified":"2010-10-16T20:37:55","modified_gmt":"2010-10-16T18:37:55","slug":"rifat-stankoviqi-mbajtesi-i-listes-se-partis-boshnjake-ne-ulqin","status":"publish","type":"post","link":"https:\/\/www.visit-ulcinj.com\/blog\/2010\/10\/03\/rifat-stankoviqi-mbajtesi-i-listes-se-partis-boshnjake-ne-ulqin\/","title":{"rendered":"Rifat Stankoviqi &#8211; Bart\u00ebs i list\u00ebs s\u00eb Partis Boshnjake n\u00eb Ulqin"},"content":{"rendered":"<p><strong><a href=\"http:\/\/www.visit-ulcinj.com\/blog\/wp-content\/uploads\/2010\/10\/Rifat-Stankoviqi-Mbajtesi-i-listes-se-Partis-Boshnjake-ne-Ulqin.jpg\"><img loading=\"lazy\" class=\"alignleft size-full wp-image-37940\" title=\"Rifat Stankoviqi - Mbajtesi i listes se Partis Boshnjake ne Ulqin\" src=\"http:\/\/www.visit-ulcinj.com\/blog\/wp-content\/uploads\/2010\/10\/Rifat-Stankoviqi-Mbajtesi-i-listes-se-Partis-Boshnjake-ne-Ulqin.jpg\" alt=\"\" width=\"490\" height=\"621\" \/><\/a>Biografia e shkurt\u00ebr<\/strong><\/p>\n<p><strong>Rifat\u00a0 Stankoviq<\/strong>,lindur me 01.04.1967,n\u00eb Ulqin ku ka kryer Shkoll\u00ebn Fillore.<\/p>\n<p>Shkoll\u00ebn e medicines e ka kryer n\u00eb Cetinje,ka studju dhe punu n\u00eb Novi Sad n\u00eb Fakultetin e Medicin\u00ebs-Institutin p\u00ebr Kirurgji,Spitalin e qytetit n\u00eb Frankfurt,Univerzitetin Johann Wolfgang Goethe ku\u00a0 merr \u00a0titullin Menaxher Shendet\u00ebsor n\u00eb Frankfurt si dhe Ekonom p\u00ebr kujdesin social dhe sh\u00ebndet\u00ebsor n\u00ebVisbaden.<\/p>\n<p>Pronar i Qendr\u00ebs p\u00ebr sigurim social dhe sh\u00ebndet\u00ebsor n\u00eb Bad Vilbelu,Sh\u00ebrbimit ambulantor n\u00eb Frankfurt dhe Hotelit n\u00eb Ulqin.<\/p>\n<p>I martuar,baba i tre femij\u00ebve-dy vajzave dhe nj\u00eb djal\u00eb.<\/p>\n<p>Futbollist i dikur\u00ebshem I Ulqinit dhe bokser i Lovqenit,Verbasit dhe I Vojvodin\u00ebs.<\/p>\n<p>Trajner i licencuar i sportit n\u00eb Frankfurt(Lidhja sportive Gjermane).<\/p>\n<p>Trajner dhe an\u00ebtar i kryesis\u00eb s\u00eb klubit t\u00eb njohur p\u00ebr mjeshtri luftarake Lotus (fitues I shum\u00eb mir\u00ebnjohjeve p\u00ebr integrime p\u00ebr sport nga Qeveria Gjermane).<\/p>\n<p>Jeton dhe punon n\u00eb Bad Vilbedu n\u00eb Frankfurt,vepron n\u00eb Ulqin.<\/p>\n<p>Sportist dhe politikisht i aktivizuar n\u00eb Gjermani dhe Mal t\u00eb Zi.<\/p>\n<p>Deri n\u00eb udh\u00ebheqjen e sistemit politik shum\u00ebpartiak\u00a0 n\u00eb Mal t\u00eb zi,nuk ka qen\u00eb politikisht i angazhaur.<\/p>\n<p><strong>Q\u00cbLLIMET POLITIKE<\/strong><\/p>\n<p><strong>1.Sh\u00ebndeti dhe ruajtja e mjedisit njer\u00ebzor<\/strong><\/p>\n<p>a) Bloku i operacionit me sall\u00ebn e lindj\u00ebs dhe nj\u00ebsin\u00eb(repartin intenziv)<\/p>\n<p>b) Paisjet p\u00ebr pastrimin e mbeturinave t\u00eb ujit dhe adaptimi i rrjetit t\u00eb kanalizimit<\/p>\n<p>c) P\u00ebrmir\u00ebsimi I kushteve higjienike n\u00eb plazha dhe rregullimi i rrjetit t\u00eb kanalizimit<\/p>\n<p><strong><a href=\"http:\/\/www.visit-ulcinj.com\/blog\/wp-content\/uploads\/2010\/10\/Rifat-Stankoviqi-Mbajtesi-i-listes-se-Partis-Boshnjake-ne-Ulqin.1.jpg\"><img loading=\"lazy\" class=\"alignleft size-medium wp-image-37941\" title=\"Rifat Stankoviqi - Mbajtesi i listes se Partis Boshnjake ne Ulqin.1\" src=\"http:\/\/www.visit-ulcinj.com\/blog\/wp-content\/uploads\/2010\/10\/Rifat-Stankoviqi-Mbajtesi-i-listes-se-Partis-Boshnjake-ne-Ulqin.1-288x300.jpg\" alt=\"\" width=\"288\" height=\"300\" srcset=\"https:\/\/www.visit-ulcinj.com\/blog\/wp-content\/uploads\/2010\/10\/Rifat-Stankoviqi-Mbajtesi-i-listes-se-Partis-Boshnjake-ne-Ulqin.1-288x300.jpg 288w, https:\/\/www.visit-ulcinj.com\/blog\/wp-content\/uploads\/2010\/10\/Rifat-Stankoviqi-Mbajtesi-i-listes-se-Partis-Boshnjake-ne-Ulqin.1.jpg 943w\" sizes=\"(max-width: 288px) 100vw, 288px\" \/><\/a>2.Turizmi:<\/strong><\/p>\n<p>a) Kthimi i turizmit t\u00eb Europ\u00ebs P\u00ebrendimore me oferta gjat\u00eb t\u00ebr\u00eb vitit<\/p>\n<p>b) Turizmi senior-Projekti p\u00ebr kujdesin senior<\/p>\n<p>c) Turizmi sportiv<\/p>\n<p>d) V\u00ebnja\u00a0 n\u00eb funksion e komplekseve hoteliere si dhe leht\u00ebsira n\u00eb nd\u00ebrtimin e hoteleve te reja<\/p>\n<p>legalizimi i objekteve\u00a0 ekzistuese,me te cilat fitohetmund\u00ebsia e vendeve te reja te punes<\/p>\n<p>e) Udh\u00ebheqja\u00a0 e tatimevete rrug\u00ebve dhe shit\u00ebsve ne plazh\u00eb,duke ju hden\u00eb p\u00ebrpar\u00ebsi shit\u00ebsv\u00eb<\/p>\n<p>vendor me leht\u00ebsime tatimore,kontroll\u00eb t\u00eb ashp\u00ebr perms sh\u00ebrbimit t\u00eb inspekcionit.<\/p>\n<p><strong>3.Sport<\/strong><\/p>\n<p>a) P\u00ebrparimi i sportit me nd\u00ebrtimin e fushave sportive ,bazenave ,me\u00a0 mundsin e pajisjeve t\u00eb sportist\u00ebve internacional n\u00eb kushte optimal<\/p>\n<p>b) Ndihma ne zhvillimin e klubeve sportive<\/p>\n<p>c) Sporti si nd\u00ebrmarrje(antar\u00ebsia,reklama,pajisjet)<\/p>\n<p>d) Ndihma financiare e sportist\u00ebve te dalluar<\/p>\n<p><strong>4.Shkollimi I rinis\u00eb<\/strong><\/p>\n<p>a) Bashk\u00ebpunimi \u00a0bilateral i rinis\u00eb me t\u00eb rinin\u00eb e Europ\u00ebs P\u00ebrendimore<\/p>\n<p>b) Krijimi i mund\u00ebsis\u00eb p\u00ebr ushtrime shkencore dhe p\u00ebrsosmerine e kuadrave administrative n\u00eb Europen Perendimore<\/p>\n<p>c) Krijimi i mundesive te studimit te te rinj\u00ebve ne Europ\u00eb.<\/p>\n<p><strong>5.Integrimet Europiane<\/strong><\/p>\n<p>a) N\u00eb sport<\/p>\n<p>b) Vllaz\u00ebnimi i qyteteve<\/p>\n<p>c) Integrimet e pakicave<\/p>\n<p>d) Ndertimi i programeve me perfitim te fondeve t\u00eb EZ<\/p>\n<p><strong>Pra t\u00eb votoni p\u00ebr partin\u00eb Boshnjake do t\u00eb perfitoni shum\u00eb te mira n\u00eb sh\u00ebndet,sport,turiz\u00ebm,shkollim,integrime europiane .<\/strong><\/p>\n<a name=\"pd_a_3816709\"><\/a>\n<div class=\"CSS_Poll PDS_Poll\" id=\"PDI_container3816709\" style=\"display:inline-block;\"><\/div>\n<div id=\"PD_superContainer\"><\/div>\n<script type=\"text\/javascript\" charset=\"UTF-8\" src=\"\/\/static.polldaddy.com\/p\/3816709.js\"><\/script>\n<noscript><a href=\"https:\/\/poll.fm\/3816709\">Take Our Poll<\/a><\/noscript>\n<p><strong><a href=\"http:\/\/www.visit-ulcinj.com\/blog\/wp-content\/uploads\/2010\/10\/Rifat-Stankovic-Bosnjacka-Stranka-opstina-Ulcinj1.jpg\"><img loading=\"lazy\" class=\"alignleft size-full wp-image-37923\" title=\"Rifat Stankovic - Bosnjacka Stranka opstina Ulcinj\" src=\"http:\/\/www.visit-ulcinj.com\/blog\/wp-content\/uploads\/2010\/10\/Rifat-Stankovic-Bosnjacka-Stranka-opstina-Ulcinj1.jpg\" alt=\"\" width=\"490\" height=\"620\" \/><\/a>Kratka biografija <\/strong><\/p>\n<p><strong>Rifat Stankovic, ro\u0111en 01.04.1967. god., u Ulcinju.gdje je zavrsio osnovnu skolu.<\/p>\n<p>Medicinsku \u0161kolu zavr\u0161io na Cetinju ,studirao i radio u Novom Sadu na Medicinskom Fakultetu<\/strong><\/p>\n<ul>\n<li>Institut za Hirurgiju,      Gradskoj Bolnici u Frankfurtu  Univerzitet Johann Wolfgang Goethe      ,stekao zvanje Zdravstveni Menadzer u Frankfurtu,kao i Ekonoma za      Zdravstveno i socijalno staranje u Visbadenu.<\/li>\n<li>Vlasnik Cenra za zdravstveno      i socijalno staranje u Bad Vilbelu ,<\/li>\n<li>Ambulantne sluzbe u      Frankfurtu,<\/li>\n<li>Hotela u Ulcinju.<\/li>\n<li>O\u017eenjen. Otac troje       djece, dvije  \u0107erke i sina.<\/li>\n<li>Nekadasnji fudbaler Ulcinja,      i<\/li>\n<li>Bokser: Lovcena, Vrbasa i      Vojvodine<\/li>\n<li>Licencirani sportski trener      u Frankfurtu( njemacki sportski savez)<\/li>\n<li>Trener i Clan predsjednistva      poznatog Kluba za Borilacke vjestine Lotus( dobitnik najvisih<\/li>\n<li>odlikovanja za integraciju      kroz sport od njemacke vlade)<\/li>\n<li>\u017divi i radi u Bad Vilbelu i      Frankfurtu, dijelom u Ulcinju.<\/li>\n<li>Sportsko-Politicki aktivan u      Njemackoj i Crnoj Gori.<\/li>\n<\/ul>\n<p><strong>Do uvo\u0111enja vi\u0161epartijskog politi\u010dkog sistema u Crnoj Gori nije bio politi\u010dki anga\u017eovan.<\/strong><\/p>\n<p><strong><span style=\"text-decoration: underline;\">Politicki ciljevi:<\/span><\/strong><\/p>\n<p><strong>1.Zdravstvo i ocuvanje zivotne sredine<\/strong><\/p>\n<p>a) Operacioni blok sa porodjajnom salom  i intenzivnom jedinicom<\/p>\n<p>b) Uredjaji za preciscavanje otpadnih voda i adaptacija kanalizacione mreze<\/p>\n<p>c) Poboljsanje higijenskih uslova na plazama izgradnjom kanalizacione infrastrukture<\/p>\n<p><strong>2.Turizam: <\/strong><\/p>\n<p>a) Vracanje turizma zapadne evrope sa ponudama tokom cijele godine<\/p>\n<p>b) Seniorski turizam &#8211;  Projekat za zbrinjavanje senior<\/p>\n<p>c) Sportski turizam<\/p>\n<p>d) Stavljanje Hotelskih kompleksa u funkciju, kao i olaksavanje izgradnje novih hotela, tako i legalizacija vec izgradjenih objekata, cime se dobija mogucnost novih radnih mjesta.<\/p>\n<p>e) Uvodjenje poreza \u201culicnim\u201d i prodavcima po plazama, dati prednost domacim prodavcima sa poleskim olaksicama, stroga kontrola prodaje preko inspekcijske sluzbe.<\/p>\n<p><strong>3.Sport: <\/strong><\/p>\n<p>a) Unapredjenje sporta sa izgradnjom sportske dvorane sa bazenom sa time omoguciti zimske pripreme internacionalnih sportista na optimalan   nacin<\/p>\n<p>b) pomoc u razvoju sportskih klubova<\/p>\n<p>c) sport kao preduzetnistvo ( clanarina, reklama, oprema)<\/p>\n<p>d) financijska pomoc vrhunskim sportistima<\/p>\n<p><strong>4.Mladi i obrazovanje: <\/strong><\/p>\n<p>a) bilateralna saradnja mladih sa mladima zapadne Evrope<\/p>\n<p>b) stvoriti mogucnosti strucne obuke i usavrsavanja administrativnih kadrova u zapadnoj Evropi<\/p>\n<p>c) stvoriti mogucnost studiranja mladih u Evropi<\/p>\n<p><strong><a href=\"http:\/\/www.visit-ulcinj.com\/blog\/wp-content\/uploads\/2010\/10\/Rifat-Stankovic-Nosilac-liste-Bosnjacke-Stranke-opstina-Ulcinj.2.jpg\"><img loading=\"lazy\" class=\"alignleft size-medium wp-image-37920\" title=\"Rifat Stankovic - Nosilac liste Bosnjacke Stranke opstina Ulcinj.2\" src=\"http:\/\/www.visit-ulcinj.com\/blog\/wp-content\/uploads\/2010\/10\/Rifat-Stankovic-Nosilac-liste-Bosnjacke-Stranke-opstina-Ulcinj.2-288x300.jpg\" alt=\"\" width=\"288\" height=\"300\" srcset=\"https:\/\/www.visit-ulcinj.com\/blog\/wp-content\/uploads\/2010\/10\/Rifat-Stankovic-Nosilac-liste-Bosnjacke-Stranke-opstina-Ulcinj.2-288x300.jpg 288w, https:\/\/www.visit-ulcinj.com\/blog\/wp-content\/uploads\/2010\/10\/Rifat-Stankovic-Nosilac-liste-Bosnjacke-Stranke-opstina-Ulcinj.2.jpg 943w\" sizes=\"(max-width: 288px) 100vw, 288px\" \/><\/a>5.Evropske Integracije:<\/strong><\/p>\n<p>a) kroz sport<\/p>\n<p>b) bratimljenje gradova<\/p>\n<p>c) integracija manjina<\/p>\n<p>d) izgradnja programa za dostup fondova EZ<\/p>\n<p><strong>Lista  kandidata Bosnjacke Stranke opstina Ulcinj:<\/strong><\/p>\n<p>Rifat Stankovic, Alen Abazovic, Muamer Rash\u00e7ic, Omer Skrobanovic, Edis Sijaric, Mesud \u00c7uturic, Safet Resulbegovic, Ertan Omerovic, Admir Hasic, Mejrusa Rastoder, Avdija Kajevic, Avdo Rash\u00e7ic, Sahman Mujesira, Nexhad Skorupan, Nusreta Likovic, Jasmin Muratovic, Admir Muhovic, Haris Muratovic, Bajram Rexhepagic, Adnan Karadjuzovic, Rafeta Jahdadic, Damir Rash\u00e7ic, Smail Skorupan, Ilda \u00c7uturic ,Uliks Muratovic.<\/p>\n<p><strong>Rifat Stankovic &#8211; Nosilac liste Bosnjacke Stranke<\/strong><\/p>\n","protected":false},"excerpt":{"rendered":"<p>Biografia e shkurt\u00ebr Rifat\u00a0 Stankoviq,lindur me 01.04.1967,n\u00eb Ulqin ku ka kryer Shkoll\u00ebn Fillore. Shkoll\u00ebn e medicines e ka kryer n\u00eb Cetinje,ka studju dhe punu n\u00eb Novi Sad n\u00eb Fakultetin e Medicin\u00ebs-Institutin p\u00ebr Kirurgji,Spitalin e qytetit n\u00eb Frankfurt,Univerzitetin Johann Wolfgang Goethe ku\u00a0 merr \u00a0titullin Menaxher Shendet\u00ebsor n\u00eb Frankfurt si dhe Ekonom p\u00ebr kujdesin social dhe sh\u00ebndet\u00ebsor [&hellip;]<\/p>\n","protected":false},"author":1,"featured_media":0,"comment_status":"open","ping_status":"closed","sticky":false,"template":"","format":"standard","meta":{"spay_email":"","jetpack_publicize_message":"","jetpack_is_tweetstorm":false,"jetpack_publicize_feature_enabled":true},"categories":[12],"tags":[297,15746,4447,200,18],"jetpack_publicize_connections":[],"yoast_head":"<!-- This site is optimized with the Yoast SEO plugin v19.1 - https:\/\/yoast.com\/wordpress\/plugins\/seo\/ -->\n<title>Rifat Stankoviqi - Bart\u00ebs i list\u00ebs s\u00eb Partis Boshnjake n\u00eb Ulqin - Lajme nga Ulqini<\/title>\n<meta name=\"description\" content=\"Biografia e shkurt\u00ebr Rifat\u00a0 Stankoviq,lindur me 01.04.1967,n\u00eb Ulqin ku ka kryer Shkoll\u00ebn Fillore. Shkoll\u00ebn e medicines e ka kryer n\u00eb Cetinje,ka studju dhe\" \/>\n<meta name=\"robots\" content=\"index, follow, max-snippet:-1, max-image-preview:large, max-video-preview:-1\" \/>\n<link rel=\"canonical\" href=\"https:\/\/www.visit-ulcinj.com\/blog\/2010\/10\/03\/rifat-stankoviqi-mbajtesi-i-listes-se-partis-boshnjake-ne-ulqin\/\" \/>\n<meta property=\"og:locale\" content=\"en_US\" \/>\n<meta property=\"og:type\" content=\"article\" \/>\n<meta property=\"og:title\" content=\"Rifat Stankoviqi - Bart\u00ebs i list\u00ebs s\u00eb Partis Boshnjake n\u00eb Ulqin - Lajme nga Ulqini\" \/>\n<meta property=\"og:description\" content=\"Biografia e shkurt\u00ebr Rifat\u00a0 Stankoviq,lindur me 01.04.1967,n\u00eb Ulqin ku ka kryer Shkoll\u00ebn Fillore. Shkoll\u00ebn e medicines e ka kryer n\u00eb Cetinje,ka studju dhe\" \/>\n<meta property=\"og:url\" content=\"https:\/\/www.visit-ulcinj.com\/blog\/2010\/10\/03\/rifat-stankoviqi-mbajtesi-i-listes-se-partis-boshnjake-ne-ulqin\/\" \/>\n<meta property=\"og:site_name\" content=\"Lajme nga Ulqini\" \/>\n<meta property=\"article:published_time\" content=\"2010-10-03T17:20:14+00:00\" \/>\n<meta property=\"article:modified_time\" content=\"2010-10-16T18:37:55+00:00\" \/>\n<meta property=\"og:image\" content=\"http:\/\/www.visit-ulcinj.com\/blog\/wp-content\/uploads\/2010\/10\/Rifat-Stankoviqi-Mbajtesi-i-listes-se-Partis-Boshnjake-ne-Ulqin.jpg\" \/>\n<meta name=\"twitter:label1\" content=\"Written by\" \/>\n\t<meta name=\"twitter:data1\" content=\"ulqini\" \/>\n\t<meta name=\"twitter:label2\" content=\"Est. reading time\" \/>\n\t<meta name=\"twitter:data2\" content=\"5 minutes\" \/>\n<script type=\"application\/ld+json\" class=\"yoast-schema-graph\">{\"@context\":\"https:\/\/schema.org\",\"@graph\":[{\"@type\":\"WebSite\",\"@id\":\"https:\/\/www.visit-ulcinj.com\/blog\/#website\",\"url\":\"https:\/\/www.visit-ulcinj.com\/blog\/\",\"name\":\"Lajme nga Ulqini\",\"description\":\"Lajme,Vijesti,Ulqini,Ulqin,Crna Gora,Mali i Zi\",\"potentialAction\":[{\"@type\":\"SearchAction\",\"target\":{\"@type\":\"EntryPoint\",\"urlTemplate\":\"https:\/\/www.visit-ulcinj.com\/blog\/?s={search_term_string}\"},\"query-input\":\"required name=search_term_string\"}],\"inLanguage\":\"en-US\"},{\"@type\":\"ImageObject\",\"inLanguage\":\"en-US\",\"@id\":\"https:\/\/www.visit-ulcinj.com\/blog\/2010\/10\/03\/rifat-stankoviqi-mbajtesi-i-listes-se-partis-boshnjake-ne-ulqin\/#primaryimage\",\"url\":\"https:\/\/www.visit-ulcinj.com\/blog\/wp-content\/uploads\/2010\/10\/Rifat-Stankoviqi-Mbajtesi-i-listes-se-Partis-Boshnjake-ne-Ulqin.jpg\",\"contentUrl\":\"https:\/\/www.visit-ulcinj.com\/blog\/wp-content\/uploads\/2010\/10\/Rifat-Stankoviqi-Mbajtesi-i-listes-se-Partis-Boshnjake-ne-Ulqin.jpg\",\"width\":\"490\",\"height\":\"721\"},{\"@type\":\"WebPage\",\"@id\":\"https:\/\/www.visit-ulcinj.com\/blog\/2010\/10\/03\/rifat-stankoviqi-mbajtesi-i-listes-se-partis-boshnjake-ne-ulqin\/#webpage\",\"url\":\"https:\/\/www.visit-ulcinj.com\/blog\/2010\/10\/03\/rifat-stankoviqi-mbajtesi-i-listes-se-partis-boshnjake-ne-ulqin\/\",\"name\":\"Rifat Stankoviqi - Bart\u00ebs i list\u00ebs s\u00eb Partis Boshnjake n\u00eb Ulqin - Lajme nga Ulqini\",\"isPartOf\":{\"@id\":\"https:\/\/www.visit-ulcinj.com\/blog\/#website\"},\"primaryImageOfPage\":{\"@id\":\"https:\/\/www.visit-ulcinj.com\/blog\/2010\/10\/03\/rifat-stankoviqi-mbajtesi-i-listes-se-partis-boshnjake-ne-ulqin\/#primaryimage\"},\"datePublished\":\"2010-10-03T17:20:14+00:00\",\"dateModified\":\"2010-10-16T18:37:55+00:00\",\"author\":{\"@id\":\"https:\/\/www.visit-ulcinj.com\/blog\/#\/schema\/person\/dcab619c614d3038751c63bc2aadc06d\"},\"description\":\"Biografia e shkurt\u00ebr Rifat\u00a0 Stankoviq,lindur me 01.04.1967,n\u00eb Ulqin ku ka kryer Shkoll\u00ebn Fillore. Shkoll\u00ebn e medicines e ka kryer n\u00eb Cetinje,ka studju dhe\",\"breadcrumb\":{\"@id\":\"https:\/\/www.visit-ulcinj.com\/blog\/2010\/10\/03\/rifat-stankoviqi-mbajtesi-i-listes-se-partis-boshnjake-ne-ulqin\/#breadcrumb\"},\"inLanguage\":\"en-US\",\"potentialAction\":[{\"@type\":\"ReadAction\",\"target\":[\"https:\/\/www.visit-ulcinj.com\/blog\/2010\/10\/03\/rifat-stankoviqi-mbajtesi-i-listes-se-partis-boshnjake-ne-ulqin\/\"]}]},{\"@type\":\"BreadcrumbList\",\"@id\":\"https:\/\/www.visit-ulcinj.com\/blog\/2010\/10\/03\/rifat-stankoviqi-mbajtesi-i-listes-se-partis-boshnjake-ne-ulqin\/#breadcrumb\",\"itemListElement\":[{\"@type\":\"ListItem\",\"position\":1,\"name\":\"Rifat Stankoviqi &#8211; Bart\u00ebs i list\u00ebs s\u00eb Partis Boshnjake n\u00eb Ulqin\"}]},{\"@type\":\"Person\",\"@id\":\"https:\/\/www.visit-ulcinj.com\/blog\/#\/schema\/person\/dcab619c614d3038751c63bc2aadc06d\",\"name\":\"ulqini\",\"sameAs\":[\"http:\/\/www.visit-ulcinj.com\"],\"url\":\"https:\/\/www.visit-ulcinj.com\/blog\/author\/admin\/\"}]}<\/script>\n<!-- \/ Yoast SEO plugin. -->","yoast_head_json":{"title":"Rifat Stankoviqi - Bart\u00ebs i list\u00ebs s\u00eb Partis Boshnjake n\u00eb Ulqin - Lajme nga Ulqini","description":"Biografia e shkurt\u00ebr Rifat\u00a0 Stankoviq,lindur me 01.04.1967,n\u00eb Ulqin ku ka kryer Shkoll\u00ebn Fillore. Shkoll\u00ebn e medicines e ka kryer n\u00eb Cetinje,ka studju dhe","robots":{"index":"index","follow":"follow","max-snippet":"max-snippet:-1","max-image-preview":"max-image-preview:large","max-video-preview":"max-video-preview:-1"},"canonical":"https:\/\/www.visit-ulcinj.com\/blog\/2010\/10\/03\/rifat-stankoviqi-mbajtesi-i-listes-se-partis-boshnjake-ne-ulqin\/","og_locale":"en_US","og_type":"article","og_title":"Rifat Stankoviqi - Bart\u00ebs i list\u00ebs s\u00eb Partis Boshnjake n\u00eb Ulqin - Lajme nga Ulqini","og_description":"Biografia e shkurt\u00ebr Rifat\u00a0 Stankoviq,lindur me 01.04.1967,n\u00eb Ulqin ku ka kryer Shkoll\u00ebn Fillore. Shkoll\u00ebn e medicines e ka kryer n\u00eb Cetinje,ka studju dhe","og_url":"https:\/\/www.visit-ulcinj.com\/blog\/2010\/10\/03\/rifat-stankoviqi-mbajtesi-i-listes-se-partis-boshnjake-ne-ulqin\/","og_site_name":"Lajme nga Ulqini","article_published_time":"2010-10-03T17:20:14+00:00","article_modified_time":"2010-10-16T18:37:55+00:00","og_image":[{"url":"http:\/\/www.visit-ulcinj.com\/blog\/wp-content\/uploads\/2010\/10\/Rifat-Stankoviqi-Mbajtesi-i-listes-se-Partis-Boshnjake-ne-Ulqin.jpg"}],"twitter_misc":{"Written by":"ulqini","Est. reading time":"5 minutes"},"schema":{"@context":"https:\/\/schema.org","@graph":[{"@type":"WebSite","@id":"https:\/\/www.visit-ulcinj.com\/blog\/#website","url":"https:\/\/www.visit-ulcinj.com\/blog\/","name":"Lajme nga Ulqini","description":"Lajme,Vijesti,Ulqini,Ulqin,Crna Gora,Mali i Zi","potentialAction":[{"@type":"SearchAction","target":{"@type":"EntryPoint","urlTemplate":"https:\/\/www.visit-ulcinj.com\/blog\/?s={search_term_string}"},"query-input":"required name=search_term_string"}],"inLanguage":"en-US"},{"@type":"ImageObject","inLanguage":"en-US","@id":"https:\/\/www.visit-ulcinj.com\/blog\/2010\/10\/03\/rifat-stankoviqi-mbajtesi-i-listes-se-partis-boshnjake-ne-ulqin\/#primaryimage","url":"https:\/\/www.visit-ulcinj.com\/blog\/wp-content\/uploads\/2010\/10\/Rifat-Stankoviqi-Mbajtesi-i-listes-se-Partis-Boshnjake-ne-Ulqin.jpg","contentUrl":"https:\/\/www.visit-ulcinj.com\/blog\/wp-content\/uploads\/2010\/10\/Rifat-Stankoviqi-Mbajtesi-i-listes-se-Partis-Boshnjake-ne-Ulqin.jpg","width":"490","height":"721"},{"@type":"WebPage","@id":"https:\/\/www.visit-ulcinj.com\/blog\/2010\/10\/03\/rifat-stankoviqi-mbajtesi-i-listes-se-partis-boshnjake-ne-ulqin\/#webpage","url":"https:\/\/www.visit-ulcinj.com\/blog\/2010\/10\/03\/rifat-stankoviqi-mbajtesi-i-listes-se-partis-boshnjake-ne-ulqin\/","name":"Rifat Stankoviqi - Bart\u00ebs i list\u00ebs s\u00eb Partis Boshnjake n\u00eb Ulqin - Lajme nga Ulqini","isPartOf":{"@id":"https:\/\/www.visit-ulcinj.com\/blog\/#website"},"primaryImageOfPage":{"@id":"https:\/\/www.visit-ulcinj.com\/blog\/2010\/10\/03\/rifat-stankoviqi-mbajtesi-i-listes-se-partis-boshnjake-ne-ulqin\/#primaryimage"},"datePublished":"2010-10-03T17:20:14+00:00","dateModified":"2010-10-16T18:37:55+00:00","author":{"@id":"https:\/\/www.visit-ulcinj.com\/blog\/#\/schema\/person\/dcab619c614d3038751c63bc2aadc06d"},"description":"Biografia e shkurt\u00ebr Rifat\u00a0 Stankoviq,lindur me 01.04.1967,n\u00eb Ulqin ku ka kryer Shkoll\u00ebn Fillore. Shkoll\u00ebn e medicines e ka kryer n\u00eb Cetinje,ka studju dhe","breadcrumb":{"@id":"https:\/\/www.visit-ulcinj.com\/blog\/2010\/10\/03\/rifat-stankoviqi-mbajtesi-i-listes-se-partis-boshnjake-ne-ulqin\/#breadcrumb"},"inLanguage":"en-US","potentialAction":[{"@type":"ReadAction","target":["https:\/\/www.visit-ulcinj.com\/blog\/2010\/10\/03\/rifat-stankoviqi-mbajtesi-i-listes-se-partis-boshnjake-ne-ulqin\/"]}]},{"@type":"BreadcrumbList","@id":"https:\/\/www.visit-ulcinj.com\/blog\/2010\/10\/03\/rifat-stankoviqi-mbajtesi-i-listes-se-partis-boshnjake-ne-ulqin\/#breadcrumb","itemListElement":[{"@type":"ListItem","position":1,"name":"Rifat Stankoviqi &#8211; Bart\u00ebs i list\u00ebs s\u00eb Partis Boshnjake n\u00eb Ulqin"}]},{"@type":"Person","@id":"https:\/\/www.visit-ulcinj.com\/blog\/#\/schema\/person\/dcab619c614d3038751c63bc2aadc06d","name":"ulqini","sameAs":["http:\/\/www.visit-ulcinj.com"],"url":"https:\/\/www.visit-ulcinj.com\/blog\/author\/admin\/"}]}},"jetpack_featured_media_url":"","jetpack_sharing_enabled":true,"jetpack_shortlink":"https:\/\/wp.me\/pe6lTn-9RV","_links":{"self":[{"href":"https:\/\/www.visit-ulcinj.com\/blog\/wp-json\/wp\/v2\/posts\/37939"}],"collection":[{"href":"https:\/\/www.visit-ulcinj.com\/blog\/wp-json\/wp\/v2\/posts"}],"about":[{"href":"https:\/\/www.visit-ulcinj.com\/blog\/wp-json\/wp\/v2\/types\/post"}],"author":[{"embeddable":true,"href":"https:\/\/www.visit-ulcinj.com\/blog\/wp-json\/wp\/v2\/users\/1"}],"replies":[{"embeddable":true,"href":"https:\/\/www.visit-ulcinj.com\/blog\/wp-json\/wp\/v2\/comments?post=37939"}],"version-history":[{"count":0,"href":"https:\/\/www.visit-ulcinj.com\/blog\/wp-json\/wp\/v2\/posts\/37939\/revisions"}],"wp:attachment":[{"href":"https:\/\/www.visit-ulcinj.com\/blog\/wp-json\/wp\/v2\/media?parent=37939"}],"wp:term":[{"taxonomy":"category","embeddable":true,"href":"https:\/\/www.visit-ulcinj.com\/blog\/wp-json\/wp\/v2\/categories?post=37939"},{"taxonomy":"post_tag","embeddable":true,"href":"https:\/\/www.visit-ulcinj.com\/blog\/wp-json\/wp\/v2\/tags?post=37939"}],"curies":[{"name":"wp","href":"https:\/\/api.w.org\/{rel}","templated":true}]}}