{"id":37945,"date":"2010-10-03T20:43:53","date_gmt":"2010-10-03T18:43:53","guid":{"rendered":"http:\/\/www.visit-ulcinj.com\/blog\/?p=37945"},"modified":"2010-10-16T20:26:33","modified_gmt":"2010-10-16T18:26:33","slug":"selim-resulbegoviq-bartes-i-listes-te-partis-socialdemokrate-psd-ulqin","status":"publish","type":"post","link":"https:\/\/www.visit-ulcinj.com\/blog\/2010\/10\/03\/selim-resulbegoviq-bartes-i-listes-te-partis-socialdemokrate-psd-ulqin\/","title":{"rendered":"Selim Resulbegoviq &#8211; bart\u00ebs i list\u00ebs t\u00eb Partis Socialdemokrate (PSD) Ulqin"},"content":{"rendered":"<p><a href=\"http:\/\/www.visit-ulcinj.com\/blog\/wp-content\/uploads\/2010\/10\/Partia-Socialdemokrate-PSD-Ulqin.jpg\"><img loading=\"lazy\" class=\"alignleft size-full wp-image-38010\" title=\"Partia Socialdemokrate (PSD) Ulqin\" src=\"http:\/\/www.visit-ulcinj.com\/blog\/wp-content\/uploads\/2010\/10\/Partia-Socialdemokrate-PSD-Ulqin.jpg\" alt=\"\" width=\"490\" height=\"390\" \/><\/a>Politika te cilen e ofron PSD qytetarve te Ulqinit , u mundson angazhim me te madh dhe me kualitativ te rinjve ne kualifikim te larte arsimor si dhe promovimin dhe permbushjen e tendencave dhe kualiteteve te tyre profesionale dhe personale. Koncepti i ri, i udheheqesis komunale, i PSD-es\u00a0 nenkupton angazhim me te madh\u00a0 dhe me shum hapsir per te rinjt ne vende vendimmarrese.<\/p>\n<p>Nje prej qellimeve kryesore\u00a0 te politikes sone, eshte lufta per krijimin e kushteve, te cilat do te ju mundesonin\u00a0 te rinjeve te arsimuar qe\u00a0 afirmimin e tyre personal dhe professional\u00a0 most a kerkojn jasht trashigimis sone, por qe aftesit\u00a0 dhe diturin e tyre ta perdorin per krijimin e nje jete ne te mire per te gjith ne.<\/p>\n<p>Vetem nje rini e bashkuar, pa marr parasysh konfesionin, nacionalitetin, apo strukturat e\u00a0 tjera shoqerore, mund te luftoj per te drejtat e veta dhe ate nepermjet zgjedhjes se pastert PSD.<\/p>\n<p><strong>OOSDP ULCINJ<\/strong><\/p>\n<p><strong><a href=\"http:\/\/www.visit-ulcinj.com\/blog\/wp-content\/uploads\/2010\/10\/Selim-Resulbegoviq.jpg\"><img loading=\"lazy\" class=\"alignleft size-medium wp-image-37948\" title=\"Selim-Resulbegoviq\" src=\"http:\/\/www.visit-ulcinj.com\/blog\/wp-content\/uploads\/2010\/10\/Selim-Resulbegoviq-283x300.jpg\" alt=\"\" width=\"283\" height=\"300\" srcset=\"https:\/\/www.visit-ulcinj.com\/blog\/wp-content\/uploads\/2010\/10\/Selim-Resulbegoviq-283x300.jpg 283w, https:\/\/www.visit-ulcinj.com\/blog\/wp-content\/uploads\/2010\/10\/Selim-Resulbegoviq.jpg 490w\" sizes=\"(max-width: 283px) 100vw, 283px\" \/><\/a>Arh. Selim Resulbegovi\u0107 dipl.ing<\/strong><\/p>\n<p>T\u00eb nderuar zonja e zot\u00ebrinj, mir\u00ebdita!<\/p>\n<p>T\u00eb nderuar bashk\u00ebqyetatar\u00eb e bashk\u00ebqytetare t\u00eb komun\u00ebs s\u00eb Ulqinit. Partia Socialdemokrate del n\u00eb zgjedhjet e p\u00ebrs\u00ebritura me ofert\u00ebn politike e cila mb\u00ebshtetet n\u00eb kat\u00ebr shtylla. Ato jan\u00eb:<\/p>\n<ul>\n<li><strong>1. <\/strong><strong>Lista e k\u00ebshilltar\u00ebve e freskuar me emra t\u00eb rinj dhe\u00a0 e mb\u00ebshtetur n\u00eb t\u00eb gjitha standardet strukturore evropiane<\/strong><\/li>\n<li><strong>2. <\/strong><strong>Platforma mbi konceptin e ri t\u00eb administrat\u00ebs s\u00eb komun\u00ebs<\/strong><\/li>\n<li><strong>3. <\/strong><strong>Seria e projekteve dhe zgjidhjeve q\u00eb\u00a0 mund\u00ebsojn\u00eb zhvillimin e shpejt\u00eb t\u00eb qytetit dhe rritjen e cil\u00ebsis\u00eb s\u00eb jet\u00ebs s\u00eb qytetarit<\/strong><\/li>\n<li><strong>4. <\/strong><strong>Tradita partiake e cila tash nj\u00ebzet vjet angazhohet p\u00ebr mbrojtjen dhe promovimin e\u00a0 t\u00eb drejtave dhe interesave t\u00eb popujve pakic\u00eb n\u00eb Malin e Zi<\/strong><\/li>\n<\/ul>\n<p>Lista e k\u00ebshilltar\u00ebve t\u00eb PSD-s\u00eb nuk \u00ebsht\u00eb vet\u00ebm nj\u00eb grumbull i emrave t\u00eb personave q\u00eb n\u00eb bashk\u00ebsin\u00eb ton\u00eb jan\u00eb t\u00eb njohur si profesionist t\u00eb dalluar, fqinj dhe miq t\u00eb mir\u00eb. Por, kjo list\u00eb \u00ebsht\u00eb n\u00eb harmoni t\u00eb plot\u00eb me konceptin strukturor t\u00eb standardeve evropiane. Ajo p\u00ebrb\u00ebhet nga 30% t\u00eb rinj, nga 20% femra, kurse rreth 60% t\u00eb kandidat\u00ebve p\u00ebr k\u00ebshilltar\u00eb jan\u00eb kuadro me p\u00ebrgatitje t\u00eb lart\u00eb shkollore. Emrat e rinj mund\u00ebsojn\u00eb krijimin e nj\u00eb fronti t\u00eb gjer\u00eb, pasi q\u00eb k\u00ebrkojm\u00eb p\u00ebrkrahjen tuaj p\u00ebr krijimin e koceptit t\u00eb ri\u00a0 politik n\u00eb qytetin ton\u00eb.<\/p>\n<p>Nd\u00ebr t\u00eb tjera platforma, do t\u00eb p\u00ebrfshij\u00eb propozimet konkrete dhe kushtet minimale, realizimi i t\u00eb cilave n\u00ebnkupton nj\u00eb rikonceptim t\u00eb politik\u00ebs kadrovike, nj\u00eb grumbullim m\u00eb t\u00eb madh t\u00eb mjeteve financiare dhe m\u00eb shum\u00eb investime, pastaj komunikimin m\u00eb t\u00eb mir\u00eb me qytetar\u00ebt dhe p\u00ebrparimin e sh\u00ebrbimeve urbane si dhe racionalizimin e shpenzimeve dhe politik\u00ebs kreditore t\u00eb komun\u00ebs.<\/p>\n<p>Seria e projekteve t\u00eb mesme \u00a0e t\u00eb vogla, p\u00ebrkat\u00ebsisht e vendimeve q\u00eb do t\u2019i kushtohen<\/p>\n<p>zhvillimit t\u00eb shpejtuar t\u00eb qytetit, do t\u00eb ndikojn\u00eb n\u00eb uljen e papun\u00ebsis\u00eb, n\u00eb p\u00ebrurimin cil\u00ebsor nd\u00ebrkomb\u00ebtar t\u00eb komun\u00ebs s\u00eb Ulqinit, n\u00eb ruajtjen e vlerave \u00a0t\u00eb mjedisit t\u00eb t\u00eb gjitha lokaliteteve natyrore dhe segmenteve t\u00eb tjera q\u00eb jan\u00eb me r\u00ebnd\u00ebsi t\u00eb dor\u00ebs s\u00eb par\u00eb p\u00ebr qytetar\u00ebt.<\/p>\n<p>PDS-ja tash nj\u00ebzet vjet zbaton politik\u00ebn e cila \u00ebsht\u00eb mish\u00ebrim i shum\u00eb kombeve dhe i shum\u00eb feve. Po ashtu \u00ebsht\u00eb i njohur edhe angazhimi yn\u00eb jo vet\u00ebm gjat\u00eb k\u00ebtij viti p\u00ebr mbrojtjen dhe p\u00ebrurimin e t\u00eb drejtave dhe interesave t\u00eb popujve pakic\u00eb n\u00eb Malin e Zi.<\/p>\n<p>Me p\u00ebrurimin e k\u00ebtyre kat\u00ebr shtyllave t\u00eb programit ton\u00eb d\u00ebshmojm\u00eb se vet\u00ebm PARTIA SOCIALDEMOKRATE P\u00cbRS\u00cbRI \u00cbSHT\u00cb ZGJIDHJE E PAST\u00cbR!!!<\/p>\n<p>P\u00ebr k\u00ebt\u00eb arsye n\u00ebse d\u00ebshironi q\u00eb t\u00eb diel\u00ebn, m\u00eb 17 tetor t\u00eb nisin ndryshimet dhe fillimi i ri q\u00eb t\u00eb gjith\u00eb neve na garanton t\u00eb ardhme m\u00eb t\u00eb mir\u00eb, rrumbullaksoni nr. 8 n\u00eb flet\u00ebn e votimit.<\/p>\n<p><a href=\"http:\/\/www.visit-ulcinj.com\/blog\/wp-content\/uploads\/2010\/10\/SDO-Ulcinj-PSD-Ulqin.1.jpg\"><img loading=\"lazy\" class=\"alignleft size-full wp-image-37949\" title=\"SDO Ulcinj - PSD Ulqin.1\" src=\"http:\/\/www.visit-ulcinj.com\/blog\/wp-content\/uploads\/2010\/10\/SDO-Ulcinj-PSD-Ulqin.1.jpg\" alt=\"\" width=\"490\" height=\"380\" \/><\/a><\/p>\n<p><strong>Forumi i grave<\/strong><\/p>\n<p><strong>Forumi i grave insiston qe prania jone ne jeten politike eshte dicka e domosdoshme..<\/strong><\/p>\n<p>Ne grate e kemi pasur mbeshtetjen e plote te partise sone gje qe tregon edhe lista per kshilltar ne te cilen jane te prefshfira me teper se 20 % te grave. Kjo eshte merite e jona, por edhe merite e kolegve tone , te cilet e kuptojne se sa e madhe eshte nevoja e angazhimit dhe e perfshirjes tone ne jeten politike te qytetit dhe ne vendet e marrjes se vendimeve.<\/p>\n<p>Eni te punojme te gjitha se bashku. Numri me i madh i grave te arsimuara dhe te emancipuara ne vendet e marrjes se vendimeve do te mundesoje afirmimin e jone te plote profesional dhe personal dhe do te jape kontributin e europeizimit te parlamentit lokal dhe te strukturave urbane.<\/p>\n<p><strong>Bart\u00ebs t\u00eb list\u00ebs t\u00eb Partis Socialdemokrate (PSD) Ulqin<\/strong><\/p>\n<p>Selim Resulbegoviq, Skender Elezagiq, Merita Subashiq-Shabanoviq, Minir Karamanaga, Halil Teliq, Naser Resulbegoviq, Ilirijana Kurtoviq, Ardian Kasneqi, Vuksan Vuksanoviq, Qazim Qaki Hoxhiq, Shuqurija Resulbegoviq, Fejzi Hoxha, Xhavid Hoxhiq, Ibrahim Bimo Cungu, dr Gani Karamanaga, Sabri Abo Zejnelaga, Indira Axhemoviq, Safet Haxhiibrahimi, Muhamed Nikeziq, Fejzi Bushatliq, Selatin Tino Jakupoviq, Dijana \u00c7aushiq, Tereza Jacoviq, dr Fatmir Faqo Resulbegoviq, Adem Hidriq, SHuqurija Kahari, Arijeta Salaj, Muxhemina Xhemka Bambur, Haris Hari Hasanagiq, Nedim Hoxhiq, Zoran Gjakonoviq ,Qemal Banda.<\/p>\n<p><strong><a href=\"mailto:sdpul@t-com.me\" target=\"_blank\">sdpul@t-com.me<\/a><\/strong><\/p>\n<p><strong>ARDIJAN KASNECI &#8211; PRESS<br \/>\n<\/strong><strong>P\u00ebr \u00e7do shkurtim klikoni ne logon e partis ne fillim t\u00eb faqes  principale <\/strong><br \/>\n<strong><!--YouTube Error: bad URL entered--><br \/>\n<\/strong><\/p>\n<p><strong> <\/strong><strong>T\u00eb rinjt\u00eb p\u00ebr t\u00eb ardhmen pa marr parasysh\u00eb perkat\u00ebsin\u00eb<\/strong><\/p>\n<p>T\u00eb nderuar qytetar edhe nj\u00ebher\u00eb ju perkujtoj se n\u00eb k\u00ebto zgjedhje ju do t\u00eb vendosni se cil\u00ebt njer\u00ebz n\u00eb em\u00ebr tuaj do ta udh\u00ebheqin qytetin dhe do t\u00eb ken\u00eb mund\u00ebsi te b\u00ebjn\u00eb vendime t\u00eb r\u00ebnd\u00ebsishme p\u00ebr t\u00eb gjith\u00eb ne. Ju b\u00ebj thirje q\u00eb mir\u00eb t\u2019i shikoni listat qe ju ofrohen dhe vot\u00ebn tuaj t\u2019ja jepni atyre p\u00ebr t\u00eb cil\u00ebt jeni t\u00eb sigurt se disponojn\u00eb me dije dhe kredibilitet t\u00eb mjaftuesh\u00ebm q\u00eb at\u00eb q\u00eb premtojn\u00eb edhe ta realizojn\u00eb.<\/p>\n<p>Partia socialdemokrate e Ulqinit lufton p\u00ebr ndryshime t\u00eb v\u00ebrteta, pa marr parasysh se kush do ta formoj pushtetin. Nd\u00ebrrimi I njer\u00ebzve n\u00eb pushtet nuk do t\u00eb thot\u00eb automatikisht\u00a0 edhe nd\u00ebrrim t\u00eb konceptit t\u00eb udh\u00ebheqjes s\u00eb komun\u00ebs, \u00e7ka deshirojm\u00eb \u00a0ne. Ne do t\u00eb jemi pjes\u00eb \u00a0vet\u00ebm e atij pushteti I cili n\u00eb vend t\u00eb par\u00eb do ti ket\u00eb interesat e qytetarve t\u00eb Ulqinit.<\/p>\n<p>Para jush me 17 tetor \u00ebsht\u00eb zgjedhje e thjesht\u00eb. Vota p\u00ebr Partin\u00eb socialdemokrate do t\u00eb thot\u00eb \u00a0nj\u00eb mund\u00ebsi m\u00eb e madhe p\u00ebr ndryshime dhe ato do t\u00eb ndodhin n\u00ebse e degjojm\u00eb z\u00ebrin e t\u00eb rinjve dhe p\u00ebr k\u00ebt\u00eb shkak do ti p\u00ebrmend disa t\u00eb ri t\u00eb cil\u00ebt, me angazhimin e vet deri tani e kan\u00eb rekomanduar\u00a0 veten pa marr parasysh se kujt i perkasin:<\/p>\n<p>Mustafa Canka, Dritan Abazi, Andrej Nikolaidis, Vuksan Vuksanovic, Ilirijana Cungu,\u00a0 Naser Resulbegu, Merita Subasic ,Pranvera Suljic, Valon Buzuku, Sandro Dabovic, Aslan Hajdinaga, Fikret Katana, Gzim Hadzibeti e t\u00eb tjer\u00eb e tjer\u00eb, t\u00eb cil\u00ebt me pun\u00ebn e vet deri tani e kan\u00eb treguar se kan\u00eb besim n\u00eb vete dhe\u00a0 se e duan qytetin e vet dhe jan\u00eb gjithmon\u00eb t\u00eb gatsh\u00ebm t\u00eb ndihmojn. Promovimi i t\u00eb gjith\u00eb k\u00ebtyre do t\u00eb thot\u00eb\u00a0 ndryshime pozitive p\u00ebr t\u00eb gjith\u00eb ne.<\/p>\n<p>Me votat tuaja do te na \u00a0mund\u00ebsoni t\u00eb formojm\u00eb ekipin m\u00eb t\u00eb mir\u00eb dhe ta cojm\u00eb Ulqinin n\u00eb rrug\u00ebn e fitimit.<\/p>\n<p><strong>K\u00ebsaj her\u00eb numri juaj fitues \u00ebsht\u00eb numri 8.<\/strong><\/p>\n<p><strong><br \/>\n<\/strong><\/p>\n","protected":false},"excerpt":{"rendered":"<p>Politika te cilen e ofron PSD qytetarve te Ulqinit , u mundson angazhim me te madh dhe me kualitativ te rinjve ne kualifikim te larte arsimor si dhe promovimin dhe permbushjen e tendencave dhe kualiteteve te tyre profesionale dhe personale. Koncepti i ri, i udheheqesis komunale, i PSD-es\u00a0 nenkupton angazhim me te madh\u00a0 dhe me [&hellip;]<\/p>\n","protected":false},"author":1,"featured_media":0,"comment_status":"open","ping_status":"closed","sticky":false,"template":"","format":"standard","meta":{"spay_email":"","jetpack_publicize_message":"","jetpack_is_tweetstorm":false,"jetpack_publicize_feature_enabled":true},"categories":[6],"tags":[15768,15754,14553,15747,15765,15767,10250,15763,12141,15751,15771,14540,15753,15760,22010,15749,15750,15762,15770,15752,15772,14448,15756,15774,15759,15761,15764,1055,14387,15769,15757,15748,15766,18,15755,15758,15773],"jetpack_publicize_connections":[],"yoast_head":"<!-- This site is optimized with the Yoast SEO plugin v19.1 - https:\/\/yoast.com\/wordpress\/plugins\/seo\/ -->\n<title>Selim Resulbegoviq - bart\u00ebs i list\u00ebs t\u00eb Partis Socialdemokrate (PSD) Ulqin - Lajme nga Ulqini<\/title>\n<meta name=\"description\" content=\"Politika te cilen e ofron PSD qytetarve te Ulqinit , u mundson angazhim me te madh dhe me kualitativ te rinjve ne kualifikim te larte arsimor si dhe\" \/>\n<meta name=\"robots\" content=\"index, follow, max-snippet:-1, max-image-preview:large, max-video-preview:-1\" \/>\n<link rel=\"canonical\" href=\"https:\/\/www.visit-ulcinj.com\/blog\/2010\/10\/03\/selim-resulbegoviq-bartes-i-listes-te-partis-socialdemokrate-psd-ulqin\/\" \/>\n<meta property=\"og:locale\" content=\"en_US\" \/>\n<meta property=\"og:type\" content=\"article\" \/>\n<meta property=\"og:title\" content=\"Selim Resulbegoviq - bart\u00ebs i list\u00ebs t\u00eb Partis Socialdemokrate (PSD) Ulqin - Lajme nga Ulqini\" \/>\n<meta property=\"og:description\" content=\"Politika te cilen e ofron PSD qytetarve te Ulqinit , u mundson angazhim me te madh dhe me kualitativ te rinjve ne kualifikim te larte arsimor si dhe\" \/>\n<meta property=\"og:url\" content=\"https:\/\/www.visit-ulcinj.com\/blog\/2010\/10\/03\/selim-resulbegoviq-bartes-i-listes-te-partis-socialdemokrate-psd-ulqin\/\" \/>\n<meta property=\"og:site_name\" content=\"Lajme nga Ulqini\" \/>\n<meta property=\"article:published_time\" content=\"2010-10-03T18:43:53+00:00\" \/>\n<meta property=\"article:modified_time\" content=\"2010-10-16T18:26:33+00:00\" \/>\n<meta property=\"og:image\" content=\"http:\/\/www.visit-ulcinj.com\/blog\/wp-content\/uploads\/2010\/10\/Partia-Socialdemokrate-PSD-Ulqin.jpg\" \/>\n<meta name=\"twitter:label1\" content=\"Written by\" \/>\n\t<meta name=\"twitter:data1\" content=\"ulqini\" \/>\n\t<meta name=\"twitter:label2\" content=\"Est. reading time\" \/>\n\t<meta name=\"twitter:data2\" content=\"6 minutes\" \/>\n<script type=\"application\/ld+json\" class=\"yoast-schema-graph\">{\"@context\":\"https:\/\/schema.org\",\"@graph\":[{\"@type\":\"WebSite\",\"@id\":\"https:\/\/www.visit-ulcinj.com\/blog\/#website\",\"url\":\"https:\/\/www.visit-ulcinj.com\/blog\/\",\"name\":\"Lajme nga Ulqini\",\"description\":\"Lajme,Vijesti,Ulqini,Ulqin,Crna Gora,Mali i Zi\",\"potentialAction\":[{\"@type\":\"SearchAction\",\"target\":{\"@type\":\"EntryPoint\",\"urlTemplate\":\"https:\/\/www.visit-ulcinj.com\/blog\/?s={search_term_string}\"},\"query-input\":\"required name=search_term_string\"}],\"inLanguage\":\"en-US\"},{\"@type\":\"ImageObject\",\"inLanguage\":\"en-US\",\"@id\":\"https:\/\/www.visit-ulcinj.com\/blog\/2010\/10\/03\/selim-resulbegoviq-bartes-i-listes-te-partis-socialdemokrate-psd-ulqin\/#primaryimage\",\"url\":\"https:\/\/www.visit-ulcinj.com\/blog\/wp-content\/uploads\/2010\/10\/Partia-Socialdemokrate-PSD-Ulqin.jpg\",\"contentUrl\":\"https:\/\/www.visit-ulcinj.com\/blog\/wp-content\/uploads\/2010\/10\/Partia-Socialdemokrate-PSD-Ulqin.jpg\",\"width\":\"720\",\"height\":\"509\"},{\"@type\":\"WebPage\",\"@id\":\"https:\/\/www.visit-ulcinj.com\/blog\/2010\/10\/03\/selim-resulbegoviq-bartes-i-listes-te-partis-socialdemokrate-psd-ulqin\/#webpage\",\"url\":\"https:\/\/www.visit-ulcinj.com\/blog\/2010\/10\/03\/selim-resulbegoviq-bartes-i-listes-te-partis-socialdemokrate-psd-ulqin\/\",\"name\":\"Selim Resulbegoviq - bart\u00ebs i list\u00ebs t\u00eb Partis Socialdemokrate (PSD) Ulqin - Lajme nga Ulqini\",\"isPartOf\":{\"@id\":\"https:\/\/www.visit-ulcinj.com\/blog\/#website\"},\"primaryImageOfPage\":{\"@id\":\"https:\/\/www.visit-ulcinj.com\/blog\/2010\/10\/03\/selim-resulbegoviq-bartes-i-listes-te-partis-socialdemokrate-psd-ulqin\/#primaryimage\"},\"datePublished\":\"2010-10-03T18:43:53+00:00\",\"dateModified\":\"2010-10-16T18:26:33+00:00\",\"author\":{\"@id\":\"https:\/\/www.visit-ulcinj.com\/blog\/#\/schema\/person\/dcab619c614d3038751c63bc2aadc06d\"},\"description\":\"Politika te cilen e ofron PSD qytetarve te Ulqinit , u mundson angazhim me te madh dhe me kualitativ te rinjve ne kualifikim te larte arsimor si dhe\",\"breadcrumb\":{\"@id\":\"https:\/\/www.visit-ulcinj.com\/blog\/2010\/10\/03\/selim-resulbegoviq-bartes-i-listes-te-partis-socialdemokrate-psd-ulqin\/#breadcrumb\"},\"inLanguage\":\"en-US\",\"potentialAction\":[{\"@type\":\"ReadAction\",\"target\":[\"https:\/\/www.visit-ulcinj.com\/blog\/2010\/10\/03\/selim-resulbegoviq-bartes-i-listes-te-partis-socialdemokrate-psd-ulqin\/\"]}]},{\"@type\":\"BreadcrumbList\",\"@id\":\"https:\/\/www.visit-ulcinj.com\/blog\/2010\/10\/03\/selim-resulbegoviq-bartes-i-listes-te-partis-socialdemokrate-psd-ulqin\/#breadcrumb\",\"itemListElement\":[{\"@type\":\"ListItem\",\"position\":1,\"name\":\"Selim Resulbegoviq &#8211; bart\u00ebs i list\u00ebs t\u00eb Partis Socialdemokrate (PSD) Ulqin\"}]},{\"@type\":\"Person\",\"@id\":\"https:\/\/www.visit-ulcinj.com\/blog\/#\/schema\/person\/dcab619c614d3038751c63bc2aadc06d\",\"name\":\"ulqini\",\"sameAs\":[\"http:\/\/www.visit-ulcinj.com\"],\"url\":\"https:\/\/www.visit-ulcinj.com\/blog\/author\/admin\/\"}]}<\/script>\n<!-- \/ Yoast SEO plugin. -->","yoast_head_json":{"title":"Selim Resulbegoviq - bart\u00ebs i list\u00ebs t\u00eb Partis Socialdemokrate (PSD) Ulqin - Lajme nga Ulqini","description":"Politika te cilen e ofron PSD qytetarve te Ulqinit , u mundson angazhim me te madh dhe me kualitativ te rinjve ne kualifikim te larte arsimor si dhe","robots":{"index":"index","follow":"follow","max-snippet":"max-snippet:-1","max-image-preview":"max-image-preview:large","max-video-preview":"max-video-preview:-1"},"canonical":"https:\/\/www.visit-ulcinj.com\/blog\/2010\/10\/03\/selim-resulbegoviq-bartes-i-listes-te-partis-socialdemokrate-psd-ulqin\/","og_locale":"en_US","og_type":"article","og_title":"Selim Resulbegoviq - bart\u00ebs i list\u00ebs t\u00eb Partis Socialdemokrate (PSD) Ulqin - Lajme nga Ulqini","og_description":"Politika te cilen e ofron PSD qytetarve te Ulqinit , u mundson angazhim me te madh dhe me kualitativ te rinjve ne kualifikim te larte arsimor si dhe","og_url":"https:\/\/www.visit-ulcinj.com\/blog\/2010\/10\/03\/selim-resulbegoviq-bartes-i-listes-te-partis-socialdemokrate-psd-ulqin\/","og_site_name":"Lajme nga Ulqini","article_published_time":"2010-10-03T18:43:53+00:00","article_modified_time":"2010-10-16T18:26:33+00:00","og_image":[{"url":"http:\/\/www.visit-ulcinj.com\/blog\/wp-content\/uploads\/2010\/10\/Partia-Socialdemokrate-PSD-Ulqin.jpg"}],"twitter_misc":{"Written by":"ulqini","Est. reading time":"6 minutes"},"schema":{"@context":"https:\/\/schema.org","@graph":[{"@type":"WebSite","@id":"https:\/\/www.visit-ulcinj.com\/blog\/#website","url":"https:\/\/www.visit-ulcinj.com\/blog\/","name":"Lajme nga Ulqini","description":"Lajme,Vijesti,Ulqini,Ulqin,Crna Gora,Mali i Zi","potentialAction":[{"@type":"SearchAction","target":{"@type":"EntryPoint","urlTemplate":"https:\/\/www.visit-ulcinj.com\/blog\/?s={search_term_string}"},"query-input":"required name=search_term_string"}],"inLanguage":"en-US"},{"@type":"ImageObject","inLanguage":"en-US","@id":"https:\/\/www.visit-ulcinj.com\/blog\/2010\/10\/03\/selim-resulbegoviq-bartes-i-listes-te-partis-socialdemokrate-psd-ulqin\/#primaryimage","url":"https:\/\/www.visit-ulcinj.com\/blog\/wp-content\/uploads\/2010\/10\/Partia-Socialdemokrate-PSD-Ulqin.jpg","contentUrl":"https:\/\/www.visit-ulcinj.com\/blog\/wp-content\/uploads\/2010\/10\/Partia-Socialdemokrate-PSD-Ulqin.jpg","width":"720","height":"509"},{"@type":"WebPage","@id":"https:\/\/www.visit-ulcinj.com\/blog\/2010\/10\/03\/selim-resulbegoviq-bartes-i-listes-te-partis-socialdemokrate-psd-ulqin\/#webpage","url":"https:\/\/www.visit-ulcinj.com\/blog\/2010\/10\/03\/selim-resulbegoviq-bartes-i-listes-te-partis-socialdemokrate-psd-ulqin\/","name":"Selim Resulbegoviq - bart\u00ebs i list\u00ebs t\u00eb Partis Socialdemokrate (PSD) Ulqin - Lajme nga Ulqini","isPartOf":{"@id":"https:\/\/www.visit-ulcinj.com\/blog\/#website"},"primaryImageOfPage":{"@id":"https:\/\/www.visit-ulcinj.com\/blog\/2010\/10\/03\/selim-resulbegoviq-bartes-i-listes-te-partis-socialdemokrate-psd-ulqin\/#primaryimage"},"datePublished":"2010-10-03T18:43:53+00:00","dateModified":"2010-10-16T18:26:33+00:00","author":{"@id":"https:\/\/www.visit-ulcinj.com\/blog\/#\/schema\/person\/dcab619c614d3038751c63bc2aadc06d"},"description":"Politika te cilen e ofron PSD qytetarve te Ulqinit , u mundson angazhim me te madh dhe me kualitativ te rinjve ne kualifikim te larte arsimor si dhe","breadcrumb":{"@id":"https:\/\/www.visit-ulcinj.com\/blog\/2010\/10\/03\/selim-resulbegoviq-bartes-i-listes-te-partis-socialdemokrate-psd-ulqin\/#breadcrumb"},"inLanguage":"en-US","potentialAction":[{"@type":"ReadAction","target":["https:\/\/www.visit-ulcinj.com\/blog\/2010\/10\/03\/selim-resulbegoviq-bartes-i-listes-te-partis-socialdemokrate-psd-ulqin\/"]}]},{"@type":"BreadcrumbList","@id":"https:\/\/www.visit-ulcinj.com\/blog\/2010\/10\/03\/selim-resulbegoviq-bartes-i-listes-te-partis-socialdemokrate-psd-ulqin\/#breadcrumb","itemListElement":[{"@type":"ListItem","position":1,"name":"Selim Resulbegoviq &#8211; bart\u00ebs i list\u00ebs t\u00eb Partis Socialdemokrate (PSD) Ulqin"}]},{"@type":"Person","@id":"https:\/\/www.visit-ulcinj.com\/blog\/#\/schema\/person\/dcab619c614d3038751c63bc2aadc06d","name":"ulqini","sameAs":["http:\/\/www.visit-ulcinj.com"],"url":"https:\/\/www.visit-ulcinj.com\/blog\/author\/admin\/"}]}},"jetpack_featured_media_url":"","jetpack_sharing_enabled":true,"jetpack_shortlink":"https:\/\/wp.me\/pe6lTn-9S1","_links":{"self":[{"href":"https:\/\/www.visit-ulcinj.com\/blog\/wp-json\/wp\/v2\/posts\/37945"}],"collection":[{"href":"https:\/\/www.visit-ulcinj.com\/blog\/wp-json\/wp\/v2\/posts"}],"about":[{"href":"https:\/\/www.visit-ulcinj.com\/blog\/wp-json\/wp\/v2\/types\/post"}],"author":[{"embeddable":true,"href":"https:\/\/www.visit-ulcinj.com\/blog\/wp-json\/wp\/v2\/users\/1"}],"replies":[{"embeddable":true,"href":"https:\/\/www.visit-ulcinj.com\/blog\/wp-json\/wp\/v2\/comments?post=37945"}],"version-history":[{"count":0,"href":"https:\/\/www.visit-ulcinj.com\/blog\/wp-json\/wp\/v2\/posts\/37945\/revisions"}],"wp:attachment":[{"href":"https:\/\/www.visit-ulcinj.com\/blog\/wp-json\/wp\/v2\/media?parent=37945"}],"wp:term":[{"taxonomy":"category","embeddable":true,"href":"https:\/\/www.visit-ulcinj.com\/blog\/wp-json\/wp\/v2\/categories?post=37945"},{"taxonomy":"post_tag","embeddable":true,"href":"https:\/\/www.visit-ulcinj.com\/blog\/wp-json\/wp\/v2\/tags?post=37945"}],"curies":[{"name":"wp","href":"https:\/\/api.w.org\/{rel}","templated":true}]}}