{"id":380,"date":"2008-02-05T01:45:19","date_gmt":"2008-02-05T06:45:19","guid":{"rendered":"http:\/\/www.visit-ulcinj.com\/blog\/2008\/02\/05\/vucinic-i-nimani-ne-stede-za-praznike\/"},"modified":"2008-02-12T20:33:33","modified_gmt":"2008-02-13T01:33:33","slug":"vucinic-i-nimani-ne-stede-za-praznike","status":"publish","type":"post","link":"https:\/\/www.visit-ulcinj.com\/blog\/2008\/02\/05\/vucinic-i-nimani-ne-stede-za-praznike\/","title":{"rendered":"Vu?ini? i Nimani ne \u0161tede za praznike"},"content":{"rendered":"<p><img loading=\"lazy\" src=\"http:\/\/membres.lycos.fr\/ulcinj\/hpbimg\/FUAT-NIMANI1.jpg\" align=\"left\" height=\"176\" hspace=\"2\" vspace=\"2\" width=\"220\" \/><font><font style=\"font-size: 9pt; font-family: Verdana; text-decoration: none\"><strong>KOLIKO SU  POJEDINE DR\u017dAVNE INSTITUCIJE POTRO\u0160ILE NOVCA NA REKLAMU I ?ESTITKE ZA NOVU  GODINU<\/strong><\/font><\/font><\/p>\n<p align=\"justify\"><font><font style=\"font-size: 8pt; font-family: Verdana\">Podgorica  &#8211; Na ?estitanje novogodi\u0161njih i drugih praznika 21 institucija iz bud\u017eeta  potro\u0161ila je 25,290 eura.<br \/>\nTo proizilazi iz odgovora dr\u017eavnih institucija  Fondaciji za stipendiranje Roma(FSR) &#8211; Institut socijalne inkluzije.<\/font><\/font><!--more--><font><font style=\"font-size: 8pt; font-family: Verdana\"><br \/>\nTa NVO  uputila je na adrese 40 dr\u017eavnih organa zahtjev o slobodnom pristupu  informacijama radi istra\u017eivanja o tro\u0161kovima reklamiranja dr\u017eavnih organa i  institucija.<br \/>\nKako nije odgovorilo 19 dr\u017eavnih organa, FSR je krajem pro\u0161le  sedmice ponovo zahtijevao odgovore od kabineta predsjednika Crne Gore,  Skup\u0161tine, Glavnog grada, te ministarstava pravde, finansija, kulture, prosvjete  i nauke, Ministarstva za ekonomski razvoj, Uprave carina&#8230;.<br \/>\nOd institucija  koje su poslale odgovor najvi\u0161e sredstava za ?estike potro\u0161ilo je Ministarstvo  odbrane. Taj vladin resor je saop\u0161tio da je za promociju Vojske i spot sa  novogodi\u0161njom ?estitkom na ra?une TV Crne Gore i TV IN uplatilo oko 7 hiljada  eura, dok je za novogodi\u0161nju ?estitiku gra?anima u ?etiri dnevna lista izdvojilo  oko 1, 5 hiljada eura.<br \/>\nNa drugom mjestu je Ministarstvo za za\u0161titu ljudskih i  manjinskih prava koje je potro\u0161ilo 5, 9 hiljada eura od ?ega je na ra?un Radio  Elita Ulcinj uplatilo 3, 8 hiljade eura i 1, 3 hiljada eura RTCG.<br \/>\nMinistarstvo inostranih poslova u odgovoru FSR je navelo da je za izradu  novogodi\u0161njih ?estitki izdvojilo 2, 9 hiljada eura, pri ?emu je uredno prilo\u017eilo  fakture agencije MAPA.<br \/>\nUtro\u0161ak Direcije za javne nabavke &#8220;na ime  novogodi\u0161njeg programa&#8221; iznosio je 1,260 eura, dok je Dr\u017eavni arhiv za \u0161tampanje  i izradu kalendara, ?estitki, rokovnika ukupno potro\u0161io 1,080 eura.<br \/>\nUprava  pomorske sigurnosti za kalendare i fascikle izdvojila je oko hiljadu eura, a  Zavod za statistiku ?estitke i kalendari ko\u0161tali su 959 eura. Za ?estike povodom  novogodi\u0161njih i vjerskih praznika Uprava policije izdvojila je 915 eura.<br \/>\nOd  institucija koje su odgovorile FSR najmanji tro\u0161ak imala je Uprava za  antikorupcijsku inicijativu &#8211; 14, 5 eura, dok su Sekretarijat za razvoj, Uprava  za vode, Direkcija javnih radova i Seizmolo\u0161ki zavod saop\u0161tili da nijesu tro\u0161ili  bud\u017eetska sredstva za novogodi\u0161nje ?estitke.<br \/>\nRukovodilac istra\u017eivanja  Andrija ?ukanovi? kazao je da je, na osnovu preliminarnih rezultata, pohvalno to  \u0161to se dio dr\u017eavnih organa odlu?io da novogodi\u0161nje ?estitke nabavi od  organizacija lica sa hendikepom, ali da je &#8220;neprihvatljivo malo&#8221; onih koji su to  u?inili.<br \/>\n&#8220;Prema raspolo\u017eivim informacijama samo su Ministarstvo  poljoprivrede, \u0161umarstva i vodoprivrede, Ministarstvo turizma i za\u0161tite \u017eivotne  sredine i Veterinarska uprava nabavku ?estitki obavili od grupa koje okupljaju  lica sa hendikepom. Tako?e, Uprava za kadrove je kupila ?estitke od UNICEF-a,  \u0161to je tako?e za pohvalu. Na ove vrste ?estitki ukupno su utro\u0161ili 1,357 eura&#8221;,  precizirao je ?ukanovi?.<br \/>\nOn je naglasio da bi 30 Roma i Egip?ana koji  poha?aju srednju \u0161kolu tokom prvog polugodi\u0161ta moglo primati mjese?nu stipendiju  od 70 eura da su tro\u0161kovi reklamiranja dr\u017eavnih organa za novogodi\u0161nje praznike  bili ni\u017ei samo za jednu tre?inu.<br \/>\n?ukanovi? je najavio da ?e FSR od novog  premijera zatra\u017eiti da se li?no postara da tro\u0161kovi za reklamiranje budu  &#8220;racionalniji i smi\u0161ljeniji&#8221;, te da se ubudu?e nabavka neophodnih ?estitki  obavlja od NVO i drugih pravnih lica koji rade sa marginalizovanim grupama kako  bi podstakli i konkretno pomogli radno anga\u017eovanje lica sa  invaliditetom.<br \/>\n<\/font><\/font><\/p>\n<p><font><font style=\"font-size: 8pt; font-family: Verdana\"> <\/font><\/font><\/p>\n<p align=\"justify\"><font><font style=\"font-size: 8pt; font-family: Verdana\"><em>V.\u017d.<\/em><\/font><\/font><\/p>\n<p align=\"justify\">www.vijesti.cg.yu<\/p>\n<p><font><font style=\"font-size: 8pt; font-family: Verdana\"><br \/>\n<\/font><\/font><\/p>\n<p align=\"right\"><font><font style=\"font-size: 8pt; font-family: Verdana\"><em><br \/>\n<\/em><\/font><\/font><\/p>\n","protected":false},"excerpt":{"rendered":"<p><img loading=\"lazy\" src=\"http:\/\/membres.lycos.fr\/ulcinj\/hpbimg\/FUAT-NIMANI1.jpg\" height=\"140\" width=\"140\" \/><\/p>\n","protected":false},"author":1,"featured_media":0,"comment_status":"open","ping_status":"closed","sticky":false,"template":"","format":"standard","meta":{"spay_email":"","jetpack_publicize_message":"","jetpack_is_tweetstorm":false,"jetpack_publicize_feature_enabled":true},"categories":[1],"tags":[1287,108,107,106,112,113,111,110,109,19],"jetpack_publicize_connections":[],"yoast_head":"<!-- This site is optimized with the Yoast SEO plugin v19.1 - https:\/\/yoast.com\/wordpress\/plugins\/seo\/ -->\n<title>Vu?ini? i Nimani ne \u0161tede za praznike - Lajme nga Ulqini<\/title>\n<meta name=\"robots\" content=\"index, follow, max-snippet:-1, max-image-preview:large, max-video-preview:-1\" \/>\n<link rel=\"canonical\" href=\"https:\/\/www.visit-ulcinj.com\/blog\/2008\/02\/05\/vucinic-i-nimani-ne-stede-za-praznike\/\" \/>\n<meta property=\"og:locale\" content=\"en_US\" \/>\n<meta property=\"og:type\" content=\"article\" \/>\n<meta property=\"og:title\" content=\"Vu?ini? i Nimani ne \u0161tede za praznike - Lajme nga Ulqini\" \/>\n<meta property=\"og:url\" content=\"https:\/\/www.visit-ulcinj.com\/blog\/2008\/02\/05\/vucinic-i-nimani-ne-stede-za-praznike\/\" \/>\n<meta property=\"og:site_name\" content=\"Lajme nga Ulqini\" \/>\n<meta property=\"article:published_time\" content=\"2008-02-05T06:45:19+00:00\" \/>\n<meta property=\"article:modified_time\" content=\"2008-02-13T01:33:33+00:00\" \/>\n<meta property=\"og:image\" content=\"http:\/\/membres.lycos.fr\/ulcinj\/hpbimg\/FUAT-NIMANI1.jpg\" \/>\n<meta name=\"twitter:label1\" content=\"Written by\" \/>\n\t<meta name=\"twitter:data1\" content=\"ulqini\" \/>\n\t<meta name=\"twitter:label2\" content=\"Est. reading time\" \/>\n\t<meta name=\"twitter:data2\" content=\"3 minutes\" \/>\n<script type=\"application\/ld+json\" class=\"yoast-schema-graph\">{\"@context\":\"https:\/\/schema.org\",\"@graph\":[{\"@type\":\"WebSite\",\"@id\":\"https:\/\/www.visit-ulcinj.com\/blog\/#website\",\"url\":\"https:\/\/www.visit-ulcinj.com\/blog\/\",\"name\":\"Lajme nga Ulqini\",\"description\":\"Lajme,Vijesti,Ulqini,Ulqin,Crna Gora,Mali i Zi\",\"potentialAction\":[{\"@type\":\"SearchAction\",\"target\":{\"@type\":\"EntryPoint\",\"urlTemplate\":\"https:\/\/www.visit-ulcinj.com\/blog\/?s={search_term_string}\"},\"query-input\":\"required name=search_term_string\"}],\"inLanguage\":\"en-US\"},{\"@type\":\"ImageObject\",\"inLanguage\":\"en-US\",\"@id\":\"https:\/\/www.visit-ulcinj.com\/blog\/2008\/02\/05\/vucinic-i-nimani-ne-stede-za-praznike\/#primaryimage\",\"url\":\"http:\/\/membres.lycos.fr\/ulcinj\/hpbimg\/FUAT-NIMANI1.jpg\",\"contentUrl\":\"http:\/\/membres.lycos.fr\/ulcinj\/hpbimg\/FUAT-NIMANI1.jpg\"},{\"@type\":\"WebPage\",\"@id\":\"https:\/\/www.visit-ulcinj.com\/blog\/2008\/02\/05\/vucinic-i-nimani-ne-stede-za-praznike\/#webpage\",\"url\":\"https:\/\/www.visit-ulcinj.com\/blog\/2008\/02\/05\/vucinic-i-nimani-ne-stede-za-praznike\/\",\"name\":\"Vu?ini? i Nimani ne \u0161tede za praznike - Lajme nga Ulqini\",\"isPartOf\":{\"@id\":\"https:\/\/www.visit-ulcinj.com\/blog\/#website\"},\"primaryImageOfPage\":{\"@id\":\"https:\/\/www.visit-ulcinj.com\/blog\/2008\/02\/05\/vucinic-i-nimani-ne-stede-za-praznike\/#primaryimage\"},\"datePublished\":\"2008-02-05T06:45:19+00:00\",\"dateModified\":\"2008-02-13T01:33:33+00:00\",\"author\":{\"@id\":\"https:\/\/www.visit-ulcinj.com\/blog\/#\/schema\/person\/dcab619c614d3038751c63bc2aadc06d\"},\"breadcrumb\":{\"@id\":\"https:\/\/www.visit-ulcinj.com\/blog\/2008\/02\/05\/vucinic-i-nimani-ne-stede-za-praznike\/#breadcrumb\"},\"inLanguage\":\"en-US\",\"potentialAction\":[{\"@type\":\"ReadAction\",\"target\":[\"https:\/\/www.visit-ulcinj.com\/blog\/2008\/02\/05\/vucinic-i-nimani-ne-stede-za-praznike\/\"]}]},{\"@type\":\"BreadcrumbList\",\"@id\":\"https:\/\/www.visit-ulcinj.com\/blog\/2008\/02\/05\/vucinic-i-nimani-ne-stede-za-praznike\/#breadcrumb\",\"itemListElement\":[{\"@type\":\"ListItem\",\"position\":1,\"name\":\"Vu?ini? i Nimani ne \u0161tede za praznike\"}]},{\"@type\":\"Person\",\"@id\":\"https:\/\/www.visit-ulcinj.com\/blog\/#\/schema\/person\/dcab619c614d3038751c63bc2aadc06d\",\"name\":\"ulqini\",\"sameAs\":[\"http:\/\/www.visit-ulcinj.com\"],\"url\":\"https:\/\/www.visit-ulcinj.com\/blog\/author\/admin\/\"}]}<\/script>\n<!-- \/ Yoast SEO plugin. -->","yoast_head_json":{"title":"Vu?ini? i Nimani ne \u0161tede za praznike - Lajme nga Ulqini","robots":{"index":"index","follow":"follow","max-snippet":"max-snippet:-1","max-image-preview":"max-image-preview:large","max-video-preview":"max-video-preview:-1"},"canonical":"https:\/\/www.visit-ulcinj.com\/blog\/2008\/02\/05\/vucinic-i-nimani-ne-stede-za-praznike\/","og_locale":"en_US","og_type":"article","og_title":"Vu?ini? i Nimani ne \u0161tede za praznike - Lajme nga Ulqini","og_url":"https:\/\/www.visit-ulcinj.com\/blog\/2008\/02\/05\/vucinic-i-nimani-ne-stede-za-praznike\/","og_site_name":"Lajme nga Ulqini","article_published_time":"2008-02-05T06:45:19+00:00","article_modified_time":"2008-02-13T01:33:33+00:00","og_image":[{"url":"http:\/\/membres.lycos.fr\/ulcinj\/hpbimg\/FUAT-NIMANI1.jpg"}],"twitter_misc":{"Written by":"ulqini","Est. reading time":"3 minutes"},"schema":{"@context":"https:\/\/schema.org","@graph":[{"@type":"WebSite","@id":"https:\/\/www.visit-ulcinj.com\/blog\/#website","url":"https:\/\/www.visit-ulcinj.com\/blog\/","name":"Lajme nga Ulqini","description":"Lajme,Vijesti,Ulqini,Ulqin,Crna Gora,Mali i Zi","potentialAction":[{"@type":"SearchAction","target":{"@type":"EntryPoint","urlTemplate":"https:\/\/www.visit-ulcinj.com\/blog\/?s={search_term_string}"},"query-input":"required name=search_term_string"}],"inLanguage":"en-US"},{"@type":"ImageObject","inLanguage":"en-US","@id":"https:\/\/www.visit-ulcinj.com\/blog\/2008\/02\/05\/vucinic-i-nimani-ne-stede-za-praznike\/#primaryimage","url":"http:\/\/membres.lycos.fr\/ulcinj\/hpbimg\/FUAT-NIMANI1.jpg","contentUrl":"http:\/\/membres.lycos.fr\/ulcinj\/hpbimg\/FUAT-NIMANI1.jpg"},{"@type":"WebPage","@id":"https:\/\/www.visit-ulcinj.com\/blog\/2008\/02\/05\/vucinic-i-nimani-ne-stede-za-praznike\/#webpage","url":"https:\/\/www.visit-ulcinj.com\/blog\/2008\/02\/05\/vucinic-i-nimani-ne-stede-za-praznike\/","name":"Vu?ini? i Nimani ne \u0161tede za praznike - Lajme nga Ulqini","isPartOf":{"@id":"https:\/\/www.visit-ulcinj.com\/blog\/#website"},"primaryImageOfPage":{"@id":"https:\/\/www.visit-ulcinj.com\/blog\/2008\/02\/05\/vucinic-i-nimani-ne-stede-za-praznike\/#primaryimage"},"datePublished":"2008-02-05T06:45:19+00:00","dateModified":"2008-02-13T01:33:33+00:00","author":{"@id":"https:\/\/www.visit-ulcinj.com\/blog\/#\/schema\/person\/dcab619c614d3038751c63bc2aadc06d"},"breadcrumb":{"@id":"https:\/\/www.visit-ulcinj.com\/blog\/2008\/02\/05\/vucinic-i-nimani-ne-stede-za-praznike\/#breadcrumb"},"inLanguage":"en-US","potentialAction":[{"@type":"ReadAction","target":["https:\/\/www.visit-ulcinj.com\/blog\/2008\/02\/05\/vucinic-i-nimani-ne-stede-za-praznike\/"]}]},{"@type":"BreadcrumbList","@id":"https:\/\/www.visit-ulcinj.com\/blog\/2008\/02\/05\/vucinic-i-nimani-ne-stede-za-praznike\/#breadcrumb","itemListElement":[{"@type":"ListItem","position":1,"name":"Vu?ini? i Nimani ne \u0161tede za praznike"}]},{"@type":"Person","@id":"https:\/\/www.visit-ulcinj.com\/blog\/#\/schema\/person\/dcab619c614d3038751c63bc2aadc06d","name":"ulqini","sameAs":["http:\/\/www.visit-ulcinj.com"],"url":"https:\/\/www.visit-ulcinj.com\/blog\/author\/admin\/"}]}},"jetpack_featured_media_url":"","jetpack_sharing_enabled":true,"jetpack_shortlink":"https:\/\/wp.me\/pe6lTn-68","_links":{"self":[{"href":"https:\/\/www.visit-ulcinj.com\/blog\/wp-json\/wp\/v2\/posts\/380"}],"collection":[{"href":"https:\/\/www.visit-ulcinj.com\/blog\/wp-json\/wp\/v2\/posts"}],"about":[{"href":"https:\/\/www.visit-ulcinj.com\/blog\/wp-json\/wp\/v2\/types\/post"}],"author":[{"embeddable":true,"href":"https:\/\/www.visit-ulcinj.com\/blog\/wp-json\/wp\/v2\/users\/1"}],"replies":[{"embeddable":true,"href":"https:\/\/www.visit-ulcinj.com\/blog\/wp-json\/wp\/v2\/comments?post=380"}],"version-history":[{"count":0,"href":"https:\/\/www.visit-ulcinj.com\/blog\/wp-json\/wp\/v2\/posts\/380\/revisions"}],"wp:attachment":[{"href":"https:\/\/www.visit-ulcinj.com\/blog\/wp-json\/wp\/v2\/media?parent=380"}],"wp:term":[{"taxonomy":"category","embeddable":true,"href":"https:\/\/www.visit-ulcinj.com\/blog\/wp-json\/wp\/v2\/categories?post=380"},{"taxonomy":"post_tag","embeddable":true,"href":"https:\/\/www.visit-ulcinj.com\/blog\/wp-json\/wp\/v2\/tags?post=380"}],"curies":[{"name":"wp","href":"https:\/\/api.w.org\/{rel}","templated":true}]}}