{"id":38001,"date":"2010-10-04T18:24:01","date_gmt":"2010-10-04T16:24:01","guid":{"rendered":"http:\/\/www.visit-ulcinj.com\/blog\/?p=38001"},"modified":"2010-10-04T18:50:57","modified_gmt":"2010-10-04T16:50:57","slug":"ulqini-arkeologjik-2-monumente-te-lashta-dhe-atraktive","status":"publish","type":"post","link":"https:\/\/www.visit-ulcinj.com\/blog\/2010\/10\/04\/ulqini-arkeologjik-2-monumente-te-lashta-dhe-atraktive\/","title":{"rendered":"Ulqini arkeologjik (2), Monumente t\u00eb lashta dhe atraktive"},"content":{"rendered":"<p><strong><a href=\"http:\/\/www.visit-ulcinj.com\/blog\/wp-content\/uploads\/2010\/10\/Shpella-nen-Kala-te-Ulqinit.jpg\"><img loading=\"lazy\" class=\"alignleft size-full wp-image-38002\" title=\"Shpella nen Kala te Ulqinit\" src=\"http:\/\/www.visit-ulcinj.com\/blog\/wp-content\/uploads\/2010\/10\/Shpella-nen-Kala-te-Ulqinit.jpg\" alt=\"\" width=\"490\" height=\"380\" \/><\/a>G\u00ebrmimi i dherave duke b\u00ebr\u00eb t\u00eb dalin themelet e k\u00ebshtjell\u00ebs duke krijuar rrezik t\u00eb madh, duhet t\u00eb jet\u00eb shqet\u00ebsim shkencor dhe i pushtetit komunal, kurse, n\u00eb fund mendoj se\u00ebsht\u00eb kriminale q\u00eb nuk i \u00ebsht\u00eb kushtuar kujdes shpell\u00ebs n\u00ebn shk\u00ebmbin e k\u00ebshtjell\u00ebs, sepse shpella \u00ebsht\u00eb gjithashtu nj\u00eb mjedis q\u00eb grish turizmin kulturor n\u00eb qytetin e Ulqinit.<\/strong><\/p>\n<p>6. Mbishkrimi ne latinisht ne nje monument te copetuar ne kater fragmente murosur ne lartesine gati 3 metra majtas ne strukturen pas Portes veriore te Keshtjelles te personazhit historikt Delfino eshte nje dokument epigrafik i pabotuar dhe i paperkthyer ne shqip.<br \/>\n<a href=\"http:\/\/www.visit-ulcinj.com\/blog\/wp-content\/uploads\/2010\/10\/Xhamia-e-Pashes-me-hamam_ulqin.jpg\"><img loading=\"lazy\" class=\"alignleft size-full wp-image-38003\" title=\"Xhamia e Pashes me hamam_ulqin\" src=\"http:\/\/www.visit-ulcinj.com\/blog\/wp-content\/uploads\/2010\/10\/Xhamia-e-Pashes-me-hamam_ulqin.jpg\" alt=\"\" width=\"490\" height=\"373\" \/><\/a><\/p>\n<p>7. Ne hamamin e Ulqinit, nje monument me atraktivitet te madh turistik, ka gjurme te nje terme me te hershme. Ne murin e xhamise prane jane dy monumente: nje mbishkrim ne italishten venedikase dhe nje friz me mermer kristalik te bardhe te Parosit ku eshte skalitur nje rozete me cilesi artistike, qe i takon periudhes helenistike (shek. III p.e.s.).<br \/>\n<a href=\"http:\/\/www.visit-ulcinj.com\/blog\/wp-content\/uploads\/2010\/10\/Kroi-i-Gjeranave-Ulqin.jpg\"><img loading=\"lazy\" class=\"alignleft size-full wp-image-38004\" title=\"Kroi i Gjeranave-Ulqin\" src=\"http:\/\/www.visit-ulcinj.com\/blog\/wp-content\/uploads\/2010\/10\/Kroi-i-Gjeranave-Ulqin.jpg\" alt=\"\" width=\"490\" height=\"390\" \/><\/a><\/p>\n<p>8. Kroi i Gjeranave. Struktura ndertimore I takon nje ndertimi monumental te shekullit XV. Aty eshte nje steme heraldike qe ka te skalitur nje skud, ku eshte figura e qenit molos ose epiroto \u2013 ilir, simbol I besnikerise dhe qendrueshmerise. Kjo steme heraldike I ka takuar nje familjeje patricore te rendesishme ne Ulqin, vendase. Kjo steme duhet mbrojtur, per te mos u vjedhur dhe shkaterruar, duhet vendosur domosdoshmerisht ne nje mjedis te mbyllur muzeor, kurse nje kopje e stemes origjinale mund te vendoset te platform e kroit. Mbas platformes vura re tunelin e gdhendur ne shkemb, nje ndertim inxhinierik hidrik i shkelqyer. Ne teresi kjo fontane me steme eshte monument urban qe parakupton nje shesh dhe nje rruge perpara vetes. Nje germim arkeologjik pa dyshim i zbulon keto elemente ndertimore te lidhur me fontanen.<\/p>\n<p>9. Me 7 shtator 2010 se bashku me Ismet Kallaben, Gazmend Kovacin dhe Anton Lulgjurajn e vume ne jete nje ide te vjeter, per te zbuluar enigmen e relievit mbi murin ballor te keshtjelles prane molit. Relievi e gur te verdhe shtufor, i vendosur ne lartesi afer 12 metra nga niveli i bregut, ka nje figure te gdhendur te paidentifikuar deri me sot. Per cudi per kete reliev jane botuar shkrime duke supozuar se relievi eshte shume i vjeter dhe perfaqeson figuren e hyut ilir te ujerave, Bindit etj. Me ndihmen e nje shkalle zjarrfikesish u ngjita dhe e pashe shume afer relievin. Pashe qarte figuren e shqiponjes me krahet e hapura, me koken dhe sqepin djathtas. Figura e shqiponjes eshte demtuar nga erozioni. Per mua qe e qarte me ne fund se shqiponja e relievit eshte sipas standardit ikonografik te simbolit heraldik te Bizantit, te epokes se Justinianit te Madh (shek. VI). Simboli perandorak i shqiponjes se Bizantit ne formen e tij me te hershme me nje koke me sqepin djathtas, eshte nje zbulim dhe sqarim perfundimtar i enigmes se relievit kaq shume te diskutuar. I falenderoj miqte e mi, ulqinake, qe se bashku e beme \u201cekspediten\u201d e vogel te verifikimit okular, in situ te figures heraldike. Kjo shqiponje ne gur ka qene pjese perberese e nje monumenti brenda Kalase, eshte riperdorur me vone gjate rindertimit dhe restaurimit te keshtjelles venedikase te Ulqinit ne shekullin XV.<br \/>\n<a href=\"http:\/\/www.visit-ulcinj.com\/blog\/wp-content\/uploads\/2010\/10\/Germadhat-ne-kala-te-ulqinit.jpg\"><img loading=\"lazy\" class=\"alignleft size-full wp-image-38005\" title=\"Germadhat ne kala te ulqinit\" src=\"http:\/\/www.visit-ulcinj.com\/blog\/wp-content\/uploads\/2010\/10\/Germadhat-ne-kala-te-ulqinit.jpg\" alt=\"\" width=\"490\" height=\"380\" \/><\/a><\/p>\n<p>10. Vezhgimet e mia te mesiperme jane subjekte shkencore qe kerkojne thellim te metejshem. Po e perfundoj kete shkrim duke vene ne dukje se duhet pasur kujdes ne rrafshin arkeologjik. Muri mesjetar, ne hyrje te malit, pjese fortifikimi duhet shpallur monument kulture nen mbrojtjen e shtetit, germimi i dherave duke bere te dalin themelet e keshtjelles duke krijuar rrezik te madh, duhet te jete shqetesim shkencor dhe i pushtetit komunal, kurse, ne fund mendoj se eshte kriminale qe nuk i eshte kushtuar kujdes shpelles nen shkembin e keshtjelles, sepse shpella eshte gjithashtu nje mjedis qe grish turizmin kulturor ne qytetin e Ulqinit.<br \/>\n<a href=\"http:\/\/www.visit-ulcinj.com\/blog\/wp-content\/uploads\/2010\/10\/Germadhat-ne-kala-te-ulqinit.1.jpg\"><img loading=\"lazy\" class=\"alignleft size-full wp-image-38006\" title=\"Germadhat ne kala te ulqinit.1\" src=\"http:\/\/www.visit-ulcinj.com\/blog\/wp-content\/uploads\/2010\/10\/Germadhat-ne-kala-te-ulqinit.1.jpg\" alt=\"\" width=\"490\" height=\"380\" \/><\/a><\/p>\n<p><strong>N\u00eb hamamin e Ulqinit, nj\u00eb monument me atraktivitet t\u00eb madh turistik, ka gjurm\u00eb t\u00eb nj\u00eb terme m\u00eb t\u00eb hershme. N\u00eb murin e xhamis\u00eb pran\u00eb jan\u00eb dy monumente: nj\u00eb mbishkrim n\u00eb italishten venedikase dhe nj\u00eb friz me mermer kristalik t\u00eb bardh\u00eb t\u00eb Parosit ku \u00ebsht\u00eb skalitur nj\u00eb rozet\u00eb me cil\u00ebsi artistike, q\u00eb i takon periudh\u00ebs helenistike (shek. III p.e.s.).<\/strong><\/p>\n<p><strong>Dr. Moikom Zeqo<\/strong><br \/>\n<strong>Koha Javore<\/strong><br \/>\n<!--YouTube Error: bad URL entered--><\/p>\n","protected":false},"excerpt":{"rendered":"<p>G\u00ebrmimi i dherave duke b\u00ebr\u00eb t\u00eb dalin themelet e k\u00ebshtjell\u00ebs duke krijuar rrezik t\u00eb madh, duhet t\u00eb jet\u00eb shqet\u00ebsim shkencor dhe i pushtetit komunal, kurse, n\u00eb fund mendoj se\u00ebsht\u00eb kriminale q\u00eb nuk i \u00ebsht\u00eb kushtuar kujdes shpell\u00ebs n\u00ebn shk\u00ebmbin e k\u00ebshtjell\u00ebs, sepse shpella \u00ebsht\u00eb gjithashtu nj\u00eb mjedis q\u00eb grish turizmin kulturor n\u00eb qytetin e Ulqinit. [&hellip;]<\/p>\n","protected":false},"author":1,"featured_media":0,"comment_status":"open","ping_status":"closed","sticky":false,"template":"","format":"standard","meta":{"spay_email":"","jetpack_publicize_message":"","jetpack_is_tweetstorm":false,"jetpack_publicize_feature_enabled":true},"categories":[13],"tags":[15809,15808,15807,310,15806,15805,15804],"jetpack_publicize_connections":[],"yoast_head":"<!-- This site is optimized with the Yoast SEO plugin v19.1 - https:\/\/yoast.com\/wordpress\/plugins\/seo\/ -->\n<title>Ulqini arkeologjik (2), Monumente t\u00eb lashta dhe atraktive - Lajme nga Ulqini<\/title>\n<meta name=\"description\" content=\"G\u00ebrmimi i dherave duke b\u00ebr\u00eb t\u00eb dalin themelet e k\u00ebshtjell\u00ebs duke krijuar rrezik t\u00eb madh, duhet t\u00eb jet\u00eb shqet\u00ebsim shkencor dhe i pushtetit komunal, kurse,\" \/>\n<meta name=\"robots\" content=\"index, follow, max-snippet:-1, max-image-preview:large, max-video-preview:-1\" \/>\n<link rel=\"canonical\" href=\"https:\/\/www.visit-ulcinj.com\/blog\/2010\/10\/04\/ulqini-arkeologjik-2-monumente-te-lashta-dhe-atraktive\/\" \/>\n<meta property=\"og:locale\" content=\"en_US\" \/>\n<meta property=\"og:type\" content=\"article\" \/>\n<meta property=\"og:title\" content=\"Ulqini arkeologjik (2), Monumente t\u00eb lashta dhe atraktive - Lajme nga Ulqini\" \/>\n<meta property=\"og:description\" content=\"G\u00ebrmimi i dherave duke b\u00ebr\u00eb t\u00eb dalin themelet e k\u00ebshtjell\u00ebs duke krijuar rrezik t\u00eb madh, duhet t\u00eb jet\u00eb shqet\u00ebsim shkencor dhe i pushtetit komunal, kurse,\" \/>\n<meta property=\"og:url\" content=\"https:\/\/www.visit-ulcinj.com\/blog\/2010\/10\/04\/ulqini-arkeologjik-2-monumente-te-lashta-dhe-atraktive\/\" \/>\n<meta property=\"og:site_name\" content=\"Lajme nga Ulqini\" \/>\n<meta property=\"article:published_time\" content=\"2010-10-04T16:24:01+00:00\" \/>\n<meta property=\"article:modified_time\" content=\"2010-10-04T16:50:57+00:00\" \/>\n<meta property=\"og:image\" content=\"http:\/\/www.visit-ulcinj.com\/blog\/wp-content\/uploads\/2010\/10\/Shpella-nen-Kala-te-Ulqinit.jpg\" \/>\n<meta name=\"twitter:label1\" content=\"Written by\" \/>\n\t<meta name=\"twitter:data1\" content=\"ulqini\" \/>\n\t<meta name=\"twitter:label2\" content=\"Est. reading time\" \/>\n\t<meta name=\"twitter:data2\" content=\"4 minutes\" \/>\n<script type=\"application\/ld+json\" class=\"yoast-schema-graph\">{\"@context\":\"https:\/\/schema.org\",\"@graph\":[{\"@type\":\"WebSite\",\"@id\":\"https:\/\/www.visit-ulcinj.com\/blog\/#website\",\"url\":\"https:\/\/www.visit-ulcinj.com\/blog\/\",\"name\":\"Lajme nga Ulqini\",\"description\":\"Lajme,Vijesti,Ulqini,Ulqin,Crna Gora,Mali i Zi\",\"potentialAction\":[{\"@type\":\"SearchAction\",\"target\":{\"@type\":\"EntryPoint\",\"urlTemplate\":\"https:\/\/www.visit-ulcinj.com\/blog\/?s={search_term_string}\"},\"query-input\":\"required name=search_term_string\"}],\"inLanguage\":\"en-US\"},{\"@type\":\"ImageObject\",\"inLanguage\":\"en-US\",\"@id\":\"https:\/\/www.visit-ulcinj.com\/blog\/2010\/10\/04\/ulqini-arkeologjik-2-monumente-te-lashta-dhe-atraktive\/#primaryimage\",\"url\":\"https:\/\/www.visit-ulcinj.com\/blog\/wp-content\/uploads\/2010\/10\/Shpella-nen-Kala-te-Ulqinit.jpg\",\"contentUrl\":\"https:\/\/www.visit-ulcinj.com\/blog\/wp-content\/uploads\/2010\/10\/Shpella-nen-Kala-te-Ulqinit.jpg\",\"width\":\"640\",\"height\":\"480\"},{\"@type\":\"WebPage\",\"@id\":\"https:\/\/www.visit-ulcinj.com\/blog\/2010\/10\/04\/ulqini-arkeologjik-2-monumente-te-lashta-dhe-atraktive\/#webpage\",\"url\":\"https:\/\/www.visit-ulcinj.com\/blog\/2010\/10\/04\/ulqini-arkeologjik-2-monumente-te-lashta-dhe-atraktive\/\",\"name\":\"Ulqini arkeologjik (2), Monumente t\u00eb lashta dhe atraktive - Lajme nga Ulqini\",\"isPartOf\":{\"@id\":\"https:\/\/www.visit-ulcinj.com\/blog\/#website\"},\"primaryImageOfPage\":{\"@id\":\"https:\/\/www.visit-ulcinj.com\/blog\/2010\/10\/04\/ulqini-arkeologjik-2-monumente-te-lashta-dhe-atraktive\/#primaryimage\"},\"datePublished\":\"2010-10-04T16:24:01+00:00\",\"dateModified\":\"2010-10-04T16:50:57+00:00\",\"author\":{\"@id\":\"https:\/\/www.visit-ulcinj.com\/blog\/#\/schema\/person\/dcab619c614d3038751c63bc2aadc06d\"},\"description\":\"G\u00ebrmimi i dherave duke b\u00ebr\u00eb t\u00eb dalin themelet e k\u00ebshtjell\u00ebs duke krijuar rrezik t\u00eb madh, duhet t\u00eb jet\u00eb shqet\u00ebsim shkencor dhe i pushtetit komunal, kurse,\",\"breadcrumb\":{\"@id\":\"https:\/\/www.visit-ulcinj.com\/blog\/2010\/10\/04\/ulqini-arkeologjik-2-monumente-te-lashta-dhe-atraktive\/#breadcrumb\"},\"inLanguage\":\"en-US\",\"potentialAction\":[{\"@type\":\"ReadAction\",\"target\":[\"https:\/\/www.visit-ulcinj.com\/blog\/2010\/10\/04\/ulqini-arkeologjik-2-monumente-te-lashta-dhe-atraktive\/\"]}]},{\"@type\":\"BreadcrumbList\",\"@id\":\"https:\/\/www.visit-ulcinj.com\/blog\/2010\/10\/04\/ulqini-arkeologjik-2-monumente-te-lashta-dhe-atraktive\/#breadcrumb\",\"itemListElement\":[{\"@type\":\"ListItem\",\"position\":1,\"name\":\"Ulqini arkeologjik (2), Monumente t\u00eb lashta dhe atraktive\"}]},{\"@type\":\"Person\",\"@id\":\"https:\/\/www.visit-ulcinj.com\/blog\/#\/schema\/person\/dcab619c614d3038751c63bc2aadc06d\",\"name\":\"ulqini\",\"sameAs\":[\"http:\/\/www.visit-ulcinj.com\"],\"url\":\"https:\/\/www.visit-ulcinj.com\/blog\/author\/admin\/\"}]}<\/script>\n<!-- \/ Yoast SEO plugin. -->","yoast_head_json":{"title":"Ulqini arkeologjik (2), Monumente t\u00eb lashta dhe atraktive - Lajme nga Ulqini","description":"G\u00ebrmimi i dherave duke b\u00ebr\u00eb t\u00eb dalin themelet e k\u00ebshtjell\u00ebs duke krijuar rrezik t\u00eb madh, duhet t\u00eb jet\u00eb shqet\u00ebsim shkencor dhe i pushtetit komunal, kurse,","robots":{"index":"index","follow":"follow","max-snippet":"max-snippet:-1","max-image-preview":"max-image-preview:large","max-video-preview":"max-video-preview:-1"},"canonical":"https:\/\/www.visit-ulcinj.com\/blog\/2010\/10\/04\/ulqini-arkeologjik-2-monumente-te-lashta-dhe-atraktive\/","og_locale":"en_US","og_type":"article","og_title":"Ulqini arkeologjik (2), Monumente t\u00eb lashta dhe atraktive - Lajme nga Ulqini","og_description":"G\u00ebrmimi i dherave duke b\u00ebr\u00eb t\u00eb dalin themelet e k\u00ebshtjell\u00ebs duke krijuar rrezik t\u00eb madh, duhet t\u00eb jet\u00eb shqet\u00ebsim shkencor dhe i pushtetit komunal, kurse,","og_url":"https:\/\/www.visit-ulcinj.com\/blog\/2010\/10\/04\/ulqini-arkeologjik-2-monumente-te-lashta-dhe-atraktive\/","og_site_name":"Lajme nga Ulqini","article_published_time":"2010-10-04T16:24:01+00:00","article_modified_time":"2010-10-04T16:50:57+00:00","og_image":[{"url":"http:\/\/www.visit-ulcinj.com\/blog\/wp-content\/uploads\/2010\/10\/Shpella-nen-Kala-te-Ulqinit.jpg"}],"twitter_misc":{"Written by":"ulqini","Est. reading time":"4 minutes"},"schema":{"@context":"https:\/\/schema.org","@graph":[{"@type":"WebSite","@id":"https:\/\/www.visit-ulcinj.com\/blog\/#website","url":"https:\/\/www.visit-ulcinj.com\/blog\/","name":"Lajme nga Ulqini","description":"Lajme,Vijesti,Ulqini,Ulqin,Crna Gora,Mali i Zi","potentialAction":[{"@type":"SearchAction","target":{"@type":"EntryPoint","urlTemplate":"https:\/\/www.visit-ulcinj.com\/blog\/?s={search_term_string}"},"query-input":"required name=search_term_string"}],"inLanguage":"en-US"},{"@type":"ImageObject","inLanguage":"en-US","@id":"https:\/\/www.visit-ulcinj.com\/blog\/2010\/10\/04\/ulqini-arkeologjik-2-monumente-te-lashta-dhe-atraktive\/#primaryimage","url":"https:\/\/www.visit-ulcinj.com\/blog\/wp-content\/uploads\/2010\/10\/Shpella-nen-Kala-te-Ulqinit.jpg","contentUrl":"https:\/\/www.visit-ulcinj.com\/blog\/wp-content\/uploads\/2010\/10\/Shpella-nen-Kala-te-Ulqinit.jpg","width":"640","height":"480"},{"@type":"WebPage","@id":"https:\/\/www.visit-ulcinj.com\/blog\/2010\/10\/04\/ulqini-arkeologjik-2-monumente-te-lashta-dhe-atraktive\/#webpage","url":"https:\/\/www.visit-ulcinj.com\/blog\/2010\/10\/04\/ulqini-arkeologjik-2-monumente-te-lashta-dhe-atraktive\/","name":"Ulqini arkeologjik (2), Monumente t\u00eb lashta dhe atraktive - Lajme nga Ulqini","isPartOf":{"@id":"https:\/\/www.visit-ulcinj.com\/blog\/#website"},"primaryImageOfPage":{"@id":"https:\/\/www.visit-ulcinj.com\/blog\/2010\/10\/04\/ulqini-arkeologjik-2-monumente-te-lashta-dhe-atraktive\/#primaryimage"},"datePublished":"2010-10-04T16:24:01+00:00","dateModified":"2010-10-04T16:50:57+00:00","author":{"@id":"https:\/\/www.visit-ulcinj.com\/blog\/#\/schema\/person\/dcab619c614d3038751c63bc2aadc06d"},"description":"G\u00ebrmimi i dherave duke b\u00ebr\u00eb t\u00eb dalin themelet e k\u00ebshtjell\u00ebs duke krijuar rrezik t\u00eb madh, duhet t\u00eb jet\u00eb shqet\u00ebsim shkencor dhe i pushtetit komunal, kurse,","breadcrumb":{"@id":"https:\/\/www.visit-ulcinj.com\/blog\/2010\/10\/04\/ulqini-arkeologjik-2-monumente-te-lashta-dhe-atraktive\/#breadcrumb"},"inLanguage":"en-US","potentialAction":[{"@type":"ReadAction","target":["https:\/\/www.visit-ulcinj.com\/blog\/2010\/10\/04\/ulqini-arkeologjik-2-monumente-te-lashta-dhe-atraktive\/"]}]},{"@type":"BreadcrumbList","@id":"https:\/\/www.visit-ulcinj.com\/blog\/2010\/10\/04\/ulqini-arkeologjik-2-monumente-te-lashta-dhe-atraktive\/#breadcrumb","itemListElement":[{"@type":"ListItem","position":1,"name":"Ulqini arkeologjik (2), Monumente t\u00eb lashta dhe atraktive"}]},{"@type":"Person","@id":"https:\/\/www.visit-ulcinj.com\/blog\/#\/schema\/person\/dcab619c614d3038751c63bc2aadc06d","name":"ulqini","sameAs":["http:\/\/www.visit-ulcinj.com"],"url":"https:\/\/www.visit-ulcinj.com\/blog\/author\/admin\/"}]}},"jetpack_featured_media_url":"","jetpack_sharing_enabled":true,"jetpack_shortlink":"https:\/\/wp.me\/pe6lTn-9SV","_links":{"self":[{"href":"https:\/\/www.visit-ulcinj.com\/blog\/wp-json\/wp\/v2\/posts\/38001"}],"collection":[{"href":"https:\/\/www.visit-ulcinj.com\/blog\/wp-json\/wp\/v2\/posts"}],"about":[{"href":"https:\/\/www.visit-ulcinj.com\/blog\/wp-json\/wp\/v2\/types\/post"}],"author":[{"embeddable":true,"href":"https:\/\/www.visit-ulcinj.com\/blog\/wp-json\/wp\/v2\/users\/1"}],"replies":[{"embeddable":true,"href":"https:\/\/www.visit-ulcinj.com\/blog\/wp-json\/wp\/v2\/comments?post=38001"}],"version-history":[{"count":0,"href":"https:\/\/www.visit-ulcinj.com\/blog\/wp-json\/wp\/v2\/posts\/38001\/revisions"}],"wp:attachment":[{"href":"https:\/\/www.visit-ulcinj.com\/blog\/wp-json\/wp\/v2\/media?parent=38001"}],"wp:term":[{"taxonomy":"category","embeddable":true,"href":"https:\/\/www.visit-ulcinj.com\/blog\/wp-json\/wp\/v2\/categories?post=38001"},{"taxonomy":"post_tag","embeddable":true,"href":"https:\/\/www.visit-ulcinj.com\/blog\/wp-json\/wp\/v2\/tags?post=38001"}],"curies":[{"name":"wp","href":"https:\/\/api.w.org\/{rel}","templated":true}]}}