{"id":38034,"date":"2010-10-04T19:52:45","date_gmt":"2010-10-04T17:52:45","guid":{"rendered":"http:\/\/www.visit-ulcinj.com\/blog\/?p=38034"},"modified":"2010-10-04T19:52:45","modified_gmt":"2010-10-04T17:52:45","slug":"shota-paralajmeron-koncert-ne-ulqin","status":"publish","type":"post","link":"https:\/\/www.visit-ulcinj.com\/blog\/2010\/10\/04\/shota-paralajmeron-koncert-ne-ulqin\/","title":{"rendered":"Shota &#8211; paralajm\u00ebron koncert n\u00eb Ulqin"},"content":{"rendered":"<p><a href=\"http:\/\/www.visit-ulcinj.com\/blog\/wp-content\/uploads\/2010\/10\/ansambli-Shota.jpg\"><img loading=\"lazy\" class=\"alignleft size-full wp-image-38035\" title=\"ansambli -Shota\" src=\"http:\/\/www.visit-ulcinj.com\/blog\/wp-content\/uploads\/2010\/10\/ansambli-Shota.jpg\" alt=\"\" width=\"490\" height=\"370\" \/><\/a>Prishtin\u00eb, 4 tetor \u2013 Ansambli i k\u00ebng\u00ebve dhe i valleve \u201cShota\u201d do t\u00eb jet\u00eb mysafir i qytetit bregdetar t\u00eb Ulqinit, t\u00eb m\u00ebrkur\u00ebn e 6 tetorit. Nj\u00eb koncert prej 1 or\u00eb e 15 minutash, kalim n\u00eb folklorin e t\u00eb gjitha trevave shqiptare do t\u00eb prezantohet para ulqinak\u00ebve. Drejtori i \u201cShot\u00ebs\u201d, Dilaver Kryeziu, ka premtuar se programi, tashm\u00eb i p\u00ebrzgjedhur, do t\u00eb jet\u00eb i larmish\u00ebm, p\u00ebr \u00e7ka nuk ka dyshim q\u00eb do t\u00eb k\u00ebnaq\u00eb shijet e ulqinak\u00ebve.<br \/>\n\u201cDo t\u00eb k\u00ebndojm\u00eb n\u00eb t\u00ebr\u00ebsi k\u00ebng\u00ebt dhe vallet nga t\u00eb gjitha trevat shqiptare\u201d, ka th\u00ebn\u00eb Kryeziu, teksa ka num\u00ebruar se \u201cVallja e Mal\u00ebsis\u00eb s\u00eb Madhe\u201d, valle me motive kosovare, valle me motive tiranase, \u201cVallja\u00a0 e Karadakut\u201d jan\u00eb vet\u00ebm disa nga pikat e menys\u00eb q\u00eb do t\u00eb shfaqen mbr\u00ebmjen e s\u00eb m\u00ebrkur\u00ebs n\u00eb Qendr\u00ebn p\u00ebr Kultur\u00eb n\u00eb Ulqin. K\u00ebng\u00ebt folklorike shqiptare do t\u00eb k\u00ebndohen nga z\u00ebrat e Ismet Bogujevcit, Violet\u00eb Kukajt, Riza Byty\u00e7it, Myrvete Bajramit, etj. Drejtor artistik i programit \u00ebsht\u00eb Fahri Beqiri. Kryeziu nuk ka p\u00ebrjashtuar mund\u00ebsin\u00eb q\u00eb p\u00ebr k\u00ebt\u00eb koncert t\u00eb angazhohen edhe emra t\u00eb shquar t\u00eb muzik\u00ebs folklorike shqiptare nga Mali i Zi, si Shaban Gjekaj.<br \/>\n\u201cDo t\u00eb gjejm\u00eb edhe disa rapsod\u00eb t\u00eb shk\u00eblqyesh\u00ebm, por gjithmon\u00eb n\u00eb kuad\u00ebr t\u00eb profesionalizmit edhe t\u00eb ansamblit ton\u00eb\u201d, ka th\u00ebn\u00eb Kryezi. Ai ka treguar se kjo \u00ebsht\u00eb hera e par\u00eb q\u00eb ansambli \u201cShota\u201d udh\u00ebton p\u00ebr n\u00eb Ulqin. Por ai nuk ka as m\u00eb t\u00eb vogl\u00ebn dilem\u00eb se publiku i atjesh\u00ebm do ta mir\u00ebpret trup\u00ebn q\u00eb ai drejton.<br \/>\n\u201c\u2018Shota\u2019 \u00ebsht\u00eb nj\u00eb ansamb\u00ebl t\u00eb cilin e do i gjith\u00eb populli shqiptar. Kemi telefonata q\u00eb mezi po presin t\u00eb shkojm\u00eb atje\u201d, ka th\u00ebn\u00eb Kryeziu, teksa nuk pret q\u00eb vet\u00ebm shqiptar\u00ebt t\u00eb z\u00ebn\u00eb vend n\u00eb 850 ul\u00ebset e Qendr\u00ebs moderne t\u00eb Kultur\u00ebs.<br \/>\n\u201cKemi informacione se atje ka ende shum\u00eb turist\u00eb, k\u00ebshtu q\u00eb do t\u00eb b\u00ebjm\u00eb nj\u00eb reklamim t\u00eb koncertit n\u00eb m\u00ebnyr\u00eb q\u00eb aty t\u00eb vijn\u00eb edhe ata, e t\u00eb shohin folklorin ton\u00eb\u201d, ka th\u00ebn\u00eb Kryeziu.<br \/>\nKoncerti i ansamblit \u201cShota\u201d do t\u00eb mbahet me ftes\u00eb t\u00eb kryetarit t\u00eb Komun\u00ebs n\u00eb Ulqin, G\u00ebzim Hajdinaga, nd\u00ebrsa \u00ebsht\u00eb ndihmuar edhe nga Ministria e Kultur\u00ebs e Kosov\u00ebs. Gjat\u00eb k\u00ebtij koncerti Televizioni Publik i Kosov\u00ebs do t\u00eb xhiroj\u00eb nj\u00eb dokumentar p\u00ebr shqiptar\u00ebt e Ulqinit rreth ruajtjes s\u00eb folklorit dhe traditave shqiptare n\u00eb k\u00ebt\u00eb pjes\u00eb.<\/p>\n<p><strong>KOHA NET<br \/>\n<!--YouTube Error: bad URL entered--><\/strong><\/p>\n","protected":false},"excerpt":{"rendered":"<p>Prishtin\u00eb, 4 tetor \u2013 Ansambli i k\u00ebng\u00ebve dhe i valleve \u201cShota\u201d do t\u00eb jet\u00eb mysafir i qytetit bregdetar t\u00eb Ulqinit, t\u00eb m\u00ebrkur\u00ebn e 6 tetorit. Nj\u00eb koncert prej 1 or\u00eb e 15 minutash, kalim n\u00eb folklorin e t\u00eb gjitha trevave shqiptare do t\u00eb prezantohet para ulqinak\u00ebve. Drejtori i \u201cShot\u00ebs\u201d, Dilaver Kryeziu, ka premtuar se programi, [&hellip;]<\/p>\n","protected":false},"author":1,"featured_media":0,"comment_status":"open","ping_status":"closed","sticky":false,"template":"","format":"standard","meta":{"spay_email":"","jetpack_publicize_message":"","jetpack_is_tweetstorm":false,"jetpack_publicize_feature_enabled":true},"categories":[4],"tags":[15716,15844,15847,15846,15848,15845],"jetpack_publicize_connections":[],"yoast_head":"<!-- This site is optimized with the Yoast SEO plugin v19.1 - https:\/\/yoast.com\/wordpress\/plugins\/seo\/ -->\n<title>Shota - paralajm\u00ebron koncert n\u00eb Ulqin - Lajme nga Ulqini<\/title>\n<meta name=\"description\" content=\"Prishtin\u00eb, 4 tetor \u2013 Ansambli i k\u00ebng\u00ebve dhe i valleve \u201cShota\u201d do t\u00eb jet\u00eb mysafir i qytetit bregdetar t\u00eb Ulqinit, t\u00eb m\u00ebrkur\u00ebn e 6 tetorit. Nj\u00eb koncert prej\" \/>\n<meta name=\"robots\" content=\"index, follow, max-snippet:-1, max-image-preview:large, max-video-preview:-1\" \/>\n<link rel=\"canonical\" href=\"https:\/\/www.visit-ulcinj.com\/blog\/2010\/10\/04\/shota-paralajmeron-koncert-ne-ulqin\/\" \/>\n<meta property=\"og:locale\" content=\"en_US\" \/>\n<meta property=\"og:type\" content=\"article\" \/>\n<meta property=\"og:title\" content=\"Shota - paralajm\u00ebron koncert n\u00eb Ulqin - Lajme nga Ulqini\" \/>\n<meta property=\"og:description\" content=\"Prishtin\u00eb, 4 tetor \u2013 Ansambli i k\u00ebng\u00ebve dhe i valleve \u201cShota\u201d do t\u00eb jet\u00eb mysafir i qytetit bregdetar t\u00eb Ulqinit, t\u00eb m\u00ebrkur\u00ebn e 6 tetorit. Nj\u00eb koncert prej\" \/>\n<meta property=\"og:url\" content=\"https:\/\/www.visit-ulcinj.com\/blog\/2010\/10\/04\/shota-paralajmeron-koncert-ne-ulqin\/\" \/>\n<meta property=\"og:site_name\" content=\"Lajme nga Ulqini\" \/>\n<meta property=\"article:published_time\" content=\"2010-10-04T17:52:45+00:00\" \/>\n<meta property=\"og:image\" content=\"http:\/\/www.visit-ulcinj.com\/blog\/wp-content\/uploads\/2010\/10\/ansambli-Shota.jpg\" \/>\n<meta name=\"twitter:label1\" content=\"Written by\" \/>\n\t<meta name=\"twitter:data1\" content=\"ulqini\" \/>\n\t<meta name=\"twitter:label2\" content=\"Est. reading time\" \/>\n\t<meta name=\"twitter:data2\" content=\"2 minutes\" \/>\n<script type=\"application\/ld+json\" class=\"yoast-schema-graph\">{\"@context\":\"https:\/\/schema.org\",\"@graph\":[{\"@type\":\"WebSite\",\"@id\":\"https:\/\/www.visit-ulcinj.com\/blog\/#website\",\"url\":\"https:\/\/www.visit-ulcinj.com\/blog\/\",\"name\":\"Lajme nga Ulqini\",\"description\":\"Lajme,Vijesti,Ulqini,Ulqin,Crna Gora,Mali i Zi\",\"potentialAction\":[{\"@type\":\"SearchAction\",\"target\":{\"@type\":\"EntryPoint\",\"urlTemplate\":\"https:\/\/www.visit-ulcinj.com\/blog\/?s={search_term_string}\"},\"query-input\":\"required name=search_term_string\"}],\"inLanguage\":\"en-US\"},{\"@type\":\"ImageObject\",\"inLanguage\":\"en-US\",\"@id\":\"https:\/\/www.visit-ulcinj.com\/blog\/2010\/10\/04\/shota-paralajmeron-koncert-ne-ulqin\/#primaryimage\",\"url\":\"https:\/\/www.visit-ulcinj.com\/blog\/wp-content\/uploads\/2010\/10\/ansambli-Shota.jpg\",\"contentUrl\":\"https:\/\/www.visit-ulcinj.com\/blog\/wp-content\/uploads\/2010\/10\/ansambli-Shota.jpg\",\"width\":\"640\",\"height\":\"370\"},{\"@type\":\"WebPage\",\"@id\":\"https:\/\/www.visit-ulcinj.com\/blog\/2010\/10\/04\/shota-paralajmeron-koncert-ne-ulqin\/#webpage\",\"url\":\"https:\/\/www.visit-ulcinj.com\/blog\/2010\/10\/04\/shota-paralajmeron-koncert-ne-ulqin\/\",\"name\":\"Shota - paralajm\u00ebron koncert n\u00eb Ulqin - Lajme nga Ulqini\",\"isPartOf\":{\"@id\":\"https:\/\/www.visit-ulcinj.com\/blog\/#website\"},\"primaryImageOfPage\":{\"@id\":\"https:\/\/www.visit-ulcinj.com\/blog\/2010\/10\/04\/shota-paralajmeron-koncert-ne-ulqin\/#primaryimage\"},\"datePublished\":\"2010-10-04T17:52:45+00:00\",\"dateModified\":\"2010-10-04T17:52:45+00:00\",\"author\":{\"@id\":\"https:\/\/www.visit-ulcinj.com\/blog\/#\/schema\/person\/dcab619c614d3038751c63bc2aadc06d\"},\"description\":\"Prishtin\u00eb, 4 tetor \u2013 Ansambli i k\u00ebng\u00ebve dhe i valleve \u201cShota\u201d do t\u00eb jet\u00eb mysafir i qytetit bregdetar t\u00eb Ulqinit, t\u00eb m\u00ebrkur\u00ebn e 6 tetorit. Nj\u00eb koncert prej\",\"breadcrumb\":{\"@id\":\"https:\/\/www.visit-ulcinj.com\/blog\/2010\/10\/04\/shota-paralajmeron-koncert-ne-ulqin\/#breadcrumb\"},\"inLanguage\":\"en-US\",\"potentialAction\":[{\"@type\":\"ReadAction\",\"target\":[\"https:\/\/www.visit-ulcinj.com\/blog\/2010\/10\/04\/shota-paralajmeron-koncert-ne-ulqin\/\"]}]},{\"@type\":\"BreadcrumbList\",\"@id\":\"https:\/\/www.visit-ulcinj.com\/blog\/2010\/10\/04\/shota-paralajmeron-koncert-ne-ulqin\/#breadcrumb\",\"itemListElement\":[{\"@type\":\"ListItem\",\"position\":1,\"name\":\"Shota &#8211; paralajm\u00ebron koncert n\u00eb Ulqin\"}]},{\"@type\":\"Person\",\"@id\":\"https:\/\/www.visit-ulcinj.com\/blog\/#\/schema\/person\/dcab619c614d3038751c63bc2aadc06d\",\"name\":\"ulqini\",\"sameAs\":[\"http:\/\/www.visit-ulcinj.com\"],\"url\":\"https:\/\/www.visit-ulcinj.com\/blog\/author\/admin\/\"}]}<\/script>\n<!-- \/ Yoast SEO plugin. -->","yoast_head_json":{"title":"Shota - paralajm\u00ebron koncert n\u00eb Ulqin - Lajme nga Ulqini","description":"Prishtin\u00eb, 4 tetor \u2013 Ansambli i k\u00ebng\u00ebve dhe i valleve \u201cShota\u201d do t\u00eb jet\u00eb mysafir i qytetit bregdetar t\u00eb Ulqinit, t\u00eb m\u00ebrkur\u00ebn e 6 tetorit. Nj\u00eb koncert prej","robots":{"index":"index","follow":"follow","max-snippet":"max-snippet:-1","max-image-preview":"max-image-preview:large","max-video-preview":"max-video-preview:-1"},"canonical":"https:\/\/www.visit-ulcinj.com\/blog\/2010\/10\/04\/shota-paralajmeron-koncert-ne-ulqin\/","og_locale":"en_US","og_type":"article","og_title":"Shota - paralajm\u00ebron koncert n\u00eb Ulqin - Lajme nga Ulqini","og_description":"Prishtin\u00eb, 4 tetor \u2013 Ansambli i k\u00ebng\u00ebve dhe i valleve \u201cShota\u201d do t\u00eb jet\u00eb mysafir i qytetit bregdetar t\u00eb Ulqinit, t\u00eb m\u00ebrkur\u00ebn e 6 tetorit. Nj\u00eb koncert prej","og_url":"https:\/\/www.visit-ulcinj.com\/blog\/2010\/10\/04\/shota-paralajmeron-koncert-ne-ulqin\/","og_site_name":"Lajme nga Ulqini","article_published_time":"2010-10-04T17:52:45+00:00","og_image":[{"url":"http:\/\/www.visit-ulcinj.com\/blog\/wp-content\/uploads\/2010\/10\/ansambli-Shota.jpg"}],"twitter_misc":{"Written by":"ulqini","Est. reading time":"2 minutes"},"schema":{"@context":"https:\/\/schema.org","@graph":[{"@type":"WebSite","@id":"https:\/\/www.visit-ulcinj.com\/blog\/#website","url":"https:\/\/www.visit-ulcinj.com\/blog\/","name":"Lajme nga Ulqini","description":"Lajme,Vijesti,Ulqini,Ulqin,Crna Gora,Mali i Zi","potentialAction":[{"@type":"SearchAction","target":{"@type":"EntryPoint","urlTemplate":"https:\/\/www.visit-ulcinj.com\/blog\/?s={search_term_string}"},"query-input":"required name=search_term_string"}],"inLanguage":"en-US"},{"@type":"ImageObject","inLanguage":"en-US","@id":"https:\/\/www.visit-ulcinj.com\/blog\/2010\/10\/04\/shota-paralajmeron-koncert-ne-ulqin\/#primaryimage","url":"https:\/\/www.visit-ulcinj.com\/blog\/wp-content\/uploads\/2010\/10\/ansambli-Shota.jpg","contentUrl":"https:\/\/www.visit-ulcinj.com\/blog\/wp-content\/uploads\/2010\/10\/ansambli-Shota.jpg","width":"640","height":"370"},{"@type":"WebPage","@id":"https:\/\/www.visit-ulcinj.com\/blog\/2010\/10\/04\/shota-paralajmeron-koncert-ne-ulqin\/#webpage","url":"https:\/\/www.visit-ulcinj.com\/blog\/2010\/10\/04\/shota-paralajmeron-koncert-ne-ulqin\/","name":"Shota - paralajm\u00ebron koncert n\u00eb Ulqin - Lajme nga Ulqini","isPartOf":{"@id":"https:\/\/www.visit-ulcinj.com\/blog\/#website"},"primaryImageOfPage":{"@id":"https:\/\/www.visit-ulcinj.com\/blog\/2010\/10\/04\/shota-paralajmeron-koncert-ne-ulqin\/#primaryimage"},"datePublished":"2010-10-04T17:52:45+00:00","dateModified":"2010-10-04T17:52:45+00:00","author":{"@id":"https:\/\/www.visit-ulcinj.com\/blog\/#\/schema\/person\/dcab619c614d3038751c63bc2aadc06d"},"description":"Prishtin\u00eb, 4 tetor \u2013 Ansambli i k\u00ebng\u00ebve dhe i valleve \u201cShota\u201d do t\u00eb jet\u00eb mysafir i qytetit bregdetar t\u00eb Ulqinit, t\u00eb m\u00ebrkur\u00ebn e 6 tetorit. Nj\u00eb koncert prej","breadcrumb":{"@id":"https:\/\/www.visit-ulcinj.com\/blog\/2010\/10\/04\/shota-paralajmeron-koncert-ne-ulqin\/#breadcrumb"},"inLanguage":"en-US","potentialAction":[{"@type":"ReadAction","target":["https:\/\/www.visit-ulcinj.com\/blog\/2010\/10\/04\/shota-paralajmeron-koncert-ne-ulqin\/"]}]},{"@type":"BreadcrumbList","@id":"https:\/\/www.visit-ulcinj.com\/blog\/2010\/10\/04\/shota-paralajmeron-koncert-ne-ulqin\/#breadcrumb","itemListElement":[{"@type":"ListItem","position":1,"name":"Shota &#8211; paralajm\u00ebron koncert n\u00eb Ulqin"}]},{"@type":"Person","@id":"https:\/\/www.visit-ulcinj.com\/blog\/#\/schema\/person\/dcab619c614d3038751c63bc2aadc06d","name":"ulqini","sameAs":["http:\/\/www.visit-ulcinj.com"],"url":"https:\/\/www.visit-ulcinj.com\/blog\/author\/admin\/"}]}},"jetpack_featured_media_url":"","jetpack_sharing_enabled":true,"jetpack_shortlink":"https:\/\/wp.me\/pe6lTn-9Ts","_links":{"self":[{"href":"https:\/\/www.visit-ulcinj.com\/blog\/wp-json\/wp\/v2\/posts\/38034"}],"collection":[{"href":"https:\/\/www.visit-ulcinj.com\/blog\/wp-json\/wp\/v2\/posts"}],"about":[{"href":"https:\/\/www.visit-ulcinj.com\/blog\/wp-json\/wp\/v2\/types\/post"}],"author":[{"embeddable":true,"href":"https:\/\/www.visit-ulcinj.com\/blog\/wp-json\/wp\/v2\/users\/1"}],"replies":[{"embeddable":true,"href":"https:\/\/www.visit-ulcinj.com\/blog\/wp-json\/wp\/v2\/comments?post=38034"}],"version-history":[{"count":0,"href":"https:\/\/www.visit-ulcinj.com\/blog\/wp-json\/wp\/v2\/posts\/38034\/revisions"}],"wp:attachment":[{"href":"https:\/\/www.visit-ulcinj.com\/blog\/wp-json\/wp\/v2\/media?parent=38034"}],"wp:term":[{"taxonomy":"category","embeddable":true,"href":"https:\/\/www.visit-ulcinj.com\/blog\/wp-json\/wp\/v2\/categories?post=38034"},{"taxonomy":"post_tag","embeddable":true,"href":"https:\/\/www.visit-ulcinj.com\/blog\/wp-json\/wp\/v2\/tags?post=38034"}],"curies":[{"name":"wp","href":"https:\/\/api.w.org\/{rel}","templated":true}]}}