{"id":38039,"date":"2010-10-04T20:25:09","date_gmt":"2010-10-04T18:25:09","guid":{"rendered":"http:\/\/www.visit-ulcinj.com\/blog\/?p=38039"},"modified":"2010-10-05T18:45:36","modified_gmt":"2010-10-05T16:45:36","slug":"ulqinaket-e-durresit-ura-me-e-mire-e-bashkepunimit-mes-dy-qyteteve","status":"publish","type":"post","link":"https:\/\/www.visit-ulcinj.com\/blog\/2010\/10\/04\/ulqinaket-e-durresit-ura-me-e-mire-e-bashkepunimit-mes-dy-qyteteve\/","title":{"rendered":"Ulqinak\u00ebt e Durr\u00ebsit, ura m\u00eb e mir\u00eb e bashk\u00ebpunimit mes dy qyteteve"},"content":{"rendered":"<p><strong><a href=\"http:\/\/www.visit-ulcinj.com\/blog\/wp-content\/uploads\/2010\/10\/ulqinaket_e_durresit_ura_me_ULQIN.jpg\"><img loading=\"lazy\" class=\"alignleft size-full wp-image-38040\" title=\"ulqinaket_e_durresit_ura_me_ULQIN\" src=\"http:\/\/www.visit-ulcinj.com\/blog\/wp-content\/uploads\/2010\/10\/ulqinaket_e_durresit_ura_me_ULQIN.jpg\" alt=\"\" width=\"490\" height=\"359\" \/><\/a>Program 1-vje\u00e7ar bashk\u00ebpunimi n\u00eb kultur\u00eb, art dhe sport me Ulqinin<\/strong><\/p>\n<p>Gjat\u00eb takimit n\u00eb mjediset e bashkis\u00eb s\u00eb Ulqinit, grupet e drejtuara nga kryetar\u00ebt G\u00ebzim Hajdinaga dhe Vangjush Dako, vler\u00ebsuan se komuniteti me prejardhje nga Ulqini q\u00eb banon n\u00eb Durr\u00ebs p\u00ebrb\u00ebn ur\u00ebn m\u00eb t\u00eb mir\u00eb t\u00eb komunikimit p\u00ebr t\u00eb ardhmen.<br \/>\n&#8211; Bashkia e Durr\u00ebsit dhe komuna e Ulqinit (Mali i Zi) kan\u00eb firmosur t\u00eb shtun\u00ebn nj\u00eb Program konkret Bashk\u00ebpunimi me afat 1-vje\u00e7ar n\u00eb fushat e kultur\u00ebs, artit dhe sportit.<\/p>\n<p>Gjat\u00eb takimit n\u00eb mjediset e bashkis\u00eb s\u00eb Ulqinit, grupet e drejtuara nga kryetar\u00ebt G\u00ebzim Hajdinaga dhe Vangjush Dako, vler\u00ebsuan se komuniteti me prejardhje nga Ulqini q\u00eb banon n\u00eb Durr\u00ebs p\u00ebrb\u00ebn ur\u00ebn m\u00eb t\u00eb mir\u00eb t\u00eb komunikimit p\u00ebr t\u00eb ardhmen.<\/p>\n<p>Kryetari i komun\u00ebs s\u00eb Ulqinit, G\u00ebzim Hajdinaga, pas prezantimit t\u00eb shkurt\u00ebr t\u00eb zhvillimeve t\u00eb fundit n\u00eb qytet, tha se &#8220;pavaresisht nga kriza globale dhe konkurenca me qytete t\u00eb tjera t\u00eb Malit t\u00eb Zi, gjat\u00eb ver\u00ebs 2010 ka patur nj\u00eb shtim t\u00eb numrit t\u00eb pushuesve, nd\u00ebrsa sezoni turistik \u00ebsht\u00eb zgjatur edhe p\u00ebrtej muajit gusht. L\u00ebvizja pa barriera e qytetar\u00ebve t\u00eb dy vendeve tona \u00ebsht\u00eb merit\u00eb e qeverive p\u00ebrkat\u00ebse dhe duhet shfryt\u00ebzuar pozitivisht&#8221;.<\/p>\n<p>Kryebashkiaku Dako falenderoi p\u00ebr mikpritjen e komun\u00ebs s\u00eb Ulqinit, duke n\u00ebnvizuar se Marr\u00ebv\u00ebshja e Bashk\u00ebpunimit q\u00eb u arrit m\u00eb 10 korrik n\u00eb Durr\u00ebs po jep frutet e para. Sipas Dakos, &#8220;dy qytetet tona bregdetare kan\u00eb resurse t\u00eb m\u00ebdha turistike dhe bashk\u00ebpunimi mes tyre ve\u00e7an\u00ebrisht n\u00eb k\u00ebt\u00eb fush\u00eb do t\u00eb mund\u00ebsoj\u00eb shk\u00ebmbime t\u00eb nd\u00ebrsjellta shum\u00ebplan\u00ebshe&#8221;. &#8220;Shoqata &#8220;Ulqini&#8221; q\u00eb po kontribuon n\u00eb Durr\u00ebs p\u00ebr evidentimin e figurave dhe traditave ulqinake do t\u00eb jet\u00eb partneri i p\u00ebrbashk\u00ebt n\u00eb bashk\u00ebpunimin ton\u00eb&#8221;, shpreh kryebashkiaku i Durr\u00ebsit.<\/p>\n<p>Kryetari i k\u00ebshillit t\u00eb qarkut te Durresit, Seid K\u00ebrtusha, pjesmarr\u00ebs n\u00eb takim, e quajti Universitetin &#8220;Aleksand\u00ebr Moisiu&#8221; t\u00eb Durr\u00ebsit nj\u00eb mjedis tjet\u00ebr t\u00eb mundsh\u00ebm p\u00ebr bashk\u00ebpunimet dhe shk\u00ebmbimin e p\u00ebrvojave n\u00eb fush\u00ebn e administrimit lokal sipas standarteve evropiane.<\/p>\n<p>&#8220;Deti Adriatik \u00ebsht\u00eb ura q\u00eb na lidh dhe presioni pozitiv mbi institucionet dhe kompanit\u00eb detare p\u00ebr t\u00eb vendosur nj\u00eb linj\u00eb lundrimi mes dy qyteteve do t\u00eb ishte nj\u00eb hap i mir\u00eb n\u00eb marr\u00ebdh\u00ebniet tona&#8221;, u shpreh kryetari i shoqat\u00ebs &#8220;Ulqini&#8221;, Zihni Beqiraj.<\/p>\n<p>Programi 1-vje\u00e7ar i Bashk\u00ebpunimit u n\u00ebnshkrua nga drejtor\u00ebt e Departamenteve t\u00eb kultur\u00ebs Ardian Gurra (Durr\u00ebs) dhe Sadik Pelinku (Ulqin).<\/p>\n<p>Sipas k\u00ebtij Programi, brenda muajit dhjetor t\u00eb k\u00ebtij viti n\u00eb Ulqin do t\u00eb organizohen ekspozita t\u00eb piktor\u00ebve durrsak\u00eb si dhe shfaqje t\u00eb trup\u00ebs teatrore dhe t\u00eb orkestr\u00ebs s\u00eb harqeve &#8220;Aleksand\u00ebr Moisiu&#8221;, nd\u00ebrsa n\u00eb Durr\u00ebs do t\u00eb hapet nj\u00eb ekspozit\u00eb e p\u00ebrbashk\u00ebt etnografike dhe e arteve pamore t\u00eb autor\u00ebve ulqinak\u00eb.<\/p>\n<p>Nd\u00ebr aktivitetet e vitit 2011 n\u00eb Durr\u00ebs nj\u00eb r\u00ebnd\u00ebsi t\u00eb ve\u00e7ant\u00eb do t\u00eb ket\u00eb Sesioni shkencor me tem\u00eb: &#8220;Ulqini dhe historia e tij&#8221;, q\u00eb do t\u00eb zhvillohet n\u00eb muajin prill. N\u00eb Program jan\u00eb parashikuar nj\u00eb s\u00ebr\u00eb takimesh t\u00eb artist\u00ebve dhe shkrimtar\u00ebve t\u00eb t\u00eb dy qyteteve si dhe veprimtari artistike, shkencore e sportive t\u00eb p\u00ebrbashk\u00ebta. Fest\u00ebs tradicionale t\u00eb Detit q\u00eb kremtohet m\u00eb 22 qershor n\u00eb Durr\u00ebs vitin e ardhsh\u00ebm do t&#8217;i bashk\u00ebngjitet edhe kontributi kulturor i qytetit t\u00eb Ulqinit.<\/p>\n<p>Vizitat e nd\u00ebrsjellta t\u00eb nx\u00ebn\u00ebsve shkollar\u00eb jan\u00eb nj\u00eb tjet\u00ebr fush\u00eb, e cila do t\u00eb nxis\u00eb turizmin n\u00eb t\u00eb dy qytetet sipas Programit t\u00eb n\u00ebnshkruar t\u00eb shtun\u00ebn. N\u00eb takimin morr\u00ebn pjes\u00eb edhe ish-kryetari i bashkis\u00eb s\u00eb Durr\u00ebsit, Miri Hoti, drejtues t\u00eb Departamenteve t\u00eb Bashkis\u00eb si dhe nj\u00eb grup p\u00ebrfaq\u00ebsuesish t\u00eb shoqat\u00ebs &#8220;Ulqini&#8221;.<\/p>\n<p>Ulqini, qytet turistik me 23 mij\u00eb banor\u00eb n\u00eb pjes\u00ebn jugper\u00ebndimore t\u00eb Malit t\u00eb Zi, banohet nga shumica d\u00ebrmuese shqiptare.<\/p>\n<p><strong><br \/>\nGezim Kabashi<\/strong><strong><br \/>\nYllpress<br \/>\n<!--YouTube Error: bad URL entered--><\/strong><\/p>\n","protected":false},"excerpt":{"rendered":"<p>Program 1-vje\u00e7ar bashk\u00ebpunimi n\u00eb kultur\u00eb, art dhe sport me Ulqinin Gjat\u00eb takimit n\u00eb mjediset e bashkis\u00eb s\u00eb Ulqinit, grupet e drejtuara nga kryetar\u00ebt G\u00ebzim Hajdinaga dhe Vangjush Dako, vler\u00ebsuan se komuniteti me prejardhje nga Ulqini q\u00eb banon n\u00eb Durr\u00ebs p\u00ebrb\u00ebn ur\u00ebn m\u00eb t\u00eb mir\u00eb t\u00eb komunikimit p\u00ebr t\u00eb ardhmen. &#8211; Bashkia e Durr\u00ebsit dhe komuna [&hellip;]<\/p>\n","protected":false},"author":1,"featured_media":0,"comment_status":"open","ping_status":"closed","sticky":false,"template":"","format":"standard","meta":{"spay_email":"","jetpack_publicize_message":"","jetpack_is_tweetstorm":false,"jetpack_publicize_feature_enabled":true},"categories":[14],"tags":[11593,15850,15849,222,297,15851,13737,18,14901],"jetpack_publicize_connections":[],"yoast_head":"<!-- This site is optimized with the Yoast SEO plugin v19.1 - https:\/\/yoast.com\/wordpress\/plugins\/seo\/ -->\n<title>Ulqinak\u00ebt e Durr\u00ebsit, ura m\u00eb e mir\u00eb e bashk\u00ebpunimit mes dy qyteteve - Lajme nga Ulqini<\/title>\n<meta name=\"description\" content=\"Program 1-vje\u00e7ar bashk\u00ebpunimi n\u00eb kultur\u00eb, art dhe sport me Ulqinin Gjat\u00eb takimit n\u00eb mjediset e bashkis\u00eb s\u00eb Ulqinit, grupet e drejtuara nga kryetar\u00ebt G\u00ebzim\" \/>\n<meta name=\"robots\" content=\"index, follow, max-snippet:-1, max-image-preview:large, max-video-preview:-1\" \/>\n<link rel=\"canonical\" href=\"https:\/\/www.visit-ulcinj.com\/blog\/2010\/10\/04\/ulqinaket-e-durresit-ura-me-e-mire-e-bashkepunimit-mes-dy-qyteteve\/\" \/>\n<meta property=\"og:locale\" content=\"en_US\" \/>\n<meta property=\"og:type\" content=\"article\" \/>\n<meta property=\"og:title\" content=\"Ulqinak\u00ebt e Durr\u00ebsit, ura m\u00eb e mir\u00eb e bashk\u00ebpunimit mes dy qyteteve - Lajme nga Ulqini\" \/>\n<meta property=\"og:description\" content=\"Program 1-vje\u00e7ar bashk\u00ebpunimi n\u00eb kultur\u00eb, art dhe sport me Ulqinin Gjat\u00eb takimit n\u00eb mjediset e bashkis\u00eb s\u00eb Ulqinit, grupet e drejtuara nga kryetar\u00ebt G\u00ebzim\" \/>\n<meta property=\"og:url\" content=\"https:\/\/www.visit-ulcinj.com\/blog\/2010\/10\/04\/ulqinaket-e-durresit-ura-me-e-mire-e-bashkepunimit-mes-dy-qyteteve\/\" \/>\n<meta property=\"og:site_name\" content=\"Lajme nga Ulqini\" \/>\n<meta property=\"article:published_time\" content=\"2010-10-04T18:25:09+00:00\" \/>\n<meta property=\"article:modified_time\" content=\"2010-10-05T16:45:36+00:00\" \/>\n<meta property=\"og:image\" content=\"http:\/\/www.visit-ulcinj.com\/blog\/wp-content\/uploads\/2010\/10\/ulqinaket_e_durresit_ura_me_ULQIN.jpg\" \/>\n<meta name=\"twitter:label1\" content=\"Written by\" \/>\n\t<meta name=\"twitter:data1\" content=\"ulqini\" \/>\n\t<meta name=\"twitter:label2\" content=\"Est. reading time\" \/>\n\t<meta name=\"twitter:data2\" content=\"3 minutes\" \/>\n<script type=\"application\/ld+json\" class=\"yoast-schema-graph\">{\"@context\":\"https:\/\/schema.org\",\"@graph\":[{\"@type\":\"WebSite\",\"@id\":\"https:\/\/www.visit-ulcinj.com\/blog\/#website\",\"url\":\"https:\/\/www.visit-ulcinj.com\/blog\/\",\"name\":\"Lajme nga Ulqini\",\"description\":\"Lajme,Vijesti,Ulqini,Ulqin,Crna Gora,Mali i Zi\",\"potentialAction\":[{\"@type\":\"SearchAction\",\"target\":{\"@type\":\"EntryPoint\",\"urlTemplate\":\"https:\/\/www.visit-ulcinj.com\/blog\/?s={search_term_string}\"},\"query-input\":\"required name=search_term_string\"}],\"inLanguage\":\"en-US\"},{\"@type\":\"ImageObject\",\"inLanguage\":\"en-US\",\"@id\":\"https:\/\/www.visit-ulcinj.com\/blog\/2010\/10\/04\/ulqinaket-e-durresit-ura-me-e-mire-e-bashkepunimit-mes-dy-qyteteve\/#primaryimage\",\"url\":\"https:\/\/www.visit-ulcinj.com\/blog\/wp-content\/uploads\/2010\/10\/ulqinaket_e_durresit_ura_me_ULQIN.jpg\",\"contentUrl\":\"https:\/\/www.visit-ulcinj.com\/blog\/wp-content\/uploads\/2010\/10\/ulqinaket_e_durresit_ura_me_ULQIN.jpg\",\"width\":\"448\",\"height\":\"259\"},{\"@type\":\"WebPage\",\"@id\":\"https:\/\/www.visit-ulcinj.com\/blog\/2010\/10\/04\/ulqinaket-e-durresit-ura-me-e-mire-e-bashkepunimit-mes-dy-qyteteve\/#webpage\",\"url\":\"https:\/\/www.visit-ulcinj.com\/blog\/2010\/10\/04\/ulqinaket-e-durresit-ura-me-e-mire-e-bashkepunimit-mes-dy-qyteteve\/\",\"name\":\"Ulqinak\u00ebt e Durr\u00ebsit, ura m\u00eb e mir\u00eb e bashk\u00ebpunimit mes dy qyteteve - Lajme nga Ulqini\",\"isPartOf\":{\"@id\":\"https:\/\/www.visit-ulcinj.com\/blog\/#website\"},\"primaryImageOfPage\":{\"@id\":\"https:\/\/www.visit-ulcinj.com\/blog\/2010\/10\/04\/ulqinaket-e-durresit-ura-me-e-mire-e-bashkepunimit-mes-dy-qyteteve\/#primaryimage\"},\"datePublished\":\"2010-10-04T18:25:09+00:00\",\"dateModified\":\"2010-10-05T16:45:36+00:00\",\"author\":{\"@id\":\"https:\/\/www.visit-ulcinj.com\/blog\/#\/schema\/person\/dcab619c614d3038751c63bc2aadc06d\"},\"description\":\"Program 1-vje\u00e7ar bashk\u00ebpunimi n\u00eb kultur\u00eb, art dhe sport me Ulqinin Gjat\u00eb takimit n\u00eb mjediset e bashkis\u00eb s\u00eb Ulqinit, grupet e drejtuara nga kryetar\u00ebt G\u00ebzim\",\"breadcrumb\":{\"@id\":\"https:\/\/www.visit-ulcinj.com\/blog\/2010\/10\/04\/ulqinaket-e-durresit-ura-me-e-mire-e-bashkepunimit-mes-dy-qyteteve\/#breadcrumb\"},\"inLanguage\":\"en-US\",\"potentialAction\":[{\"@type\":\"ReadAction\",\"target\":[\"https:\/\/www.visit-ulcinj.com\/blog\/2010\/10\/04\/ulqinaket-e-durresit-ura-me-e-mire-e-bashkepunimit-mes-dy-qyteteve\/\"]}]},{\"@type\":\"BreadcrumbList\",\"@id\":\"https:\/\/www.visit-ulcinj.com\/blog\/2010\/10\/04\/ulqinaket-e-durresit-ura-me-e-mire-e-bashkepunimit-mes-dy-qyteteve\/#breadcrumb\",\"itemListElement\":[{\"@type\":\"ListItem\",\"position\":1,\"name\":\"Ulqinak\u00ebt e Durr\u00ebsit, ura m\u00eb e mir\u00eb e bashk\u00ebpunimit mes dy qyteteve\"}]},{\"@type\":\"Person\",\"@id\":\"https:\/\/www.visit-ulcinj.com\/blog\/#\/schema\/person\/dcab619c614d3038751c63bc2aadc06d\",\"name\":\"ulqini\",\"sameAs\":[\"http:\/\/www.visit-ulcinj.com\"],\"url\":\"https:\/\/www.visit-ulcinj.com\/blog\/author\/admin\/\"}]}<\/script>\n<!-- \/ Yoast SEO plugin. -->","yoast_head_json":{"title":"Ulqinak\u00ebt e Durr\u00ebsit, ura m\u00eb e mir\u00eb e bashk\u00ebpunimit mes dy qyteteve - Lajme nga Ulqini","description":"Program 1-vje\u00e7ar bashk\u00ebpunimi n\u00eb kultur\u00eb, art dhe sport me Ulqinin Gjat\u00eb takimit n\u00eb mjediset e bashkis\u00eb s\u00eb Ulqinit, grupet e drejtuara nga kryetar\u00ebt G\u00ebzim","robots":{"index":"index","follow":"follow","max-snippet":"max-snippet:-1","max-image-preview":"max-image-preview:large","max-video-preview":"max-video-preview:-1"},"canonical":"https:\/\/www.visit-ulcinj.com\/blog\/2010\/10\/04\/ulqinaket-e-durresit-ura-me-e-mire-e-bashkepunimit-mes-dy-qyteteve\/","og_locale":"en_US","og_type":"article","og_title":"Ulqinak\u00ebt e Durr\u00ebsit, ura m\u00eb e mir\u00eb e bashk\u00ebpunimit mes dy qyteteve - Lajme nga Ulqini","og_description":"Program 1-vje\u00e7ar bashk\u00ebpunimi n\u00eb kultur\u00eb, art dhe sport me Ulqinin Gjat\u00eb takimit n\u00eb mjediset e bashkis\u00eb s\u00eb Ulqinit, grupet e drejtuara nga kryetar\u00ebt G\u00ebzim","og_url":"https:\/\/www.visit-ulcinj.com\/blog\/2010\/10\/04\/ulqinaket-e-durresit-ura-me-e-mire-e-bashkepunimit-mes-dy-qyteteve\/","og_site_name":"Lajme nga Ulqini","article_published_time":"2010-10-04T18:25:09+00:00","article_modified_time":"2010-10-05T16:45:36+00:00","og_image":[{"url":"http:\/\/www.visit-ulcinj.com\/blog\/wp-content\/uploads\/2010\/10\/ulqinaket_e_durresit_ura_me_ULQIN.jpg"}],"twitter_misc":{"Written by":"ulqini","Est. reading time":"3 minutes"},"schema":{"@context":"https:\/\/schema.org","@graph":[{"@type":"WebSite","@id":"https:\/\/www.visit-ulcinj.com\/blog\/#website","url":"https:\/\/www.visit-ulcinj.com\/blog\/","name":"Lajme nga Ulqini","description":"Lajme,Vijesti,Ulqini,Ulqin,Crna Gora,Mali i Zi","potentialAction":[{"@type":"SearchAction","target":{"@type":"EntryPoint","urlTemplate":"https:\/\/www.visit-ulcinj.com\/blog\/?s={search_term_string}"},"query-input":"required name=search_term_string"}],"inLanguage":"en-US"},{"@type":"ImageObject","inLanguage":"en-US","@id":"https:\/\/www.visit-ulcinj.com\/blog\/2010\/10\/04\/ulqinaket-e-durresit-ura-me-e-mire-e-bashkepunimit-mes-dy-qyteteve\/#primaryimage","url":"https:\/\/www.visit-ulcinj.com\/blog\/wp-content\/uploads\/2010\/10\/ulqinaket_e_durresit_ura_me_ULQIN.jpg","contentUrl":"https:\/\/www.visit-ulcinj.com\/blog\/wp-content\/uploads\/2010\/10\/ulqinaket_e_durresit_ura_me_ULQIN.jpg","width":"448","height":"259"},{"@type":"WebPage","@id":"https:\/\/www.visit-ulcinj.com\/blog\/2010\/10\/04\/ulqinaket-e-durresit-ura-me-e-mire-e-bashkepunimit-mes-dy-qyteteve\/#webpage","url":"https:\/\/www.visit-ulcinj.com\/blog\/2010\/10\/04\/ulqinaket-e-durresit-ura-me-e-mire-e-bashkepunimit-mes-dy-qyteteve\/","name":"Ulqinak\u00ebt e Durr\u00ebsit, ura m\u00eb e mir\u00eb e bashk\u00ebpunimit mes dy qyteteve - Lajme nga Ulqini","isPartOf":{"@id":"https:\/\/www.visit-ulcinj.com\/blog\/#website"},"primaryImageOfPage":{"@id":"https:\/\/www.visit-ulcinj.com\/blog\/2010\/10\/04\/ulqinaket-e-durresit-ura-me-e-mire-e-bashkepunimit-mes-dy-qyteteve\/#primaryimage"},"datePublished":"2010-10-04T18:25:09+00:00","dateModified":"2010-10-05T16:45:36+00:00","author":{"@id":"https:\/\/www.visit-ulcinj.com\/blog\/#\/schema\/person\/dcab619c614d3038751c63bc2aadc06d"},"description":"Program 1-vje\u00e7ar bashk\u00ebpunimi n\u00eb kultur\u00eb, art dhe sport me Ulqinin Gjat\u00eb takimit n\u00eb mjediset e bashkis\u00eb s\u00eb Ulqinit, grupet e drejtuara nga kryetar\u00ebt G\u00ebzim","breadcrumb":{"@id":"https:\/\/www.visit-ulcinj.com\/blog\/2010\/10\/04\/ulqinaket-e-durresit-ura-me-e-mire-e-bashkepunimit-mes-dy-qyteteve\/#breadcrumb"},"inLanguage":"en-US","potentialAction":[{"@type":"ReadAction","target":["https:\/\/www.visit-ulcinj.com\/blog\/2010\/10\/04\/ulqinaket-e-durresit-ura-me-e-mire-e-bashkepunimit-mes-dy-qyteteve\/"]}]},{"@type":"BreadcrumbList","@id":"https:\/\/www.visit-ulcinj.com\/blog\/2010\/10\/04\/ulqinaket-e-durresit-ura-me-e-mire-e-bashkepunimit-mes-dy-qyteteve\/#breadcrumb","itemListElement":[{"@type":"ListItem","position":1,"name":"Ulqinak\u00ebt e Durr\u00ebsit, ura m\u00eb e mir\u00eb e bashk\u00ebpunimit mes dy qyteteve"}]},{"@type":"Person","@id":"https:\/\/www.visit-ulcinj.com\/blog\/#\/schema\/person\/dcab619c614d3038751c63bc2aadc06d","name":"ulqini","sameAs":["http:\/\/www.visit-ulcinj.com"],"url":"https:\/\/www.visit-ulcinj.com\/blog\/author\/admin\/"}]}},"jetpack_featured_media_url":"","jetpack_sharing_enabled":true,"jetpack_shortlink":"https:\/\/wp.me\/pe6lTn-9Tx","_links":{"self":[{"href":"https:\/\/www.visit-ulcinj.com\/blog\/wp-json\/wp\/v2\/posts\/38039"}],"collection":[{"href":"https:\/\/www.visit-ulcinj.com\/blog\/wp-json\/wp\/v2\/posts"}],"about":[{"href":"https:\/\/www.visit-ulcinj.com\/blog\/wp-json\/wp\/v2\/types\/post"}],"author":[{"embeddable":true,"href":"https:\/\/www.visit-ulcinj.com\/blog\/wp-json\/wp\/v2\/users\/1"}],"replies":[{"embeddable":true,"href":"https:\/\/www.visit-ulcinj.com\/blog\/wp-json\/wp\/v2\/comments?post=38039"}],"version-history":[{"count":0,"href":"https:\/\/www.visit-ulcinj.com\/blog\/wp-json\/wp\/v2\/posts\/38039\/revisions"}],"wp:attachment":[{"href":"https:\/\/www.visit-ulcinj.com\/blog\/wp-json\/wp\/v2\/media?parent=38039"}],"wp:term":[{"taxonomy":"category","embeddable":true,"href":"https:\/\/www.visit-ulcinj.com\/blog\/wp-json\/wp\/v2\/categories?post=38039"},{"taxonomy":"post_tag","embeddable":true,"href":"https:\/\/www.visit-ulcinj.com\/blog\/wp-json\/wp\/v2\/tags?post=38039"}],"curies":[{"name":"wp","href":"https:\/\/api.w.org\/{rel}","templated":true}]}}