{"id":38052,"date":"2010-10-05T00:05:59","date_gmt":"2010-10-04T22:05:59","guid":{"rendered":"http:\/\/www.visit-ulcinj.com\/blog\/?p=38052"},"modified":"2010-10-16T20:24:38","modified_gmt":"2010-10-16T18:24:38","slug":"saubih-mehmeti-bartes-i-listes-lidhja-demokratike-ne-mal-te-zi","status":"publish","type":"post","link":"https:\/\/www.visit-ulcinj.com\/blog\/2010\/10\/05\/saubih-mehmeti-bartes-i-listes-lidhja-demokratike-ne-mal-te-zi\/","title":{"rendered":"Saubih Mehmeti, bart\u00ebs i list\u00ebs Lidhja Demokratike n\u00eb Mal t\u00eb Zi"},"content":{"rendered":"<p><strong><a href=\"http:\/\/www.visit-ulcinj.com\/blog\/wp-content\/uploads\/2010\/10\/Saubih-Mehmeti-bart\u00ebs-i-list\u00ebs-Lidhja-Demokratike-n\u00eb-Mal-t\u00eb-Zi.jpg\"><img loading=\"lazy\" class=\"alignleft size-full wp-image-38053\" title=\"Saubih Mehmeti, bart\u00ebs i list\u00ebs Lidhja Demokratike n\u00eb Mal t\u00eb Zi\" src=\"http:\/\/www.visit-ulcinj.com\/blog\/wp-content\/uploads\/2010\/10\/Saubih-Mehmeti-bart\u00ebs-i-list\u00ebs-Lidhja-Demokratike-n\u00eb-Mal-t\u00eb-Zi.jpg\" alt=\"\" width=\"320\" height=\"480\" \/><\/a>Lidhja Demokratike Zgjedhjet p\u00ebr k\u00ebshilltar\u00eb n\u00eb KK t\u00eb Ulqinit &#8211; 17 tetor 2010 &#8211; VOTONI Nr. 7<\/strong><br \/>\nP\u00ebr komun\u00ebn e Ulqinit vizion i ri me vlera t\u00eb d\u00ebshmuara,Saubih Mehmeti bart\u00ebs i list\u00ebs Lidhja Demokratike n\u00eb Mal t\u00eb Zi thekson se ai sheh t\u00eb vetmin shans t\u00eb zhvillimit t\u00eb Ulqinit n\u00eb decentralizimin e pushtetit.<br \/>\n\u201cKomuna e Ulqinit nuk ka asnj\u00eb kompetenc\u00eb p\u00ebr t\u00eb zot\u00ebruar me resurset e bregdetit, si potencial i vet\u00ebm dhe real q\u00eb mund ta nxjerr\u00eb k\u00ebt\u00eb zon\u00eb nga kolapsi ekonomik\u201d, thekson ai.<br \/>\nse jan\u00eb rr\u00ebnuar objektet m\u00eb t\u00eb njohura t\u00eb turizmit, si hoteli \u201cGaleb\u201d, q\u00eb ishte simbol i turizmit t\u00eb k\u00ebtij qyteti edhe n\u00eb p\u00ebrmasat nd\u00ebrkomb\u00ebtare, i cili u b\u00eb rrafsh me tok\u00eb pik\u00ebrisht n\u00eb k\u00ebt\u00eb mandat q\u00eb po e l\u00ebm\u00eb pas t\u00eb qeverisjes s\u00eb koalicionit \u201cP\u00ebr Ulqinin evropian\u201d.<br \/>\nAi thot\u00eb se pas rr\u00ebnimit t\u00eb plot\u00eb t\u00eb objekteve t\u00eb njohura t\u00eb turizmit, ekspert\u00ebt e mir\u00ebnjohur t\u00eb turizmit t\u00eb Ulqinit, t\u00eb p\u00ebrgatitur me dekada t\u00eb t\u00ebra, sot ose shesin n\u00ebp\u00ebr kiosqe cigare dhe gazeta, ose kan\u00eb ikur n\u00ebp\u00ebr bot\u00eb p\u00ebr t\u00eb siguruar ekzistenc\u00ebn e tyre.<br \/>\nSipas tij, Koalicioni \u201cP\u00ebr Ulqinin evropian\u201d, i p\u00ebrb\u00ebr\u00eb nga Unioni Demokratik i Shqiptar\u00ebve dhe Partia Demokratike e Socialist\u00ebve, nuk mund t\u00eb vendos p\u00ebr perspektiv\u00ebn dhe zhvillimin e Ulqinit, sepse qendr\u00ebn e ka n\u00eb Podgoric\u00eb.<br \/>\nN\u00eb Ulqin nuk mund t\u00eb imagjinohet ndonj\u00eb zhvillim ekonomik, sepse ekonomia e tij \u00ebsht\u00eb shkat\u00ebrruar n\u00eb t\u00ebr\u00ebsi, gjoja n\u00eb em\u00ebr t\u00eb privatizimit dhe perspektiva e zhvillimit k\u00ebtu shihet n\u00eb decentralizimin e pushtetit.<br \/>\n<strong>P\u00ebr komun\u00ebn e Ulqinit vizion i ri me vlera t\u00eb d\u00ebshmuara&#8211;VOTONI Nr. 7<br \/>\nLD n\u00eb MZ ka vizion dhe guxim &#8212; VOTONI Nr. 7<\/strong><\/p>\n<p><strong><\/strong><strong>P\u00ebr \u00e7do shkurtim klikoni ne logon e partis ne fillim t\u00eb faqes  principale <\/strong><br \/>\n<!--YouTube Error: bad URL entered--><br \/>\n<strong><br \/>\n<\/strong><\/p>\n","protected":false},"excerpt":{"rendered":"<p>Lidhja Demokratike Zgjedhjet p\u00ebr k\u00ebshilltar\u00eb n\u00eb KK t\u00eb Ulqinit &#8211; 17 tetor 2010 &#8211; VOTONI Nr. 7 P\u00ebr komun\u00ebn e Ulqinit vizion i ri me vlera t\u00eb d\u00ebshmuara,Saubih Mehmeti bart\u00ebs i list\u00ebs Lidhja Demokratike n\u00eb Mal t\u00eb Zi thekson se ai sheh t\u00eb vetmin shans t\u00eb zhvillimit t\u00eb Ulqinit n\u00eb decentralizimin e pushtetit. \u201cKomuna e [&hellip;]<\/p>\n","protected":false},"author":1,"featured_media":0,"comment_status":"open","ping_status":"closed","sticky":false,"template":"","format":"standard","meta":{"spay_email":"","jetpack_publicize_message":"","jetpack_is_tweetstorm":false,"jetpack_publicize_feature_enabled":true},"categories":[6],"tags":[2572,15889,10252,2574,15882,15885,4187,15873,15875,15883,15872,687,347,15878,15886,15880,15879,15888,15876,15877,15884,15881,15890,15874,15887],"jetpack_publicize_connections":[],"yoast_head":"<!-- This site is optimized with the Yoast SEO plugin v19.1 - https:\/\/yoast.com\/wordpress\/plugins\/seo\/ -->\n<title>Saubih Mehmeti, bart\u00ebs i list\u00ebs Lidhja Demokratike n\u00eb Mal t\u00eb Zi - Lajme nga Ulqini<\/title>\n<meta name=\"description\" content=\"Lidhja Demokratike Zgjedhjet p\u00ebr k\u00ebshilltar\u00eb n\u00eb KK t\u00eb Ulqinit - 17 tetor 2010 - VOTONI Nr. 7 P\u00ebr komun\u00ebn e Ulqinit vizion i ri me vlera t\u00eb\" \/>\n<meta name=\"robots\" content=\"index, follow, max-snippet:-1, max-image-preview:large, max-video-preview:-1\" \/>\n<link rel=\"canonical\" href=\"https:\/\/www.visit-ulcinj.com\/blog\/2010\/10\/05\/saubih-mehmeti-bartes-i-listes-lidhja-demokratike-ne-mal-te-zi\/\" \/>\n<meta property=\"og:locale\" content=\"en_US\" \/>\n<meta property=\"og:type\" content=\"article\" \/>\n<meta property=\"og:title\" content=\"Saubih Mehmeti, bart\u00ebs i list\u00ebs Lidhja Demokratike n\u00eb Mal t\u00eb Zi - Lajme nga Ulqini\" \/>\n<meta property=\"og:description\" content=\"Lidhja Demokratike Zgjedhjet p\u00ebr k\u00ebshilltar\u00eb n\u00eb KK t\u00eb Ulqinit - 17 tetor 2010 - VOTONI Nr. 7 P\u00ebr komun\u00ebn e Ulqinit vizion i ri me vlera t\u00eb\" \/>\n<meta property=\"og:url\" content=\"https:\/\/www.visit-ulcinj.com\/blog\/2010\/10\/05\/saubih-mehmeti-bartes-i-listes-lidhja-demokratike-ne-mal-te-zi\/\" \/>\n<meta property=\"og:site_name\" content=\"Lajme nga Ulqini\" \/>\n<meta property=\"article:published_time\" content=\"2010-10-04T22:05:59+00:00\" \/>\n<meta property=\"article:modified_time\" content=\"2010-10-16T18:24:38+00:00\" \/>\n<meta name=\"twitter:label1\" content=\"Written by\" \/>\n\t<meta name=\"twitter:data1\" content=\"ulqini\" \/>\n\t<meta name=\"twitter:label2\" content=\"Est. reading time\" \/>\n\t<meta name=\"twitter:data2\" content=\"2 minutes\" \/>\n<script type=\"application\/ld+json\" class=\"yoast-schema-graph\">{\"@context\":\"https:\/\/schema.org\",\"@graph\":[{\"@type\":\"WebSite\",\"@id\":\"https:\/\/www.visit-ulcinj.com\/blog\/#website\",\"url\":\"https:\/\/www.visit-ulcinj.com\/blog\/\",\"name\":\"Lajme nga Ulqini\",\"description\":\"Lajme,Vijesti,Ulqini,Ulqin,Crna Gora,Mali i Zi\",\"potentialAction\":[{\"@type\":\"SearchAction\",\"target\":{\"@type\":\"EntryPoint\",\"urlTemplate\":\"https:\/\/www.visit-ulcinj.com\/blog\/?s={search_term_string}\"},\"query-input\":\"required name=search_term_string\"}],\"inLanguage\":\"en-US\"},{\"@type\":\"WebPage\",\"@id\":\"https:\/\/www.visit-ulcinj.com\/blog\/2010\/10\/05\/saubih-mehmeti-bartes-i-listes-lidhja-demokratike-ne-mal-te-zi\/#webpage\",\"url\":\"https:\/\/www.visit-ulcinj.com\/blog\/2010\/10\/05\/saubih-mehmeti-bartes-i-listes-lidhja-demokratike-ne-mal-te-zi\/\",\"name\":\"Saubih Mehmeti, bart\u00ebs i list\u00ebs Lidhja Demokratike n\u00eb Mal t\u00eb Zi - Lajme nga Ulqini\",\"isPartOf\":{\"@id\":\"https:\/\/www.visit-ulcinj.com\/blog\/#website\"},\"datePublished\":\"2010-10-04T22:05:59+00:00\",\"dateModified\":\"2010-10-16T18:24:38+00:00\",\"author\":{\"@id\":\"https:\/\/www.visit-ulcinj.com\/blog\/#\/schema\/person\/dcab619c614d3038751c63bc2aadc06d\"},\"description\":\"Lidhja Demokratike Zgjedhjet p\u00ebr k\u00ebshilltar\u00eb n\u00eb KK t\u00eb Ulqinit - 17 tetor 2010 - VOTONI Nr. 7 P\u00ebr komun\u00ebn e Ulqinit vizion i ri me vlera t\u00eb\",\"breadcrumb\":{\"@id\":\"https:\/\/www.visit-ulcinj.com\/blog\/2010\/10\/05\/saubih-mehmeti-bartes-i-listes-lidhja-demokratike-ne-mal-te-zi\/#breadcrumb\"},\"inLanguage\":\"en-US\",\"potentialAction\":[{\"@type\":\"ReadAction\",\"target\":[\"https:\/\/www.visit-ulcinj.com\/blog\/2010\/10\/05\/saubih-mehmeti-bartes-i-listes-lidhja-demokratike-ne-mal-te-zi\/\"]}]},{\"@type\":\"BreadcrumbList\",\"@id\":\"https:\/\/www.visit-ulcinj.com\/blog\/2010\/10\/05\/saubih-mehmeti-bartes-i-listes-lidhja-demokratike-ne-mal-te-zi\/#breadcrumb\",\"itemListElement\":[{\"@type\":\"ListItem\",\"position\":1,\"name\":\"Saubih Mehmeti, bart\u00ebs i list\u00ebs Lidhja Demokratike n\u00eb Mal t\u00eb Zi\"}]},{\"@type\":\"Person\",\"@id\":\"https:\/\/www.visit-ulcinj.com\/blog\/#\/schema\/person\/dcab619c614d3038751c63bc2aadc06d\",\"name\":\"ulqini\",\"sameAs\":[\"http:\/\/www.visit-ulcinj.com\"],\"url\":\"https:\/\/www.visit-ulcinj.com\/blog\/author\/admin\/\"}]}<\/script>\n<!-- \/ Yoast SEO plugin. -->","yoast_head_json":{"title":"Saubih Mehmeti, bart\u00ebs i list\u00ebs Lidhja Demokratike n\u00eb Mal t\u00eb Zi - Lajme nga Ulqini","description":"Lidhja Demokratike Zgjedhjet p\u00ebr k\u00ebshilltar\u00eb n\u00eb KK t\u00eb Ulqinit - 17 tetor 2010 - VOTONI Nr. 7 P\u00ebr komun\u00ebn e Ulqinit vizion i ri me vlera t\u00eb","robots":{"index":"index","follow":"follow","max-snippet":"max-snippet:-1","max-image-preview":"max-image-preview:large","max-video-preview":"max-video-preview:-1"},"canonical":"https:\/\/www.visit-ulcinj.com\/blog\/2010\/10\/05\/saubih-mehmeti-bartes-i-listes-lidhja-demokratike-ne-mal-te-zi\/","og_locale":"en_US","og_type":"article","og_title":"Saubih Mehmeti, bart\u00ebs i list\u00ebs Lidhja Demokratike n\u00eb Mal t\u00eb Zi - Lajme nga Ulqini","og_description":"Lidhja Demokratike Zgjedhjet p\u00ebr k\u00ebshilltar\u00eb n\u00eb KK t\u00eb Ulqinit - 17 tetor 2010 - VOTONI Nr. 7 P\u00ebr komun\u00ebn e Ulqinit vizion i ri me vlera t\u00eb","og_url":"https:\/\/www.visit-ulcinj.com\/blog\/2010\/10\/05\/saubih-mehmeti-bartes-i-listes-lidhja-demokratike-ne-mal-te-zi\/","og_site_name":"Lajme nga Ulqini","article_published_time":"2010-10-04T22:05:59+00:00","article_modified_time":"2010-10-16T18:24:38+00:00","twitter_misc":{"Written by":"ulqini","Est. reading time":"2 minutes"},"schema":{"@context":"https:\/\/schema.org","@graph":[{"@type":"WebSite","@id":"https:\/\/www.visit-ulcinj.com\/blog\/#website","url":"https:\/\/www.visit-ulcinj.com\/blog\/","name":"Lajme nga Ulqini","description":"Lajme,Vijesti,Ulqini,Ulqin,Crna Gora,Mali i Zi","potentialAction":[{"@type":"SearchAction","target":{"@type":"EntryPoint","urlTemplate":"https:\/\/www.visit-ulcinj.com\/blog\/?s={search_term_string}"},"query-input":"required name=search_term_string"}],"inLanguage":"en-US"},{"@type":"WebPage","@id":"https:\/\/www.visit-ulcinj.com\/blog\/2010\/10\/05\/saubih-mehmeti-bartes-i-listes-lidhja-demokratike-ne-mal-te-zi\/#webpage","url":"https:\/\/www.visit-ulcinj.com\/blog\/2010\/10\/05\/saubih-mehmeti-bartes-i-listes-lidhja-demokratike-ne-mal-te-zi\/","name":"Saubih Mehmeti, bart\u00ebs i list\u00ebs Lidhja Demokratike n\u00eb Mal t\u00eb Zi - Lajme nga Ulqini","isPartOf":{"@id":"https:\/\/www.visit-ulcinj.com\/blog\/#website"},"datePublished":"2010-10-04T22:05:59+00:00","dateModified":"2010-10-16T18:24:38+00:00","author":{"@id":"https:\/\/www.visit-ulcinj.com\/blog\/#\/schema\/person\/dcab619c614d3038751c63bc2aadc06d"},"description":"Lidhja Demokratike Zgjedhjet p\u00ebr k\u00ebshilltar\u00eb n\u00eb KK t\u00eb Ulqinit - 17 tetor 2010 - VOTONI Nr. 7 P\u00ebr komun\u00ebn e Ulqinit vizion i ri me vlera t\u00eb","breadcrumb":{"@id":"https:\/\/www.visit-ulcinj.com\/blog\/2010\/10\/05\/saubih-mehmeti-bartes-i-listes-lidhja-demokratike-ne-mal-te-zi\/#breadcrumb"},"inLanguage":"en-US","potentialAction":[{"@type":"ReadAction","target":["https:\/\/www.visit-ulcinj.com\/blog\/2010\/10\/05\/saubih-mehmeti-bartes-i-listes-lidhja-demokratike-ne-mal-te-zi\/"]}]},{"@type":"BreadcrumbList","@id":"https:\/\/www.visit-ulcinj.com\/blog\/2010\/10\/05\/saubih-mehmeti-bartes-i-listes-lidhja-demokratike-ne-mal-te-zi\/#breadcrumb","itemListElement":[{"@type":"ListItem","position":1,"name":"Saubih Mehmeti, bart\u00ebs i list\u00ebs Lidhja Demokratike n\u00eb Mal t\u00eb Zi"}]},{"@type":"Person","@id":"https:\/\/www.visit-ulcinj.com\/blog\/#\/schema\/person\/dcab619c614d3038751c63bc2aadc06d","name":"ulqini","sameAs":["http:\/\/www.visit-ulcinj.com"],"url":"https:\/\/www.visit-ulcinj.com\/blog\/author\/admin\/"}]}},"jetpack_featured_media_url":"","jetpack_sharing_enabled":true,"jetpack_shortlink":"https:\/\/wp.me\/pe6lTn-9TK","_links":{"self":[{"href":"https:\/\/www.visit-ulcinj.com\/blog\/wp-json\/wp\/v2\/posts\/38052"}],"collection":[{"href":"https:\/\/www.visit-ulcinj.com\/blog\/wp-json\/wp\/v2\/posts"}],"about":[{"href":"https:\/\/www.visit-ulcinj.com\/blog\/wp-json\/wp\/v2\/types\/post"}],"author":[{"embeddable":true,"href":"https:\/\/www.visit-ulcinj.com\/blog\/wp-json\/wp\/v2\/users\/1"}],"replies":[{"embeddable":true,"href":"https:\/\/www.visit-ulcinj.com\/blog\/wp-json\/wp\/v2\/comments?post=38052"}],"version-history":[{"count":0,"href":"https:\/\/www.visit-ulcinj.com\/blog\/wp-json\/wp\/v2\/posts\/38052\/revisions"}],"wp:attachment":[{"href":"https:\/\/www.visit-ulcinj.com\/blog\/wp-json\/wp\/v2\/media?parent=38052"}],"wp:term":[{"taxonomy":"category","embeddable":true,"href":"https:\/\/www.visit-ulcinj.com\/blog\/wp-json\/wp\/v2\/categories?post=38052"},{"taxonomy":"post_tag","embeddable":true,"href":"https:\/\/www.visit-ulcinj.com\/blog\/wp-json\/wp\/v2\/tags?post=38052"}],"curies":[{"name":"wp","href":"https:\/\/api.w.org\/{rel}","templated":true}]}}