{"id":38078,"date":"2010-10-05T12:58:48","date_gmt":"2010-10-05T10:58:48","guid":{"rendered":"http:\/\/www.visit-ulcinj.com\/blog\/?p=38078"},"modified":"2010-10-16T20:22:20","modified_gmt":"2010-10-16T18:22:20","slug":"nazif-cungu-bartes-i-listes-forca-e-re-demokratike","status":"publish","type":"post","link":"https:\/\/www.visit-ulcinj.com\/blog\/2010\/10\/05\/nazif-cungu-bartes-i-listes-forca-e-re-demokratike\/","title":{"rendered":"Nazif Cungu &#8211; Bart\u00ebs i list\u00ebs Forca e re demokratike"},"content":{"rendered":"<p><a href=\"http:\/\/www.visit-ulcinj.com\/blog\/wp-content\/uploads\/2010\/10\/Forca-e-Zhvillimit-Ulqin.jpg\"><img loading=\"lazy\" class=\"alignleft size-full wp-image-38080\" title=\"Forca e Zhvillimit Ulqin\" src=\"http:\/\/www.visit-ulcinj.com\/blog\/wp-content\/uploads\/2010\/10\/Forca-e-Zhvillimit-Ulqin.jpg\" alt=\"\" width=\"490\" height=\"390\" \/><\/a>Lideri i Forces Nazif Cungu k\u00ebrkon edhe nj\u00eb her\u00eb qytetar\u00ebt p\u00ebr tu p\u00ebrcaktuar, n\u00eb m\u00ebnyr\u00eb q\u00eb s\u00eb bashku ne t\u00eb nd\u00ebrtojm\u00eb nj\u00eb Ulqin m\u00eb t\u00eb mir\u00eb, dhe s\u00eb bashku te jemi n\u00eb  ekzekutivin e komun\u00ebs s\u00eb Ulqinit.<br \/>\nLideri i Forces Nazif Cungu thot\u00eb se qytetar\u00ebt e Ulqinit me 17 tetor mund t\u00eb votojn\u00eb  p\u00ebr premtimet e rrejshme ose t\u00eb votojn p\u00ebr nj\u00eb Ulqin m\u00eb t\u00eb mir\u00eb.<br \/>\nQytetar\u00ebt e Ulqinit votojn\u00eb p\u00ebr jet\u00ebn apo p\u00ebr realitetin virtual. realiteti  ajo  q\u00eb siguron  koalicioni &#8220;P\u00ebr Ulqinin evropian&#8221; n\u00eb zgjedhjet me biloborda me fotot e ura, autostrada  dhe shum gj\u00ebra tjera<br \/>\nNe ofrojm\u00eb nj\u00eb m\u00ebnyr\u00eb konkrete p\u00ebr t\u00eb zgjidhur problemet e akumuluara n\u00eb komun t\u00eb Ulqinit. Ne jemi n\u00eb k\u00ebt\u00eb histori t\u00eb gjith\u00eb t\u00eb bashkuar,dhe  ata q\u00eb duan t\u00eb tejkalohen kto manipullime dhe probleme t\u00eb popullit t\u00eb Ulqinit tha kreu i Forc\u00ebs Nazif Cungu.<\/p>\n<p><strong>Antar\u00ebt q\u00eb jan bart\u00ebsit e list\u00ebs Forca e re demokratike :<\/strong><\/p>\n<p>Nazif Cungu,Xhaudet Cakuli, Genci Nimanbegu, dr Nail Draga, Ilmira Lika, Jakup Murati, Mentor Ljunji, Gjoka Gjonoviq, Faik Nika, Zenel Seloviq, Muharem Molabeqiri, Mirsad Markashi, Valdet Axhemoviq, Arian Murati, Valdet Demiri, Stane Lukiq, Sabrija Kolenoviq, Sait Katana, Qani Osmani, Remzi Brisku, Ridvana Suliq, Mustafa Gorana, Vehbi Doda, Fuad Ljamoja, Marijan Shkrelji, Ramazan Ramo Kurti, Vjolca Lika \u00c7oboviq, Bajazit Lajka, Alfred Mirdita, Burim Ujkashi, Gazmend Dervishi, Muhamed Kolari , mr Fuad Haxhibeti.<br \/>\n<a href=\"http:\/\/www.forca.me\/program_2010\/FORCA_Programi_Zgjedhore_2010-2014.pdf\" target=\"_blank\"><strong>PROGRAMI ZGJEDHOR P\u00cbR QEVERISJEN \u00cb KOMUN\u00cbS S\u00cb ULQINIT<\/strong><\/a><\/p>\n<p><strong>P\u00ebr \u00e7do shkurtim klikoni ne logon e partis ne fillim t\u00eb faqes principale <\/strong><br \/>\n\n\t\t<style type=\"text\/css\">\n\t\t\t#gallery-1 {\n\t\t\t\tmargin: auto;\n\t\t\t}\n\t\t\t#gallery-1 .gallery-item {\n\t\t\t\tfloat: left;\n\t\t\t\tmargin-top: 10px;\n\t\t\t\ttext-align: center;\n\t\t\t\twidth: 33%;\n\t\t\t}\n\t\t\t#gallery-1 img {\n\t\t\t\tborder: 2px solid #cfcfcf;\n\t\t\t}\n\t\t\t#gallery-1 .gallery-caption {\n\t\t\t\tmargin-left: 0;\n\t\t\t}\n\t\t\t\/* see gallery_shortcode() in wp-includes\/media.php *\/\n\t\t<\/style>\n\t\t<div id='gallery-1' class='gallery galleryid-38078 gallery-columns-3 gallery-size-thumbnail'><dl class='gallery-item'>\n\t\t\t<dt class='gallery-icon landscape'>\n\t\t\t\t<a href='https:\/\/www.visit-ulcinj.com\/blog\/wp-content\/uploads\/2010\/10\/Forca-e-Zhvillimit-Ulqin.jpg'><img width=\"150\" height=\"150\" src=\"https:\/\/www.visit-ulcinj.com\/blog\/wp-content\/uploads\/2010\/10\/Forca-e-Zhvillimit-Ulqin-150x150.jpg\" class=\"attachment-thumbnail size-thumbnail\" alt=\"\" loading=\"lazy\" \/><\/a>\n\t\t\t<\/dt><\/dl><dl class='gallery-item'>\n\t\t\t<dt class='gallery-icon landscape'>\n\t\t\t\t<a href='https:\/\/www.visit-ulcinj.com\/blog\/wp-content\/uploads\/2010\/10\/Forca-e-Zhvillimit-Ulqin.1.jpg'><img width=\"150\" height=\"150\" src=\"https:\/\/www.visit-ulcinj.com\/blog\/wp-content\/uploads\/2010\/10\/Forca-e-Zhvillimit-Ulqin.1-150x150.jpg\" class=\"attachment-thumbnail size-thumbnail\" alt=\"\" loading=\"lazy\" \/><\/a>\n\t\t\t<\/dt><\/dl><dl class='gallery-item'>\n\t\t\t<dt class='gallery-icon landscape'>\n\t\t\t\t<a href='https:\/\/www.visit-ulcinj.com\/blog\/wp-content\/uploads\/2010\/10\/Forca-e-Zhvillimit-Ulqin.2.jpg'><img width=\"150\" height=\"150\" src=\"https:\/\/www.visit-ulcinj.com\/blog\/wp-content\/uploads\/2010\/10\/Forca-e-Zhvillimit-Ulqin.2-150x150.jpg\" class=\"attachment-thumbnail size-thumbnail\" alt=\"\" loading=\"lazy\" \/><\/a>\n\t\t\t<\/dt><\/dl><br style=\"clear: both\" \/><dl class='gallery-item'>\n\t\t\t<dt class='gallery-icon landscape'>\n\t\t\t\t<a href='https:\/\/www.visit-ulcinj.com\/blog\/wp-content\/uploads\/2010\/10\/Forca-e-Zhvillimit-Ulqin.3.jpg'><img width=\"150\" height=\"150\" src=\"https:\/\/www.visit-ulcinj.com\/blog\/wp-content\/uploads\/2010\/10\/Forca-e-Zhvillimit-Ulqin.3-150x150.jpg\" class=\"attachment-thumbnail size-thumbnail\" alt=\"\" loading=\"lazy\" \/><\/a>\n\t\t\t<\/dt><\/dl><dl class='gallery-item'>\n\t\t\t<dt class='gallery-icon landscape'>\n\t\t\t\t<a href='https:\/\/www.visit-ulcinj.com\/blog\/wp-content\/uploads\/2010\/10\/Forca-e-Zhvillimit-Ulqin.4.jpg'><img width=\"150\" height=\"150\" src=\"https:\/\/www.visit-ulcinj.com\/blog\/wp-content\/uploads\/2010\/10\/Forca-e-Zhvillimit-Ulqin.4-150x150.jpg\" class=\"attachment-thumbnail size-thumbnail\" alt=\"\" loading=\"lazy\" \/><\/a>\n\t\t\t<\/dt><\/dl><dl class='gallery-item'>\n\t\t\t<dt class='gallery-icon landscape'>\n\t\t\t\t<a href='https:\/\/www.visit-ulcinj.com\/blog\/wp-content\/uploads\/2010\/10\/Forca-e-Zhvillimit-Ulqin.5.jpg'><img width=\"150\" height=\"150\" src=\"https:\/\/www.visit-ulcinj.com\/blog\/wp-content\/uploads\/2010\/10\/Forca-e-Zhvillimit-Ulqin.5-150x150.jpg\" class=\"attachment-thumbnail size-thumbnail\" alt=\"\" loading=\"lazy\" \/><\/a>\n\t\t\t<\/dt><\/dl><br style=\"clear: both\" \/><dl class='gallery-item'>\n\t\t\t<dt class='gallery-icon landscape'>\n\t\t\t\t<a href='https:\/\/www.visit-ulcinj.com\/blog\/wp-content\/uploads\/2010\/10\/Forca-e-re-demokratike_ulqin.3.jpg'><img width=\"150\" height=\"150\" src=\"https:\/\/www.visit-ulcinj.com\/blog\/wp-content\/uploads\/2010\/10\/Forca-e-re-demokratike_ulqin.3-150x150.jpg\" class=\"attachment-thumbnail size-thumbnail\" alt=\"\" loading=\"lazy\" \/><\/a>\n\t\t\t<\/dt><\/dl><dl class='gallery-item'>\n\t\t\t<dt class='gallery-icon landscape'>\n\t\t\t\t<a href='https:\/\/www.visit-ulcinj.com\/blog\/wp-content\/uploads\/2010\/10\/Forca-e-re-demokratike_ulqin.2.jpg'><img width=\"150\" height=\"150\" src=\"https:\/\/www.visit-ulcinj.com\/blog\/wp-content\/uploads\/2010\/10\/Forca-e-re-demokratike_ulqin.2-150x150.jpg\" class=\"attachment-thumbnail size-thumbnail\" alt=\"\" loading=\"lazy\" \/><\/a>\n\t\t\t<\/dt><\/dl><dl class='gallery-item'>\n\t\t\t<dt class='gallery-icon landscape'>\n\t\t\t\t<a href='https:\/\/www.visit-ulcinj.com\/blog\/wp-content\/uploads\/2010\/10\/Forca-e-re-demokratike_ulqin.jpg'><img width=\"150\" height=\"150\" src=\"https:\/\/www.visit-ulcinj.com\/blog\/wp-content\/uploads\/2010\/10\/Forca-e-re-demokratike_ulqin-150x150.jpg\" class=\"attachment-thumbnail size-thumbnail\" alt=\"\" loading=\"lazy\" srcset=\"https:\/\/www.visit-ulcinj.com\/blog\/wp-content\/uploads\/2010\/10\/Forca-e-re-demokratike_ulqin-150x150.jpg 150w, https:\/\/www.visit-ulcinj.com\/blog\/wp-content\/uploads\/2010\/10\/Forca-e-re-demokratike_ulqin-300x300.jpg 300w, https:\/\/www.visit-ulcinj.com\/blog\/wp-content\/uploads\/2010\/10\/Forca-e-re-demokratike_ulqin.jpg 720w\" sizes=\"(max-width: 150px) 100vw, 150px\" \/><\/a>\n\t\t\t<\/dt><\/dl><br style=\"clear: both\" \/>\n\t\t<\/div>\n<br \/>\n<strong>VIDEO NGA ARKIVI <\/strong><br \/>\n<!--YouTube Error: bad URL entered--><strong><\/p>\n<p><\/strong><\/p>\n","protected":false},"excerpt":{"rendered":"<p>Lideri i Forces Nazif Cungu k\u00ebrkon edhe nj\u00eb her\u00eb qytetar\u00ebt p\u00ebr tu p\u00ebrcaktuar, n\u00eb m\u00ebnyr\u00eb q\u00eb s\u00eb bashku ne t\u00eb nd\u00ebrtojm\u00eb nj\u00eb Ulqin m\u00eb t\u00eb mir\u00eb, dhe s\u00eb bashku te jemi n\u00eb ekzekutivin e komun\u00ebs s\u00eb Ulqinit. Lideri i Forces Nazif Cungu thot\u00eb se qytetar\u00ebt e Ulqinit me 17 tetor mund t\u00eb votojn\u00eb p\u00ebr premtimet [&hellip;]<\/p>\n","protected":false},"author":1,"featured_media":0,"comment_status":"open","ping_status":"closed","sticky":false,"template":"","format":"standard","meta":{"spay_email":"","jetpack_publicize_message":"","jetpack_is_tweetstorm":false,"jetpack_publicize_feature_enabled":true},"categories":[6],"tags":[14525,15858,14524,15868,2761,14505,874,5148,672,15897,15864,15869,1073,15854,13756,14502,15865,15853,15857,15871,15870,15856,14518,118,15861,15866,14516,15862,15860,14514,15859,12690,14510,15863,15867,1797,15855,15896,15327],"jetpack_publicize_connections":[],"yoast_head":"<!-- This site is optimized with the Yoast SEO plugin v19.1 - https:\/\/yoast.com\/wordpress\/plugins\/seo\/ -->\n<title>Nazif Cungu - Bart\u00ebs i list\u00ebs Forca e re demokratike - Lajme nga Ulqini<\/title>\n<meta name=\"description\" content=\"Lideri i Forces Nazif Cungu k\u00ebrkon edhe nj\u00eb her\u00eb qytetar\u00ebt p\u00ebr tu p\u00ebrcaktuar, n\u00eb m\u00ebnyr\u00eb q\u00eb s\u00eb bashku ne t\u00eb nd\u00ebrtojm\u00eb nj\u00eb Ulqin m\u00eb t\u00eb mir\u00eb, dhe s\u00eb bashku\" \/>\n<meta name=\"robots\" content=\"index, follow, max-snippet:-1, max-image-preview:large, max-video-preview:-1\" \/>\n<link rel=\"canonical\" href=\"https:\/\/www.visit-ulcinj.com\/blog\/2010\/10\/05\/nazif-cungu-bartes-i-listes-forca-e-re-demokratike\/\" \/>\n<meta property=\"og:locale\" content=\"en_US\" \/>\n<meta property=\"og:type\" content=\"article\" \/>\n<meta property=\"og:title\" content=\"Nazif Cungu - Bart\u00ebs i list\u00ebs Forca e re demokratike - Lajme nga Ulqini\" \/>\n<meta property=\"og:description\" content=\"Lideri i Forces Nazif Cungu k\u00ebrkon edhe nj\u00eb her\u00eb qytetar\u00ebt p\u00ebr tu p\u00ebrcaktuar, n\u00eb m\u00ebnyr\u00eb q\u00eb s\u00eb bashku ne t\u00eb nd\u00ebrtojm\u00eb nj\u00eb Ulqin m\u00eb t\u00eb mir\u00eb, dhe s\u00eb bashku\" \/>\n<meta property=\"og:url\" content=\"https:\/\/www.visit-ulcinj.com\/blog\/2010\/10\/05\/nazif-cungu-bartes-i-listes-forca-e-re-demokratike\/\" \/>\n<meta property=\"og:site_name\" content=\"Lajme nga Ulqini\" \/>\n<meta property=\"article:published_time\" content=\"2010-10-05T10:58:48+00:00\" \/>\n<meta property=\"article:modified_time\" content=\"2010-10-16T18:22:20+00:00\" \/>\n<meta property=\"og:image\" content=\"https:\/\/www.visit-ulcinj.com\/blog\/wp-content\/uploads\/2010\/10\/Forca-e-Zhvillimit-Ulqin-150x150.jpg\" \/>\n<meta name=\"twitter:label1\" content=\"Written by\" \/>\n\t<meta name=\"twitter:data1\" content=\"ulqini\" \/>\n\t<meta name=\"twitter:label2\" content=\"Est. reading time\" \/>\n\t<meta name=\"twitter:data2\" content=\"1 minute\" \/>\n<script type=\"application\/ld+json\" class=\"yoast-schema-graph\">{\"@context\":\"https:\/\/schema.org\",\"@graph\":[{\"@type\":\"WebSite\",\"@id\":\"https:\/\/www.visit-ulcinj.com\/blog\/#website\",\"url\":\"https:\/\/www.visit-ulcinj.com\/blog\/\",\"name\":\"Lajme nga Ulqini\",\"description\":\"Lajme,Vijesti,Ulqini,Ulqin,Crna Gora,Mali i Zi\",\"potentialAction\":[{\"@type\":\"SearchAction\",\"target\":{\"@type\":\"EntryPoint\",\"urlTemplate\":\"https:\/\/www.visit-ulcinj.com\/blog\/?s={search_term_string}\"},\"query-input\":\"required name=search_term_string\"}],\"inLanguage\":\"en-US\"},{\"@type\":\"ImageObject\",\"inLanguage\":\"en-US\",\"@id\":\"https:\/\/www.visit-ulcinj.com\/blog\/2010\/10\/05\/nazif-cungu-bartes-i-listes-forca-e-re-demokratike\/#primaryimage\",\"url\":\"https:\/\/www.visit-ulcinj.com\/blog\/wp-content\/uploads\/2010\/10\/Forca-e-Zhvillimit-Ulqin.jpg\",\"contentUrl\":\"https:\/\/www.visit-ulcinj.com\/blog\/wp-content\/uploads\/2010\/10\/Forca-e-Zhvillimit-Ulqin.jpg\",\"width\":\"1027\",\"height\":\"740\"},{\"@type\":\"WebPage\",\"@id\":\"https:\/\/www.visit-ulcinj.com\/blog\/2010\/10\/05\/nazif-cungu-bartes-i-listes-forca-e-re-demokratike\/#webpage\",\"url\":\"https:\/\/www.visit-ulcinj.com\/blog\/2010\/10\/05\/nazif-cungu-bartes-i-listes-forca-e-re-demokratike\/\",\"name\":\"Nazif Cungu - Bart\u00ebs i list\u00ebs Forca e re demokratike - Lajme nga Ulqini\",\"isPartOf\":{\"@id\":\"https:\/\/www.visit-ulcinj.com\/blog\/#website\"},\"primaryImageOfPage\":{\"@id\":\"https:\/\/www.visit-ulcinj.com\/blog\/2010\/10\/05\/nazif-cungu-bartes-i-listes-forca-e-re-demokratike\/#primaryimage\"},\"datePublished\":\"2010-10-05T10:58:48+00:00\",\"dateModified\":\"2010-10-16T18:22:20+00:00\",\"author\":{\"@id\":\"https:\/\/www.visit-ulcinj.com\/blog\/#\/schema\/person\/dcab619c614d3038751c63bc2aadc06d\"},\"description\":\"Lideri i Forces Nazif Cungu k\u00ebrkon edhe nj\u00eb her\u00eb qytetar\u00ebt p\u00ebr tu p\u00ebrcaktuar, n\u00eb m\u00ebnyr\u00eb q\u00eb s\u00eb bashku ne t\u00eb nd\u00ebrtojm\u00eb nj\u00eb Ulqin m\u00eb t\u00eb mir\u00eb, dhe s\u00eb bashku\",\"breadcrumb\":{\"@id\":\"https:\/\/www.visit-ulcinj.com\/blog\/2010\/10\/05\/nazif-cungu-bartes-i-listes-forca-e-re-demokratike\/#breadcrumb\"},\"inLanguage\":\"en-US\",\"potentialAction\":[{\"@type\":\"ReadAction\",\"target\":[\"https:\/\/www.visit-ulcinj.com\/blog\/2010\/10\/05\/nazif-cungu-bartes-i-listes-forca-e-re-demokratike\/\"]}]},{\"@type\":\"BreadcrumbList\",\"@id\":\"https:\/\/www.visit-ulcinj.com\/blog\/2010\/10\/05\/nazif-cungu-bartes-i-listes-forca-e-re-demokratike\/#breadcrumb\",\"itemListElement\":[{\"@type\":\"ListItem\",\"position\":1,\"name\":\"Nazif Cungu &#8211; Bart\u00ebs i list\u00ebs Forca e re demokratike\"}]},{\"@type\":\"Person\",\"@id\":\"https:\/\/www.visit-ulcinj.com\/blog\/#\/schema\/person\/dcab619c614d3038751c63bc2aadc06d\",\"name\":\"ulqini\",\"sameAs\":[\"http:\/\/www.visit-ulcinj.com\"],\"url\":\"https:\/\/www.visit-ulcinj.com\/blog\/author\/admin\/\"}]}<\/script>\n<!-- \/ Yoast SEO plugin. -->","yoast_head_json":{"title":"Nazif Cungu - Bart\u00ebs i list\u00ebs Forca e re demokratike - Lajme nga Ulqini","description":"Lideri i Forces Nazif Cungu k\u00ebrkon edhe nj\u00eb her\u00eb qytetar\u00ebt p\u00ebr tu p\u00ebrcaktuar, n\u00eb m\u00ebnyr\u00eb q\u00eb s\u00eb bashku ne t\u00eb nd\u00ebrtojm\u00eb nj\u00eb Ulqin m\u00eb t\u00eb mir\u00eb, dhe s\u00eb bashku","robots":{"index":"index","follow":"follow","max-snippet":"max-snippet:-1","max-image-preview":"max-image-preview:large","max-video-preview":"max-video-preview:-1"},"canonical":"https:\/\/www.visit-ulcinj.com\/blog\/2010\/10\/05\/nazif-cungu-bartes-i-listes-forca-e-re-demokratike\/","og_locale":"en_US","og_type":"article","og_title":"Nazif Cungu - Bart\u00ebs i list\u00ebs Forca e re demokratike - Lajme nga Ulqini","og_description":"Lideri i Forces Nazif Cungu k\u00ebrkon edhe nj\u00eb her\u00eb qytetar\u00ebt p\u00ebr tu p\u00ebrcaktuar, n\u00eb m\u00ebnyr\u00eb q\u00eb s\u00eb bashku ne t\u00eb nd\u00ebrtojm\u00eb nj\u00eb Ulqin m\u00eb t\u00eb mir\u00eb, dhe s\u00eb bashku","og_url":"https:\/\/www.visit-ulcinj.com\/blog\/2010\/10\/05\/nazif-cungu-bartes-i-listes-forca-e-re-demokratike\/","og_site_name":"Lajme nga Ulqini","article_published_time":"2010-10-05T10:58:48+00:00","article_modified_time":"2010-10-16T18:22:20+00:00","og_image":[{"url":"https:\/\/www.visit-ulcinj.com\/blog\/wp-content\/uploads\/2010\/10\/Forca-e-Zhvillimit-Ulqin-150x150.jpg"}],"twitter_misc":{"Written by":"ulqini","Est. reading time":"1 minute"},"schema":{"@context":"https:\/\/schema.org","@graph":[{"@type":"WebSite","@id":"https:\/\/www.visit-ulcinj.com\/blog\/#website","url":"https:\/\/www.visit-ulcinj.com\/blog\/","name":"Lajme nga Ulqini","description":"Lajme,Vijesti,Ulqini,Ulqin,Crna Gora,Mali i Zi","potentialAction":[{"@type":"SearchAction","target":{"@type":"EntryPoint","urlTemplate":"https:\/\/www.visit-ulcinj.com\/blog\/?s={search_term_string}"},"query-input":"required name=search_term_string"}],"inLanguage":"en-US"},{"@type":"ImageObject","inLanguage":"en-US","@id":"https:\/\/www.visit-ulcinj.com\/blog\/2010\/10\/05\/nazif-cungu-bartes-i-listes-forca-e-re-demokratike\/#primaryimage","url":"https:\/\/www.visit-ulcinj.com\/blog\/wp-content\/uploads\/2010\/10\/Forca-e-Zhvillimit-Ulqin.jpg","contentUrl":"https:\/\/www.visit-ulcinj.com\/blog\/wp-content\/uploads\/2010\/10\/Forca-e-Zhvillimit-Ulqin.jpg","width":"1027","height":"740"},{"@type":"WebPage","@id":"https:\/\/www.visit-ulcinj.com\/blog\/2010\/10\/05\/nazif-cungu-bartes-i-listes-forca-e-re-demokratike\/#webpage","url":"https:\/\/www.visit-ulcinj.com\/blog\/2010\/10\/05\/nazif-cungu-bartes-i-listes-forca-e-re-demokratike\/","name":"Nazif Cungu - Bart\u00ebs i list\u00ebs Forca e re demokratike - Lajme nga Ulqini","isPartOf":{"@id":"https:\/\/www.visit-ulcinj.com\/blog\/#website"},"primaryImageOfPage":{"@id":"https:\/\/www.visit-ulcinj.com\/blog\/2010\/10\/05\/nazif-cungu-bartes-i-listes-forca-e-re-demokratike\/#primaryimage"},"datePublished":"2010-10-05T10:58:48+00:00","dateModified":"2010-10-16T18:22:20+00:00","author":{"@id":"https:\/\/www.visit-ulcinj.com\/blog\/#\/schema\/person\/dcab619c614d3038751c63bc2aadc06d"},"description":"Lideri i Forces Nazif Cungu k\u00ebrkon edhe nj\u00eb her\u00eb qytetar\u00ebt p\u00ebr tu p\u00ebrcaktuar, n\u00eb m\u00ebnyr\u00eb q\u00eb s\u00eb bashku ne t\u00eb nd\u00ebrtojm\u00eb nj\u00eb Ulqin m\u00eb t\u00eb mir\u00eb, dhe s\u00eb bashku","breadcrumb":{"@id":"https:\/\/www.visit-ulcinj.com\/blog\/2010\/10\/05\/nazif-cungu-bartes-i-listes-forca-e-re-demokratike\/#breadcrumb"},"inLanguage":"en-US","potentialAction":[{"@type":"ReadAction","target":["https:\/\/www.visit-ulcinj.com\/blog\/2010\/10\/05\/nazif-cungu-bartes-i-listes-forca-e-re-demokratike\/"]}]},{"@type":"BreadcrumbList","@id":"https:\/\/www.visit-ulcinj.com\/blog\/2010\/10\/05\/nazif-cungu-bartes-i-listes-forca-e-re-demokratike\/#breadcrumb","itemListElement":[{"@type":"ListItem","position":1,"name":"Nazif Cungu &#8211; Bart\u00ebs i list\u00ebs Forca e re demokratike"}]},{"@type":"Person","@id":"https:\/\/www.visit-ulcinj.com\/blog\/#\/schema\/person\/dcab619c614d3038751c63bc2aadc06d","name":"ulqini","sameAs":["http:\/\/www.visit-ulcinj.com"],"url":"https:\/\/www.visit-ulcinj.com\/blog\/author\/admin\/"}]}},"jetpack_featured_media_url":"","jetpack_sharing_enabled":true,"jetpack_shortlink":"https:\/\/wp.me\/pe6lTn-9Ua","_links":{"self":[{"href":"https:\/\/www.visit-ulcinj.com\/blog\/wp-json\/wp\/v2\/posts\/38078"}],"collection":[{"href":"https:\/\/www.visit-ulcinj.com\/blog\/wp-json\/wp\/v2\/posts"}],"about":[{"href":"https:\/\/www.visit-ulcinj.com\/blog\/wp-json\/wp\/v2\/types\/post"}],"author":[{"embeddable":true,"href":"https:\/\/www.visit-ulcinj.com\/blog\/wp-json\/wp\/v2\/users\/1"}],"replies":[{"embeddable":true,"href":"https:\/\/www.visit-ulcinj.com\/blog\/wp-json\/wp\/v2\/comments?post=38078"}],"version-history":[{"count":0,"href":"https:\/\/www.visit-ulcinj.com\/blog\/wp-json\/wp\/v2\/posts\/38078\/revisions"}],"wp:attachment":[{"href":"https:\/\/www.visit-ulcinj.com\/blog\/wp-json\/wp\/v2\/media?parent=38078"}],"wp:term":[{"taxonomy":"category","embeddable":true,"href":"https:\/\/www.visit-ulcinj.com\/blog\/wp-json\/wp\/v2\/categories?post=38078"},{"taxonomy":"post_tag","embeddable":true,"href":"https:\/\/www.visit-ulcinj.com\/blog\/wp-json\/wp\/v2\/tags?post=38078"}],"curies":[{"name":"wp","href":"https:\/\/api.w.org\/{rel}","templated":true}]}}