{"id":38125,"date":"2010-10-05T18:55:15","date_gmt":"2010-10-05T16:55:15","guid":{"rendered":"http:\/\/www.visit-ulcinj.com\/blog\/?p=38125"},"modified":"2010-10-11T18:13:02","modified_gmt":"2010-10-11T16:13:02","slug":"viktor-curoviq-me-i-miri-i-turneut","status":"publish","type":"post","link":"https:\/\/www.visit-ulcinj.com\/blog\/2010\/10\/05\/viktor-curoviq-me-i-miri-i-turneut\/","title":{"rendered":"Viktor Curoviq m\u00eb i miri i turneut &#8211; Video"},"content":{"rendered":"<p><a href=\"http:\/\/www.visit-ulcinj.com\/blog\/wp-content\/uploads\/2010\/10\/Viktor-Curoviq-Nikshiq.jpg\"><img loading=\"lazy\" class=\"alignleft size-full wp-image-38126\" title=\"Viktor Curoviq-Nikshiq\" src=\"http:\/\/www.visit-ulcinj.com\/blog\/wp-content\/uploads\/2010\/10\/Viktor-Curoviq-Nikshiq.jpg\" alt=\"\" width=\"490\" height=\"390\" \/><\/a>T\u00eb diel\u00ebn, m\u00eb 03 tetor 2010 n\u00eb Nikshiq u mbajt Turneu i VI-t\u00eb nd\u00ebrkomb\u00ebtar i karates\u00eb\u00a0 \u201cNikshiq 2010\u201d, n\u00eb t\u00eb cilin 5 (pes\u00eb) garuesit e klubi t\u00eb karates\u00eb \u201cUlqini\u201d arrit\u00ebn nj\u00eb sukses t\u00eb shk\u00eblqyesh\u00ebm, duke u kuror\u00ebzuar me 11 medalje: 8 medalje t\u00eb arta, 3 t\u00eb argjendta dhe nj\u00eb kup\u00eb p\u00ebr garuesin m\u00eb t\u00eb mir\u00eb t\u00eb k\u00ebtij turneu.<\/p>\n<p>Karateisti i k\u00ebtij klubi Viktor Curoviq, i cili u kuror\u00ebzua me dy medalje t\u00eb arta dhe nj\u00eb t\u00eb argjendt\u00eb, u shpall garuesi m\u00eb i mir\u00eb i Turneut. Curoviqi \u00ebsht\u00eb mbajt\u00ebs i shum\u00eb titujve si n\u00eb arenat vendore ashtu dhe n\u00eb ata nd\u00ebrkomb\u00ebtare dhe kjo nuk \u00ebsht\u00eb hera e par\u00eb q\u00eb merr titullin e garuesit m\u00eb t\u00eb mir\u00eb,<\/p>\n<p>Me nga dy medalje t\u00eb arta u kuror\u00ebzuan edhe garuesit Liridon Elezi dhe Dardan Ceka, nd\u00ebrsa garueset Gentiana Korpuzi dhe Fiona Beqiri u kuror\u00ebzuan me nga 1 medalje t\u00eb art\u00eb dhe me nga nj\u00eb t\u00eb argjendt\u00eb. K\u00ebto dy garuese jan\u00eb karateiste nga Kosova, t\u00eb cilat n\u00eb k\u00ebt\u00eb Turne garuan p\u00ebr klubin ton\u00eb. Atyre kjo gar\u00eb i sh\u00ebrbeu si prov\u00eb e p\u00ebrgatitjes s\u00eb tyre para Kampionatit Bot\u00ebror dhe ishin t\u00eb shoq\u00ebruara nga ish kampioni evropian n\u00eb kategorin\u00eb absolute n\u00eb luft\u00ebra p\u00ebr senior\u00eb dhe mbajt\u00ebs i shum\u00eb titujve ballkanik\u00eb, evropian\u00eb e bot\u00ebror\u00eb, Afrim Latifi. Latifi p\u00ebrndryshe \u00ebsht\u00eb mik e bashk\u00ebpun\u00ebtor p\u00ebr vite me radh\u00eb i klubit t\u00eb karates\u00eb \u201cUlqini\u201d dhe vizitat e tij n\u00eb klub gjithmon\u00eb jan\u00eb t\u00eb mir\u00ebpritura nga garuesit dhe trajner\u00ebt tan\u00eb.<\/p>\n<p>N\u00eb Turneun \u201cNikshiq 2010\u201d \u00a0mor\u00ebn pjes\u00eb 28 klube me mbi 590 garues.<\/p>\n<p><strong>Klubi karates\u00eb \u201cUlqini\u201d<br \/>\n\n\t\t<style type=\"text\/css\">\n\t\t\t#gallery-1 {\n\t\t\t\tmargin: auto;\n\t\t\t}\n\t\t\t#gallery-1 .gallery-item {\n\t\t\t\tfloat: left;\n\t\t\t\tmargin-top: 10px;\n\t\t\t\ttext-align: center;\n\t\t\t\twidth: 33%;\n\t\t\t}\n\t\t\t#gallery-1 img {\n\t\t\t\tborder: 2px solid #cfcfcf;\n\t\t\t}\n\t\t\t#gallery-1 .gallery-caption {\n\t\t\t\tmargin-left: 0;\n\t\t\t}\n\t\t\t\/* see gallery_shortcode() in wp-includes\/media.php *\/\n\t\t<\/style>\n\t\t<div id='gallery-1' class='gallery galleryid-38125 gallery-columns-3 gallery-size-thumbnail'><dl class='gallery-item'>\n\t\t\t<dt class='gallery-icon landscape'>\n\t\t\t\t<a href='https:\/\/www.visit-ulcinj.com\/blog\/wp-content\/uploads\/2010\/10\/Viktor-Curoviq-Nikshiq.jpg'><img width=\"150\" height=\"150\" src=\"https:\/\/www.visit-ulcinj.com\/blog\/wp-content\/uploads\/2010\/10\/Viktor-Curoviq-Nikshiq-150x150.jpg\" class=\"attachment-thumbnail size-thumbnail\" alt=\"\" loading=\"lazy\" \/><\/a>\n\t\t\t<\/dt><\/dl><dl class='gallery-item'>\n\t\t\t<dt class='gallery-icon landscape'>\n\t\t\t\t<a href='https:\/\/www.visit-ulcinj.com\/blog\/wp-content\/uploads\/2010\/10\/KK-ULQINI-NIKSHIQ.1.jpg'><img width=\"150\" height=\"150\" src=\"https:\/\/www.visit-ulcinj.com\/blog\/wp-content\/uploads\/2010\/10\/KK-ULQINI-NIKSHIQ.1-150x150.jpg\" class=\"attachment-thumbnail size-thumbnail\" alt=\"\" loading=\"lazy\" \/><\/a>\n\t\t\t<\/dt><\/dl><dl class='gallery-item'>\n\t\t\t<dt class='gallery-icon landscape'>\n\t\t\t\t<a href='https:\/\/www.visit-ulcinj.com\/blog\/wp-content\/uploads\/2010\/10\/KK-ULQINI-NIKSHIQ.2.jpg'><img width=\"150\" height=\"150\" src=\"https:\/\/www.visit-ulcinj.com\/blog\/wp-content\/uploads\/2010\/10\/KK-ULQINI-NIKSHIQ.2-150x150.jpg\" class=\"attachment-thumbnail size-thumbnail\" alt=\"\" loading=\"lazy\" \/><\/a>\n\t\t\t<\/dt><\/dl><br style=\"clear: both\" \/><dl class='gallery-item'>\n\t\t\t<dt class='gallery-icon landscape'>\n\t\t\t\t<a href='https:\/\/www.visit-ulcinj.com\/blog\/wp-content\/uploads\/2010\/10\/KK-ULQINI-NIKSHIQ.3.jpg'><img width=\"150\" height=\"150\" src=\"https:\/\/www.visit-ulcinj.com\/blog\/wp-content\/uploads\/2010\/10\/KK-ULQINI-NIKSHIQ.3-150x150.jpg\" class=\"attachment-thumbnail size-thumbnail\" alt=\"\" loading=\"lazy\" \/><\/a>\n\t\t\t<\/dt><\/dl><dl class='gallery-item'>\n\t\t\t<dt class='gallery-icon landscape'>\n\t\t\t\t<a href='https:\/\/www.visit-ulcinj.com\/blog\/wp-content\/uploads\/2010\/10\/KK-ULQINI-NIKSHIQ.jpg'><img width=\"150\" height=\"150\" src=\"https:\/\/www.visit-ulcinj.com\/blog\/wp-content\/uploads\/2010\/10\/KK-ULQINI-NIKSHIQ-150x150.jpg\" class=\"attachment-thumbnail size-thumbnail\" alt=\"\" loading=\"lazy\" \/><\/a>\n\t\t\t<\/dt><\/dl><dl class='gallery-item'>\n\t\t\t<dt class='gallery-icon landscape'>\n\t\t\t\t<a href='https:\/\/www.visit-ulcinj.com\/blog\/wp-content\/uploads\/2010\/10\/Viktor-Curoviq-Nikshiq.1.jpg'><img width=\"150\" height=\"150\" src=\"https:\/\/www.visit-ulcinj.com\/blog\/wp-content\/uploads\/2010\/10\/Viktor-Curoviq-Nikshiq.1-150x150.jpg\" class=\"attachment-thumbnail size-thumbnail\" alt=\"\" loading=\"lazy\" \/><\/a>\n\t\t\t<\/dt><\/dl><br style=\"clear: both\" \/>\n\t\t<\/div>\n<br \/>\n<\/strong><br \/>\n<!--YouTube Error: bad URL entered--><\/p>\n","protected":false},"excerpt":{"rendered":"<p>T\u00eb diel\u00ebn, m\u00eb 03 tetor 2010 n\u00eb Nikshiq u mbajt Turneu i VI-t\u00eb nd\u00ebrkomb\u00ebtar i karates\u00eb\u00a0 \u201cNikshiq 2010\u201d, n\u00eb t\u00eb cilin 5 (pes\u00eb) garuesit e klubi t\u00eb karates\u00eb \u201cUlqini\u201d arrit\u00ebn nj\u00eb sukses t\u00eb shk\u00eblqyesh\u00ebm, duke u kuror\u00ebzuar me 11 medalje: 8 medalje t\u00eb arta, 3 t\u00eb argjendta dhe nj\u00eb kup\u00eb p\u00ebr garuesin m\u00eb t\u00eb mir\u00eb [&hellip;]<\/p>\n","protected":false},"author":1,"featured_media":0,"comment_status":"open","ping_status":"closed","sticky":false,"template":"","format":"standard","meta":{"spay_email":"","jetpack_publicize_message":"","jetpack_is_tweetstorm":false,"jetpack_publicize_feature_enabled":true},"categories":[3],"tags":[15905,2621],"jetpack_publicize_connections":[],"yoast_head":"<!-- This site is optimized with the Yoast SEO plugin v19.1 - https:\/\/yoast.com\/wordpress\/plugins\/seo\/ -->\n<title>Viktor Curoviq m\u00eb i miri i turneut - Video - Lajme nga Ulqini<\/title>\n<meta name=\"description\" content=\"T\u00eb diel\u00ebn, m\u00eb 03 tetor 2010 n\u00eb Nikshiq u mbajt Turneu i VI-t\u00eb nd\u00ebrkomb\u00ebtar i karates\u00eb\u00a0 \u201cNikshiq 2010\u201d, n\u00eb t\u00eb cilin 5 (pes\u00eb) garuesit e klubi t\u00eb karates\u00eb\" \/>\n<meta name=\"robots\" content=\"index, follow, max-snippet:-1, max-image-preview:large, max-video-preview:-1\" \/>\n<link rel=\"canonical\" href=\"https:\/\/www.visit-ulcinj.com\/blog\/2010\/10\/05\/viktor-curoviq-me-i-miri-i-turneut\/\" \/>\n<meta property=\"og:locale\" content=\"en_US\" \/>\n<meta property=\"og:type\" content=\"article\" \/>\n<meta property=\"og:title\" content=\"Viktor Curoviq m\u00eb i miri i turneut - Video - Lajme nga Ulqini\" \/>\n<meta property=\"og:description\" content=\"T\u00eb diel\u00ebn, m\u00eb 03 tetor 2010 n\u00eb Nikshiq u mbajt Turneu i VI-t\u00eb nd\u00ebrkomb\u00ebtar i karates\u00eb\u00a0 \u201cNikshiq 2010\u201d, n\u00eb t\u00eb cilin 5 (pes\u00eb) garuesit e klubi t\u00eb karates\u00eb\" \/>\n<meta property=\"og:url\" content=\"https:\/\/www.visit-ulcinj.com\/blog\/2010\/10\/05\/viktor-curoviq-me-i-miri-i-turneut\/\" \/>\n<meta property=\"og:site_name\" content=\"Lajme nga Ulqini\" \/>\n<meta property=\"article:published_time\" content=\"2010-10-05T16:55:15+00:00\" \/>\n<meta property=\"article:modified_time\" content=\"2010-10-11T16:13:02+00:00\" \/>\n<meta property=\"og:image\" content=\"https:\/\/www.visit-ulcinj.com\/blog\/wp-content\/uploads\/2010\/10\/Viktor-Curoviq-Nikshiq-150x150.jpg\" \/>\n<meta name=\"twitter:label1\" content=\"Written by\" \/>\n\t<meta name=\"twitter:data1\" content=\"ulqini\" \/>\n\t<meta name=\"twitter:label2\" content=\"Est. reading time\" \/>\n\t<meta name=\"twitter:data2\" content=\"1 minute\" \/>\n<script type=\"application\/ld+json\" class=\"yoast-schema-graph\">{\"@context\":\"https:\/\/schema.org\",\"@graph\":[{\"@type\":\"WebSite\",\"@id\":\"https:\/\/www.visit-ulcinj.com\/blog\/#website\",\"url\":\"https:\/\/www.visit-ulcinj.com\/blog\/\",\"name\":\"Lajme nga Ulqini\",\"description\":\"Lajme,Vijesti,Ulqini,Ulqin,Crna Gora,Mali i Zi\",\"potentialAction\":[{\"@type\":\"SearchAction\",\"target\":{\"@type\":\"EntryPoint\",\"urlTemplate\":\"https:\/\/www.visit-ulcinj.com\/blog\/?s={search_term_string}\"},\"query-input\":\"required name=search_term_string\"}],\"inLanguage\":\"en-US\"},{\"@type\":\"ImageObject\",\"inLanguage\":\"en-US\",\"@id\":\"https:\/\/www.visit-ulcinj.com\/blog\/2010\/10\/05\/viktor-curoviq-me-i-miri-i-turneut\/#primaryimage\",\"url\":\"https:\/\/www.visit-ulcinj.com\/blog\/wp-content\/uploads\/2010\/10\/Viktor-Curoviq-Nikshiq.jpg\",\"contentUrl\":\"https:\/\/www.visit-ulcinj.com\/blog\/wp-content\/uploads\/2010\/10\/Viktor-Curoviq-Nikshiq.jpg\",\"width\":\"720\",\"height\":\"540\"},{\"@type\":\"WebPage\",\"@id\":\"https:\/\/www.visit-ulcinj.com\/blog\/2010\/10\/05\/viktor-curoviq-me-i-miri-i-turneut\/#webpage\",\"url\":\"https:\/\/www.visit-ulcinj.com\/blog\/2010\/10\/05\/viktor-curoviq-me-i-miri-i-turneut\/\",\"name\":\"Viktor Curoviq m\u00eb i miri i turneut - Video - Lajme nga Ulqini\",\"isPartOf\":{\"@id\":\"https:\/\/www.visit-ulcinj.com\/blog\/#website\"},\"primaryImageOfPage\":{\"@id\":\"https:\/\/www.visit-ulcinj.com\/blog\/2010\/10\/05\/viktor-curoviq-me-i-miri-i-turneut\/#primaryimage\"},\"datePublished\":\"2010-10-05T16:55:15+00:00\",\"dateModified\":\"2010-10-11T16:13:02+00:00\",\"author\":{\"@id\":\"https:\/\/www.visit-ulcinj.com\/blog\/#\/schema\/person\/dcab619c614d3038751c63bc2aadc06d\"},\"description\":\"T\u00eb diel\u00ebn, m\u00eb 03 tetor 2010 n\u00eb Nikshiq u mbajt Turneu i VI-t\u00eb nd\u00ebrkomb\u00ebtar i karates\u00eb\u00a0 \u201cNikshiq 2010\u201d, n\u00eb t\u00eb cilin 5 (pes\u00eb) garuesit e klubi t\u00eb karates\u00eb\",\"breadcrumb\":{\"@id\":\"https:\/\/www.visit-ulcinj.com\/blog\/2010\/10\/05\/viktor-curoviq-me-i-miri-i-turneut\/#breadcrumb\"},\"inLanguage\":\"en-US\",\"potentialAction\":[{\"@type\":\"ReadAction\",\"target\":[\"https:\/\/www.visit-ulcinj.com\/blog\/2010\/10\/05\/viktor-curoviq-me-i-miri-i-turneut\/\"]}]},{\"@type\":\"BreadcrumbList\",\"@id\":\"https:\/\/www.visit-ulcinj.com\/blog\/2010\/10\/05\/viktor-curoviq-me-i-miri-i-turneut\/#breadcrumb\",\"itemListElement\":[{\"@type\":\"ListItem\",\"position\":1,\"name\":\"Viktor Curoviq m\u00eb i miri i turneut &#8211; Video\"}]},{\"@type\":\"Person\",\"@id\":\"https:\/\/www.visit-ulcinj.com\/blog\/#\/schema\/person\/dcab619c614d3038751c63bc2aadc06d\",\"name\":\"ulqini\",\"sameAs\":[\"http:\/\/www.visit-ulcinj.com\"],\"url\":\"https:\/\/www.visit-ulcinj.com\/blog\/author\/admin\/\"}]}<\/script>\n<!-- \/ Yoast SEO plugin. -->","yoast_head_json":{"title":"Viktor Curoviq m\u00eb i miri i turneut - Video - Lajme nga Ulqini","description":"T\u00eb diel\u00ebn, m\u00eb 03 tetor 2010 n\u00eb Nikshiq u mbajt Turneu i VI-t\u00eb nd\u00ebrkomb\u00ebtar i karates\u00eb\u00a0 \u201cNikshiq 2010\u201d, n\u00eb t\u00eb cilin 5 (pes\u00eb) garuesit e klubi t\u00eb karates\u00eb","robots":{"index":"index","follow":"follow","max-snippet":"max-snippet:-1","max-image-preview":"max-image-preview:large","max-video-preview":"max-video-preview:-1"},"canonical":"https:\/\/www.visit-ulcinj.com\/blog\/2010\/10\/05\/viktor-curoviq-me-i-miri-i-turneut\/","og_locale":"en_US","og_type":"article","og_title":"Viktor Curoviq m\u00eb i miri i turneut - Video - Lajme nga Ulqini","og_description":"T\u00eb diel\u00ebn, m\u00eb 03 tetor 2010 n\u00eb Nikshiq u mbajt Turneu i VI-t\u00eb nd\u00ebrkomb\u00ebtar i karates\u00eb\u00a0 \u201cNikshiq 2010\u201d, n\u00eb t\u00eb cilin 5 (pes\u00eb) garuesit e klubi t\u00eb karates\u00eb","og_url":"https:\/\/www.visit-ulcinj.com\/blog\/2010\/10\/05\/viktor-curoviq-me-i-miri-i-turneut\/","og_site_name":"Lajme nga Ulqini","article_published_time":"2010-10-05T16:55:15+00:00","article_modified_time":"2010-10-11T16:13:02+00:00","og_image":[{"url":"https:\/\/www.visit-ulcinj.com\/blog\/wp-content\/uploads\/2010\/10\/Viktor-Curoviq-Nikshiq-150x150.jpg"}],"twitter_misc":{"Written by":"ulqini","Est. reading time":"1 minute"},"schema":{"@context":"https:\/\/schema.org","@graph":[{"@type":"WebSite","@id":"https:\/\/www.visit-ulcinj.com\/blog\/#website","url":"https:\/\/www.visit-ulcinj.com\/blog\/","name":"Lajme nga Ulqini","description":"Lajme,Vijesti,Ulqini,Ulqin,Crna Gora,Mali i Zi","potentialAction":[{"@type":"SearchAction","target":{"@type":"EntryPoint","urlTemplate":"https:\/\/www.visit-ulcinj.com\/blog\/?s={search_term_string}"},"query-input":"required name=search_term_string"}],"inLanguage":"en-US"},{"@type":"ImageObject","inLanguage":"en-US","@id":"https:\/\/www.visit-ulcinj.com\/blog\/2010\/10\/05\/viktor-curoviq-me-i-miri-i-turneut\/#primaryimage","url":"https:\/\/www.visit-ulcinj.com\/blog\/wp-content\/uploads\/2010\/10\/Viktor-Curoviq-Nikshiq.jpg","contentUrl":"https:\/\/www.visit-ulcinj.com\/blog\/wp-content\/uploads\/2010\/10\/Viktor-Curoviq-Nikshiq.jpg","width":"720","height":"540"},{"@type":"WebPage","@id":"https:\/\/www.visit-ulcinj.com\/blog\/2010\/10\/05\/viktor-curoviq-me-i-miri-i-turneut\/#webpage","url":"https:\/\/www.visit-ulcinj.com\/blog\/2010\/10\/05\/viktor-curoviq-me-i-miri-i-turneut\/","name":"Viktor Curoviq m\u00eb i miri i turneut - Video - Lajme nga Ulqini","isPartOf":{"@id":"https:\/\/www.visit-ulcinj.com\/blog\/#website"},"primaryImageOfPage":{"@id":"https:\/\/www.visit-ulcinj.com\/blog\/2010\/10\/05\/viktor-curoviq-me-i-miri-i-turneut\/#primaryimage"},"datePublished":"2010-10-05T16:55:15+00:00","dateModified":"2010-10-11T16:13:02+00:00","author":{"@id":"https:\/\/www.visit-ulcinj.com\/blog\/#\/schema\/person\/dcab619c614d3038751c63bc2aadc06d"},"description":"T\u00eb diel\u00ebn, m\u00eb 03 tetor 2010 n\u00eb Nikshiq u mbajt Turneu i VI-t\u00eb nd\u00ebrkomb\u00ebtar i karates\u00eb\u00a0 \u201cNikshiq 2010\u201d, n\u00eb t\u00eb cilin 5 (pes\u00eb) garuesit e klubi t\u00eb karates\u00eb","breadcrumb":{"@id":"https:\/\/www.visit-ulcinj.com\/blog\/2010\/10\/05\/viktor-curoviq-me-i-miri-i-turneut\/#breadcrumb"},"inLanguage":"en-US","potentialAction":[{"@type":"ReadAction","target":["https:\/\/www.visit-ulcinj.com\/blog\/2010\/10\/05\/viktor-curoviq-me-i-miri-i-turneut\/"]}]},{"@type":"BreadcrumbList","@id":"https:\/\/www.visit-ulcinj.com\/blog\/2010\/10\/05\/viktor-curoviq-me-i-miri-i-turneut\/#breadcrumb","itemListElement":[{"@type":"ListItem","position":1,"name":"Viktor Curoviq m\u00eb i miri i turneut &#8211; Video"}]},{"@type":"Person","@id":"https:\/\/www.visit-ulcinj.com\/blog\/#\/schema\/person\/dcab619c614d3038751c63bc2aadc06d","name":"ulqini","sameAs":["http:\/\/www.visit-ulcinj.com"],"url":"https:\/\/www.visit-ulcinj.com\/blog\/author\/admin\/"}]}},"jetpack_featured_media_url":"","jetpack_sharing_enabled":true,"jetpack_shortlink":"https:\/\/wp.me\/pe6lTn-9UV","_links":{"self":[{"href":"https:\/\/www.visit-ulcinj.com\/blog\/wp-json\/wp\/v2\/posts\/38125"}],"collection":[{"href":"https:\/\/www.visit-ulcinj.com\/blog\/wp-json\/wp\/v2\/posts"}],"about":[{"href":"https:\/\/www.visit-ulcinj.com\/blog\/wp-json\/wp\/v2\/types\/post"}],"author":[{"embeddable":true,"href":"https:\/\/www.visit-ulcinj.com\/blog\/wp-json\/wp\/v2\/users\/1"}],"replies":[{"embeddable":true,"href":"https:\/\/www.visit-ulcinj.com\/blog\/wp-json\/wp\/v2\/comments?post=38125"}],"version-history":[{"count":0,"href":"https:\/\/www.visit-ulcinj.com\/blog\/wp-json\/wp\/v2\/posts\/38125\/revisions"}],"wp:attachment":[{"href":"https:\/\/www.visit-ulcinj.com\/blog\/wp-json\/wp\/v2\/media?parent=38125"}],"wp:term":[{"taxonomy":"category","embeddable":true,"href":"https:\/\/www.visit-ulcinj.com\/blog\/wp-json\/wp\/v2\/categories?post=38125"},{"taxonomy":"post_tag","embeddable":true,"href":"https:\/\/www.visit-ulcinj.com\/blog\/wp-json\/wp\/v2\/tags?post=38125"}],"curies":[{"name":"wp","href":"https:\/\/api.w.org\/{rel}","templated":true}]}}