{"id":38135,"date":"2010-10-05T19:20:50","date_gmt":"2010-10-05T17:20:50","guid":{"rendered":"http:\/\/www.visit-ulcinj.com\/blog\/?p=38135"},"modified":"2010-10-05T19:20:50","modified_gmt":"2010-10-05T17:20:50","slug":"glasali-su-fantomi","status":"publish","type":"post","link":"https:\/\/www.visit-ulcinj.com\/blog\/2010\/10\/05\/glasali-su-fantomi\/","title":{"rendered":"Glasali su fantomi"},"content":{"rendered":"<p><strong><a href=\"http:\/\/www.visit-ulcinj.com\/blog\/wp-content\/uploads\/2010\/10\/Potpredsjednik-Force-Dzevdet-Cakuli.jpg\"><img loading=\"lazy\" class=\"alignleft size-full wp-image-38136\" title=\"Potpredsjednik Force Dzevdet Cakuli\" src=\"http:\/\/www.visit-ulcinj.com\/blog\/wp-content\/uploads\/2010\/10\/Potpredsjednik-Force-Dzevdet-Cakuli.jpg\" alt=\"\" width=\"490\" height=\"390\" \/><\/a>Forca otkrila neregularnosti na izborima u maju<br \/>\n<\/strong>Ulcinj &#8211; Forca Nazifa Cungua najavila je da \u0107e osnovnom dr\u017eavnom tu\u017eiocu u Ulcinju podnijeti krivi\u010dnu prijavu protiv \u010dlanova bira\u010dkog odbora na glasa\u010dkom mjestu br. 33 \u201cDom omladine Selita\u201d, koji su na prethodnim izborima 23. maja omogu\u0107ili da umjesto sedam osoba iz bira\u010dkog spiska glasaju druga lica.<\/p>\n<p>Potpredsjednik Force D\u017eevdet Cakuli tvrdi da su Alim Astafa ro\u0111en 1965, Elmadije Astafa (1972), Vjolca Astafovi\u0107 (1977), Aslan \u0110onovi\u0107 (1954), Arben \u0110onovi\u0107 (1982), Gzim \u0110onovi\u0107 ( 1981) i Arben \u0110onovi\u0107 (1977) \u201cglasali\u201d na tim izborima, iako u tom danu nijesu bili u Ulcinju.<br \/>\n\u201cUmjesto njih glasali su neki drugi gra\u0111ani Ulcinja. Imamo pouzdana saznanja da upisani mje\u0161tani tada uop\u0161te nijesu bili u Ulcinju, a samim tim nijesu mogli ni staviti svoj potpis na spisak\u201d, kazao je Cakuli na ju\u010dera\u0161njoj konferenciji za novinare.<\/p>\n<p>On vjeruje da \u0107e osnovno dr\u017eavno tu\u017eila\u0161tvo u Ulcinju pokrenuti krivi\u010dni postupak i potvrditi sumnje Force u regularnost majskih izbora. On je osudio i \u201cvandalsko pona\u0161anje politi\u010dkih provinika koji uni\u0161tavaju na\u0161e postere, bilborde transparnte\u201d.<\/p>\n<p>\u201cPosljednji slu\u010daj desio se prije dvije no\u0107i kada su vandali pocijepali bilbord te otka\u010dili i odnijeli veliki transparent koji je bio postavljen na privatnoj ku\u0107i kod kru\u017enog toka u Vladimirskim krutama. Zato pozivam politi\u010dke protivnike da obuzdaju svoje \u010dlanove i simpatizere, a organe reda da pomno prate predizborna de\u0161avanja i preuzmu mjere iz svoje nadle\u017enosti\u201d, kazao je Cakuli. <strong><\/strong><\/p>\n<p><strong>S. A.<\/strong><strong><br \/>\n<a href=\"http:\/\/www.vijesti.me\/\" target=\"_blank\">Vijesti<\/a><\/strong><\/p>\n","protected":false},"excerpt":{"rendered":"<p>Forca otkrila neregularnosti na izborima u maju Ulcinj &#8211; Forca Nazifa Cungua najavila je da \u0107e osnovnom dr\u017eavnom tu\u017eiocu u Ulcinju podnijeti krivi\u010dnu prijavu protiv \u010dlanova bira\u010dkog odbora na glasa\u010dkom mjestu br. 33 \u201cDom omladine Selita\u201d, koji su na prethodnim izborima 23. maja omogu\u0107ili da umjesto sedam osoba iz bira\u010dkog spiska glasaju druga lica. Potpredsjednik [&hellip;]<\/p>\n","protected":false},"author":1,"featured_media":0,"comment_status":"open","ping_status":"closed","sticky":false,"template":"","format":"standard","meta":{"spay_email":"","jetpack_publicize_message":"","jetpack_is_tweetstorm":false,"jetpack_publicize_feature_enabled":true},"categories":[8337],"tags":[117,19,15906],"jetpack_publicize_connections":[],"yoast_head":"<!-- This site is optimized with the Yoast SEO plugin v19.1 - https:\/\/yoast.com\/wordpress\/plugins\/seo\/ -->\n<title>Glasali su fantomi - Lajme nga Ulqini<\/title>\n<meta name=\"description\" content=\"Forca otkrila neregularnosti na izborima u maju Ulcinj - Forca Nazifa Cungua najavila je da \u0107e osnovnom dr\u017eavnom tu\u017eiocu u Ulcinju podnijeti krivi\u010dnu\" \/>\n<meta name=\"robots\" content=\"index, follow, max-snippet:-1, max-image-preview:large, max-video-preview:-1\" \/>\n<link rel=\"canonical\" href=\"https:\/\/www.visit-ulcinj.com\/blog\/2010\/10\/05\/glasali-su-fantomi\/\" \/>\n<meta property=\"og:locale\" content=\"en_US\" \/>\n<meta property=\"og:type\" content=\"article\" \/>\n<meta property=\"og:title\" content=\"Glasali su fantomi - Lajme nga Ulqini\" \/>\n<meta property=\"og:description\" content=\"Forca otkrila neregularnosti na izborima u maju Ulcinj - Forca Nazifa Cungua najavila je da \u0107e osnovnom dr\u017eavnom tu\u017eiocu u Ulcinju podnijeti krivi\u010dnu\" \/>\n<meta property=\"og:url\" content=\"https:\/\/www.visit-ulcinj.com\/blog\/2010\/10\/05\/glasali-su-fantomi\/\" \/>\n<meta property=\"og:site_name\" content=\"Lajme nga Ulqini\" \/>\n<meta property=\"article:published_time\" content=\"2010-10-05T17:20:50+00:00\" \/>\n<meta property=\"og:image\" content=\"http:\/\/www.visit-ulcinj.com\/blog\/wp-content\/uploads\/2010\/10\/Potpredsjednik-Force-Dzevdet-Cakuli.jpg\" \/>\n<meta name=\"twitter:label1\" content=\"Written by\" \/>\n\t<meta name=\"twitter:data1\" content=\"ulqini\" \/>\n\t<meta name=\"twitter:label2\" content=\"Est. reading time\" \/>\n\t<meta name=\"twitter:data2\" content=\"1 minute\" \/>\n<script type=\"application\/ld+json\" class=\"yoast-schema-graph\">{\"@context\":\"https:\/\/schema.org\",\"@graph\":[{\"@type\":\"WebSite\",\"@id\":\"https:\/\/www.visit-ulcinj.com\/blog\/#website\",\"url\":\"https:\/\/www.visit-ulcinj.com\/blog\/\",\"name\":\"Lajme nga Ulqini\",\"description\":\"Lajme,Vijesti,Ulqini,Ulqin,Crna Gora,Mali i Zi\",\"potentialAction\":[{\"@type\":\"SearchAction\",\"target\":{\"@type\":\"EntryPoint\",\"urlTemplate\":\"https:\/\/www.visit-ulcinj.com\/blog\/?s={search_term_string}\"},\"query-input\":\"required name=search_term_string\"}],\"inLanguage\":\"en-US\"},{\"@type\":\"ImageObject\",\"inLanguage\":\"en-US\",\"@id\":\"https:\/\/www.visit-ulcinj.com\/blog\/2010\/10\/05\/glasali-su-fantomi\/#primaryimage\",\"url\":\"https:\/\/www.visit-ulcinj.com\/blog\/wp-content\/uploads\/2010\/10\/Potpredsjednik-Force-Dzevdet-Cakuli.jpg\",\"contentUrl\":\"https:\/\/www.visit-ulcinj.com\/blog\/wp-content\/uploads\/2010\/10\/Potpredsjednik-Force-Dzevdet-Cakuli.jpg\",\"width\":\"604\",\"height\":\"403\"},{\"@type\":\"WebPage\",\"@id\":\"https:\/\/www.visit-ulcinj.com\/blog\/2010\/10\/05\/glasali-su-fantomi\/#webpage\",\"url\":\"https:\/\/www.visit-ulcinj.com\/blog\/2010\/10\/05\/glasali-su-fantomi\/\",\"name\":\"Glasali su fantomi - Lajme nga Ulqini\",\"isPartOf\":{\"@id\":\"https:\/\/www.visit-ulcinj.com\/blog\/#website\"},\"primaryImageOfPage\":{\"@id\":\"https:\/\/www.visit-ulcinj.com\/blog\/2010\/10\/05\/glasali-su-fantomi\/#primaryimage\"},\"datePublished\":\"2010-10-05T17:20:50+00:00\",\"dateModified\":\"2010-10-05T17:20:50+00:00\",\"author\":{\"@id\":\"https:\/\/www.visit-ulcinj.com\/blog\/#\/schema\/person\/dcab619c614d3038751c63bc2aadc06d\"},\"description\":\"Forca otkrila neregularnosti na izborima u maju Ulcinj - Forca Nazifa Cungua najavila je da \u0107e osnovnom dr\u017eavnom tu\u017eiocu u Ulcinju podnijeti krivi\u010dnu\",\"breadcrumb\":{\"@id\":\"https:\/\/www.visit-ulcinj.com\/blog\/2010\/10\/05\/glasali-su-fantomi\/#breadcrumb\"},\"inLanguage\":\"en-US\",\"potentialAction\":[{\"@type\":\"ReadAction\",\"target\":[\"https:\/\/www.visit-ulcinj.com\/blog\/2010\/10\/05\/glasali-su-fantomi\/\"]}]},{\"@type\":\"BreadcrumbList\",\"@id\":\"https:\/\/www.visit-ulcinj.com\/blog\/2010\/10\/05\/glasali-su-fantomi\/#breadcrumb\",\"itemListElement\":[{\"@type\":\"ListItem\",\"position\":1,\"name\":\"Glasali su fantomi\"}]},{\"@type\":\"Person\",\"@id\":\"https:\/\/www.visit-ulcinj.com\/blog\/#\/schema\/person\/dcab619c614d3038751c63bc2aadc06d\",\"name\":\"ulqini\",\"sameAs\":[\"http:\/\/www.visit-ulcinj.com\"],\"url\":\"https:\/\/www.visit-ulcinj.com\/blog\/author\/admin\/\"}]}<\/script>\n<!-- \/ Yoast SEO plugin. -->","yoast_head_json":{"title":"Glasali su fantomi - Lajme nga Ulqini","description":"Forca otkrila neregularnosti na izborima u maju Ulcinj - Forca Nazifa Cungua najavila je da \u0107e osnovnom dr\u017eavnom tu\u017eiocu u Ulcinju podnijeti krivi\u010dnu","robots":{"index":"index","follow":"follow","max-snippet":"max-snippet:-1","max-image-preview":"max-image-preview:large","max-video-preview":"max-video-preview:-1"},"canonical":"https:\/\/www.visit-ulcinj.com\/blog\/2010\/10\/05\/glasali-su-fantomi\/","og_locale":"en_US","og_type":"article","og_title":"Glasali su fantomi - Lajme nga Ulqini","og_description":"Forca otkrila neregularnosti na izborima u maju Ulcinj - Forca Nazifa Cungua najavila je da \u0107e osnovnom dr\u017eavnom tu\u017eiocu u Ulcinju podnijeti krivi\u010dnu","og_url":"https:\/\/www.visit-ulcinj.com\/blog\/2010\/10\/05\/glasali-su-fantomi\/","og_site_name":"Lajme nga Ulqini","article_published_time":"2010-10-05T17:20:50+00:00","og_image":[{"url":"http:\/\/www.visit-ulcinj.com\/blog\/wp-content\/uploads\/2010\/10\/Potpredsjednik-Force-Dzevdet-Cakuli.jpg"}],"twitter_misc":{"Written by":"ulqini","Est. reading time":"1 minute"},"schema":{"@context":"https:\/\/schema.org","@graph":[{"@type":"WebSite","@id":"https:\/\/www.visit-ulcinj.com\/blog\/#website","url":"https:\/\/www.visit-ulcinj.com\/blog\/","name":"Lajme nga Ulqini","description":"Lajme,Vijesti,Ulqini,Ulqin,Crna Gora,Mali i Zi","potentialAction":[{"@type":"SearchAction","target":{"@type":"EntryPoint","urlTemplate":"https:\/\/www.visit-ulcinj.com\/blog\/?s={search_term_string}"},"query-input":"required name=search_term_string"}],"inLanguage":"en-US"},{"@type":"ImageObject","inLanguage":"en-US","@id":"https:\/\/www.visit-ulcinj.com\/blog\/2010\/10\/05\/glasali-su-fantomi\/#primaryimage","url":"https:\/\/www.visit-ulcinj.com\/blog\/wp-content\/uploads\/2010\/10\/Potpredsjednik-Force-Dzevdet-Cakuli.jpg","contentUrl":"https:\/\/www.visit-ulcinj.com\/blog\/wp-content\/uploads\/2010\/10\/Potpredsjednik-Force-Dzevdet-Cakuli.jpg","width":"604","height":"403"},{"@type":"WebPage","@id":"https:\/\/www.visit-ulcinj.com\/blog\/2010\/10\/05\/glasali-su-fantomi\/#webpage","url":"https:\/\/www.visit-ulcinj.com\/blog\/2010\/10\/05\/glasali-su-fantomi\/","name":"Glasali su fantomi - Lajme nga Ulqini","isPartOf":{"@id":"https:\/\/www.visit-ulcinj.com\/blog\/#website"},"primaryImageOfPage":{"@id":"https:\/\/www.visit-ulcinj.com\/blog\/2010\/10\/05\/glasali-su-fantomi\/#primaryimage"},"datePublished":"2010-10-05T17:20:50+00:00","dateModified":"2010-10-05T17:20:50+00:00","author":{"@id":"https:\/\/www.visit-ulcinj.com\/blog\/#\/schema\/person\/dcab619c614d3038751c63bc2aadc06d"},"description":"Forca otkrila neregularnosti na izborima u maju Ulcinj - Forca Nazifa Cungua najavila je da \u0107e osnovnom dr\u017eavnom tu\u017eiocu u Ulcinju podnijeti krivi\u010dnu","breadcrumb":{"@id":"https:\/\/www.visit-ulcinj.com\/blog\/2010\/10\/05\/glasali-su-fantomi\/#breadcrumb"},"inLanguage":"en-US","potentialAction":[{"@type":"ReadAction","target":["https:\/\/www.visit-ulcinj.com\/blog\/2010\/10\/05\/glasali-su-fantomi\/"]}]},{"@type":"BreadcrumbList","@id":"https:\/\/www.visit-ulcinj.com\/blog\/2010\/10\/05\/glasali-su-fantomi\/#breadcrumb","itemListElement":[{"@type":"ListItem","position":1,"name":"Glasali su fantomi"}]},{"@type":"Person","@id":"https:\/\/www.visit-ulcinj.com\/blog\/#\/schema\/person\/dcab619c614d3038751c63bc2aadc06d","name":"ulqini","sameAs":["http:\/\/www.visit-ulcinj.com"],"url":"https:\/\/www.visit-ulcinj.com\/blog\/author\/admin\/"}]}},"jetpack_featured_media_url":"","jetpack_sharing_enabled":true,"jetpack_shortlink":"https:\/\/wp.me\/pe6lTn-9V5","_links":{"self":[{"href":"https:\/\/www.visit-ulcinj.com\/blog\/wp-json\/wp\/v2\/posts\/38135"}],"collection":[{"href":"https:\/\/www.visit-ulcinj.com\/blog\/wp-json\/wp\/v2\/posts"}],"about":[{"href":"https:\/\/www.visit-ulcinj.com\/blog\/wp-json\/wp\/v2\/types\/post"}],"author":[{"embeddable":true,"href":"https:\/\/www.visit-ulcinj.com\/blog\/wp-json\/wp\/v2\/users\/1"}],"replies":[{"embeddable":true,"href":"https:\/\/www.visit-ulcinj.com\/blog\/wp-json\/wp\/v2\/comments?post=38135"}],"version-history":[{"count":0,"href":"https:\/\/www.visit-ulcinj.com\/blog\/wp-json\/wp\/v2\/posts\/38135\/revisions"}],"wp:attachment":[{"href":"https:\/\/www.visit-ulcinj.com\/blog\/wp-json\/wp\/v2\/media?parent=38135"}],"wp:term":[{"taxonomy":"category","embeddable":true,"href":"https:\/\/www.visit-ulcinj.com\/blog\/wp-json\/wp\/v2\/categories?post=38135"},{"taxonomy":"post_tag","embeddable":true,"href":"https:\/\/www.visit-ulcinj.com\/blog\/wp-json\/wp\/v2\/tags?post=38135"}],"curies":[{"name":"wp","href":"https:\/\/api.w.org\/{rel}","templated":true}]}}