{"id":38138,"date":"2010-10-05T19:34:46","date_gmt":"2010-10-05T17:34:46","guid":{"rendered":"http:\/\/www.visit-ulcinj.com\/blog\/?p=38138"},"modified":"2010-10-10T15:05:23","modified_gmt":"2010-10-10T13:05:23","slug":"snp-protiv-huligana-sa-zabjela","status":"publish","type":"post","link":"https:\/\/www.visit-ulcinj.com\/blog\/2010\/10\/05\/snp-protiv-huligana-sa-zabjela\/","title":{"rendered":"SNP protiv huligana sa Zabjela"},"content":{"rendered":"<p><strong><a href=\"http:\/\/www.visit-ulcinj.com\/blog\/wp-content\/uploads\/2010\/10\/Andrija-Cetkovic.jpg\"><img loading=\"lazy\" class=\"alignleft size-full wp-image-38139\" title=\"Andrija Cetkovic\" src=\"http:\/\/www.visit-ulcinj.com\/blog\/wp-content\/uploads\/2010\/10\/Andrija-Cetkovic.jpg\" alt=\"\" width=\"490\" height=\"348\" srcset=\"https:\/\/www.visit-ulcinj.com\/blog\/wp-content\/uploads\/2010\/10\/Andrija-Cetkovic.jpg 490w, https:\/\/www.visit-ulcinj.com\/blog\/wp-content\/uploads\/2010\/10\/Andrija-Cetkovic-300x213.jpg 300w\" sizes=\"(max-width: 490px) 100vw, 490px\" \/><\/a>Nakon \u0161ovinisti\u010dkih poruka<\/strong><br \/>\nUlcinj \u2013 Nosilac liste \u201cBolji Ulcinj \u2013 Bolja Crna Gora\u201d Andrija \u0106etkovi\u0107 (SNP), osudio je ju\u010de divljanje navija\u010da FK \u201cZabjelo\u201d tokom nedjeljnog me\u010da sa Otrantom, naglasiv\u0161i \u201cda je mislio da su takvi primitivni izlivi nacionalizma daleko iza nas\u201d. \u201cOsu\u0111ujem, ali ne mogu da se ogradim od tog \u010dina iz prostor razloga \u0161to ti huligani sasvim sigurno ne pripadaju na\u0161oj koaliciji\u201d, kazao je \u0106etkovi\u0107 za \u201cVijesti\u201d. Navija\u010di \u201cZabjela\u201d su vrije\u0111ali doma\u0107e skandiraju\u0107i \u201cUbij, zakolji da \u0160iptar ne postoji, ovo je srpska zemlja\u201d i tome sli\u010dno&#8230;<\/p>\n<p><strong>S. A.<br \/>\n<a href=\"http:\/\/www.vijesti.me\/\" target=\"_blank\">Vijesti<br \/>\n<\/a><br \/>\n<!--YouTube Error: bad URL entered--><\/strong><\/p>\n","protected":false},"excerpt":{"rendered":"<p>Nakon \u0161ovinisti\u010dkih poruka Ulcinj \u2013 Nosilac liste \u201cBolji Ulcinj \u2013 Bolja Crna Gora\u201d Andrija \u0106etkovi\u0107 (SNP), osudio je ju\u010de divljanje navija\u010da FK \u201cZabjelo\u201d tokom nedjeljnog me\u010da sa Otrantom, naglasiv\u0161i \u201cda je mislio da su takvi primitivni izlivi nacionalizma daleko iza nas\u201d. \u201cOsu\u0111ujem, ali ne mogu da se ogradim od tog \u010dina iz prostor razloga \u0161to [&hellip;]<\/p>\n","protected":false},"author":1,"featured_media":0,"comment_status":"open","ping_status":"closed","sticky":false,"template":"","format":"standard","meta":{"spay_email":"","jetpack_publicize_message":"","jetpack_is_tweetstorm":false,"jetpack_publicize_feature_enabled":true},"categories":[8337],"tags":[15909,15908,15911,15910,15907,19],"jetpack_publicize_connections":[],"yoast_head":"<!-- This site is optimized with the Yoast SEO plugin v19.1 - https:\/\/yoast.com\/wordpress\/plugins\/seo\/ -->\n<title>SNP protiv huligana sa Zabjela - Lajme nga Ulqini<\/title>\n<meta name=\"description\" content=\"Nakon \u0161ovinisti\u010dkih poruka Ulcinj \u2013 Nosilac liste \u201cBolji Ulcinj \u2013 Bolja Crna Gora\u201d Andrija \u0106etkovi\u0107 (SNP), osudio je ju\u010de divljanje navija\u010da FK \u201cZabjelo\u201d\" \/>\n<meta name=\"robots\" content=\"index, follow, max-snippet:-1, max-image-preview:large, max-video-preview:-1\" \/>\n<link rel=\"canonical\" href=\"https:\/\/www.visit-ulcinj.com\/blog\/2010\/10\/05\/snp-protiv-huligana-sa-zabjela\/\" \/>\n<meta property=\"og:locale\" content=\"en_US\" \/>\n<meta property=\"og:type\" content=\"article\" \/>\n<meta property=\"og:title\" content=\"SNP protiv huligana sa Zabjela - Lajme nga Ulqini\" \/>\n<meta property=\"og:description\" content=\"Nakon \u0161ovinisti\u010dkih poruka Ulcinj \u2013 Nosilac liste \u201cBolji Ulcinj \u2013 Bolja Crna Gora\u201d Andrija \u0106etkovi\u0107 (SNP), osudio je ju\u010de divljanje navija\u010da FK \u201cZabjelo\u201d\" \/>\n<meta property=\"og:url\" content=\"https:\/\/www.visit-ulcinj.com\/blog\/2010\/10\/05\/snp-protiv-huligana-sa-zabjela\/\" \/>\n<meta property=\"og:site_name\" content=\"Lajme nga Ulqini\" \/>\n<meta property=\"article:published_time\" content=\"2010-10-05T17:34:46+00:00\" \/>\n<meta property=\"article:modified_time\" content=\"2010-10-10T13:05:23+00:00\" \/>\n<meta property=\"og:image\" content=\"http:\/\/www.visit-ulcinj.com\/blog\/wp-content\/uploads\/2010\/10\/Andrija-Cetkovic.jpg\" \/>\n<meta name=\"twitter:label1\" content=\"Written by\" \/>\n\t<meta name=\"twitter:data1\" content=\"ulqini\" \/>\n\t<meta name=\"twitter:label2\" content=\"Est. reading time\" \/>\n\t<meta name=\"twitter:data2\" content=\"1 minute\" \/>\n<script type=\"application\/ld+json\" class=\"yoast-schema-graph\">{\"@context\":\"https:\/\/schema.org\",\"@graph\":[{\"@type\":\"WebSite\",\"@id\":\"https:\/\/www.visit-ulcinj.com\/blog\/#website\",\"url\":\"https:\/\/www.visit-ulcinj.com\/blog\/\",\"name\":\"Lajme nga Ulqini\",\"description\":\"Lajme,Vijesti,Ulqini,Ulqin,Crna Gora,Mali i Zi\",\"potentialAction\":[{\"@type\":\"SearchAction\",\"target\":{\"@type\":\"EntryPoint\",\"urlTemplate\":\"https:\/\/www.visit-ulcinj.com\/blog\/?s={search_term_string}\"},\"query-input\":\"required name=search_term_string\"}],\"inLanguage\":\"en-US\"},{\"@type\":\"ImageObject\",\"inLanguage\":\"en-US\",\"@id\":\"https:\/\/www.visit-ulcinj.com\/blog\/2010\/10\/05\/snp-protiv-huligana-sa-zabjela\/#primaryimage\",\"url\":\"https:\/\/www.visit-ulcinj.com\/blog\/wp-content\/uploads\/2010\/10\/Andrija-Cetkovic.jpg\",\"contentUrl\":\"https:\/\/www.visit-ulcinj.com\/blog\/wp-content\/uploads\/2010\/10\/Andrija-Cetkovic.jpg\",\"width\":\"490\",\"height\":\"348\"},{\"@type\":\"WebPage\",\"@id\":\"https:\/\/www.visit-ulcinj.com\/blog\/2010\/10\/05\/snp-protiv-huligana-sa-zabjela\/#webpage\",\"url\":\"https:\/\/www.visit-ulcinj.com\/blog\/2010\/10\/05\/snp-protiv-huligana-sa-zabjela\/\",\"name\":\"SNP protiv huligana sa Zabjela - Lajme nga Ulqini\",\"isPartOf\":{\"@id\":\"https:\/\/www.visit-ulcinj.com\/blog\/#website\"},\"primaryImageOfPage\":{\"@id\":\"https:\/\/www.visit-ulcinj.com\/blog\/2010\/10\/05\/snp-protiv-huligana-sa-zabjela\/#primaryimage\"},\"datePublished\":\"2010-10-05T17:34:46+00:00\",\"dateModified\":\"2010-10-10T13:05:23+00:00\",\"author\":{\"@id\":\"https:\/\/www.visit-ulcinj.com\/blog\/#\/schema\/person\/dcab619c614d3038751c63bc2aadc06d\"},\"description\":\"Nakon \u0161ovinisti\u010dkih poruka Ulcinj \u2013 Nosilac liste \u201cBolji Ulcinj \u2013 Bolja Crna Gora\u201d Andrija \u0106etkovi\u0107 (SNP), osudio je ju\u010de divljanje navija\u010da FK \u201cZabjelo\u201d\",\"breadcrumb\":{\"@id\":\"https:\/\/www.visit-ulcinj.com\/blog\/2010\/10\/05\/snp-protiv-huligana-sa-zabjela\/#breadcrumb\"},\"inLanguage\":\"en-US\",\"potentialAction\":[{\"@type\":\"ReadAction\",\"target\":[\"https:\/\/www.visit-ulcinj.com\/blog\/2010\/10\/05\/snp-protiv-huligana-sa-zabjela\/\"]}]},{\"@type\":\"BreadcrumbList\",\"@id\":\"https:\/\/www.visit-ulcinj.com\/blog\/2010\/10\/05\/snp-protiv-huligana-sa-zabjela\/#breadcrumb\",\"itemListElement\":[{\"@type\":\"ListItem\",\"position\":1,\"name\":\"SNP protiv huligana sa Zabjela\"}]},{\"@type\":\"Person\",\"@id\":\"https:\/\/www.visit-ulcinj.com\/blog\/#\/schema\/person\/dcab619c614d3038751c63bc2aadc06d\",\"name\":\"ulqini\",\"sameAs\":[\"http:\/\/www.visit-ulcinj.com\"],\"url\":\"https:\/\/www.visit-ulcinj.com\/blog\/author\/admin\/\"}]}<\/script>\n<!-- \/ Yoast SEO plugin. -->","yoast_head_json":{"title":"SNP protiv huligana sa Zabjela - Lajme nga Ulqini","description":"Nakon \u0161ovinisti\u010dkih poruka Ulcinj \u2013 Nosilac liste \u201cBolji Ulcinj \u2013 Bolja Crna Gora\u201d Andrija \u0106etkovi\u0107 (SNP), osudio je ju\u010de divljanje navija\u010da FK \u201cZabjelo\u201d","robots":{"index":"index","follow":"follow","max-snippet":"max-snippet:-1","max-image-preview":"max-image-preview:large","max-video-preview":"max-video-preview:-1"},"canonical":"https:\/\/www.visit-ulcinj.com\/blog\/2010\/10\/05\/snp-protiv-huligana-sa-zabjela\/","og_locale":"en_US","og_type":"article","og_title":"SNP protiv huligana sa Zabjela - Lajme nga Ulqini","og_description":"Nakon \u0161ovinisti\u010dkih poruka Ulcinj \u2013 Nosilac liste \u201cBolji Ulcinj \u2013 Bolja Crna Gora\u201d Andrija \u0106etkovi\u0107 (SNP), osudio je ju\u010de divljanje navija\u010da FK \u201cZabjelo\u201d","og_url":"https:\/\/www.visit-ulcinj.com\/blog\/2010\/10\/05\/snp-protiv-huligana-sa-zabjela\/","og_site_name":"Lajme nga Ulqini","article_published_time":"2010-10-05T17:34:46+00:00","article_modified_time":"2010-10-10T13:05:23+00:00","og_image":[{"url":"http:\/\/www.visit-ulcinj.com\/blog\/wp-content\/uploads\/2010\/10\/Andrija-Cetkovic.jpg"}],"twitter_misc":{"Written by":"ulqini","Est. reading time":"1 minute"},"schema":{"@context":"https:\/\/schema.org","@graph":[{"@type":"WebSite","@id":"https:\/\/www.visit-ulcinj.com\/blog\/#website","url":"https:\/\/www.visit-ulcinj.com\/blog\/","name":"Lajme nga Ulqini","description":"Lajme,Vijesti,Ulqini,Ulqin,Crna Gora,Mali i Zi","potentialAction":[{"@type":"SearchAction","target":{"@type":"EntryPoint","urlTemplate":"https:\/\/www.visit-ulcinj.com\/blog\/?s={search_term_string}"},"query-input":"required name=search_term_string"}],"inLanguage":"en-US"},{"@type":"ImageObject","inLanguage":"en-US","@id":"https:\/\/www.visit-ulcinj.com\/blog\/2010\/10\/05\/snp-protiv-huligana-sa-zabjela\/#primaryimage","url":"https:\/\/www.visit-ulcinj.com\/blog\/wp-content\/uploads\/2010\/10\/Andrija-Cetkovic.jpg","contentUrl":"https:\/\/www.visit-ulcinj.com\/blog\/wp-content\/uploads\/2010\/10\/Andrija-Cetkovic.jpg","width":"490","height":"348"},{"@type":"WebPage","@id":"https:\/\/www.visit-ulcinj.com\/blog\/2010\/10\/05\/snp-protiv-huligana-sa-zabjela\/#webpage","url":"https:\/\/www.visit-ulcinj.com\/blog\/2010\/10\/05\/snp-protiv-huligana-sa-zabjela\/","name":"SNP protiv huligana sa Zabjela - Lajme nga Ulqini","isPartOf":{"@id":"https:\/\/www.visit-ulcinj.com\/blog\/#website"},"primaryImageOfPage":{"@id":"https:\/\/www.visit-ulcinj.com\/blog\/2010\/10\/05\/snp-protiv-huligana-sa-zabjela\/#primaryimage"},"datePublished":"2010-10-05T17:34:46+00:00","dateModified":"2010-10-10T13:05:23+00:00","author":{"@id":"https:\/\/www.visit-ulcinj.com\/blog\/#\/schema\/person\/dcab619c614d3038751c63bc2aadc06d"},"description":"Nakon \u0161ovinisti\u010dkih poruka Ulcinj \u2013 Nosilac liste \u201cBolji Ulcinj \u2013 Bolja Crna Gora\u201d Andrija \u0106etkovi\u0107 (SNP), osudio je ju\u010de divljanje navija\u010da FK \u201cZabjelo\u201d","breadcrumb":{"@id":"https:\/\/www.visit-ulcinj.com\/blog\/2010\/10\/05\/snp-protiv-huligana-sa-zabjela\/#breadcrumb"},"inLanguage":"en-US","potentialAction":[{"@type":"ReadAction","target":["https:\/\/www.visit-ulcinj.com\/blog\/2010\/10\/05\/snp-protiv-huligana-sa-zabjela\/"]}]},{"@type":"BreadcrumbList","@id":"https:\/\/www.visit-ulcinj.com\/blog\/2010\/10\/05\/snp-protiv-huligana-sa-zabjela\/#breadcrumb","itemListElement":[{"@type":"ListItem","position":1,"name":"SNP protiv huligana sa Zabjela"}]},{"@type":"Person","@id":"https:\/\/www.visit-ulcinj.com\/blog\/#\/schema\/person\/dcab619c614d3038751c63bc2aadc06d","name":"ulqini","sameAs":["http:\/\/www.visit-ulcinj.com"],"url":"https:\/\/www.visit-ulcinj.com\/blog\/author\/admin\/"}]}},"jetpack_featured_media_url":"","jetpack_sharing_enabled":true,"jetpack_shortlink":"https:\/\/wp.me\/pe6lTn-9V8","_links":{"self":[{"href":"https:\/\/www.visit-ulcinj.com\/blog\/wp-json\/wp\/v2\/posts\/38138"}],"collection":[{"href":"https:\/\/www.visit-ulcinj.com\/blog\/wp-json\/wp\/v2\/posts"}],"about":[{"href":"https:\/\/www.visit-ulcinj.com\/blog\/wp-json\/wp\/v2\/types\/post"}],"author":[{"embeddable":true,"href":"https:\/\/www.visit-ulcinj.com\/blog\/wp-json\/wp\/v2\/users\/1"}],"replies":[{"embeddable":true,"href":"https:\/\/www.visit-ulcinj.com\/blog\/wp-json\/wp\/v2\/comments?post=38138"}],"version-history":[{"count":0,"href":"https:\/\/www.visit-ulcinj.com\/blog\/wp-json\/wp\/v2\/posts\/38138\/revisions"}],"wp:attachment":[{"href":"https:\/\/www.visit-ulcinj.com\/blog\/wp-json\/wp\/v2\/media?parent=38138"}],"wp:term":[{"taxonomy":"category","embeddable":true,"href":"https:\/\/www.visit-ulcinj.com\/blog\/wp-json\/wp\/v2\/categories?post=38138"},{"taxonomy":"post_tag","embeddable":true,"href":"https:\/\/www.visit-ulcinj.com\/blog\/wp-json\/wp\/v2\/tags?post=38138"}],"curies":[{"name":"wp","href":"https:\/\/api.w.org\/{rel}","templated":true}]}}