{"id":38160,"date":"2010-10-06T19:18:14","date_gmt":"2010-10-06T17:18:14","guid":{"rendered":"http:\/\/www.visit-ulcinj.com\/blog\/?p=38160"},"modified":"2010-10-06T19:18:14","modified_gmt":"2010-10-06T17:18:14","slug":"forca-je-nervozna","status":"publish","type":"post","link":"https:\/\/www.visit-ulcinj.com\/blog\/2010\/10\/06\/forca-je-nervozna\/","title":{"rendered":"Forca je nervozna"},"content":{"rendered":"<p><strong><a href=\"http:\/\/www.visit-ulcinj.com\/blog\/wp-content\/uploads\/2010\/10\/forca.jpg\"><img loading=\"lazy\" class=\"alignleft size-medium wp-image-38162\" title=\"forca\" src=\"http:\/\/www.visit-ulcinj.com\/blog\/wp-content\/uploads\/2010\/10\/forca-177x300.jpg\" alt=\"\" width=\"177\" height=\"300\" srcset=\"https:\/\/www.visit-ulcinj.com\/blog\/wp-content\/uploads\/2010\/10\/forca-177x300.jpg 177w, https:\/\/www.visit-ulcinj.com\/blog\/wp-content\/uploads\/2010\/10\/forca.jpg 425w\" sizes=\"(max-width: 177px) 100vw, 177px\" \/><\/a>PDP POVODOM KRIVI\u010cNE PRIJAVE ZBOG GLASANJA FANTOMA<\/strong><\/p>\n<p>Ulcinj \u2013 Partija demokratskog prosperiteta pozvala je \u010dlanove bira\u010dkih odbora iz redova Force da se odreknu te partije koja protiv njih podnosi krivi\u010dnu prijavu zbog uo\u010denih neregularnosti na izborima u maju.<br \/>\n\u201c Gle \u010duda, nakon pet mjeseci Forca tu\u017ei odnosno podnosi prijavu protiv svojih \u010dlanova. Takav postupak upu\u0107uje na komunisti\u010dki profil stranke jer je poznata maksima da revolucija jede svoju djecu\u201d, stoji u reagovanju PDP-a, povodom optu\u017ebi i najava iz Force da \u0107e zbog neregularnosti na izborima u maju, na bira\u010dkom mjestu 33 \u201cDom omladine Selita\u201d, osnovnom dr\u017eavnom tu\u017eiocu podnijeti prijave.<br \/>\nPDP, koja na izbore u Ulcinju 17. oktobra ide u koaliciji sa vladaju\u0107om DUA Ferhata Dino\u0161e, poziva \u010dlanstvo Force u Ana Malitu da se masovno odrekne te politi\u010dke grupacije \u201ckoja radi na razbijanju moralnog kodeksa stanovi\u0161ta i tako naru\u0161ava me\u0111uljudske odnose preko svojih mentora kampanje pozajmljenih iz Albanije\u201d.<br \/>\nU PDP-u upozoravaju \u201cda prema na\u0161im saznanjima Forca odnosno njihovi \u010dlanovi sami i postavljaju i cijepaju svoje plakate\u201d.<br \/>\n\u201cNeuspje\u0161no dokazuju da su \u017ertva izbora a primjera radi \u010dlanovi Force su na\u0161e bilborde kod Gornje Klezne prije neko ve\u010de prekrili svojim plakatama. No, kako saznajemo kampanja se odvija potpuno normalno i bez ve\u0107ih tenzija, \u0161to je novina u odnosu na sve prethodne izbore a \u0161to o\u010digledno stvara nervozu kod dru\u017eine iz Force, tvrdi PDP.<\/p>\n<p><strong>S.A.<br \/>\n<a href=\"http:\/\/www.vijesti.me\/\" target=\"_blank\">Vijesti<\/a><\/strong><\/p>\n","protected":false},"excerpt":{"rendered":"<p>PDP POVODOM KRIVI\u010cNE PRIJAVE ZBOG GLASANJA FANTOMA Ulcinj \u2013 Partija demokratskog prosperiteta pozvala je \u010dlanove bira\u010dkih odbora iz redova Force da se odreknu te partije koja protiv njih podnosi krivi\u010dnu prijavu zbog uo\u010denih neregularnosti na izborima u maju. \u201c Gle \u010duda, nakon pet mjeseci Forca tu\u017ei odnosno podnosi prijavu protiv svojih \u010dlanova. Takav postupak upu\u0107uje [&hellip;]<\/p>\n","protected":false},"author":1,"featured_media":0,"comment_status":"open","ping_status":"closed","sticky":false,"template":"","format":"standard","meta":{"spay_email":"","jetpack_publicize_message":"","jetpack_is_tweetstorm":false,"jetpack_publicize_feature_enabled":true},"categories":[8337],"tags":[15914,117,1302,19],"jetpack_publicize_connections":[],"yoast_head":"<!-- This site is optimized with the Yoast SEO plugin v19.1 - https:\/\/yoast.com\/wordpress\/plugins\/seo\/ -->\n<title>Forca je nervozna - Lajme nga Ulqini<\/title>\n<meta name=\"description\" content=\"PDP POVODOM KRIVI\u010cNE PRIJAVE ZBOG GLASANJA FANTOMA Ulcinj \u2013 Partija demokratskog prosperiteta pozvala je \u010dlanove bira\u010dkih odbora iz redova Force da se\" \/>\n<meta name=\"robots\" content=\"index, follow, max-snippet:-1, max-image-preview:large, max-video-preview:-1\" \/>\n<link rel=\"canonical\" href=\"https:\/\/www.visit-ulcinj.com\/blog\/2010\/10\/06\/forca-je-nervozna\/\" \/>\n<meta property=\"og:locale\" content=\"en_US\" \/>\n<meta property=\"og:type\" content=\"article\" \/>\n<meta property=\"og:title\" content=\"Forca je nervozna - Lajme nga Ulqini\" \/>\n<meta property=\"og:description\" content=\"PDP POVODOM KRIVI\u010cNE PRIJAVE ZBOG GLASANJA FANTOMA Ulcinj \u2013 Partija demokratskog prosperiteta pozvala je \u010dlanove bira\u010dkih odbora iz redova Force da se\" \/>\n<meta property=\"og:url\" content=\"https:\/\/www.visit-ulcinj.com\/blog\/2010\/10\/06\/forca-je-nervozna\/\" \/>\n<meta property=\"og:site_name\" content=\"Lajme nga Ulqini\" \/>\n<meta property=\"article:published_time\" content=\"2010-10-06T17:18:14+00:00\" \/>\n<meta property=\"og:image\" content=\"http:\/\/www.visit-ulcinj.com\/blog\/wp-content\/uploads\/2010\/10\/forca-177x300.jpg\" \/>\n<meta name=\"twitter:label1\" content=\"Written by\" \/>\n\t<meta name=\"twitter:data1\" content=\"ulqini\" \/>\n\t<meta name=\"twitter:label2\" content=\"Est. reading time\" \/>\n\t<meta name=\"twitter:data2\" content=\"1 minute\" \/>\n<script type=\"application\/ld+json\" class=\"yoast-schema-graph\">{\"@context\":\"https:\/\/schema.org\",\"@graph\":[{\"@type\":\"WebSite\",\"@id\":\"https:\/\/www.visit-ulcinj.com\/blog\/#website\",\"url\":\"https:\/\/www.visit-ulcinj.com\/blog\/\",\"name\":\"Lajme nga Ulqini\",\"description\":\"Lajme,Vijesti,Ulqini,Ulqin,Crna Gora,Mali i Zi\",\"potentialAction\":[{\"@type\":\"SearchAction\",\"target\":{\"@type\":\"EntryPoint\",\"urlTemplate\":\"https:\/\/www.visit-ulcinj.com\/blog\/?s={search_term_string}\"},\"query-input\":\"required name=search_term_string\"}],\"inLanguage\":\"en-US\"},{\"@type\":\"ImageObject\",\"inLanguage\":\"en-US\",\"@id\":\"https:\/\/www.visit-ulcinj.com\/blog\/2010\/10\/06\/forca-je-nervozna\/#primaryimage\",\"url\":\"https:\/\/www.visit-ulcinj.com\/blog\/wp-content\/uploads\/2010\/10\/forca.jpg\",\"contentUrl\":\"https:\/\/www.visit-ulcinj.com\/blog\/wp-content\/uploads\/2010\/10\/forca.jpg\",\"width\":\"425\",\"height\":\"720\"},{\"@type\":\"WebPage\",\"@id\":\"https:\/\/www.visit-ulcinj.com\/blog\/2010\/10\/06\/forca-je-nervozna\/#webpage\",\"url\":\"https:\/\/www.visit-ulcinj.com\/blog\/2010\/10\/06\/forca-je-nervozna\/\",\"name\":\"Forca je nervozna - Lajme nga Ulqini\",\"isPartOf\":{\"@id\":\"https:\/\/www.visit-ulcinj.com\/blog\/#website\"},\"primaryImageOfPage\":{\"@id\":\"https:\/\/www.visit-ulcinj.com\/blog\/2010\/10\/06\/forca-je-nervozna\/#primaryimage\"},\"datePublished\":\"2010-10-06T17:18:14+00:00\",\"dateModified\":\"2010-10-06T17:18:14+00:00\",\"author\":{\"@id\":\"https:\/\/www.visit-ulcinj.com\/blog\/#\/schema\/person\/dcab619c614d3038751c63bc2aadc06d\"},\"description\":\"PDP POVODOM KRIVI\u010cNE PRIJAVE ZBOG GLASANJA FANTOMA Ulcinj \u2013 Partija demokratskog prosperiteta pozvala je \u010dlanove bira\u010dkih odbora iz redova Force da se\",\"breadcrumb\":{\"@id\":\"https:\/\/www.visit-ulcinj.com\/blog\/2010\/10\/06\/forca-je-nervozna\/#breadcrumb\"},\"inLanguage\":\"en-US\",\"potentialAction\":[{\"@type\":\"ReadAction\",\"target\":[\"https:\/\/www.visit-ulcinj.com\/blog\/2010\/10\/06\/forca-je-nervozna\/\"]}]},{\"@type\":\"BreadcrumbList\",\"@id\":\"https:\/\/www.visit-ulcinj.com\/blog\/2010\/10\/06\/forca-je-nervozna\/#breadcrumb\",\"itemListElement\":[{\"@type\":\"ListItem\",\"position\":1,\"name\":\"Forca je nervozna\"}]},{\"@type\":\"Person\",\"@id\":\"https:\/\/www.visit-ulcinj.com\/blog\/#\/schema\/person\/dcab619c614d3038751c63bc2aadc06d\",\"name\":\"ulqini\",\"sameAs\":[\"http:\/\/www.visit-ulcinj.com\"],\"url\":\"https:\/\/www.visit-ulcinj.com\/blog\/author\/admin\/\"}]}<\/script>\n<!-- \/ Yoast SEO plugin. -->","yoast_head_json":{"title":"Forca je nervozna - Lajme nga Ulqini","description":"PDP POVODOM KRIVI\u010cNE PRIJAVE ZBOG GLASANJA FANTOMA Ulcinj \u2013 Partija demokratskog prosperiteta pozvala je \u010dlanove bira\u010dkih odbora iz redova Force da se","robots":{"index":"index","follow":"follow","max-snippet":"max-snippet:-1","max-image-preview":"max-image-preview:large","max-video-preview":"max-video-preview:-1"},"canonical":"https:\/\/www.visit-ulcinj.com\/blog\/2010\/10\/06\/forca-je-nervozna\/","og_locale":"en_US","og_type":"article","og_title":"Forca je nervozna - Lajme nga Ulqini","og_description":"PDP POVODOM KRIVI\u010cNE PRIJAVE ZBOG GLASANJA FANTOMA Ulcinj \u2013 Partija demokratskog prosperiteta pozvala je \u010dlanove bira\u010dkih odbora iz redova Force da se","og_url":"https:\/\/www.visit-ulcinj.com\/blog\/2010\/10\/06\/forca-je-nervozna\/","og_site_name":"Lajme nga Ulqini","article_published_time":"2010-10-06T17:18:14+00:00","og_image":[{"url":"http:\/\/www.visit-ulcinj.com\/blog\/wp-content\/uploads\/2010\/10\/forca-177x300.jpg"}],"twitter_misc":{"Written by":"ulqini","Est. reading time":"1 minute"},"schema":{"@context":"https:\/\/schema.org","@graph":[{"@type":"WebSite","@id":"https:\/\/www.visit-ulcinj.com\/blog\/#website","url":"https:\/\/www.visit-ulcinj.com\/blog\/","name":"Lajme nga Ulqini","description":"Lajme,Vijesti,Ulqini,Ulqin,Crna Gora,Mali i Zi","potentialAction":[{"@type":"SearchAction","target":{"@type":"EntryPoint","urlTemplate":"https:\/\/www.visit-ulcinj.com\/blog\/?s={search_term_string}"},"query-input":"required name=search_term_string"}],"inLanguage":"en-US"},{"@type":"ImageObject","inLanguage":"en-US","@id":"https:\/\/www.visit-ulcinj.com\/blog\/2010\/10\/06\/forca-je-nervozna\/#primaryimage","url":"https:\/\/www.visit-ulcinj.com\/blog\/wp-content\/uploads\/2010\/10\/forca.jpg","contentUrl":"https:\/\/www.visit-ulcinj.com\/blog\/wp-content\/uploads\/2010\/10\/forca.jpg","width":"425","height":"720"},{"@type":"WebPage","@id":"https:\/\/www.visit-ulcinj.com\/blog\/2010\/10\/06\/forca-je-nervozna\/#webpage","url":"https:\/\/www.visit-ulcinj.com\/blog\/2010\/10\/06\/forca-je-nervozna\/","name":"Forca je nervozna - Lajme nga Ulqini","isPartOf":{"@id":"https:\/\/www.visit-ulcinj.com\/blog\/#website"},"primaryImageOfPage":{"@id":"https:\/\/www.visit-ulcinj.com\/blog\/2010\/10\/06\/forca-je-nervozna\/#primaryimage"},"datePublished":"2010-10-06T17:18:14+00:00","dateModified":"2010-10-06T17:18:14+00:00","author":{"@id":"https:\/\/www.visit-ulcinj.com\/blog\/#\/schema\/person\/dcab619c614d3038751c63bc2aadc06d"},"description":"PDP POVODOM KRIVI\u010cNE PRIJAVE ZBOG GLASANJA FANTOMA Ulcinj \u2013 Partija demokratskog prosperiteta pozvala je \u010dlanove bira\u010dkih odbora iz redova Force da se","breadcrumb":{"@id":"https:\/\/www.visit-ulcinj.com\/blog\/2010\/10\/06\/forca-je-nervozna\/#breadcrumb"},"inLanguage":"en-US","potentialAction":[{"@type":"ReadAction","target":["https:\/\/www.visit-ulcinj.com\/blog\/2010\/10\/06\/forca-je-nervozna\/"]}]},{"@type":"BreadcrumbList","@id":"https:\/\/www.visit-ulcinj.com\/blog\/2010\/10\/06\/forca-je-nervozna\/#breadcrumb","itemListElement":[{"@type":"ListItem","position":1,"name":"Forca je nervozna"}]},{"@type":"Person","@id":"https:\/\/www.visit-ulcinj.com\/blog\/#\/schema\/person\/dcab619c614d3038751c63bc2aadc06d","name":"ulqini","sameAs":["http:\/\/www.visit-ulcinj.com"],"url":"https:\/\/www.visit-ulcinj.com\/blog\/author\/admin\/"}]}},"jetpack_featured_media_url":"","jetpack_sharing_enabled":true,"jetpack_shortlink":"https:\/\/wp.me\/pe6lTn-9Vu","_links":{"self":[{"href":"https:\/\/www.visit-ulcinj.com\/blog\/wp-json\/wp\/v2\/posts\/38160"}],"collection":[{"href":"https:\/\/www.visit-ulcinj.com\/blog\/wp-json\/wp\/v2\/posts"}],"about":[{"href":"https:\/\/www.visit-ulcinj.com\/blog\/wp-json\/wp\/v2\/types\/post"}],"author":[{"embeddable":true,"href":"https:\/\/www.visit-ulcinj.com\/blog\/wp-json\/wp\/v2\/users\/1"}],"replies":[{"embeddable":true,"href":"https:\/\/www.visit-ulcinj.com\/blog\/wp-json\/wp\/v2\/comments?post=38160"}],"version-history":[{"count":0,"href":"https:\/\/www.visit-ulcinj.com\/blog\/wp-json\/wp\/v2\/posts\/38160\/revisions"}],"wp:attachment":[{"href":"https:\/\/www.visit-ulcinj.com\/blog\/wp-json\/wp\/v2\/media?parent=38160"}],"wp:term":[{"taxonomy":"category","embeddable":true,"href":"https:\/\/www.visit-ulcinj.com\/blog\/wp-json\/wp\/v2\/categories?post=38160"},{"taxonomy":"post_tag","embeddable":true,"href":"https:\/\/www.visit-ulcinj.com\/blog\/wp-json\/wp\/v2\/tags?post=38160"}],"curies":[{"name":"wp","href":"https:\/\/api.w.org\/{rel}","templated":true}]}}