{"id":38174,"date":"2010-10-07T15:18:31","date_gmt":"2010-10-07T13:18:31","guid":{"rendered":"http:\/\/www.visit-ulcinj.com\/blog\/?p=38174"},"modified":"2010-10-14T21:01:38","modified_gmt":"2010-10-14T19:01:38","slug":"%e2%80%9cshota%e2%80%9d-coi-peshe-ulqinaket","status":"publish","type":"post","link":"https:\/\/www.visit-ulcinj.com\/blog\/2010\/10\/07\/%e2%80%9cshota%e2%80%9d-coi-peshe-ulqinaket\/","title":{"rendered":"\u201cShota\u201d \u00e7oi pesh\u00eb ulqinak\u00ebt"},"content":{"rendered":"<p><a href=\"http:\/\/www.visit-ulcinj.com\/blog\/wp-content\/uploads\/2010\/10\/Ansambli-SHOTA1.jpg\"><img loading=\"lazy\" class=\"alignleft size-full wp-image-38175\" title=\"Ansambli  SHOTA\" src=\"http:\/\/www.visit-ulcinj.com\/blog\/wp-content\/uploads\/2010\/10\/Ansambli-SHOTA1.jpg\" alt=\"\" width=\"490\" height=\"370\" \/><\/a>Ulqin, 7 tetor &#8211; Ulqinak\u00ebt p\u00ebr her\u00eb t\u00eb par\u00eb n\u00eb k\u00ebt\u00eb shekull entuziazmohen, emocionohen edhe duartrokasin nj\u00eb ansamb\u00ebl grandioz komb\u00ebtar, njofton KosovaLive.<\/p>\n<p>Ansambli i k\u00ebng\u00ebve dhe i valleve \u201cShota\u201d, ata i bashkoi edhe i b\u00ebri krenar\u00eb q\u00eb edhe ne shqiptar\u00ebt kemi nj\u00eb formacion valltar\u00ebsh t\u00eb shk\u00eblqyer mbar\u00ebkomb\u00ebtar edhe nd\u00ebrkomb\u00ebtar.<\/p>\n<p>N\u00eb m\u00ebnyr\u00ebn m\u00eb brilante u interpretuan vallet nga t\u00eb gjitha trevat shqiptare &#8211; \u201cVallja e Mal\u00ebsis\u00eb s\u00eb Madhe\u201d, valle me motive kosovare, valle me motive tiranase, \u201cVallja e Karadakut\u201d, etj.<\/p>\n<p>Me shum\u00eb pietet u ndoq\u00ebn edhe k\u00ebng\u00ebt folklorike shqiptare t\u00eb interpretuara nga Violeta Kukaj, Riza Byty\u00e7i dhe Ismet Bogujevci etj.<\/p>\n<p>Koncerti i ansamblit komb\u00ebtar \u201cShota\u201d nga Prishtina q\u00eb n\u00eb k\u00ebt\u00eb formacion p\u00ebr her\u00eb t\u00eb par\u00eb vjen n\u00eb Ulqin u organizua n\u00ebn patronatin e kryetarit t\u00eb Komun\u00ebs s\u00eb Ulqinit,G\u00ebzim Hajdinaga.<\/p>\n<p>\u201cPa dyshim kjo \u00ebsht\u00eb ngjarja m\u00eb e madhe kulturo-artistike e k\u00ebtij viti n\u00eb Ulqin. Interpretimet e shk\u00eblqyera t\u00eb valltar\u00ebve sh\u00ebnojn\u00eb kulmin e artit ton\u00eb skenik\u201d, shprehet mik\u00ebprit\u00ebsi, G\u00ebzim Hajdinaga, i pari i Ulqinit.<\/p>\n<p>Drejtoria e Shkoll\u00ebs fillore \u201cGjergj Kastrioti- Sk\u00ebnderbeu\u201d nga Kraja i ka b\u00ebr\u00eb k\u00ebrkes\u00eb udh\u00ebheqjes s\u00eb k\u00ebtij ansambli q\u00eb t\u00eb jap\u00eb koncert edhe n\u00eb k\u00ebt\u00eb zon\u00eb malore shqiptare n\u00eb Komun\u00ebn e Tivarit.<br \/>\n<strong>KOHA NET<br \/>\n<!--YouTube Error: bad URL entered--><\/strong><\/p>\n","protected":false},"excerpt":{"rendered":"<p>Ulqin, 7 tetor &#8211; Ulqinak\u00ebt p\u00ebr her\u00eb t\u00eb par\u00eb n\u00eb k\u00ebt\u00eb shekull entuziazmohen, emocionohen edhe duartrokasin nj\u00eb ansamb\u00ebl grandioz komb\u00ebtar, njofton KosovaLive. Ansambli i k\u00ebng\u00ebve dhe i valleve \u201cShota\u201d, ata i bashkoi edhe i b\u00ebri krenar\u00eb q\u00eb edhe ne shqiptar\u00ebt kemi nj\u00eb formacion valltar\u00ebsh t\u00eb shk\u00eblqyer mbar\u00ebkomb\u00ebtar edhe nd\u00ebrkomb\u00ebtar. N\u00eb m\u00ebnyr\u00ebn m\u00eb brilante u interpretuan [&hellip;]<\/p>\n","protected":false},"author":1,"featured_media":0,"comment_status":"open","ping_status":"closed","sticky":false,"template":"","format":"standard","meta":{"spay_email":"","jetpack_publicize_message":"","jetpack_is_tweetstorm":false,"jetpack_publicize_feature_enabled":true},"categories":[4],"tags":[15716,119,95,1655,200],"jetpack_publicize_connections":[],"yoast_head":"<!-- This site is optimized with the Yoast SEO plugin v19.1 - https:\/\/yoast.com\/wordpress\/plugins\/seo\/ -->\n<title>\u201cShota\u201d \u00e7oi pesh\u00eb ulqinak\u00ebt - Lajme nga Ulqini<\/title>\n<meta name=\"description\" content=\"Ulqin, 7 tetor - Ulqinak\u00ebt p\u00ebr her\u00eb t\u00eb par\u00eb n\u00eb k\u00ebt\u00eb shekull entuziazmohen, emocionohen edhe duartrokasin nj\u00eb ansamb\u00ebl grandioz komb\u00ebtar, njofton\" \/>\n<meta name=\"robots\" content=\"index, follow, max-snippet:-1, max-image-preview:large, max-video-preview:-1\" \/>\n<link rel=\"canonical\" href=\"https:\/\/www.visit-ulcinj.com\/blog\/2010\/10\/07\/\u201cshota\u201d-coi-peshe-ulqinaket\/\" \/>\n<meta property=\"og:locale\" content=\"en_US\" \/>\n<meta property=\"og:type\" content=\"article\" \/>\n<meta property=\"og:title\" content=\"\u201cShota\u201d \u00e7oi pesh\u00eb ulqinak\u00ebt - Lajme nga Ulqini\" \/>\n<meta property=\"og:description\" content=\"Ulqin, 7 tetor - Ulqinak\u00ebt p\u00ebr her\u00eb t\u00eb par\u00eb n\u00eb k\u00ebt\u00eb shekull entuziazmohen, emocionohen edhe duartrokasin nj\u00eb ansamb\u00ebl grandioz komb\u00ebtar, njofton\" \/>\n<meta property=\"og:url\" content=\"https:\/\/www.visit-ulcinj.com\/blog\/2010\/10\/07\/\u201cshota\u201d-coi-peshe-ulqinaket\/\" \/>\n<meta property=\"og:site_name\" content=\"Lajme nga Ulqini\" \/>\n<meta property=\"article:published_time\" content=\"2010-10-07T13:18:31+00:00\" \/>\n<meta property=\"article:modified_time\" content=\"2010-10-14T19:01:38+00:00\" \/>\n<meta property=\"og:image\" content=\"http:\/\/www.visit-ulcinj.com\/blog\/wp-content\/uploads\/2010\/10\/Ansambli-SHOTA1.jpg\" \/>\n<meta name=\"twitter:label1\" content=\"Written by\" \/>\n\t<meta name=\"twitter:data1\" content=\"ulqini\" \/>\n\t<meta name=\"twitter:label2\" content=\"Est. reading time\" \/>\n\t<meta name=\"twitter:data2\" content=\"1 minute\" \/>\n<script type=\"application\/ld+json\" class=\"yoast-schema-graph\">{\"@context\":\"https:\/\/schema.org\",\"@graph\":[{\"@type\":\"WebSite\",\"@id\":\"https:\/\/www.visit-ulcinj.com\/blog\/#website\",\"url\":\"https:\/\/www.visit-ulcinj.com\/blog\/\",\"name\":\"Lajme nga Ulqini\",\"description\":\"Lajme,Vijesti,Ulqini,Ulqin,Crna Gora,Mali i Zi\",\"potentialAction\":[{\"@type\":\"SearchAction\",\"target\":{\"@type\":\"EntryPoint\",\"urlTemplate\":\"https:\/\/www.visit-ulcinj.com\/blog\/?s={search_term_string}\"},\"query-input\":\"required name=search_term_string\"}],\"inLanguage\":\"en-US\"},{\"@type\":\"ImageObject\",\"inLanguage\":\"en-US\",\"@id\":\"https:\/\/www.visit-ulcinj.com\/blog\/2010\/10\/07\/%e2%80%9cshota%e2%80%9d-coi-peshe-ulqinaket\/#primaryimage\",\"url\":\"https:\/\/www.visit-ulcinj.com\/blog\/wp-content\/uploads\/2010\/10\/Ansambli-SHOTA1.jpg\",\"contentUrl\":\"https:\/\/www.visit-ulcinj.com\/blog\/wp-content\/uploads\/2010\/10\/Ansambli-SHOTA1.jpg\",\"width\":\"640\",\"height\":\"370\"},{\"@type\":\"WebPage\",\"@id\":\"https:\/\/www.visit-ulcinj.com\/blog\/2010\/10\/07\/%e2%80%9cshota%e2%80%9d-coi-peshe-ulqinaket\/#webpage\",\"url\":\"https:\/\/www.visit-ulcinj.com\/blog\/2010\/10\/07\/%e2%80%9cshota%e2%80%9d-coi-peshe-ulqinaket\/\",\"name\":\"\u201cShota\u201d \u00e7oi pesh\u00eb ulqinak\u00ebt - Lajme nga Ulqini\",\"isPartOf\":{\"@id\":\"https:\/\/www.visit-ulcinj.com\/blog\/#website\"},\"primaryImageOfPage\":{\"@id\":\"https:\/\/www.visit-ulcinj.com\/blog\/2010\/10\/07\/%e2%80%9cshota%e2%80%9d-coi-peshe-ulqinaket\/#primaryimage\"},\"datePublished\":\"2010-10-07T13:18:31+00:00\",\"dateModified\":\"2010-10-14T19:01:38+00:00\",\"author\":{\"@id\":\"https:\/\/www.visit-ulcinj.com\/blog\/#\/schema\/person\/dcab619c614d3038751c63bc2aadc06d\"},\"description\":\"Ulqin, 7 tetor - Ulqinak\u00ebt p\u00ebr her\u00eb t\u00eb par\u00eb n\u00eb k\u00ebt\u00eb shekull entuziazmohen, emocionohen edhe duartrokasin nj\u00eb ansamb\u00ebl grandioz komb\u00ebtar, njofton\",\"breadcrumb\":{\"@id\":\"https:\/\/www.visit-ulcinj.com\/blog\/2010\/10\/07\/%e2%80%9cshota%e2%80%9d-coi-peshe-ulqinaket\/#breadcrumb\"},\"inLanguage\":\"en-US\",\"potentialAction\":[{\"@type\":\"ReadAction\",\"target\":[\"https:\/\/www.visit-ulcinj.com\/blog\/2010\/10\/07\/%e2%80%9cshota%e2%80%9d-coi-peshe-ulqinaket\/\"]}]},{\"@type\":\"BreadcrumbList\",\"@id\":\"https:\/\/www.visit-ulcinj.com\/blog\/2010\/10\/07\/%e2%80%9cshota%e2%80%9d-coi-peshe-ulqinaket\/#breadcrumb\",\"itemListElement\":[{\"@type\":\"ListItem\",\"position\":1,\"name\":\"\u201cShota\u201d \u00e7oi pesh\u00eb ulqinak\u00ebt\"}]},{\"@type\":\"Person\",\"@id\":\"https:\/\/www.visit-ulcinj.com\/blog\/#\/schema\/person\/dcab619c614d3038751c63bc2aadc06d\",\"name\":\"ulqini\",\"sameAs\":[\"http:\/\/www.visit-ulcinj.com\"],\"url\":\"https:\/\/www.visit-ulcinj.com\/blog\/author\/admin\/\"}]}<\/script>\n<!-- \/ Yoast SEO plugin. -->","yoast_head_json":{"title":"\u201cShota\u201d \u00e7oi pesh\u00eb ulqinak\u00ebt - Lajme nga Ulqini","description":"Ulqin, 7 tetor - Ulqinak\u00ebt p\u00ebr her\u00eb t\u00eb par\u00eb n\u00eb k\u00ebt\u00eb shekull entuziazmohen, emocionohen edhe duartrokasin nj\u00eb ansamb\u00ebl grandioz komb\u00ebtar, njofton","robots":{"index":"index","follow":"follow","max-snippet":"max-snippet:-1","max-image-preview":"max-image-preview:large","max-video-preview":"max-video-preview:-1"},"canonical":"https:\/\/www.visit-ulcinj.com\/blog\/2010\/10\/07\/\u201cshota\u201d-coi-peshe-ulqinaket\/","og_locale":"en_US","og_type":"article","og_title":"\u201cShota\u201d \u00e7oi pesh\u00eb ulqinak\u00ebt - Lajme nga Ulqini","og_description":"Ulqin, 7 tetor - Ulqinak\u00ebt p\u00ebr her\u00eb t\u00eb par\u00eb n\u00eb k\u00ebt\u00eb shekull entuziazmohen, emocionohen edhe duartrokasin nj\u00eb ansamb\u00ebl grandioz komb\u00ebtar, njofton","og_url":"https:\/\/www.visit-ulcinj.com\/blog\/2010\/10\/07\/\u201cshota\u201d-coi-peshe-ulqinaket\/","og_site_name":"Lajme nga Ulqini","article_published_time":"2010-10-07T13:18:31+00:00","article_modified_time":"2010-10-14T19:01:38+00:00","og_image":[{"url":"http:\/\/www.visit-ulcinj.com\/blog\/wp-content\/uploads\/2010\/10\/Ansambli-SHOTA1.jpg"}],"twitter_misc":{"Written by":"ulqini","Est. reading time":"1 minute"},"schema":{"@context":"https:\/\/schema.org","@graph":[{"@type":"WebSite","@id":"https:\/\/www.visit-ulcinj.com\/blog\/#website","url":"https:\/\/www.visit-ulcinj.com\/blog\/","name":"Lajme nga Ulqini","description":"Lajme,Vijesti,Ulqini,Ulqin,Crna Gora,Mali i Zi","potentialAction":[{"@type":"SearchAction","target":{"@type":"EntryPoint","urlTemplate":"https:\/\/www.visit-ulcinj.com\/blog\/?s={search_term_string}"},"query-input":"required name=search_term_string"}],"inLanguage":"en-US"},{"@type":"ImageObject","inLanguage":"en-US","@id":"https:\/\/www.visit-ulcinj.com\/blog\/2010\/10\/07\/%e2%80%9cshota%e2%80%9d-coi-peshe-ulqinaket\/#primaryimage","url":"https:\/\/www.visit-ulcinj.com\/blog\/wp-content\/uploads\/2010\/10\/Ansambli-SHOTA1.jpg","contentUrl":"https:\/\/www.visit-ulcinj.com\/blog\/wp-content\/uploads\/2010\/10\/Ansambli-SHOTA1.jpg","width":"640","height":"370"},{"@type":"WebPage","@id":"https:\/\/www.visit-ulcinj.com\/blog\/2010\/10\/07\/%e2%80%9cshota%e2%80%9d-coi-peshe-ulqinaket\/#webpage","url":"https:\/\/www.visit-ulcinj.com\/blog\/2010\/10\/07\/%e2%80%9cshota%e2%80%9d-coi-peshe-ulqinaket\/","name":"\u201cShota\u201d \u00e7oi pesh\u00eb ulqinak\u00ebt - Lajme nga Ulqini","isPartOf":{"@id":"https:\/\/www.visit-ulcinj.com\/blog\/#website"},"primaryImageOfPage":{"@id":"https:\/\/www.visit-ulcinj.com\/blog\/2010\/10\/07\/%e2%80%9cshota%e2%80%9d-coi-peshe-ulqinaket\/#primaryimage"},"datePublished":"2010-10-07T13:18:31+00:00","dateModified":"2010-10-14T19:01:38+00:00","author":{"@id":"https:\/\/www.visit-ulcinj.com\/blog\/#\/schema\/person\/dcab619c614d3038751c63bc2aadc06d"},"description":"Ulqin, 7 tetor - Ulqinak\u00ebt p\u00ebr her\u00eb t\u00eb par\u00eb n\u00eb k\u00ebt\u00eb shekull entuziazmohen, emocionohen edhe duartrokasin nj\u00eb ansamb\u00ebl grandioz komb\u00ebtar, njofton","breadcrumb":{"@id":"https:\/\/www.visit-ulcinj.com\/blog\/2010\/10\/07\/%e2%80%9cshota%e2%80%9d-coi-peshe-ulqinaket\/#breadcrumb"},"inLanguage":"en-US","potentialAction":[{"@type":"ReadAction","target":["https:\/\/www.visit-ulcinj.com\/blog\/2010\/10\/07\/%e2%80%9cshota%e2%80%9d-coi-peshe-ulqinaket\/"]}]},{"@type":"BreadcrumbList","@id":"https:\/\/www.visit-ulcinj.com\/blog\/2010\/10\/07\/%e2%80%9cshota%e2%80%9d-coi-peshe-ulqinaket\/#breadcrumb","itemListElement":[{"@type":"ListItem","position":1,"name":"\u201cShota\u201d \u00e7oi pesh\u00eb ulqinak\u00ebt"}]},{"@type":"Person","@id":"https:\/\/www.visit-ulcinj.com\/blog\/#\/schema\/person\/dcab619c614d3038751c63bc2aadc06d","name":"ulqini","sameAs":["http:\/\/www.visit-ulcinj.com"],"url":"https:\/\/www.visit-ulcinj.com\/blog\/author\/admin\/"}]}},"jetpack_featured_media_url":"","jetpack_sharing_enabled":true,"jetpack_shortlink":"https:\/\/wp.me\/pe6lTn-9VI","_links":{"self":[{"href":"https:\/\/www.visit-ulcinj.com\/blog\/wp-json\/wp\/v2\/posts\/38174"}],"collection":[{"href":"https:\/\/www.visit-ulcinj.com\/blog\/wp-json\/wp\/v2\/posts"}],"about":[{"href":"https:\/\/www.visit-ulcinj.com\/blog\/wp-json\/wp\/v2\/types\/post"}],"author":[{"embeddable":true,"href":"https:\/\/www.visit-ulcinj.com\/blog\/wp-json\/wp\/v2\/users\/1"}],"replies":[{"embeddable":true,"href":"https:\/\/www.visit-ulcinj.com\/blog\/wp-json\/wp\/v2\/comments?post=38174"}],"version-history":[{"count":0,"href":"https:\/\/www.visit-ulcinj.com\/blog\/wp-json\/wp\/v2\/posts\/38174\/revisions"}],"wp:attachment":[{"href":"https:\/\/www.visit-ulcinj.com\/blog\/wp-json\/wp\/v2\/media?parent=38174"}],"wp:term":[{"taxonomy":"category","embeddable":true,"href":"https:\/\/www.visit-ulcinj.com\/blog\/wp-json\/wp\/v2\/categories?post=38174"},{"taxonomy":"post_tag","embeddable":true,"href":"https:\/\/www.visit-ulcinj.com\/blog\/wp-json\/wp\/v2\/tags?post=38174"}],"curies":[{"name":"wp","href":"https:\/\/api.w.org\/{rel}","templated":true}]}}