{"id":38185,"date":"2010-10-07T15:48:12","date_gmt":"2010-10-07T13:48:12","guid":{"rendered":"http:\/\/www.visit-ulcinj.com\/blog\/?p=38185"},"modified":"2010-10-07T15:48:12","modified_gmt":"2010-10-07T13:48:12","slug":"ne-zelimo-takve-navijace","status":"publish","type":"post","link":"https:\/\/www.visit-ulcinj.com\/blog\/2010\/10\/07\/ne-zelimo-takve-navijace\/","title":{"rendered":"Ne \u017eelimo takve navija\u010de"},"content":{"rendered":"<p>Revoltirani i zgro\u017eeni \u201cu\u010dinkom\u201d dijela navija\u010da FK Zabjelo koji su putovali u Ulcinj radi prisustva fudbalskoj utakmici Druge crnogorske lige izme\u0111u Otranta i Zabjela.<br \/>\nMi, fudbaleri-veterani Zabjela, dosada\u0161nji predsjednici ovog \u010dasnog kluba, te \u017eitelji \u2013 starosjedioci Zabjela kao osniva\u010di kluba, duboko i iskreno se izvinjavamo Ulcinju zbog nemilih doga\u0111aja koji su se desili.<br \/>\nFK Zabjelo je formiran 1963. godine da vaspitava mlade ljude (omladinu) i upra\u017enjava takmi\u010denja u duhu sportskog morala, tolerancije i ljubavi prema sportskim protivnicima.<br \/>\nNi mi, gospodine Red\u017ea, ne vjerujemo da su to navija\u010di Zabjela, to su neki drugi&#8230;<br \/>\nAli, to ne zna\u010di da nemamo moralnu obavezu da se sportskim prijateljima i cijelom Ulcinju izvinimo povodom ovako nemilog doga\u0111aja, sa ubje\u0111enjem da se ne\u0161to ovako ne\u0107e, niti smije ubudu\u0107e doga\u0111ati.<\/p>\n<p><strong>Miodrag Bato Radunovi\u0107<br \/>\n<a href=\"http:\/\/www.vijesti.me\/\" target=\"_blank\">Vijesti<\/a><\/strong><\/p>\n","protected":false},"excerpt":{"rendered":"<p>Revoltirani i zgro\u017eeni \u201cu\u010dinkom\u201d dijela navija\u010da FK Zabjelo koji su putovali u Ulcinj radi prisustva fudbalskoj utakmici Druge crnogorske lige izme\u0111u Otranta i Zabjela. Mi, fudbaleri-veterani Zabjela, dosada\u0161nji predsjednici ovog \u010dasnog kluba, te \u017eitelji \u2013 starosjedioci Zabjela kao osniva\u010di kluba, duboko i iskreno se izvinjavamo Ulcinju zbog nemilih doga\u0111aja koji su se desili. FK Zabjelo [&hellip;]<\/p>\n","protected":false},"author":1,"featured_media":0,"comment_status":"open","ping_status":"closed","sticky":false,"template":"","format":"standard","meta":{"spay_email":"","jetpack_publicize_message":"","jetpack_is_tweetstorm":false,"jetpack_publicize_feature_enabled":true},"categories":[8],"tags":[19],"jetpack_publicize_connections":[],"yoast_head":"<!-- This site is optimized with the Yoast SEO plugin v19.1 - https:\/\/yoast.com\/wordpress\/plugins\/seo\/ -->\n<title>Ne \u017eelimo takve navija\u010de - Lajme nga Ulqini<\/title>\n<meta name=\"description\" content=\"Revoltirani i zgro\u017eeni \u201cu\u010dinkom\u201d dijela navija\u010da FK Zabjelo koji su putovali u Ulcinj radi prisustva fudbalskoj utakmici Druge crnogorske lige izme\u0111u\" \/>\n<meta name=\"robots\" content=\"index, follow, max-snippet:-1, max-image-preview:large, max-video-preview:-1\" \/>\n<link rel=\"canonical\" href=\"https:\/\/www.visit-ulcinj.com\/blog\/2010\/10\/07\/ne-zelimo-takve-navijace\/\" \/>\n<meta property=\"og:locale\" content=\"en_US\" \/>\n<meta property=\"og:type\" content=\"article\" \/>\n<meta property=\"og:title\" content=\"Ne \u017eelimo takve navija\u010de - Lajme nga Ulqini\" \/>\n<meta property=\"og:description\" content=\"Revoltirani i zgro\u017eeni \u201cu\u010dinkom\u201d dijela navija\u010da FK Zabjelo koji su putovali u Ulcinj radi prisustva fudbalskoj utakmici Druge crnogorske lige izme\u0111u\" \/>\n<meta property=\"og:url\" content=\"https:\/\/www.visit-ulcinj.com\/blog\/2010\/10\/07\/ne-zelimo-takve-navijace\/\" \/>\n<meta property=\"og:site_name\" content=\"Lajme nga Ulqini\" \/>\n<meta property=\"article:published_time\" content=\"2010-10-07T13:48:12+00:00\" \/>\n<meta name=\"twitter:label1\" content=\"Written by\" \/>\n\t<meta name=\"twitter:data1\" content=\"ulqini\" \/>\n\t<meta name=\"twitter:label2\" content=\"Est. reading time\" \/>\n\t<meta name=\"twitter:data2\" content=\"1 minute\" \/>\n<script type=\"application\/ld+json\" class=\"yoast-schema-graph\">{\"@context\":\"https:\/\/schema.org\",\"@graph\":[{\"@type\":\"WebSite\",\"@id\":\"https:\/\/www.visit-ulcinj.com\/blog\/#website\",\"url\":\"https:\/\/www.visit-ulcinj.com\/blog\/\",\"name\":\"Lajme nga Ulqini\",\"description\":\"Lajme,Vijesti,Ulqini,Ulqin,Crna Gora,Mali i Zi\",\"potentialAction\":[{\"@type\":\"SearchAction\",\"target\":{\"@type\":\"EntryPoint\",\"urlTemplate\":\"https:\/\/www.visit-ulcinj.com\/blog\/?s={search_term_string}\"},\"query-input\":\"required name=search_term_string\"}],\"inLanguage\":\"en-US\"},{\"@type\":\"WebPage\",\"@id\":\"https:\/\/www.visit-ulcinj.com\/blog\/2010\/10\/07\/ne-zelimo-takve-navijace\/#webpage\",\"url\":\"https:\/\/www.visit-ulcinj.com\/blog\/2010\/10\/07\/ne-zelimo-takve-navijace\/\",\"name\":\"Ne \u017eelimo takve navija\u010de - Lajme nga Ulqini\",\"isPartOf\":{\"@id\":\"https:\/\/www.visit-ulcinj.com\/blog\/#website\"},\"datePublished\":\"2010-10-07T13:48:12+00:00\",\"dateModified\":\"2010-10-07T13:48:12+00:00\",\"author\":{\"@id\":\"https:\/\/www.visit-ulcinj.com\/blog\/#\/schema\/person\/dcab619c614d3038751c63bc2aadc06d\"},\"description\":\"Revoltirani i zgro\u017eeni \u201cu\u010dinkom\u201d dijela navija\u010da FK Zabjelo koji su putovali u Ulcinj radi prisustva fudbalskoj utakmici Druge crnogorske lige izme\u0111u\",\"breadcrumb\":{\"@id\":\"https:\/\/www.visit-ulcinj.com\/blog\/2010\/10\/07\/ne-zelimo-takve-navijace\/#breadcrumb\"},\"inLanguage\":\"en-US\",\"potentialAction\":[{\"@type\":\"ReadAction\",\"target\":[\"https:\/\/www.visit-ulcinj.com\/blog\/2010\/10\/07\/ne-zelimo-takve-navijace\/\"]}]},{\"@type\":\"BreadcrumbList\",\"@id\":\"https:\/\/www.visit-ulcinj.com\/blog\/2010\/10\/07\/ne-zelimo-takve-navijace\/#breadcrumb\",\"itemListElement\":[{\"@type\":\"ListItem\",\"position\":1,\"name\":\"Ne \u017eelimo takve navija\u010de\"}]},{\"@type\":\"Person\",\"@id\":\"https:\/\/www.visit-ulcinj.com\/blog\/#\/schema\/person\/dcab619c614d3038751c63bc2aadc06d\",\"name\":\"ulqini\",\"sameAs\":[\"http:\/\/www.visit-ulcinj.com\"],\"url\":\"https:\/\/www.visit-ulcinj.com\/blog\/author\/admin\/\"}]}<\/script>\n<!-- \/ Yoast SEO plugin. -->","yoast_head_json":{"title":"Ne \u017eelimo takve navija\u010de - Lajme nga Ulqini","description":"Revoltirani i zgro\u017eeni \u201cu\u010dinkom\u201d dijela navija\u010da FK Zabjelo koji su putovali u Ulcinj radi prisustva fudbalskoj utakmici Druge crnogorske lige izme\u0111u","robots":{"index":"index","follow":"follow","max-snippet":"max-snippet:-1","max-image-preview":"max-image-preview:large","max-video-preview":"max-video-preview:-1"},"canonical":"https:\/\/www.visit-ulcinj.com\/blog\/2010\/10\/07\/ne-zelimo-takve-navijace\/","og_locale":"en_US","og_type":"article","og_title":"Ne \u017eelimo takve navija\u010de - Lajme nga Ulqini","og_description":"Revoltirani i zgro\u017eeni \u201cu\u010dinkom\u201d dijela navija\u010da FK Zabjelo koji su putovali u Ulcinj radi prisustva fudbalskoj utakmici Druge crnogorske lige izme\u0111u","og_url":"https:\/\/www.visit-ulcinj.com\/blog\/2010\/10\/07\/ne-zelimo-takve-navijace\/","og_site_name":"Lajme nga Ulqini","article_published_time":"2010-10-07T13:48:12+00:00","twitter_misc":{"Written by":"ulqini","Est. reading time":"1 minute"},"schema":{"@context":"https:\/\/schema.org","@graph":[{"@type":"WebSite","@id":"https:\/\/www.visit-ulcinj.com\/blog\/#website","url":"https:\/\/www.visit-ulcinj.com\/blog\/","name":"Lajme nga Ulqini","description":"Lajme,Vijesti,Ulqini,Ulqin,Crna Gora,Mali i Zi","potentialAction":[{"@type":"SearchAction","target":{"@type":"EntryPoint","urlTemplate":"https:\/\/www.visit-ulcinj.com\/blog\/?s={search_term_string}"},"query-input":"required name=search_term_string"}],"inLanguage":"en-US"},{"@type":"WebPage","@id":"https:\/\/www.visit-ulcinj.com\/blog\/2010\/10\/07\/ne-zelimo-takve-navijace\/#webpage","url":"https:\/\/www.visit-ulcinj.com\/blog\/2010\/10\/07\/ne-zelimo-takve-navijace\/","name":"Ne \u017eelimo takve navija\u010de - Lajme nga Ulqini","isPartOf":{"@id":"https:\/\/www.visit-ulcinj.com\/blog\/#website"},"datePublished":"2010-10-07T13:48:12+00:00","dateModified":"2010-10-07T13:48:12+00:00","author":{"@id":"https:\/\/www.visit-ulcinj.com\/blog\/#\/schema\/person\/dcab619c614d3038751c63bc2aadc06d"},"description":"Revoltirani i zgro\u017eeni \u201cu\u010dinkom\u201d dijela navija\u010da FK Zabjelo koji su putovali u Ulcinj radi prisustva fudbalskoj utakmici Druge crnogorske lige izme\u0111u","breadcrumb":{"@id":"https:\/\/www.visit-ulcinj.com\/blog\/2010\/10\/07\/ne-zelimo-takve-navijace\/#breadcrumb"},"inLanguage":"en-US","potentialAction":[{"@type":"ReadAction","target":["https:\/\/www.visit-ulcinj.com\/blog\/2010\/10\/07\/ne-zelimo-takve-navijace\/"]}]},{"@type":"BreadcrumbList","@id":"https:\/\/www.visit-ulcinj.com\/blog\/2010\/10\/07\/ne-zelimo-takve-navijace\/#breadcrumb","itemListElement":[{"@type":"ListItem","position":1,"name":"Ne \u017eelimo takve navija\u010de"}]},{"@type":"Person","@id":"https:\/\/www.visit-ulcinj.com\/blog\/#\/schema\/person\/dcab619c614d3038751c63bc2aadc06d","name":"ulqini","sameAs":["http:\/\/www.visit-ulcinj.com"],"url":"https:\/\/www.visit-ulcinj.com\/blog\/author\/admin\/"}]}},"jetpack_featured_media_url":"","jetpack_sharing_enabled":true,"jetpack_shortlink":"https:\/\/wp.me\/pe6lTn-9VT","_links":{"self":[{"href":"https:\/\/www.visit-ulcinj.com\/blog\/wp-json\/wp\/v2\/posts\/38185"}],"collection":[{"href":"https:\/\/www.visit-ulcinj.com\/blog\/wp-json\/wp\/v2\/posts"}],"about":[{"href":"https:\/\/www.visit-ulcinj.com\/blog\/wp-json\/wp\/v2\/types\/post"}],"author":[{"embeddable":true,"href":"https:\/\/www.visit-ulcinj.com\/blog\/wp-json\/wp\/v2\/users\/1"}],"replies":[{"embeddable":true,"href":"https:\/\/www.visit-ulcinj.com\/blog\/wp-json\/wp\/v2\/comments?post=38185"}],"version-history":[{"count":0,"href":"https:\/\/www.visit-ulcinj.com\/blog\/wp-json\/wp\/v2\/posts\/38185\/revisions"}],"wp:attachment":[{"href":"https:\/\/www.visit-ulcinj.com\/blog\/wp-json\/wp\/v2\/media?parent=38185"}],"wp:term":[{"taxonomy":"category","embeddable":true,"href":"https:\/\/www.visit-ulcinj.com\/blog\/wp-json\/wp\/v2\/categories?post=38185"},{"taxonomy":"post_tag","embeddable":true,"href":"https:\/\/www.visit-ulcinj.com\/blog\/wp-json\/wp\/v2\/tags?post=38185"}],"curies":[{"name":"wp","href":"https:\/\/api.w.org\/{rel}","templated":true}]}}