{"id":38187,"date":"2010-10-07T15:50:27","date_gmt":"2010-10-07T13:50:27","guid":{"rendered":"http:\/\/www.visit-ulcinj.com\/blog\/?p=38187"},"modified":"2010-10-07T15:50:27","modified_gmt":"2010-10-07T13:50:27","slug":"forca-zove-posmatrace","status":"publish","type":"post","link":"https:\/\/www.visit-ulcinj.com\/blog\/2010\/10\/07\/forca-zove-posmatrace\/","title":{"rendered":"Forca zove posmatra\u010de"},"content":{"rendered":"<p><strong>Izbori u Ulcinj<\/strong><br \/>\nUlcinj &#8211; Nova demokratska snaga Forca pozvala je ju\u010de posmatra\u010de Evropske komisije, doma\u0107e institucije i NVO da prate izbore koji \u0107e biti odr\u017eani 17. oktobra u Ulcinju. Tako\u0111e je najavila da \u0107e Osnovnom dr\u017eavnom tu\u017eiocu u Ulcinju podnijeti krivi\u010dnu prijavu protiv \u010dlanova bira\u010dkog odbora na glasa\u010dkom mjestu broj 33 (Dom omladine Selita) zbog \u201ezloupotreba prava glasanja i falsifikovanja rezultata prethodnih izbora\u201d 23. maja.<\/p>\n<p>U saop\u0161tenju Force navodi se da su na tom mjestu glasali i neki gra\u0111ani koji tog dana nijesu bili u Ulcinju.<\/p>\n<p>&#8211; Vjerujemo da \u0107e ODT u Ulcinju pokrenuti krivi\u010dni postupak protiv osumnji\u010denih i utvrditi da je na\u0161a sumnja osnovana, te preduzeti zakonske mjere za njihovo ka\u017enjavanje, da se takve protivpravne radnje ne bi ponovile \u2013 navodi se u saop\u0161tenju Force.<\/p>\n<p>Uz saop\u0161tenje je prilo\u017een je i materijal sa bira\u010dkog mjesta gdje se mogu vidjeti potpisi navedenih glasa\u010da.<br \/>\n<strong>R.I.<br \/>\n<a href=\"http:\/\/www.pobjeda.co.me\/citanje.php?datum=2010-10-05&amp;id=192645\" target=\"_blank\">Pobjeda<\/a><\/strong><\/p>\n","protected":false},"excerpt":{"rendered":"<p>Izbori u Ulcinj Ulcinj &#8211; Nova demokratska snaga Forca pozvala je ju\u010de posmatra\u010de Evropske komisije, doma\u0107e institucije i NVO da prate izbore koji \u0107e biti odr\u017eani 17. oktobra u Ulcinju. Tako\u0111e je najavila da \u0107e Osnovnom dr\u017eavnom tu\u017eiocu u Ulcinju podnijeti krivi\u010dnu prijavu protiv \u010dlanova bira\u010dkog odbora na glasa\u010dkom mjestu broj 33 (Dom omladine Selita) [&hellip;]<\/p>\n","protected":false},"author":1,"featured_media":0,"comment_status":"open","ping_status":"closed","sticky":false,"template":"","format":"standard","meta":{"spay_email":"","jetpack_publicize_message":"","jetpack_is_tweetstorm":false,"jetpack_publicize_feature_enabled":true},"categories":[8],"tags":[19],"jetpack_publicize_connections":[],"yoast_head":"<!-- This site is optimized with the Yoast SEO plugin v19.1 - https:\/\/yoast.com\/wordpress\/plugins\/seo\/ -->\n<title>Forca zove posmatra\u010de - Lajme nga Ulqini<\/title>\n<meta name=\"description\" content=\"Izbori u Ulcinj Ulcinj - Nova demokratska snaga Forca pozvala je ju\u010de posmatra\u010de Evropske komisije, doma\u0107e institucije i NVO da prate izbore koji \u0107e biti\" \/>\n<meta name=\"robots\" content=\"index, follow, max-snippet:-1, max-image-preview:large, max-video-preview:-1\" \/>\n<link rel=\"canonical\" href=\"https:\/\/www.visit-ulcinj.com\/blog\/2010\/10\/07\/forca-zove-posmatrace\/\" \/>\n<meta property=\"og:locale\" content=\"en_US\" \/>\n<meta property=\"og:type\" content=\"article\" \/>\n<meta property=\"og:title\" content=\"Forca zove posmatra\u010de - Lajme nga Ulqini\" \/>\n<meta property=\"og:description\" content=\"Izbori u Ulcinj Ulcinj - Nova demokratska snaga Forca pozvala je ju\u010de posmatra\u010de Evropske komisije, doma\u0107e institucije i NVO da prate izbore koji \u0107e biti\" \/>\n<meta property=\"og:url\" content=\"https:\/\/www.visit-ulcinj.com\/blog\/2010\/10\/07\/forca-zove-posmatrace\/\" \/>\n<meta property=\"og:site_name\" content=\"Lajme nga Ulqini\" \/>\n<meta property=\"article:published_time\" content=\"2010-10-07T13:50:27+00:00\" \/>\n<meta name=\"twitter:label1\" content=\"Written by\" \/>\n\t<meta name=\"twitter:data1\" content=\"ulqini\" \/>\n\t<meta name=\"twitter:label2\" content=\"Est. reading time\" \/>\n\t<meta name=\"twitter:data2\" content=\"1 minute\" \/>\n<script type=\"application\/ld+json\" class=\"yoast-schema-graph\">{\"@context\":\"https:\/\/schema.org\",\"@graph\":[{\"@type\":\"WebSite\",\"@id\":\"https:\/\/www.visit-ulcinj.com\/blog\/#website\",\"url\":\"https:\/\/www.visit-ulcinj.com\/blog\/\",\"name\":\"Lajme nga Ulqini\",\"description\":\"Lajme,Vijesti,Ulqini,Ulqin,Crna Gora,Mali i Zi\",\"potentialAction\":[{\"@type\":\"SearchAction\",\"target\":{\"@type\":\"EntryPoint\",\"urlTemplate\":\"https:\/\/www.visit-ulcinj.com\/blog\/?s={search_term_string}\"},\"query-input\":\"required name=search_term_string\"}],\"inLanguage\":\"en-US\"},{\"@type\":\"WebPage\",\"@id\":\"https:\/\/www.visit-ulcinj.com\/blog\/2010\/10\/07\/forca-zove-posmatrace\/#webpage\",\"url\":\"https:\/\/www.visit-ulcinj.com\/blog\/2010\/10\/07\/forca-zove-posmatrace\/\",\"name\":\"Forca zove posmatra\u010de - Lajme nga Ulqini\",\"isPartOf\":{\"@id\":\"https:\/\/www.visit-ulcinj.com\/blog\/#website\"},\"datePublished\":\"2010-10-07T13:50:27+00:00\",\"dateModified\":\"2010-10-07T13:50:27+00:00\",\"author\":{\"@id\":\"https:\/\/www.visit-ulcinj.com\/blog\/#\/schema\/person\/dcab619c614d3038751c63bc2aadc06d\"},\"description\":\"Izbori u Ulcinj Ulcinj - Nova demokratska snaga Forca pozvala je ju\u010de posmatra\u010de Evropske komisije, doma\u0107e institucije i NVO da prate izbore koji \u0107e biti\",\"breadcrumb\":{\"@id\":\"https:\/\/www.visit-ulcinj.com\/blog\/2010\/10\/07\/forca-zove-posmatrace\/#breadcrumb\"},\"inLanguage\":\"en-US\",\"potentialAction\":[{\"@type\":\"ReadAction\",\"target\":[\"https:\/\/www.visit-ulcinj.com\/blog\/2010\/10\/07\/forca-zove-posmatrace\/\"]}]},{\"@type\":\"BreadcrumbList\",\"@id\":\"https:\/\/www.visit-ulcinj.com\/blog\/2010\/10\/07\/forca-zove-posmatrace\/#breadcrumb\",\"itemListElement\":[{\"@type\":\"ListItem\",\"position\":1,\"name\":\"Forca zove posmatra\u010de\"}]},{\"@type\":\"Person\",\"@id\":\"https:\/\/www.visit-ulcinj.com\/blog\/#\/schema\/person\/dcab619c614d3038751c63bc2aadc06d\",\"name\":\"ulqini\",\"sameAs\":[\"http:\/\/www.visit-ulcinj.com\"],\"url\":\"https:\/\/www.visit-ulcinj.com\/blog\/author\/admin\/\"}]}<\/script>\n<!-- \/ Yoast SEO plugin. -->","yoast_head_json":{"title":"Forca zove posmatra\u010de - Lajme nga Ulqini","description":"Izbori u Ulcinj Ulcinj - Nova demokratska snaga Forca pozvala je ju\u010de posmatra\u010de Evropske komisije, doma\u0107e institucije i NVO da prate izbore koji \u0107e biti","robots":{"index":"index","follow":"follow","max-snippet":"max-snippet:-1","max-image-preview":"max-image-preview:large","max-video-preview":"max-video-preview:-1"},"canonical":"https:\/\/www.visit-ulcinj.com\/blog\/2010\/10\/07\/forca-zove-posmatrace\/","og_locale":"en_US","og_type":"article","og_title":"Forca zove posmatra\u010de - Lajme nga Ulqini","og_description":"Izbori u Ulcinj Ulcinj - Nova demokratska snaga Forca pozvala je ju\u010de posmatra\u010de Evropske komisije, doma\u0107e institucije i NVO da prate izbore koji \u0107e biti","og_url":"https:\/\/www.visit-ulcinj.com\/blog\/2010\/10\/07\/forca-zove-posmatrace\/","og_site_name":"Lajme nga Ulqini","article_published_time":"2010-10-07T13:50:27+00:00","twitter_misc":{"Written by":"ulqini","Est. reading time":"1 minute"},"schema":{"@context":"https:\/\/schema.org","@graph":[{"@type":"WebSite","@id":"https:\/\/www.visit-ulcinj.com\/blog\/#website","url":"https:\/\/www.visit-ulcinj.com\/blog\/","name":"Lajme nga Ulqini","description":"Lajme,Vijesti,Ulqini,Ulqin,Crna Gora,Mali i Zi","potentialAction":[{"@type":"SearchAction","target":{"@type":"EntryPoint","urlTemplate":"https:\/\/www.visit-ulcinj.com\/blog\/?s={search_term_string}"},"query-input":"required name=search_term_string"}],"inLanguage":"en-US"},{"@type":"WebPage","@id":"https:\/\/www.visit-ulcinj.com\/blog\/2010\/10\/07\/forca-zove-posmatrace\/#webpage","url":"https:\/\/www.visit-ulcinj.com\/blog\/2010\/10\/07\/forca-zove-posmatrace\/","name":"Forca zove posmatra\u010de - Lajme nga Ulqini","isPartOf":{"@id":"https:\/\/www.visit-ulcinj.com\/blog\/#website"},"datePublished":"2010-10-07T13:50:27+00:00","dateModified":"2010-10-07T13:50:27+00:00","author":{"@id":"https:\/\/www.visit-ulcinj.com\/blog\/#\/schema\/person\/dcab619c614d3038751c63bc2aadc06d"},"description":"Izbori u Ulcinj Ulcinj - Nova demokratska snaga Forca pozvala je ju\u010de posmatra\u010de Evropske komisije, doma\u0107e institucije i NVO da prate izbore koji \u0107e biti","breadcrumb":{"@id":"https:\/\/www.visit-ulcinj.com\/blog\/2010\/10\/07\/forca-zove-posmatrace\/#breadcrumb"},"inLanguage":"en-US","potentialAction":[{"@type":"ReadAction","target":["https:\/\/www.visit-ulcinj.com\/blog\/2010\/10\/07\/forca-zove-posmatrace\/"]}]},{"@type":"BreadcrumbList","@id":"https:\/\/www.visit-ulcinj.com\/blog\/2010\/10\/07\/forca-zove-posmatrace\/#breadcrumb","itemListElement":[{"@type":"ListItem","position":1,"name":"Forca zove posmatra\u010de"}]},{"@type":"Person","@id":"https:\/\/www.visit-ulcinj.com\/blog\/#\/schema\/person\/dcab619c614d3038751c63bc2aadc06d","name":"ulqini","sameAs":["http:\/\/www.visit-ulcinj.com"],"url":"https:\/\/www.visit-ulcinj.com\/blog\/author\/admin\/"}]}},"jetpack_featured_media_url":"","jetpack_sharing_enabled":true,"jetpack_shortlink":"https:\/\/wp.me\/pe6lTn-9VV","_links":{"self":[{"href":"https:\/\/www.visit-ulcinj.com\/blog\/wp-json\/wp\/v2\/posts\/38187"}],"collection":[{"href":"https:\/\/www.visit-ulcinj.com\/blog\/wp-json\/wp\/v2\/posts"}],"about":[{"href":"https:\/\/www.visit-ulcinj.com\/blog\/wp-json\/wp\/v2\/types\/post"}],"author":[{"embeddable":true,"href":"https:\/\/www.visit-ulcinj.com\/blog\/wp-json\/wp\/v2\/users\/1"}],"replies":[{"embeddable":true,"href":"https:\/\/www.visit-ulcinj.com\/blog\/wp-json\/wp\/v2\/comments?post=38187"}],"version-history":[{"count":0,"href":"https:\/\/www.visit-ulcinj.com\/blog\/wp-json\/wp\/v2\/posts\/38187\/revisions"}],"wp:attachment":[{"href":"https:\/\/www.visit-ulcinj.com\/blog\/wp-json\/wp\/v2\/media?parent=38187"}],"wp:term":[{"taxonomy":"category","embeddable":true,"href":"https:\/\/www.visit-ulcinj.com\/blog\/wp-json\/wp\/v2\/categories?post=38187"},{"taxonomy":"post_tag","embeddable":true,"href":"https:\/\/www.visit-ulcinj.com\/blog\/wp-json\/wp\/v2\/tags?post=38187"}],"curies":[{"name":"wp","href":"https:\/\/api.w.org\/{rel}","templated":true}]}}