{"id":38191,"date":"2010-10-07T15:54:59","date_gmt":"2010-10-07T13:54:59","guid":{"rendered":"http:\/\/www.visit-ulcinj.com\/blog\/?p=38191"},"modified":"2010-10-07T15:54:59","modified_gmt":"2010-10-07T13:54:59","slug":"milion-od-%e2%80%9edrvengrada-ada-bojana","status":"publish","type":"post","link":"https:\/\/www.visit-ulcinj.com\/blog\/2010\/10\/07\/milion-od-%e2%80%9edrvengrada-ada-bojana\/","title":{"rendered":"Milion od \u201edrvengrada&#8221; &#8211; Ada Bojana"},"content":{"rendered":"<p>Od 442 vlasnika nelegalno sagra\u0111e\u00adnih objekata na Adi Bojani, samo 50 nije potpisalo ugovor sa Javnim preduze\u0107em za upravljanje mor\u00adskim dobrom Crne Gore, saznaje Pobjeda.<\/p>\n<p>Ministarstvo ure\u0111enja prostora i za\u0161tite \u017eivotne sredine zahtijeva\u0107e, prema saznanjima lista, ob\u00adjavljivanje podataka i fotografija ob\u00adjekata \u010diji vlasnici nijesu potpisali ugovor sa Morskim dobrom i nakon toga ru\u0161i\u0107e sve ku\u0107e koje nijesu pri\u00adjavljene.<\/p>\n<p>Zamjenik direktora Morskog dobra Veselin Vojinovi\u0107 rekao je za Pobjedu da su svi prihodi ostvareni potpisivanjem ugovora vlasnika ku\u00ad\u0107ica sa Morskim dobrom, kao i na\u00addoknada za dr\u017eavno zemlji\u0161te koje je dato na kori\u0161\u0107enje, procijenjeni na vi\u0161e od milion eura.<\/p>\n<p>Novac \u0107e biti namijenjen rje\u0161avanju infrastruk\u00adturnih i ekolo\u0161kih problema op\u0161tine Ulcinj.<\/p>\n<p>Pobjeda je, tako\u0111e, nedavno obja\u00advila da je na Adi Bojani sru\u0161eno osam nelegalno izgra\u0111enih objekata koji nijesu bili u upotrebnom stanju.<\/p>\n<p>Iz JP Morsko dobro tada je ob\u00adja\u0161njeno da je po\u010dela prva faza ru\u00ad\u0161enja, kojom je predvi\u0111eno uklanja\u00adnje tro\u0161nih objekata. Zatim slijedi uklanjanje bespravno izgra\u0111enih objekata koji nijesu registrovani u katalogu JP Morsko dobro i nakon nje &#8211; tre\u0107a faza kojom se predvi\u0111a ru\u0161enje objekata \u010diji vlasnici nijesu potpisali ugovor sa Morskim do\u00adbrom o privremenom kori\u0161\u0107enju zemlji\u0161ta i izmirili nov\u010dane obaveze prema utvr\u0111enom cjenovniku.<\/p>\n<p>Prije 20 godina na Bojani su po\u00adstojale ribarske ku\u0107ice, t.j. kalimere. Po\u010detkom 90-ih na ovoj lokaciji je po\u010delo ubrzano da se gradi i tako je do\u0161lo do toga da danas na Bojani postoji \u201edrvengrad&#8221;.<\/p>\n<p>Na ovoj atrak\u00adtivnoj lokaciji \u201enikle&#8221; su rasko\u0161ne vile, klimatizovane, sa vi\u0161e spratova, d\u017eakuzi kadama&#8230; Me\u0111u lokalnim stanovni\u0161tvom \u010dak postoji \u0161ala &#8211; svako ko je imao dvije daske sagra\u00addio je ku\u0107icu na Bojani. Danas ih je mnogo vi\u0161e nego \u0161to ova rijeka mo\u017ee da podnese na svojim oba\u00adlama.<\/p>\n<p><a href=\"http:\/\/www.rtcg.me\/vijesti\/drustvo\/hronika\/32119-milion-od-drvengradaq.html\" target=\"_blank\"><strong>RTCG<\/strong><\/a><\/p>\n","protected":false},"excerpt":{"rendered":"<p>Od 442 vlasnika nelegalno sagra\u0111e\u00adnih objekata na Adi Bojani, samo 50 nije potpisalo ugovor sa Javnim preduze\u0107em za upravljanje mor\u00adskim dobrom Crne Gore, saznaje Pobjeda. Ministarstvo ure\u0111enja prostora i za\u0161tite \u017eivotne sredine zahtijeva\u0107e, prema saznanjima lista, ob\u00adjavljivanje podataka i fotografija ob\u00adjekata \u010diji vlasnici nijesu potpisali ugovor sa Morskim dobrom i nakon toga ru\u0161i\u0107e sve ku\u0107e [&hellip;]<\/p>\n","protected":false},"author":1,"featured_media":0,"comment_status":"open","ping_status":"closed","sticky":false,"template":"","format":"standard","meta":{"spay_email":"","jetpack_publicize_message":"","jetpack_is_tweetstorm":false,"jetpack_publicize_feature_enabled":true},"categories":[8],"tags":[138,19],"jetpack_publicize_connections":[],"yoast_head":"<!-- This site is optimized with the Yoast SEO plugin v19.1 - https:\/\/yoast.com\/wordpress\/plugins\/seo\/ -->\n<title>Milion od \u201edrvengrada&quot; - Ada Bojana - Lajme nga Ulqini<\/title>\n<meta name=\"description\" content=\"Od 442 vlasnika nelegalno sagra\u0111e\u00adnih objekata na Adi Bojani, samo 50 nije potpisalo ugovor sa Javnim preduze\u0107em za upravljanje mor\u00adskim dobrom Crne Gore,\" \/>\n<meta name=\"robots\" content=\"index, follow, max-snippet:-1, max-image-preview:large, max-video-preview:-1\" \/>\n<link rel=\"canonical\" href=\"https:\/\/www.visit-ulcinj.com\/blog\/2010\/10\/07\/milion-od-\u201edrvengrada-ada-bojana\/\" \/>\n<meta property=\"og:locale\" content=\"en_US\" \/>\n<meta property=\"og:type\" content=\"article\" \/>\n<meta property=\"og:title\" content=\"Milion od \u201edrvengrada&quot; - Ada Bojana - Lajme nga Ulqini\" \/>\n<meta property=\"og:description\" content=\"Od 442 vlasnika nelegalno sagra\u0111e\u00adnih objekata na Adi Bojani, samo 50 nije potpisalo ugovor sa Javnim preduze\u0107em za upravljanje mor\u00adskim dobrom Crne Gore,\" \/>\n<meta property=\"og:url\" content=\"https:\/\/www.visit-ulcinj.com\/blog\/2010\/10\/07\/milion-od-\u201edrvengrada-ada-bojana\/\" \/>\n<meta property=\"og:site_name\" content=\"Lajme nga Ulqini\" \/>\n<meta property=\"article:published_time\" content=\"2010-10-07T13:54:59+00:00\" \/>\n<meta name=\"twitter:label1\" content=\"Written by\" \/>\n\t<meta name=\"twitter:data1\" content=\"ulqini\" \/>\n\t<meta name=\"twitter:label2\" content=\"Est. reading time\" \/>\n\t<meta name=\"twitter:data2\" content=\"2 minutes\" \/>\n<script type=\"application\/ld+json\" class=\"yoast-schema-graph\">{\"@context\":\"https:\/\/schema.org\",\"@graph\":[{\"@type\":\"WebSite\",\"@id\":\"https:\/\/www.visit-ulcinj.com\/blog\/#website\",\"url\":\"https:\/\/www.visit-ulcinj.com\/blog\/\",\"name\":\"Lajme nga Ulqini\",\"description\":\"Lajme,Vijesti,Ulqini,Ulqin,Crna Gora,Mali i Zi\",\"potentialAction\":[{\"@type\":\"SearchAction\",\"target\":{\"@type\":\"EntryPoint\",\"urlTemplate\":\"https:\/\/www.visit-ulcinj.com\/blog\/?s={search_term_string}\"},\"query-input\":\"required name=search_term_string\"}],\"inLanguage\":\"en-US\"},{\"@type\":\"WebPage\",\"@id\":\"https:\/\/www.visit-ulcinj.com\/blog\/2010\/10\/07\/milion-od-%e2%80%9edrvengrada-ada-bojana\/#webpage\",\"url\":\"https:\/\/www.visit-ulcinj.com\/blog\/2010\/10\/07\/milion-od-%e2%80%9edrvengrada-ada-bojana\/\",\"name\":\"Milion od \u201edrvengrada\\\" - Ada Bojana - Lajme nga Ulqini\",\"isPartOf\":{\"@id\":\"https:\/\/www.visit-ulcinj.com\/blog\/#website\"},\"datePublished\":\"2010-10-07T13:54:59+00:00\",\"dateModified\":\"2010-10-07T13:54:59+00:00\",\"author\":{\"@id\":\"https:\/\/www.visit-ulcinj.com\/blog\/#\/schema\/person\/dcab619c614d3038751c63bc2aadc06d\"},\"description\":\"Od 442 vlasnika nelegalno sagra\u0111e\u00adnih objekata na Adi Bojani, samo 50 nije potpisalo ugovor sa Javnim preduze\u0107em za upravljanje mor\u00adskim dobrom Crne Gore,\",\"breadcrumb\":{\"@id\":\"https:\/\/www.visit-ulcinj.com\/blog\/2010\/10\/07\/milion-od-%e2%80%9edrvengrada-ada-bojana\/#breadcrumb\"},\"inLanguage\":\"en-US\",\"potentialAction\":[{\"@type\":\"ReadAction\",\"target\":[\"https:\/\/www.visit-ulcinj.com\/blog\/2010\/10\/07\/milion-od-%e2%80%9edrvengrada-ada-bojana\/\"]}]},{\"@type\":\"BreadcrumbList\",\"@id\":\"https:\/\/www.visit-ulcinj.com\/blog\/2010\/10\/07\/milion-od-%e2%80%9edrvengrada-ada-bojana\/#breadcrumb\",\"itemListElement\":[{\"@type\":\"ListItem\",\"position\":1,\"name\":\"Milion od \u201edrvengrada&#8221; &#8211; Ada Bojana\"}]},{\"@type\":\"Person\",\"@id\":\"https:\/\/www.visit-ulcinj.com\/blog\/#\/schema\/person\/dcab619c614d3038751c63bc2aadc06d\",\"name\":\"ulqini\",\"sameAs\":[\"http:\/\/www.visit-ulcinj.com\"],\"url\":\"https:\/\/www.visit-ulcinj.com\/blog\/author\/admin\/\"}]}<\/script>\n<!-- \/ Yoast SEO plugin. -->","yoast_head_json":{"title":"Milion od \u201edrvengrada\" - Ada Bojana - Lajme nga Ulqini","description":"Od 442 vlasnika nelegalno sagra\u0111e\u00adnih objekata na Adi Bojani, samo 50 nije potpisalo ugovor sa Javnim preduze\u0107em za upravljanje mor\u00adskim dobrom Crne Gore,","robots":{"index":"index","follow":"follow","max-snippet":"max-snippet:-1","max-image-preview":"max-image-preview:large","max-video-preview":"max-video-preview:-1"},"canonical":"https:\/\/www.visit-ulcinj.com\/blog\/2010\/10\/07\/milion-od-\u201edrvengrada-ada-bojana\/","og_locale":"en_US","og_type":"article","og_title":"Milion od \u201edrvengrada\" - Ada Bojana - Lajme nga Ulqini","og_description":"Od 442 vlasnika nelegalno sagra\u0111e\u00adnih objekata na Adi Bojani, samo 50 nije potpisalo ugovor sa Javnim preduze\u0107em za upravljanje mor\u00adskim dobrom Crne Gore,","og_url":"https:\/\/www.visit-ulcinj.com\/blog\/2010\/10\/07\/milion-od-\u201edrvengrada-ada-bojana\/","og_site_name":"Lajme nga Ulqini","article_published_time":"2010-10-07T13:54:59+00:00","twitter_misc":{"Written by":"ulqini","Est. reading time":"2 minutes"},"schema":{"@context":"https:\/\/schema.org","@graph":[{"@type":"WebSite","@id":"https:\/\/www.visit-ulcinj.com\/blog\/#website","url":"https:\/\/www.visit-ulcinj.com\/blog\/","name":"Lajme nga Ulqini","description":"Lajme,Vijesti,Ulqini,Ulqin,Crna Gora,Mali i Zi","potentialAction":[{"@type":"SearchAction","target":{"@type":"EntryPoint","urlTemplate":"https:\/\/www.visit-ulcinj.com\/blog\/?s={search_term_string}"},"query-input":"required name=search_term_string"}],"inLanguage":"en-US"},{"@type":"WebPage","@id":"https:\/\/www.visit-ulcinj.com\/blog\/2010\/10\/07\/milion-od-%e2%80%9edrvengrada-ada-bojana\/#webpage","url":"https:\/\/www.visit-ulcinj.com\/blog\/2010\/10\/07\/milion-od-%e2%80%9edrvengrada-ada-bojana\/","name":"Milion od \u201edrvengrada\" - Ada Bojana - Lajme nga Ulqini","isPartOf":{"@id":"https:\/\/www.visit-ulcinj.com\/blog\/#website"},"datePublished":"2010-10-07T13:54:59+00:00","dateModified":"2010-10-07T13:54:59+00:00","author":{"@id":"https:\/\/www.visit-ulcinj.com\/blog\/#\/schema\/person\/dcab619c614d3038751c63bc2aadc06d"},"description":"Od 442 vlasnika nelegalno sagra\u0111e\u00adnih objekata na Adi Bojani, samo 50 nije potpisalo ugovor sa Javnim preduze\u0107em za upravljanje mor\u00adskim dobrom Crne Gore,","breadcrumb":{"@id":"https:\/\/www.visit-ulcinj.com\/blog\/2010\/10\/07\/milion-od-%e2%80%9edrvengrada-ada-bojana\/#breadcrumb"},"inLanguage":"en-US","potentialAction":[{"@type":"ReadAction","target":["https:\/\/www.visit-ulcinj.com\/blog\/2010\/10\/07\/milion-od-%e2%80%9edrvengrada-ada-bojana\/"]}]},{"@type":"BreadcrumbList","@id":"https:\/\/www.visit-ulcinj.com\/blog\/2010\/10\/07\/milion-od-%e2%80%9edrvengrada-ada-bojana\/#breadcrumb","itemListElement":[{"@type":"ListItem","position":1,"name":"Milion od \u201edrvengrada&#8221; &#8211; Ada Bojana"}]},{"@type":"Person","@id":"https:\/\/www.visit-ulcinj.com\/blog\/#\/schema\/person\/dcab619c614d3038751c63bc2aadc06d","name":"ulqini","sameAs":["http:\/\/www.visit-ulcinj.com"],"url":"https:\/\/www.visit-ulcinj.com\/blog\/author\/admin\/"}]}},"jetpack_featured_media_url":"","jetpack_sharing_enabled":true,"jetpack_shortlink":"https:\/\/wp.me\/pe6lTn-9VZ","_links":{"self":[{"href":"https:\/\/www.visit-ulcinj.com\/blog\/wp-json\/wp\/v2\/posts\/38191"}],"collection":[{"href":"https:\/\/www.visit-ulcinj.com\/blog\/wp-json\/wp\/v2\/posts"}],"about":[{"href":"https:\/\/www.visit-ulcinj.com\/blog\/wp-json\/wp\/v2\/types\/post"}],"author":[{"embeddable":true,"href":"https:\/\/www.visit-ulcinj.com\/blog\/wp-json\/wp\/v2\/users\/1"}],"replies":[{"embeddable":true,"href":"https:\/\/www.visit-ulcinj.com\/blog\/wp-json\/wp\/v2\/comments?post=38191"}],"version-history":[{"count":0,"href":"https:\/\/www.visit-ulcinj.com\/blog\/wp-json\/wp\/v2\/posts\/38191\/revisions"}],"wp:attachment":[{"href":"https:\/\/www.visit-ulcinj.com\/blog\/wp-json\/wp\/v2\/media?parent=38191"}],"wp:term":[{"taxonomy":"category","embeddable":true,"href":"https:\/\/www.visit-ulcinj.com\/blog\/wp-json\/wp\/v2\/categories?post=38191"},{"taxonomy":"post_tag","embeddable":true,"href":"https:\/\/www.visit-ulcinj.com\/blog\/wp-json\/wp\/v2\/tags?post=38191"}],"curies":[{"name":"wp","href":"https:\/\/api.w.org\/{rel}","templated":true}]}}