{"id":38199,"date":"2010-10-07T18:09:09","date_gmt":"2010-10-07T16:09:09","guid":{"rendered":"http:\/\/www.visit-ulcinj.com\/blog\/?p=38199"},"modified":"2010-10-07T18:09:09","modified_gmt":"2010-10-07T16:09:09","slug":"genta-ismajli-asht-duke-rrefyer-ndarjes-me-milotin","status":"publish","type":"post","link":"https:\/\/www.visit-ulcinj.com\/blog\/2010\/10\/07\/genta-ismajli-asht-duke-rrefyer-ndarjes-me-milotin\/","title":{"rendered":"Genta Ismajli asht duke rr\u00ebfyer ndarjes me Milotin"},"content":{"rendered":"<p><strong><a href=\"http:\/\/www.visit-ulcinj.com\/blog\/wp-content\/uploads\/2010\/10\/Genta-Ismajli-dhe-miloti.jpg\"><img loading=\"lazy\" class=\"alignleft size-full wp-image-38200\" title=\"Genta Ismajli dhe miloti\" src=\"http:\/\/www.visit-ulcinj.com\/blog\/wp-content\/uploads\/2010\/10\/Genta-Ismajli-dhe-miloti.jpg\" alt=\"\" width=\"490\" height=\"370\" \/><\/a>P\u00ebr her\u00eb t\u00eb par\u00eb k\u00ebng\u00ebtarja rr\u00ebfen t\u00eb v\u00ebrtet\u00ebn e ndarjes me ish t\u00eb fejuarin, me t\u00eb cilin bashk\u00ebjetoi p\u00ebr 6 vjet, por p\u00ebr momentin, n\u00eb jet\u00ebn e saj nuk ka asnj\u00eb mashkull\u2026<\/strong><\/p>\n<p>Sa her\u00eb q\u00eb takohemi me Genta Ismajlin, planifikojm\u00eb q\u00eb biseda t\u00eb p\u00ebrfundoj\u00eb p\u00ebr gjysm\u00eb ore. Por, kur fillojm\u00eb, koha ik\u00ebn aq shpejt sa harrojm\u00eb or\u00ebn. Genta gjithmon\u00eb \u00ebsht\u00eb e thjesht\u00eb dhe e sinqert\u00eb. P\u00ebr her\u00eb t\u00eb par\u00eb k\u00ebng\u00ebtarja pranon t\u00eb rr\u00ebfej\u00eb t\u00eb v\u00ebrtet\u00ebn e ndarjes me ish-t\u00eb fejuarin e saj, Milotin, me t\u00eb cilin bashk\u00ebjetoi prej gjasht\u00eb vitesh, por duket se p\u00ebr momentin, n\u00eb jet\u00ebn e saj nuk ka asnj\u00eb mashkull. Madje, ajo mjaftohet duke th\u00ebn\u00eb se nuk po del me asnj\u00eb djal\u00eb, por rri gjat\u00eb gjith\u00eb koh\u00ebs me tezen e saj\u2026! Nga Amerika u ktheva perfundimisht, jam duke nd\u00ebrtuar sht\u00ebpi n\u00eb lagjen \u201cMarigona\u201d.<\/p>\n<p><strong>Ndryshe nga her\u00ebt e tjera, kur keni qen\u00eb e pranishme n\u00eb media, koh\u00ebt e fundit m\u00eb pak. Pse?<\/strong><\/p>\n<p>Kam qen\u00eb e pranishme n\u00eb koncerte, por arsyeja pse jo si me par\u00eb, \u00ebsht\u00eb sepse u shp\u00ebrngula n\u00eb Tiran\u00eb p\u00ebr gjasht\u00eb muaj.<\/p>\n<p><strong>Ju thoni se ka njer\u00ebz q\u00eb b\u00ebjn\u00eb presion q\u00eb k\u00ebng\u00ebt tuaja t\u00eb mos transmetohen, cil\u00ebt jan\u00eb ata?<\/strong><\/p>\n<p>As q\u00eb dua t\u2019ia di. Jam e bindur se e meritoj t\u00eb jem m\u00eb shum\u00eb e pranishme n\u00eb media, k\u00ebt\u00eb k\u00ebrkon edhe publiku, pasi \u00e7do dit\u00eb marr qindra mesazhe nga adhuruesit.<\/p>\n<p><strong>A mendoni se ndarja me Milotin e ka d\u00ebmtuar promovimin tuaj n\u00eb publik?<\/strong><\/p>\n<p>Absolutisht. Kjo nuk ka t\u00eb b\u00ebj\u00eb me Milotin. Jeta ime private nuk p\u00ebrzihet me at\u00eb profesionale. Ajo \u00ebsht\u00eb e kaluar dhe nuk kam d\u00ebshir\u00eb t\u00eb flas p\u00ebr Milotin.<\/p>\n<p><strong><a href=\"http:\/\/www.visit-ulcinj.com\/blog\/wp-content\/uploads\/2010\/10\/Genta-Ismajli-dhe-miloti.1.jpg\"><img loading=\"lazy\" class=\"alignleft size-full wp-image-38201\" title=\"Genta Ismajli dhe miloti.1\" src=\"http:\/\/www.visit-ulcinj.com\/blog\/wp-content\/uploads\/2010\/10\/Genta-Ismajli-dhe-miloti.1.jpg\" alt=\"\" width=\"490\" height=\"320\" \/><\/a>E dim\u00eb q\u00eb nuk ju p\u00eblqen t\u00eb flisni p\u00ebr t\u00eb kaluar\u00ebn, por lexuesit duan t\u00eb v\u00ebrtet\u00ebn\u2026<\/strong><\/p>\n<p>Q\u00eb nga fillimi kam qen\u00eb shum\u00eb e hapur me publikun p\u00ebr gjith\u00e7ka ka ndodhur n\u00eb jet\u00ebn time. Ka nj\u00eb vit q\u00eb jam ndar\u00eb me Milotin.<\/p>\n<p><strong>Cili ishte shkaku?<\/strong><\/p>\n<p>Thjesht kishim mendime t\u00eb kund\u00ebrta, nuk gjet\u00ebm mir\u00ebkuptim dhe menduam se m\u00eb e mira ishte ndarja.<\/p>\n<p><strong>U ndat\u00eb me grindje apo n\u00eb heshtje?<\/strong><\/p>\n<p>Shum\u00eb miq\u00ebsisht.<\/p>\n<p><strong>Flitet se ndarja ka ardhur p\u00ebr shkak t\u00eb nj\u00eb tradhtie t\u00eb Milotit me nj\u00eb modele, t\u00eb tjer\u00eb thon\u00eb se e keni tradhtuar ju. Ka pasur v\u00ebrtet tradhti n\u00eb k\u00ebt\u00eb ndarje?<\/strong><\/p>\n<p>Ndarja ka ndodhur p\u00ebr shkaqe t\u00eb tjera dhe jo p\u00ebr tradhti. Nuk kam fakte q\u00eb Miloti m\u00eb ka tradhtuar.<\/p>\n<p><strong>Cila ishte fjala e fundit q\u00eb i keni th\u00ebn\u00eb nj\u00ebri-tjetrit?<\/strong><\/p>\n<p>Ka qen\u00eb nj\u00eb p\u00ebrsh\u00ebndetje normale, si\u00e7 mund t\u00eb p\u00ebrsh\u00ebndeten dy persona t\u00eb zakonsh\u00ebm.<\/p>\n<p><strong>A ju ka rastisur t\u00eb takoheni?<\/strong><\/p>\n<p>Po, jemi takuar disa her\u00eb rast\u00ebsisht. Jemi p\u00ebrsh\u00ebndetur dhe asgj\u00eb m\u00eb shum\u00eb.<\/p>\n<p><strong>Keni pasur ndonj\u00ebher\u00eb telefonata apo mesazhe prej tij?<\/strong><\/p>\n<p>Asnj\u00ebher\u00eb.<\/p>\n<p><strong>Pas ndarjes, \u00e7far\u00eb fjal\u00ebsh keni d\u00ebgjuar q\u00eb ka th\u00ebn\u00eb Miloti p\u00ebr ju?<\/strong><\/p>\n<p>Vet\u00ebm fjal\u00eb t\u00eb mira. Nuk besoj se do t\u00eb thot\u00eb ndonj\u00ebher\u00eb fjal\u00eb t\u00eb k\u00ebqija p\u00ebr mua.<\/p>\n<p><strong><a href=\"http:\/\/www.visit-ulcinj.com\/blog\/wp-content\/uploads\/2010\/10\/Genta_e_Miloti_18.jpg\"><img loading=\"lazy\" class=\"alignleft size-full wp-image-38202\" title=\"Genta_e_Miloti_18\" src=\"http:\/\/www.visit-ulcinj.com\/blog\/wp-content\/uploads\/2010\/10\/Genta_e_Miloti_18.jpg\" alt=\"\" width=\"440\" height=\"343\" \/><\/a>Keni b\u00ebr\u00eb m\u00eb shum\u00eb em\u00ebr ju n\u00eb krah t\u00eb Milotit apo ai n\u00eb krahun tuaj? <\/strong><\/p>\n<p>Kemi qen\u00eb bashk\u00eb n\u00eb \u00e7do koh\u00eb dhe e kemi ndihmuar nj\u00ebri-tjetrin, prandaj nuk m\u00eb p\u00eblqen t\u00eb b\u00ebj krahasime t\u00eb tilla.<\/p>\n<p><strong>Ju edhe keni bashk\u00ebjetuar. Si kan\u00eb qen\u00eb gjashte vite bashk\u00ebjetese?<\/strong><\/p>\n<p>Natyrisht, kemi kujtime t\u00eb bukura, por kur raportet tona filluan t\u00eb merrnin kahe t\u00eb kund\u00ebrta, erdhi ndarja.<\/p>\n<p><strong>A keni ruajtur ndonj\u00eb dhurat\u00eb apo ndonj\u00eb sms nga Miloti?<\/strong><\/p>\n<p>Jo, nuk kam asgj\u00eb.<\/p>\n<p><strong>Tani ku dhe me k\u00eb po jetoni? <\/strong><\/p>\n<p>Me tezen time, por muajt e fundit \u00ebsht\u00eb kthyer n\u00ebna ime nga Amerika dhe po banojm\u00eb p\u00ebrkoh\u00ebsisht me qira n\u00eb Prishtin\u00eb. Jemi duke nd\u00ebrtuar sht\u00ebpi n\u00eb lagjen \u201cMarigona\u201d.<\/p>\n<p><strong>Jeni akuzuar p\u00ebr k\u00ebng\u00eb t\u00eb vjedhura, \u00ebsht\u00eb e v\u00ebrtet\u00eb apo vet\u00ebm xhelozi?<\/strong><\/p>\n<p>K\u00ebng\u00ebt e huazuara kan\u00eb ndodhur dhe ndodhin kudo n\u00eb Ballkan. Jam tip q\u00eb shoq\u00ebrohem me njer\u00ebz, e dua jet\u00ebn dhe nuk kam xhelozi p\u00ebr ask\u00ebnd.<\/p>\n<p><strong>Keni jetuar n\u00eb Amerik\u00eb. Kush ju shtyu t\u00eb ktheheshit n\u00eb Kosov\u00eb?<\/strong><\/p>\n<p>Ishte n\u00ebna ime q\u00eb gjithmon\u00eb m\u00eb ka th\u00ebn\u00eb t\u00eb vija n\u00eb Kosov\u00eb p\u00ebr t\u00eb filluar karrier\u00ebn, por ashtu edhe miqt\u00eb e mi. Isha shum\u00eb e re dhe kisha frik\u00eb. Erdha pas 7 vitesh n\u00eb Kosov\u00eb p\u00ebr t\u00eb q\u00ebndruar p\u00ebrkoh\u00ebsisht, por publiku m\u00eb b\u00ebri t\u00eb rri k\u00ebtu.<\/p>\n<p><strong>Sa ishte pagesa e par\u00eb q\u00eb mor\u00ebt?<\/strong><\/p>\n<p>Ka qen\u00eb e nj\u00ebjta pages\u00eb q\u00eb marr edhe tani.<\/p>\n<p><strong>A jeni artistja m\u00eb e paguar dhe sa \u00ebsht\u00eb \u00e7mimi?<\/strong><\/p>\n<p>\u00c7mimin nuk besoj se e tregon askush, nd\u00ebrsa nuk e di a jam apo jo m\u00eb e paguara, sepse nuk ua di \u00e7mimin k\u00ebng\u00ebtar\u00ebve t\u00eb tjer\u00eb.<\/p>\n<p><strong>A ka pasur raste kur nuk ju kan\u00eb paguar?<\/strong><\/p>\n<p>N\u00eb fillim ka pasur raste, por vitet e fundit nuk m\u00eb ka ndodhur.<\/p>\n<p><strong>Thuhet se keni filluar nj\u00eb \u201cluft\u00eb\u201d me nj\u00eb artist, sa \u00ebsht\u00eb e v\u00ebrtet\u00eb?<\/strong><\/p>\n<p>Nuk jam n\u00eb luft\u00eb me ask\u00ebnd. Por a \u00ebsht\u00eb dikush m\u00eb mua? K\u00ebt\u00eb nuk e di, sepse askush e ka deklaruar.<\/p>\n<p><strong><a href=\"http:\/\/www.visit-ulcinj.com\/blog\/wp-content\/uploads\/2010\/10\/Genta-Ismajli-dhe-miloti.2.jpg\"><img loading=\"lazy\" class=\"alignleft size-full wp-image-38203\" title=\"Genta Ismajli dhe miloti.2\" src=\"http:\/\/www.visit-ulcinj.com\/blog\/wp-content\/uploads\/2010\/10\/Genta-Ismajli-dhe-miloti.2.jpg\" alt=\"\" width=\"490\" height=\"380\" \/><\/a>K\u00ebng\u00ebn \u201cGame over\u201d flitet se ia keni kushtuar Dafina Zeqirit. Komenti juaj?<\/strong><\/p>\n<p>Nuk \u00ebsht\u00eb e v\u00ebrtet\u00eb. Koh\u00ebt e fundit kam d\u00ebgjuar k\u00ebng\u00eb, si \u201cUn\u00eb jam nr. 1\u201d. Si mund t\u00eb jet\u00eb m\u00eb i miri apo m\u00eb e mira nj\u00eb artist me nj\u00eb k\u00ebng\u00eb? Publiku \u00ebsht\u00eb ai q\u00eb vendos kush \u00ebsht\u00eb num\u00ebr 1.<\/p>\n<p><strong>Cili \u00ebsht\u00eb raporti juaj me Dafina Zeqirin?<\/strong><\/p>\n<p>Jo vet\u00ebm me Dafin\u00ebn, por edhe me koleg\u00ebt e tjer\u00eb kam raporte t\u00eb mira.<\/p>\n<p><strong>Ka kaluar nj\u00eb vit q\u00eb jeni ndar\u00eb nga Miloti. A jeni \u201csing\u00ebll\u201d?<\/strong><\/p>\n<p>Nj\u00ebzet e kat\u00ebr or\u00eb rri me tezet e mia, nuk kam as ku m\u00eb dal, as me k\u00eb t\u00eb dal.<\/p>\n<p><strong>A ju ka ftuar ndonj\u00eb person i thjesht\u00eb, publik apo politikan p\u00ebr t\u2019u njohur?<\/strong><\/p>\n<p>Jo. Nuk mund t\u00eb mendoj t\u00eb m\u00eb th\u00ebrras\u00eb dikush n\u00eb telefon p\u00ebr njohje.<\/p>\n<p><strong>Duket se nuk ju intereson politika?<\/strong><\/p>\n<p>I respektoj politikan\u00ebt, por nuk m\u00eb intereson asgj\u00eb m\u00eb shum\u00eb p\u00ebr t\u00eb.<\/p>\n<p><strong>Keni publikuar 4 albume. A keni menduar ndonj\u00ebher\u00eb nj\u00eb koncert t\u00ebndin?<\/strong><\/p>\n<p>E kam \u00ebnd\u00ebrr nj\u00eb koncert dhe shum\u00eb shpejt do ta b\u00ebj. Kam dashur para 3 vitesh, por nuk ishin t\u00eb gatsh\u00ebm bashk\u00ebpun\u00ebtor\u00ebt e mi.<\/p>\n<p><strong>Cil\u00ebn pjes\u00eb t\u00eb trupit do t\u00eb donit ta ndryshonit?<\/strong><\/p>\n<p>H\u00ebm, gishtat e k\u00ebmb\u00ebs.<\/p>\n<p><strong>K\u00ebng\u00ebt tuaja shiten edhe n\u00eb \u201ciTunes\u201d n\u00eb internet. Si po ec\u00ebn shitja?<\/strong><\/p>\n<p>K\u00ebnga \u201cPlanet me\u201d \u00ebsht\u00eb bler\u00eb 63 her\u00eb dhe s\u00eb shpejti do t\u00eb nxjerr n\u00eb shitje k\u00ebng\u00ebt shqip.<\/p>\n<p><strong>Keni premtuar nj\u00eb k\u00ebng\u00eb me k\u00ebng\u00ebtarin turk Cakim, kur do ta realizoni?<\/strong><\/p>\n<p>Cakim \u00ebsht\u00eb n\u00eb Zvic\u00ebr dhe sapo t\u00eb kthehet n\u00eb Turqi, do t\u00eb udh\u00ebtoj atje p\u00ebr t\u00eb realizuar nj\u00eb k\u00ebng\u00eb.<\/p>\n<p><strong>Cilat jan\u00eb projektet tuaja p\u00ebr k\u00ebt\u00eb vjesht\u00eb?<\/strong><\/p>\n<p>Jam duke p\u00ebrgatitur disa k\u00ebng\u00eb t\u00eb reja. Nj\u00ebra \u00ebsht\u00eb p\u00ebr femrat shqiptare dhe titullohet \u201cNum\u00ebr 1\u201d.<\/p>\n<p><strong>Mbeti di\u00e7ka pa u th\u00ebn\u00eb?<\/strong><\/p>\n<p>Mendoj se fol\u00ebm shum\u00eb\u2026!<br \/>\n<!--YouTube Error: bad URL entered--><\/p>\n","protected":false},"excerpt":{"rendered":"<p>P\u00ebr her\u00eb t\u00eb par\u00eb k\u00ebng\u00ebtarja rr\u00ebfen t\u00eb v\u00ebrtet\u00ebn e ndarjes me ish t\u00eb fejuarin, me t\u00eb cilin bashk\u00ebjetoi p\u00ebr 6 vjet, por p\u00ebr momentin, n\u00eb jet\u00ebn e saj nuk ka asnj\u00eb mashkull\u2026 Sa her\u00eb q\u00eb takohemi me Genta Ismajlin, planifikojm\u00eb q\u00eb biseda t\u00eb p\u00ebrfundoj\u00eb p\u00ebr gjysm\u00eb ore. Por, kur fillojm\u00eb, koha ik\u00ebn aq shpejt sa [&hellip;]<\/p>\n","protected":false},"author":1,"featured_media":0,"comment_status":"open","ping_status":"closed","sticky":false,"template":"","format":"standard","meta":{"spay_email":"","jetpack_publicize_message":"","jetpack_is_tweetstorm":false,"jetpack_publicize_feature_enabled":true},"categories":[1],"tags":[11622,323],"jetpack_publicize_connections":[],"yoast_head":"<!-- This site is optimized with the Yoast SEO plugin v19.1 - https:\/\/yoast.com\/wordpress\/plugins\/seo\/ -->\n<title>Genta Ismajli asht duke rr\u00ebfyer ndarjes me Milotin - Lajme nga Ulqini<\/title>\n<meta name=\"description\" content=\"P\u00ebr her\u00eb t\u00eb par\u00eb k\u00ebng\u00ebtarja rr\u00ebfen t\u00eb v\u00ebrtet\u00ebn e ndarjes me ish t\u00eb fejuarin, me t\u00eb cilin bashk\u00ebjetoi p\u00ebr 6 vjet, por p\u00ebr momentin, n\u00eb jet\u00ebn e saj nuk ka\" \/>\n<meta name=\"robots\" content=\"index, follow, max-snippet:-1, max-image-preview:large, max-video-preview:-1\" \/>\n<link rel=\"canonical\" href=\"https:\/\/www.visit-ulcinj.com\/blog\/2010\/10\/07\/genta-ismajli-asht-duke-rrefyer-ndarjes-me-milotin\/\" \/>\n<meta property=\"og:locale\" content=\"en_US\" \/>\n<meta property=\"og:type\" content=\"article\" \/>\n<meta property=\"og:title\" content=\"Genta Ismajli asht duke rr\u00ebfyer ndarjes me Milotin - Lajme nga Ulqini\" \/>\n<meta property=\"og:description\" content=\"P\u00ebr her\u00eb t\u00eb par\u00eb k\u00ebng\u00ebtarja rr\u00ebfen t\u00eb v\u00ebrtet\u00ebn e ndarjes me ish t\u00eb fejuarin, me t\u00eb cilin bashk\u00ebjetoi p\u00ebr 6 vjet, por p\u00ebr momentin, n\u00eb jet\u00ebn e saj nuk ka\" \/>\n<meta property=\"og:url\" content=\"https:\/\/www.visit-ulcinj.com\/blog\/2010\/10\/07\/genta-ismajli-asht-duke-rrefyer-ndarjes-me-milotin\/\" \/>\n<meta property=\"og:site_name\" content=\"Lajme nga Ulqini\" \/>\n<meta property=\"article:published_time\" content=\"2010-10-07T16:09:09+00:00\" \/>\n<meta property=\"og:image\" content=\"http:\/\/www.visit-ulcinj.com\/blog\/wp-content\/uploads\/2010\/10\/Genta-Ismajli-dhe-miloti.jpg\" \/>\n<meta name=\"twitter:label1\" content=\"Written by\" \/>\n\t<meta name=\"twitter:data1\" content=\"ulqini\" \/>\n\t<meta name=\"twitter:label2\" content=\"Est. reading time\" \/>\n\t<meta name=\"twitter:data2\" content=\"6 minutes\" \/>\n<script type=\"application\/ld+json\" class=\"yoast-schema-graph\">{\"@context\":\"https:\/\/schema.org\",\"@graph\":[{\"@type\":\"WebSite\",\"@id\":\"https:\/\/www.visit-ulcinj.com\/blog\/#website\",\"url\":\"https:\/\/www.visit-ulcinj.com\/blog\/\",\"name\":\"Lajme nga Ulqini\",\"description\":\"Lajme,Vijesti,Ulqini,Ulqin,Crna Gora,Mali i Zi\",\"potentialAction\":[{\"@type\":\"SearchAction\",\"target\":{\"@type\":\"EntryPoint\",\"urlTemplate\":\"https:\/\/www.visit-ulcinj.com\/blog\/?s={search_term_string}\"},\"query-input\":\"required name=search_term_string\"}],\"inLanguage\":\"en-US\"},{\"@type\":\"ImageObject\",\"inLanguage\":\"en-US\",\"@id\":\"https:\/\/www.visit-ulcinj.com\/blog\/2010\/10\/07\/genta-ismajli-asht-duke-rrefyer-ndarjes-me-milotin\/#primaryimage\",\"url\":\"http:\/\/www.visit-ulcinj.com\/blog\/wp-content\/uploads\/2010\/10\/Genta-Ismajli-dhe-miloti.jpg\",\"contentUrl\":\"http:\/\/www.visit-ulcinj.com\/blog\/wp-content\/uploads\/2010\/10\/Genta-Ismajli-dhe-miloti.jpg\"},{\"@type\":\"WebPage\",\"@id\":\"https:\/\/www.visit-ulcinj.com\/blog\/2010\/10\/07\/genta-ismajli-asht-duke-rrefyer-ndarjes-me-milotin\/#webpage\",\"url\":\"https:\/\/www.visit-ulcinj.com\/blog\/2010\/10\/07\/genta-ismajli-asht-duke-rrefyer-ndarjes-me-milotin\/\",\"name\":\"Genta Ismajli asht duke rr\u00ebfyer ndarjes me Milotin - Lajme nga Ulqini\",\"isPartOf\":{\"@id\":\"https:\/\/www.visit-ulcinj.com\/blog\/#website\"},\"primaryImageOfPage\":{\"@id\":\"https:\/\/www.visit-ulcinj.com\/blog\/2010\/10\/07\/genta-ismajli-asht-duke-rrefyer-ndarjes-me-milotin\/#primaryimage\"},\"datePublished\":\"2010-10-07T16:09:09+00:00\",\"dateModified\":\"2010-10-07T16:09:09+00:00\",\"author\":{\"@id\":\"https:\/\/www.visit-ulcinj.com\/blog\/#\/schema\/person\/dcab619c614d3038751c63bc2aadc06d\"},\"description\":\"P\u00ebr her\u00eb t\u00eb par\u00eb k\u00ebng\u00ebtarja rr\u00ebfen t\u00eb v\u00ebrtet\u00ebn e ndarjes me ish t\u00eb fejuarin, me t\u00eb cilin bashk\u00ebjetoi p\u00ebr 6 vjet, por p\u00ebr momentin, n\u00eb jet\u00ebn e saj nuk ka\",\"breadcrumb\":{\"@id\":\"https:\/\/www.visit-ulcinj.com\/blog\/2010\/10\/07\/genta-ismajli-asht-duke-rrefyer-ndarjes-me-milotin\/#breadcrumb\"},\"inLanguage\":\"en-US\",\"potentialAction\":[{\"@type\":\"ReadAction\",\"target\":[\"https:\/\/www.visit-ulcinj.com\/blog\/2010\/10\/07\/genta-ismajli-asht-duke-rrefyer-ndarjes-me-milotin\/\"]}]},{\"@type\":\"BreadcrumbList\",\"@id\":\"https:\/\/www.visit-ulcinj.com\/blog\/2010\/10\/07\/genta-ismajli-asht-duke-rrefyer-ndarjes-me-milotin\/#breadcrumb\",\"itemListElement\":[{\"@type\":\"ListItem\",\"position\":1,\"name\":\"Genta Ismajli asht duke rr\u00ebfyer ndarjes me Milotin\"}]},{\"@type\":\"Person\",\"@id\":\"https:\/\/www.visit-ulcinj.com\/blog\/#\/schema\/person\/dcab619c614d3038751c63bc2aadc06d\",\"name\":\"ulqini\",\"sameAs\":[\"http:\/\/www.visit-ulcinj.com\"],\"url\":\"https:\/\/www.visit-ulcinj.com\/blog\/author\/admin\/\"}]}<\/script>\n<!-- \/ Yoast SEO plugin. -->","yoast_head_json":{"title":"Genta Ismajli asht duke rr\u00ebfyer ndarjes me Milotin - Lajme nga Ulqini","description":"P\u00ebr her\u00eb t\u00eb par\u00eb k\u00ebng\u00ebtarja rr\u00ebfen t\u00eb v\u00ebrtet\u00ebn e ndarjes me ish t\u00eb fejuarin, me t\u00eb cilin bashk\u00ebjetoi p\u00ebr 6 vjet, por p\u00ebr momentin, n\u00eb jet\u00ebn e saj nuk ka","robots":{"index":"index","follow":"follow","max-snippet":"max-snippet:-1","max-image-preview":"max-image-preview:large","max-video-preview":"max-video-preview:-1"},"canonical":"https:\/\/www.visit-ulcinj.com\/blog\/2010\/10\/07\/genta-ismajli-asht-duke-rrefyer-ndarjes-me-milotin\/","og_locale":"en_US","og_type":"article","og_title":"Genta Ismajli asht duke rr\u00ebfyer ndarjes me Milotin - Lajme nga Ulqini","og_description":"P\u00ebr her\u00eb t\u00eb par\u00eb k\u00ebng\u00ebtarja rr\u00ebfen t\u00eb v\u00ebrtet\u00ebn e ndarjes me ish t\u00eb fejuarin, me t\u00eb cilin bashk\u00ebjetoi p\u00ebr 6 vjet, por p\u00ebr momentin, n\u00eb jet\u00ebn e saj nuk ka","og_url":"https:\/\/www.visit-ulcinj.com\/blog\/2010\/10\/07\/genta-ismajli-asht-duke-rrefyer-ndarjes-me-milotin\/","og_site_name":"Lajme nga Ulqini","article_published_time":"2010-10-07T16:09:09+00:00","og_image":[{"url":"http:\/\/www.visit-ulcinj.com\/blog\/wp-content\/uploads\/2010\/10\/Genta-Ismajli-dhe-miloti.jpg"}],"twitter_misc":{"Written by":"ulqini","Est. reading time":"6 minutes"},"schema":{"@context":"https:\/\/schema.org","@graph":[{"@type":"WebSite","@id":"https:\/\/www.visit-ulcinj.com\/blog\/#website","url":"https:\/\/www.visit-ulcinj.com\/blog\/","name":"Lajme nga Ulqini","description":"Lajme,Vijesti,Ulqini,Ulqin,Crna Gora,Mali i Zi","potentialAction":[{"@type":"SearchAction","target":{"@type":"EntryPoint","urlTemplate":"https:\/\/www.visit-ulcinj.com\/blog\/?s={search_term_string}"},"query-input":"required name=search_term_string"}],"inLanguage":"en-US"},{"@type":"ImageObject","inLanguage":"en-US","@id":"https:\/\/www.visit-ulcinj.com\/blog\/2010\/10\/07\/genta-ismajli-asht-duke-rrefyer-ndarjes-me-milotin\/#primaryimage","url":"http:\/\/www.visit-ulcinj.com\/blog\/wp-content\/uploads\/2010\/10\/Genta-Ismajli-dhe-miloti.jpg","contentUrl":"http:\/\/www.visit-ulcinj.com\/blog\/wp-content\/uploads\/2010\/10\/Genta-Ismajli-dhe-miloti.jpg"},{"@type":"WebPage","@id":"https:\/\/www.visit-ulcinj.com\/blog\/2010\/10\/07\/genta-ismajli-asht-duke-rrefyer-ndarjes-me-milotin\/#webpage","url":"https:\/\/www.visit-ulcinj.com\/blog\/2010\/10\/07\/genta-ismajli-asht-duke-rrefyer-ndarjes-me-milotin\/","name":"Genta Ismajli asht duke rr\u00ebfyer ndarjes me Milotin - Lajme nga Ulqini","isPartOf":{"@id":"https:\/\/www.visit-ulcinj.com\/blog\/#website"},"primaryImageOfPage":{"@id":"https:\/\/www.visit-ulcinj.com\/blog\/2010\/10\/07\/genta-ismajli-asht-duke-rrefyer-ndarjes-me-milotin\/#primaryimage"},"datePublished":"2010-10-07T16:09:09+00:00","dateModified":"2010-10-07T16:09:09+00:00","author":{"@id":"https:\/\/www.visit-ulcinj.com\/blog\/#\/schema\/person\/dcab619c614d3038751c63bc2aadc06d"},"description":"P\u00ebr her\u00eb t\u00eb par\u00eb k\u00ebng\u00ebtarja rr\u00ebfen t\u00eb v\u00ebrtet\u00ebn e ndarjes me ish t\u00eb fejuarin, me t\u00eb cilin bashk\u00ebjetoi p\u00ebr 6 vjet, por p\u00ebr momentin, n\u00eb jet\u00ebn e saj nuk ka","breadcrumb":{"@id":"https:\/\/www.visit-ulcinj.com\/blog\/2010\/10\/07\/genta-ismajli-asht-duke-rrefyer-ndarjes-me-milotin\/#breadcrumb"},"inLanguage":"en-US","potentialAction":[{"@type":"ReadAction","target":["https:\/\/www.visit-ulcinj.com\/blog\/2010\/10\/07\/genta-ismajli-asht-duke-rrefyer-ndarjes-me-milotin\/"]}]},{"@type":"BreadcrumbList","@id":"https:\/\/www.visit-ulcinj.com\/blog\/2010\/10\/07\/genta-ismajli-asht-duke-rrefyer-ndarjes-me-milotin\/#breadcrumb","itemListElement":[{"@type":"ListItem","position":1,"name":"Genta Ismajli asht duke rr\u00ebfyer ndarjes me Milotin"}]},{"@type":"Person","@id":"https:\/\/www.visit-ulcinj.com\/blog\/#\/schema\/person\/dcab619c614d3038751c63bc2aadc06d","name":"ulqini","sameAs":["http:\/\/www.visit-ulcinj.com"],"url":"https:\/\/www.visit-ulcinj.com\/blog\/author\/admin\/"}]}},"jetpack_featured_media_url":"","jetpack_sharing_enabled":true,"jetpack_shortlink":"https:\/\/wp.me\/pe6lTn-9W7","_links":{"self":[{"href":"https:\/\/www.visit-ulcinj.com\/blog\/wp-json\/wp\/v2\/posts\/38199"}],"collection":[{"href":"https:\/\/www.visit-ulcinj.com\/blog\/wp-json\/wp\/v2\/posts"}],"about":[{"href":"https:\/\/www.visit-ulcinj.com\/blog\/wp-json\/wp\/v2\/types\/post"}],"author":[{"embeddable":true,"href":"https:\/\/www.visit-ulcinj.com\/blog\/wp-json\/wp\/v2\/users\/1"}],"replies":[{"embeddable":true,"href":"https:\/\/www.visit-ulcinj.com\/blog\/wp-json\/wp\/v2\/comments?post=38199"}],"version-history":[{"count":0,"href":"https:\/\/www.visit-ulcinj.com\/blog\/wp-json\/wp\/v2\/posts\/38199\/revisions"}],"wp:attachment":[{"href":"https:\/\/www.visit-ulcinj.com\/blog\/wp-json\/wp\/v2\/media?parent=38199"}],"wp:term":[{"taxonomy":"category","embeddable":true,"href":"https:\/\/www.visit-ulcinj.com\/blog\/wp-json\/wp\/v2\/categories?post=38199"},{"taxonomy":"post_tag","embeddable":true,"href":"https:\/\/www.visit-ulcinj.com\/blog\/wp-json\/wp\/v2\/tags?post=38199"}],"curies":[{"name":"wp","href":"https:\/\/api.w.org\/{rel}","templated":true}]}}