{"id":382,"date":"2008-02-05T01:50:44","date_gmt":"2008-02-05T06:50:44","guid":{"rendered":"http:\/\/www.visit-ulcinj.com\/blog\/2008\/02\/05\/nijesu-samo-cestitke\/"},"modified":"2008-02-12T20:45:43","modified_gmt":"2008-02-13T01:45:43","slug":"nijesu-samo-cestitke","status":"publish","type":"post","link":"https:\/\/www.visit-ulcinj.com\/blog\/2008\/02\/05\/nijesu-samo-cestitke\/","title":{"rendered":"Nijesu samo ?estitke"},"content":{"rendered":"<p align=\"justify\"><a href=\"http:\/\/www.visit-ulcinj.com\/blog\/2008\/02\/05\/nijesu-samo-cestitke\/gazmend-cuca\/\" rel=\"attachment wp-att-381\" title=\"Gazmend Cuca\"><img loading=\"lazy\" src=\"http:\/\/www.visit-ulcinj.com\/blog\/wp-content\/uploads\/2008\/02\/gazmend-cuca.jpg\" alt=\"Gazmend Cuca\" align=\"left\" height=\"198\" hspace=\"2\" vspace=\"2\" width=\"149\" \/><\/a><font><font style=\"font-size: 8pt; font-family: Verdana\">Podgorica  &#8211; Ministarstvo za za\u0161titu ljudskih i manjinskih prava reagovalo je na navode iz  teksta &#8220;Vu?ini? i Nimani ne \u0161tede za praznike&#8221;, koji je ju?e objavljen u  &#8220;Vijestima&#8221;.<br \/>\n&#8220;Na zahtjev za pristup informaciji Fondacije za stipendiranje  Roma, Ministarstvo za za\u0161titu ljudskih i manjinskih prava je dostavilo, u  zakonskom predvi?enom roku, tra\u017eene podatke. Tra\u017eeni podaci su se odnosili na  utro\u0161ena sredstva za ?estitanje novogodi\u0161njih i drugih praznika, bilo putem  radijske ili TV reklame ili putem \u0161tampanja razli?itog reklamnog materijala i  slanja ?estitki. Dostvaljeni podaci se odnose na cijelu 2007. godinu<\/font><\/font><!--more--><font><font style=\"font-size: 8pt; font-family: Verdana\"> i  obuhvataju, pored reklamnih ?estitki za novogodi\u0161nje, dr\u017eavne i vjerske  praznike, javna ogla\u0161avanja i reklamiranja zna?ajnih programskih aktivnosti ovog  Ministarstva, kao \u0161to su Sajam knjiga u Ulcinju, Dani kulture manjina u Crnoj  Gori, javni pozivi za odr\u017eavanje elektorskih skup\u0161tina za izbor ?lanova  nacionalnih savjeta, pozivi kandidata albanske manjine za upis na univerzitete  Albanije i Kosova i dr. Ukupan iznos utro\u0161enih sredstava za ove namjene je  iznosio 5.648,41 euro.<br \/>\nS obzirom na to da se iz objavljenog teksta sti?e  utisak da je Ministarstvo za za\u0161titu ljudskih i manjinskih prava potro\u0161ilo 5.900  eura samo za novogodi\u0161nje ?estitanje i reklamiranje, smatramo potrebnim da ovim  ta?nim navodima demantujemo dezinformaciju iz navedenog teksta&#8221;, navodi se u  reagovanju koje je potpisao samostalni savjetnik u Ministarstvu Gazmend Cuca.<br \/>\n<\/font><\/font><\/p>\n<p><font><font style=\"font-size: 8pt; font-family: Verdana\">N.R.     www.vijesti.cg.yu<br \/>\n<\/font><\/font><\/p>\n","protected":false},"excerpt":{"rendered":"<p><img loading=\"lazy\" src=\"http:\/\/www.visit-ulcinj.com\/blog\/wp-content\/uploads\/2008\/02\/gazmend-cuca.jpg\" alt=\"Gazmend Cuca\" height=\"140\"  width=\"140\" \/><\/p>\n","protected":false},"author":1,"featured_media":0,"comment_status":"open","ping_status":"closed","sticky":false,"template":"","format":"standard","meta":{"spay_email":"","jetpack_publicize_message":"","jetpack_is_tweetstorm":false,"jetpack_publicize_feature_enabled":true},"categories":[1],"tags":[1294,20,1036,1035,19],"jetpack_publicize_connections":[],"yoast_head":"<!-- This site is optimized with the Yoast SEO plugin v19.1 - https:\/\/yoast.com\/wordpress\/plugins\/seo\/ -->\n<title>Nijesu samo ?estitke - Lajme nga Ulqini<\/title>\n<meta name=\"robots\" content=\"index, follow, max-snippet:-1, max-image-preview:large, max-video-preview:-1\" \/>\n<link rel=\"canonical\" href=\"https:\/\/www.visit-ulcinj.com\/blog\/2008\/02\/05\/nijesu-samo-cestitke\/\" \/>\n<meta property=\"og:locale\" content=\"en_US\" \/>\n<meta property=\"og:type\" content=\"article\" \/>\n<meta property=\"og:title\" content=\"Nijesu samo ?estitke - Lajme nga Ulqini\" \/>\n<meta property=\"og:url\" content=\"https:\/\/www.visit-ulcinj.com\/blog\/2008\/02\/05\/nijesu-samo-cestitke\/\" \/>\n<meta property=\"og:site_name\" content=\"Lajme nga Ulqini\" \/>\n<meta property=\"article:published_time\" content=\"2008-02-05T06:50:44+00:00\" \/>\n<meta property=\"article:modified_time\" content=\"2008-02-13T01:45:43+00:00\" \/>\n<meta property=\"og:image\" content=\"http:\/\/www.visit-ulcinj.com\/blog\/wp-content\/uploads\/2008\/02\/gazmend-cuca.jpg\" \/>\n<meta name=\"twitter:label1\" content=\"Written by\" \/>\n\t<meta name=\"twitter:data1\" content=\"ulqini\" \/>\n\t<meta name=\"twitter:label2\" content=\"Est. reading time\" \/>\n\t<meta name=\"twitter:data2\" content=\"1 minute\" \/>\n<script type=\"application\/ld+json\" class=\"yoast-schema-graph\">{\"@context\":\"https:\/\/schema.org\",\"@graph\":[{\"@type\":\"WebSite\",\"@id\":\"https:\/\/www.visit-ulcinj.com\/blog\/#website\",\"url\":\"https:\/\/www.visit-ulcinj.com\/blog\/\",\"name\":\"Lajme nga Ulqini\",\"description\":\"Lajme,Vijesti,Ulqini,Ulqin,Crna Gora,Mali i Zi\",\"potentialAction\":[{\"@type\":\"SearchAction\",\"target\":{\"@type\":\"EntryPoint\",\"urlTemplate\":\"https:\/\/www.visit-ulcinj.com\/blog\/?s={search_term_string}\"},\"query-input\":\"required name=search_term_string\"}],\"inLanguage\":\"en-US\"},{\"@type\":\"ImageObject\",\"inLanguage\":\"en-US\",\"@id\":\"https:\/\/www.visit-ulcinj.com\/blog\/2008\/02\/05\/nijesu-samo-cestitke\/#primaryimage\",\"url\":\"http:\/\/www.visit-ulcinj.com\/blog\/wp-content\/uploads\/2008\/02\/gazmend-cuca.jpg\",\"contentUrl\":\"http:\/\/www.visit-ulcinj.com\/blog\/wp-content\/uploads\/2008\/02\/gazmend-cuca.jpg\"},{\"@type\":\"WebPage\",\"@id\":\"https:\/\/www.visit-ulcinj.com\/blog\/2008\/02\/05\/nijesu-samo-cestitke\/#webpage\",\"url\":\"https:\/\/www.visit-ulcinj.com\/blog\/2008\/02\/05\/nijesu-samo-cestitke\/\",\"name\":\"Nijesu samo ?estitke - Lajme nga Ulqini\",\"isPartOf\":{\"@id\":\"https:\/\/www.visit-ulcinj.com\/blog\/#website\"},\"primaryImageOfPage\":{\"@id\":\"https:\/\/www.visit-ulcinj.com\/blog\/2008\/02\/05\/nijesu-samo-cestitke\/#primaryimage\"},\"datePublished\":\"2008-02-05T06:50:44+00:00\",\"dateModified\":\"2008-02-13T01:45:43+00:00\",\"author\":{\"@id\":\"https:\/\/www.visit-ulcinj.com\/blog\/#\/schema\/person\/dcab619c614d3038751c63bc2aadc06d\"},\"breadcrumb\":{\"@id\":\"https:\/\/www.visit-ulcinj.com\/blog\/2008\/02\/05\/nijesu-samo-cestitke\/#breadcrumb\"},\"inLanguage\":\"en-US\",\"potentialAction\":[{\"@type\":\"ReadAction\",\"target\":[\"https:\/\/www.visit-ulcinj.com\/blog\/2008\/02\/05\/nijesu-samo-cestitke\/\"]}]},{\"@type\":\"BreadcrumbList\",\"@id\":\"https:\/\/www.visit-ulcinj.com\/blog\/2008\/02\/05\/nijesu-samo-cestitke\/#breadcrumb\",\"itemListElement\":[{\"@type\":\"ListItem\",\"position\":1,\"name\":\"Nijesu samo ?estitke\"}]},{\"@type\":\"Person\",\"@id\":\"https:\/\/www.visit-ulcinj.com\/blog\/#\/schema\/person\/dcab619c614d3038751c63bc2aadc06d\",\"name\":\"ulqini\",\"sameAs\":[\"http:\/\/www.visit-ulcinj.com\"],\"url\":\"https:\/\/www.visit-ulcinj.com\/blog\/author\/admin\/\"}]}<\/script>\n<!-- \/ Yoast SEO plugin. -->","yoast_head_json":{"title":"Nijesu samo ?estitke - Lajme nga Ulqini","robots":{"index":"index","follow":"follow","max-snippet":"max-snippet:-1","max-image-preview":"max-image-preview:large","max-video-preview":"max-video-preview:-1"},"canonical":"https:\/\/www.visit-ulcinj.com\/blog\/2008\/02\/05\/nijesu-samo-cestitke\/","og_locale":"en_US","og_type":"article","og_title":"Nijesu samo ?estitke - Lajme nga Ulqini","og_url":"https:\/\/www.visit-ulcinj.com\/blog\/2008\/02\/05\/nijesu-samo-cestitke\/","og_site_name":"Lajme nga Ulqini","article_published_time":"2008-02-05T06:50:44+00:00","article_modified_time":"2008-02-13T01:45:43+00:00","og_image":[{"url":"http:\/\/www.visit-ulcinj.com\/blog\/wp-content\/uploads\/2008\/02\/gazmend-cuca.jpg"}],"twitter_misc":{"Written by":"ulqini","Est. reading time":"1 minute"},"schema":{"@context":"https:\/\/schema.org","@graph":[{"@type":"WebSite","@id":"https:\/\/www.visit-ulcinj.com\/blog\/#website","url":"https:\/\/www.visit-ulcinj.com\/blog\/","name":"Lajme nga Ulqini","description":"Lajme,Vijesti,Ulqini,Ulqin,Crna Gora,Mali i Zi","potentialAction":[{"@type":"SearchAction","target":{"@type":"EntryPoint","urlTemplate":"https:\/\/www.visit-ulcinj.com\/blog\/?s={search_term_string}"},"query-input":"required name=search_term_string"}],"inLanguage":"en-US"},{"@type":"ImageObject","inLanguage":"en-US","@id":"https:\/\/www.visit-ulcinj.com\/blog\/2008\/02\/05\/nijesu-samo-cestitke\/#primaryimage","url":"http:\/\/www.visit-ulcinj.com\/blog\/wp-content\/uploads\/2008\/02\/gazmend-cuca.jpg","contentUrl":"http:\/\/www.visit-ulcinj.com\/blog\/wp-content\/uploads\/2008\/02\/gazmend-cuca.jpg"},{"@type":"WebPage","@id":"https:\/\/www.visit-ulcinj.com\/blog\/2008\/02\/05\/nijesu-samo-cestitke\/#webpage","url":"https:\/\/www.visit-ulcinj.com\/blog\/2008\/02\/05\/nijesu-samo-cestitke\/","name":"Nijesu samo ?estitke - Lajme nga Ulqini","isPartOf":{"@id":"https:\/\/www.visit-ulcinj.com\/blog\/#website"},"primaryImageOfPage":{"@id":"https:\/\/www.visit-ulcinj.com\/blog\/2008\/02\/05\/nijesu-samo-cestitke\/#primaryimage"},"datePublished":"2008-02-05T06:50:44+00:00","dateModified":"2008-02-13T01:45:43+00:00","author":{"@id":"https:\/\/www.visit-ulcinj.com\/blog\/#\/schema\/person\/dcab619c614d3038751c63bc2aadc06d"},"breadcrumb":{"@id":"https:\/\/www.visit-ulcinj.com\/blog\/2008\/02\/05\/nijesu-samo-cestitke\/#breadcrumb"},"inLanguage":"en-US","potentialAction":[{"@type":"ReadAction","target":["https:\/\/www.visit-ulcinj.com\/blog\/2008\/02\/05\/nijesu-samo-cestitke\/"]}]},{"@type":"BreadcrumbList","@id":"https:\/\/www.visit-ulcinj.com\/blog\/2008\/02\/05\/nijesu-samo-cestitke\/#breadcrumb","itemListElement":[{"@type":"ListItem","position":1,"name":"Nijesu samo ?estitke"}]},{"@type":"Person","@id":"https:\/\/www.visit-ulcinj.com\/blog\/#\/schema\/person\/dcab619c614d3038751c63bc2aadc06d","name":"ulqini","sameAs":["http:\/\/www.visit-ulcinj.com"],"url":"https:\/\/www.visit-ulcinj.com\/blog\/author\/admin\/"}]}},"jetpack_featured_media_url":"","jetpack_sharing_enabled":true,"jetpack_shortlink":"https:\/\/wp.me\/pe6lTn-6a","_links":{"self":[{"href":"https:\/\/www.visit-ulcinj.com\/blog\/wp-json\/wp\/v2\/posts\/382"}],"collection":[{"href":"https:\/\/www.visit-ulcinj.com\/blog\/wp-json\/wp\/v2\/posts"}],"about":[{"href":"https:\/\/www.visit-ulcinj.com\/blog\/wp-json\/wp\/v2\/types\/post"}],"author":[{"embeddable":true,"href":"https:\/\/www.visit-ulcinj.com\/blog\/wp-json\/wp\/v2\/users\/1"}],"replies":[{"embeddable":true,"href":"https:\/\/www.visit-ulcinj.com\/blog\/wp-json\/wp\/v2\/comments?post=382"}],"version-history":[{"count":0,"href":"https:\/\/www.visit-ulcinj.com\/blog\/wp-json\/wp\/v2\/posts\/382\/revisions"}],"wp:attachment":[{"href":"https:\/\/www.visit-ulcinj.com\/blog\/wp-json\/wp\/v2\/media?parent=382"}],"wp:term":[{"taxonomy":"category","embeddable":true,"href":"https:\/\/www.visit-ulcinj.com\/blog\/wp-json\/wp\/v2\/categories?post=382"},{"taxonomy":"post_tag","embeddable":true,"href":"https:\/\/www.visit-ulcinj.com\/blog\/wp-json\/wp\/v2\/tags?post=382"}],"curies":[{"name":"wp","href":"https:\/\/api.w.org\/{rel}","templated":true}]}}