{"id":38205,"date":"2010-10-07T18:18:55","date_gmt":"2010-10-07T16:18:55","guid":{"rendered":"http:\/\/www.visit-ulcinj.com\/blog\/?p=38205"},"modified":"2010-10-07T18:18:55","modified_gmt":"2010-10-07T16:18:55","slug":"pirro-pyet-inven-sa-e-shite-zemren","status":"publish","type":"post","link":"https:\/\/www.visit-ulcinj.com\/blog\/2010\/10\/07\/pirro-pyet-inven-sa-e-shite-zemren\/","title":{"rendered":"Pirro pyet Inven: &#8220;Sa e shite zemren?&#8221;"},"content":{"rendered":"<p><a href=\"http:\/\/www.visit-ulcinj.com\/blog\/wp-content\/uploads\/2010\/10\/pirro-cako-inva-mula-djali-ALNA.jpg\"><img loading=\"lazy\" class=\"alignleft size-full wp-image-38206\" title=\"pirro cako inva mula djali ALNA\" src=\"http:\/\/www.visit-ulcinj.com\/blog\/wp-content\/uploads\/2010\/10\/pirro-cako-inva-mula-djali-ALNA.jpg\" alt=\"\" width=\"490\" height=\"390\" \/><\/a>Prej m\u00ebse dy jav\u00ebsh ka filluar prezantimi i k\u00ebng\u00ebve pjes\u00ebmarr\u00ebse n\u00eb festivalin \u201cK\u00ebnga Magjike\u201d. T\u00eb diel\u00ebn q\u00eb lam\u00eb pas u lan\u00e7ua dueti i k\u00ebng\u00ebtares Juliana Pasha me Luiz Ejllin, djaloshin e talentuar nga Shkodra. K\u00ebnga ka rezultuar shum\u00eb e preferuar dhe kjo gj\u00eb provohet m\u00eb s\u00eb miri nga klikimet dhe komentet e fansave n\u00eb internet. \u201cSa e shite zemr\u00ebn\u201d titullohet k\u00ebnga n\u00eb fjal\u00eb, tekstin e s\u00eb cil\u00ebs e ka shkruar artisti Pirro \u00c7ako. Fjal\u00ebt e k\u00ebng\u00ebs n\u00eb fakt sjellin edhe k\u00ebt\u00eb her\u00eb, gjendjen emocionale t\u00eb kantautorit \u00c7ako. Duke u nisur nga teksti i k\u00ebng\u00ebs, thuhet se b\u00ebhet fjal\u00eb p\u00ebr nj\u00eb tjet\u00ebr dedikim q\u00eb Pirro i ka b\u00ebr\u00eb Inv\u00ebs: \u201cArratisja jote m\u00eb befasoi\/ koha ty sekretin do ta zbuloj\u00eb.\/ Sa e shite zemr\u00ebn, un\u00eb s\u2019e di\u201d, jan\u00eb vet\u00ebm disa nga vargjet e k\u00ebng\u00ebs, t\u00eb cilat duket se shkojn\u00eb m\u00eb s\u00eb miri me historin\u00eb e dashuris\u00eb t\u00eb tyre. M\u00eb shum\u00eb se sa nj\u00eb pyetje universale, (sa e shite zemr\u00ebn?) na krijon iden\u00eb e nj\u00eb pyetjeje q\u00eb k\u00ebng\u00ebtari i drejton ish-gruas s\u00eb tij, sopranos s\u00eb njohur Inva Mula, e cila e ka shfaqur hapur tashm\u00eb lidhjen e saj me multimilionerin Et\u2019hem Ramadani. Ndon\u00ebse po ta mendojm\u00eb mir\u00eb Inv\u00ebs edhe t\u00eb ardhurat e saj si soprano e par\u00eb n\u00eb oper\u00ebn e Parisit, i dalin dhe i teprojn\u00eb, k\u00ebshtu q\u00eb s\u2019kishte pse ta shiste zemr\u00ebn\u2026<br \/>\nPo p\u00ebrse ta k\u00ebt\u00eb b\u00ebr\u00eb Pirro k\u00ebt\u00eb pyetje vall\u00eb, mos ndoshta ai po ndjehet xheloz?!<br \/>\n<strong><br \/>\n<\/strong><\/p>\n<p><strong>Bluetooth<br \/>\n<!--YouTube Error: bad URL entered--><\/strong><\/p>\n","protected":false},"excerpt":{"rendered":"<p>Prej m\u00ebse dy jav\u00ebsh ka filluar prezantimi i k\u00ebng\u00ebve pjes\u00ebmarr\u00ebse n\u00eb festivalin \u201cK\u00ebnga Magjike\u201d. T\u00eb diel\u00ebn q\u00eb lam\u00eb pas u lan\u00e7ua dueti i k\u00ebng\u00ebtares Juliana Pasha me Luiz Ejllin, djaloshin e talentuar nga Shkodra. K\u00ebnga ka rezultuar shum\u00eb e preferuar dhe kjo gj\u00eb provohet m\u00eb s\u00eb miri nga klikimet dhe komentet e fansave n\u00eb internet. [&hellip;]<\/p>\n","protected":false},"author":1,"featured_media":0,"comment_status":"open","ping_status":"closed","sticky":false,"template":"","format":"standard","meta":{"spay_email":"","jetpack_publicize_message":"","jetpack_is_tweetstorm":false,"jetpack_publicize_feature_enabled":true},"categories":[1],"tags":[7415,15915],"jetpack_publicize_connections":[],"yoast_head":"<!-- This site is optimized with the Yoast SEO plugin v19.1 - https:\/\/yoast.com\/wordpress\/plugins\/seo\/ -->\n<title>Pirro pyet Inven: &quot;Sa e shite zemren?&quot; - Lajme nga Ulqini<\/title>\n<meta name=\"description\" content=\"Prej m\u00ebse dy jav\u00ebsh ka filluar prezantimi i k\u00ebng\u00ebve pjes\u00ebmarr\u00ebse n\u00eb festivalin \u201cK\u00ebnga Magjike\u201d. T\u00eb diel\u00ebn q\u00eb lam\u00eb pas u lan\u00e7ua dueti i k\u00ebng\u00ebtares Juliana\" \/>\n<meta name=\"robots\" content=\"index, follow, max-snippet:-1, max-image-preview:large, max-video-preview:-1\" \/>\n<link rel=\"canonical\" href=\"https:\/\/www.visit-ulcinj.com\/blog\/2010\/10\/07\/pirro-pyet-inven-sa-e-shite-zemren\/\" \/>\n<meta property=\"og:locale\" content=\"en_US\" \/>\n<meta property=\"og:type\" content=\"article\" \/>\n<meta property=\"og:title\" content=\"Pirro pyet Inven: &quot;Sa e shite zemren?&quot; - Lajme nga Ulqini\" \/>\n<meta property=\"og:description\" content=\"Prej m\u00ebse dy jav\u00ebsh ka filluar prezantimi i k\u00ebng\u00ebve pjes\u00ebmarr\u00ebse n\u00eb festivalin \u201cK\u00ebnga Magjike\u201d. T\u00eb diel\u00ebn q\u00eb lam\u00eb pas u lan\u00e7ua dueti i k\u00ebng\u00ebtares Juliana\" \/>\n<meta property=\"og:url\" content=\"https:\/\/www.visit-ulcinj.com\/blog\/2010\/10\/07\/pirro-pyet-inven-sa-e-shite-zemren\/\" \/>\n<meta property=\"og:site_name\" content=\"Lajme nga Ulqini\" \/>\n<meta property=\"article:published_time\" content=\"2010-10-07T16:18:55+00:00\" \/>\n<meta property=\"og:image\" content=\"http:\/\/www.visit-ulcinj.com\/blog\/wp-content\/uploads\/2010\/10\/pirro-cako-inva-mula-djali-ALNA.jpg\" \/>\n<meta name=\"twitter:label1\" content=\"Written by\" \/>\n\t<meta name=\"twitter:data1\" content=\"ulqini\" \/>\n\t<meta name=\"twitter:label2\" content=\"Est. reading time\" \/>\n\t<meta name=\"twitter:data2\" content=\"1 minute\" \/>\n<script type=\"application\/ld+json\" class=\"yoast-schema-graph\">{\"@context\":\"https:\/\/schema.org\",\"@graph\":[{\"@type\":\"WebSite\",\"@id\":\"https:\/\/www.visit-ulcinj.com\/blog\/#website\",\"url\":\"https:\/\/www.visit-ulcinj.com\/blog\/\",\"name\":\"Lajme nga Ulqini\",\"description\":\"Lajme,Vijesti,Ulqini,Ulqin,Crna Gora,Mali i Zi\",\"potentialAction\":[{\"@type\":\"SearchAction\",\"target\":{\"@type\":\"EntryPoint\",\"urlTemplate\":\"https:\/\/www.visit-ulcinj.com\/blog\/?s={search_term_string}\"},\"query-input\":\"required name=search_term_string\"}],\"inLanguage\":\"en-US\"},{\"@type\":\"ImageObject\",\"inLanguage\":\"en-US\",\"@id\":\"https:\/\/www.visit-ulcinj.com\/blog\/2010\/10\/07\/pirro-pyet-inven-sa-e-shite-zemren\/#primaryimage\",\"url\":\"http:\/\/www.visit-ulcinj.com\/blog\/wp-content\/uploads\/2010\/10\/pirro-cako-inva-mula-djali-ALNA.jpg\",\"contentUrl\":\"http:\/\/www.visit-ulcinj.com\/blog\/wp-content\/uploads\/2010\/10\/pirro-cako-inva-mula-djali-ALNA.jpg\"},{\"@type\":\"WebPage\",\"@id\":\"https:\/\/www.visit-ulcinj.com\/blog\/2010\/10\/07\/pirro-pyet-inven-sa-e-shite-zemren\/#webpage\",\"url\":\"https:\/\/www.visit-ulcinj.com\/blog\/2010\/10\/07\/pirro-pyet-inven-sa-e-shite-zemren\/\",\"name\":\"Pirro pyet Inven: \\\"Sa e shite zemren?\\\" - Lajme nga Ulqini\",\"isPartOf\":{\"@id\":\"https:\/\/www.visit-ulcinj.com\/blog\/#website\"},\"primaryImageOfPage\":{\"@id\":\"https:\/\/www.visit-ulcinj.com\/blog\/2010\/10\/07\/pirro-pyet-inven-sa-e-shite-zemren\/#primaryimage\"},\"datePublished\":\"2010-10-07T16:18:55+00:00\",\"dateModified\":\"2010-10-07T16:18:55+00:00\",\"author\":{\"@id\":\"https:\/\/www.visit-ulcinj.com\/blog\/#\/schema\/person\/dcab619c614d3038751c63bc2aadc06d\"},\"description\":\"Prej m\u00ebse dy jav\u00ebsh ka filluar prezantimi i k\u00ebng\u00ebve pjes\u00ebmarr\u00ebse n\u00eb festivalin \u201cK\u00ebnga Magjike\u201d. T\u00eb diel\u00ebn q\u00eb lam\u00eb pas u lan\u00e7ua dueti i k\u00ebng\u00ebtares Juliana\",\"breadcrumb\":{\"@id\":\"https:\/\/www.visit-ulcinj.com\/blog\/2010\/10\/07\/pirro-pyet-inven-sa-e-shite-zemren\/#breadcrumb\"},\"inLanguage\":\"en-US\",\"potentialAction\":[{\"@type\":\"ReadAction\",\"target\":[\"https:\/\/www.visit-ulcinj.com\/blog\/2010\/10\/07\/pirro-pyet-inven-sa-e-shite-zemren\/\"]}]},{\"@type\":\"BreadcrumbList\",\"@id\":\"https:\/\/www.visit-ulcinj.com\/blog\/2010\/10\/07\/pirro-pyet-inven-sa-e-shite-zemren\/#breadcrumb\",\"itemListElement\":[{\"@type\":\"ListItem\",\"position\":1,\"name\":\"Pirro pyet Inven: &#8220;Sa e shite zemren?&#8221;\"}]},{\"@type\":\"Person\",\"@id\":\"https:\/\/www.visit-ulcinj.com\/blog\/#\/schema\/person\/dcab619c614d3038751c63bc2aadc06d\",\"name\":\"ulqini\",\"sameAs\":[\"http:\/\/www.visit-ulcinj.com\"],\"url\":\"https:\/\/www.visit-ulcinj.com\/blog\/author\/admin\/\"}]}<\/script>\n<!-- \/ Yoast SEO plugin. -->","yoast_head_json":{"title":"Pirro pyet Inven: \"Sa e shite zemren?\" - Lajme nga Ulqini","description":"Prej m\u00ebse dy jav\u00ebsh ka filluar prezantimi i k\u00ebng\u00ebve pjes\u00ebmarr\u00ebse n\u00eb festivalin \u201cK\u00ebnga Magjike\u201d. T\u00eb diel\u00ebn q\u00eb lam\u00eb pas u lan\u00e7ua dueti i k\u00ebng\u00ebtares Juliana","robots":{"index":"index","follow":"follow","max-snippet":"max-snippet:-1","max-image-preview":"max-image-preview:large","max-video-preview":"max-video-preview:-1"},"canonical":"https:\/\/www.visit-ulcinj.com\/blog\/2010\/10\/07\/pirro-pyet-inven-sa-e-shite-zemren\/","og_locale":"en_US","og_type":"article","og_title":"Pirro pyet Inven: \"Sa e shite zemren?\" - Lajme nga Ulqini","og_description":"Prej m\u00ebse dy jav\u00ebsh ka filluar prezantimi i k\u00ebng\u00ebve pjes\u00ebmarr\u00ebse n\u00eb festivalin \u201cK\u00ebnga Magjike\u201d. T\u00eb diel\u00ebn q\u00eb lam\u00eb pas u lan\u00e7ua dueti i k\u00ebng\u00ebtares Juliana","og_url":"https:\/\/www.visit-ulcinj.com\/blog\/2010\/10\/07\/pirro-pyet-inven-sa-e-shite-zemren\/","og_site_name":"Lajme nga Ulqini","article_published_time":"2010-10-07T16:18:55+00:00","og_image":[{"url":"http:\/\/www.visit-ulcinj.com\/blog\/wp-content\/uploads\/2010\/10\/pirro-cako-inva-mula-djali-ALNA.jpg"}],"twitter_misc":{"Written by":"ulqini","Est. reading time":"1 minute"},"schema":{"@context":"https:\/\/schema.org","@graph":[{"@type":"WebSite","@id":"https:\/\/www.visit-ulcinj.com\/blog\/#website","url":"https:\/\/www.visit-ulcinj.com\/blog\/","name":"Lajme nga Ulqini","description":"Lajme,Vijesti,Ulqini,Ulqin,Crna Gora,Mali i Zi","potentialAction":[{"@type":"SearchAction","target":{"@type":"EntryPoint","urlTemplate":"https:\/\/www.visit-ulcinj.com\/blog\/?s={search_term_string}"},"query-input":"required name=search_term_string"}],"inLanguage":"en-US"},{"@type":"ImageObject","inLanguage":"en-US","@id":"https:\/\/www.visit-ulcinj.com\/blog\/2010\/10\/07\/pirro-pyet-inven-sa-e-shite-zemren\/#primaryimage","url":"http:\/\/www.visit-ulcinj.com\/blog\/wp-content\/uploads\/2010\/10\/pirro-cako-inva-mula-djali-ALNA.jpg","contentUrl":"http:\/\/www.visit-ulcinj.com\/blog\/wp-content\/uploads\/2010\/10\/pirro-cako-inva-mula-djali-ALNA.jpg"},{"@type":"WebPage","@id":"https:\/\/www.visit-ulcinj.com\/blog\/2010\/10\/07\/pirro-pyet-inven-sa-e-shite-zemren\/#webpage","url":"https:\/\/www.visit-ulcinj.com\/blog\/2010\/10\/07\/pirro-pyet-inven-sa-e-shite-zemren\/","name":"Pirro pyet Inven: \"Sa e shite zemren?\" - Lajme nga Ulqini","isPartOf":{"@id":"https:\/\/www.visit-ulcinj.com\/blog\/#website"},"primaryImageOfPage":{"@id":"https:\/\/www.visit-ulcinj.com\/blog\/2010\/10\/07\/pirro-pyet-inven-sa-e-shite-zemren\/#primaryimage"},"datePublished":"2010-10-07T16:18:55+00:00","dateModified":"2010-10-07T16:18:55+00:00","author":{"@id":"https:\/\/www.visit-ulcinj.com\/blog\/#\/schema\/person\/dcab619c614d3038751c63bc2aadc06d"},"description":"Prej m\u00ebse dy jav\u00ebsh ka filluar prezantimi i k\u00ebng\u00ebve pjes\u00ebmarr\u00ebse n\u00eb festivalin \u201cK\u00ebnga Magjike\u201d. T\u00eb diel\u00ebn q\u00eb lam\u00eb pas u lan\u00e7ua dueti i k\u00ebng\u00ebtares Juliana","breadcrumb":{"@id":"https:\/\/www.visit-ulcinj.com\/blog\/2010\/10\/07\/pirro-pyet-inven-sa-e-shite-zemren\/#breadcrumb"},"inLanguage":"en-US","potentialAction":[{"@type":"ReadAction","target":["https:\/\/www.visit-ulcinj.com\/blog\/2010\/10\/07\/pirro-pyet-inven-sa-e-shite-zemren\/"]}]},{"@type":"BreadcrumbList","@id":"https:\/\/www.visit-ulcinj.com\/blog\/2010\/10\/07\/pirro-pyet-inven-sa-e-shite-zemren\/#breadcrumb","itemListElement":[{"@type":"ListItem","position":1,"name":"Pirro pyet Inven: &#8220;Sa e shite zemren?&#8221;"}]},{"@type":"Person","@id":"https:\/\/www.visit-ulcinj.com\/blog\/#\/schema\/person\/dcab619c614d3038751c63bc2aadc06d","name":"ulqini","sameAs":["http:\/\/www.visit-ulcinj.com"],"url":"https:\/\/www.visit-ulcinj.com\/blog\/author\/admin\/"}]}},"jetpack_featured_media_url":"","jetpack_sharing_enabled":true,"jetpack_shortlink":"https:\/\/wp.me\/pe6lTn-9Wd","_links":{"self":[{"href":"https:\/\/www.visit-ulcinj.com\/blog\/wp-json\/wp\/v2\/posts\/38205"}],"collection":[{"href":"https:\/\/www.visit-ulcinj.com\/blog\/wp-json\/wp\/v2\/posts"}],"about":[{"href":"https:\/\/www.visit-ulcinj.com\/blog\/wp-json\/wp\/v2\/types\/post"}],"author":[{"embeddable":true,"href":"https:\/\/www.visit-ulcinj.com\/blog\/wp-json\/wp\/v2\/users\/1"}],"replies":[{"embeddable":true,"href":"https:\/\/www.visit-ulcinj.com\/blog\/wp-json\/wp\/v2\/comments?post=38205"}],"version-history":[{"count":0,"href":"https:\/\/www.visit-ulcinj.com\/blog\/wp-json\/wp\/v2\/posts\/38205\/revisions"}],"wp:attachment":[{"href":"https:\/\/www.visit-ulcinj.com\/blog\/wp-json\/wp\/v2\/media?parent=38205"}],"wp:term":[{"taxonomy":"category","embeddable":true,"href":"https:\/\/www.visit-ulcinj.com\/blog\/wp-json\/wp\/v2\/categories?post=38205"},{"taxonomy":"post_tag","embeddable":true,"href":"https:\/\/www.visit-ulcinj.com\/blog\/wp-json\/wp\/v2\/tags?post=38205"}],"curies":[{"name":"wp","href":"https:\/\/api.w.org\/{rel}","templated":true}]}}