{"id":38209,"date":"2010-10-07T18:58:55","date_gmt":"2010-10-07T16:58:55","guid":{"rendered":"http:\/\/www.visit-ulcinj.com\/blog\/?p=38209"},"modified":"2010-10-07T18:58:55","modified_gmt":"2010-10-07T16:58:55","slug":"rezarta-shkurta-dhe-flori-sherr-ne-lokal","status":"publish","type":"post","link":"https:\/\/www.visit-ulcinj.com\/blog\/2010\/10\/07\/rezarta-shkurta-dhe-flori-sherr-ne-lokal\/","title":{"rendered":"Rezarta Shkurta dhe Flori, sherr ne lokal"},"content":{"rendered":"<p><a href=\"http:\/\/www.visit-ulcinj.com\/blog\/wp-content\/uploads\/2010\/10\/rezarta_shkurta_.jpg\"><img loading=\"lazy\" class=\"alignleft size-full wp-image-38210\" title=\"rezarta_shkurta_\" src=\"http:\/\/www.visit-ulcinj.com\/blog\/wp-content\/uploads\/2010\/10\/rezarta_shkurta_.jpg\" alt=\"\" width=\"490\" height=\"364\" \/><\/a>Ka ndodhur dit\u00ebn e m\u00ebrkur\u00eb pasdite, n\u00eb nj\u00eb prej lokaleve m\u00eb t\u00eb frekuentuara t\u00eb zon\u00ebs s\u00eb ish-Bllokut, sherri midis k\u00ebng\u00ebtares Rezarta Shkurta dhe kompozitorit Florian Mumajesi. T\u00eb dy personazhet kan\u00eb qen\u00eb n\u00eb lokal me grupe t\u00eb ndrysh\u00ebm miqsh. Flori ka qen\u00eb s\u00eb bashku me Getoarin, me t\u00eb cilin ka nj\u00eb miq\u00ebsi t\u00eb vjet\u00ebr. Por edhe Rezarta ka mjaft miq\u00ebsi me Getoarin dhe nga t\u00eb pranishmit aty, mendohet se pik\u00ebrisht kjo ka qen\u00eb edhe arsyeja p\u00ebrse ka nisur debati. Rezi, e cila ka p\u00ebrsh\u00ebndetur Getoarin me mjaft p\u00ebrzem\u00ebrsi, nuk ka b\u00ebr\u00eb t\u00eb nj\u00ebjt\u00ebn gj\u00eb edhe me Florin. N\u00eb fakt, midis t\u00eb dyve dihet tashm\u00eb q\u00eb ka nj\u00eb marr\u00ebdh\u00ebnie t\u00eb tensionuar prej shum\u00eb koh\u00ebsh, q\u00eb n\u00eb periudh\u00ebn kur Rezarta ishte pjes\u00eb e produksioneve t\u00eb Florit, s\u00eb bashku me Orinda Hut\u00ebn, Elvana Gjat\u00ebn dhe Julk\u00ebn. Por, ajo duke mos qen\u00eb e k\u00ebnaqur me kushtet e pun\u00ebs t\u00eb vendosura nga Flori, vendosi t\u00eb t\u00ebrhiqej, gj\u00eb q\u00eb Florit nuk i p\u00eblqeu. Pik\u00ebrisht k\u00ebtu e ka zanafill\u00ebn gjith\u00eb hat\u00ebrmbetja midis t\u00eb dyve, e cila u duk qart\u00eb edhe t\u00eb m\u00ebrkur\u00ebn n\u00eb mbr\u00ebmje. Si Flori dhe Rezarta, fillimisht kan\u00eb hedhur kunja t\u00eb shumta me nj\u00ebri-tjetrin, kunja t\u00eb cilat kan\u00eb shkuar deri n\u00eb sharje dhe ofendime. Madje, n\u00eb nj\u00eb moment duket se Rezarta \u00ebsht\u00eb b\u00ebr\u00eb gati edhe t\u2019i gjuaj\u00eb Florit, por kan\u00eb qen\u00eb t\u00eb pranishmit rreth e rrotull q\u00eb e kan\u00eb ndaluar. P\u00ebr Rezart\u00ebn, kjo nuk \u00ebsht\u00eb hera e par\u00eb q\u00eb b\u00ebhet protagoniste e sherreve t\u00eb tilla n\u00eb publik. Vet\u00ebm pak koh\u00eb m\u00eb par\u00eb, gjat\u00eb pjes\u00ebmarrjes n\u00eb reality sho\u00eb-n \u201cSht\u00ebpia VIP\u201d, ajo pati dy debate t\u00eb ashpra me k\u00ebng\u00ebtaret Rozana Radin dhe Big Mama-n. Nuk e dim\u00eb n\u00ebse kjo \u00ebsht\u00eb thjesht nj\u00eb rast\u00ebsi, apo ka t\u00eb b\u00ebj\u00eb me natyr\u00ebn disi t\u00eb v\u00ebshtir\u00eb t\u00eb Rezit, po duket se ku gjendet Rezarta Shkurta, do t\u00eb ket\u00eb gjithmon\u00eb sherr!<\/p>\n<p><strong>Bluetooth<br \/>\n<!--YouTube Error: bad URL entered--><\/strong><\/p>\n","protected":false},"excerpt":{"rendered":"<p>Ka ndodhur dit\u00ebn e m\u00ebrkur\u00eb pasdite, n\u00eb nj\u00eb prej lokaleve m\u00eb t\u00eb frekuentuara t\u00eb zon\u00ebs s\u00eb ish-Bllokut, sherri midis k\u00ebng\u00ebtares Rezarta Shkurta dhe kompozitorit Florian Mumajesi. T\u00eb dy personazhet kan\u00eb qen\u00eb n\u00eb lokal me grupe t\u00eb ndrysh\u00ebm miqsh. Flori ka qen\u00eb s\u00eb bashku me Getoarin, me t\u00eb cilin ka nj\u00eb miq\u00ebsi t\u00eb vjet\u00ebr. Por edhe [&hellip;]<\/p>\n","protected":false},"author":1,"featured_media":0,"comment_status":"open","ping_status":"closed","sticky":false,"template":"","format":"standard","meta":{"spay_email":"","jetpack_publicize_message":"","jetpack_is_tweetstorm":false,"jetpack_publicize_feature_enabled":true},"categories":[1],"tags":[7895,4953],"jetpack_publicize_connections":[],"yoast_head":"<!-- This site is optimized with the Yoast SEO plugin v19.1 - https:\/\/yoast.com\/wordpress\/plugins\/seo\/ -->\n<title>Rezarta Shkurta dhe Flori, sherr ne lokal - Lajme nga Ulqini<\/title>\n<meta name=\"description\" content=\"Ka ndodhur dit\u00ebn e m\u00ebrkur\u00eb pasdite, n\u00eb nj\u00eb prej lokaleve m\u00eb t\u00eb frekuentuara t\u00eb zon\u00ebs s\u00eb ish-Bllokut, sherri midis k\u00ebng\u00ebtares Rezarta Shkurta dhe\" \/>\n<meta name=\"robots\" content=\"index, follow, max-snippet:-1, max-image-preview:large, max-video-preview:-1\" \/>\n<link rel=\"canonical\" href=\"https:\/\/www.visit-ulcinj.com\/blog\/2010\/10\/07\/rezarta-shkurta-dhe-flori-sherr-ne-lokal\/\" \/>\n<meta property=\"og:locale\" content=\"en_US\" \/>\n<meta property=\"og:type\" content=\"article\" \/>\n<meta property=\"og:title\" content=\"Rezarta Shkurta dhe Flori, sherr ne lokal - Lajme nga Ulqini\" \/>\n<meta property=\"og:description\" content=\"Ka ndodhur dit\u00ebn e m\u00ebrkur\u00eb pasdite, n\u00eb nj\u00eb prej lokaleve m\u00eb t\u00eb frekuentuara t\u00eb zon\u00ebs s\u00eb ish-Bllokut, sherri midis k\u00ebng\u00ebtares Rezarta Shkurta dhe\" \/>\n<meta property=\"og:url\" content=\"https:\/\/www.visit-ulcinj.com\/blog\/2010\/10\/07\/rezarta-shkurta-dhe-flori-sherr-ne-lokal\/\" \/>\n<meta property=\"og:site_name\" content=\"Lajme nga Ulqini\" \/>\n<meta property=\"article:published_time\" content=\"2010-10-07T16:58:55+00:00\" \/>\n<meta property=\"og:image\" content=\"http:\/\/www.visit-ulcinj.com\/blog\/wp-content\/uploads\/2010\/10\/rezarta_shkurta_.jpg\" \/>\n<meta name=\"twitter:label1\" content=\"Written by\" \/>\n\t<meta name=\"twitter:data1\" content=\"ulqini\" \/>\n\t<meta name=\"twitter:label2\" content=\"Est. reading time\" \/>\n\t<meta name=\"twitter:data2\" content=\"2 minutes\" \/>\n<script type=\"application\/ld+json\" class=\"yoast-schema-graph\">{\"@context\":\"https:\/\/schema.org\",\"@graph\":[{\"@type\":\"WebSite\",\"@id\":\"https:\/\/www.visit-ulcinj.com\/blog\/#website\",\"url\":\"https:\/\/www.visit-ulcinj.com\/blog\/\",\"name\":\"Lajme nga Ulqini\",\"description\":\"Lajme,Vijesti,Ulqini,Ulqin,Crna Gora,Mali i Zi\",\"potentialAction\":[{\"@type\":\"SearchAction\",\"target\":{\"@type\":\"EntryPoint\",\"urlTemplate\":\"https:\/\/www.visit-ulcinj.com\/blog\/?s={search_term_string}\"},\"query-input\":\"required name=search_term_string\"}],\"inLanguage\":\"en-US\"},{\"@type\":\"ImageObject\",\"inLanguage\":\"en-US\",\"@id\":\"https:\/\/www.visit-ulcinj.com\/blog\/2010\/10\/07\/rezarta-shkurta-dhe-flori-sherr-ne-lokal\/#primaryimage\",\"url\":\"http:\/\/www.visit-ulcinj.com\/blog\/wp-content\/uploads\/2010\/10\/rezarta_shkurta_.jpg\",\"contentUrl\":\"http:\/\/www.visit-ulcinj.com\/blog\/wp-content\/uploads\/2010\/10\/rezarta_shkurta_.jpg\"},{\"@type\":\"WebPage\",\"@id\":\"https:\/\/www.visit-ulcinj.com\/blog\/2010\/10\/07\/rezarta-shkurta-dhe-flori-sherr-ne-lokal\/#webpage\",\"url\":\"https:\/\/www.visit-ulcinj.com\/blog\/2010\/10\/07\/rezarta-shkurta-dhe-flori-sherr-ne-lokal\/\",\"name\":\"Rezarta Shkurta dhe Flori, sherr ne lokal - Lajme nga Ulqini\",\"isPartOf\":{\"@id\":\"https:\/\/www.visit-ulcinj.com\/blog\/#website\"},\"primaryImageOfPage\":{\"@id\":\"https:\/\/www.visit-ulcinj.com\/blog\/2010\/10\/07\/rezarta-shkurta-dhe-flori-sherr-ne-lokal\/#primaryimage\"},\"datePublished\":\"2010-10-07T16:58:55+00:00\",\"dateModified\":\"2010-10-07T16:58:55+00:00\",\"author\":{\"@id\":\"https:\/\/www.visit-ulcinj.com\/blog\/#\/schema\/person\/dcab619c614d3038751c63bc2aadc06d\"},\"description\":\"Ka ndodhur dit\u00ebn e m\u00ebrkur\u00eb pasdite, n\u00eb nj\u00eb prej lokaleve m\u00eb t\u00eb frekuentuara t\u00eb zon\u00ebs s\u00eb ish-Bllokut, sherri midis k\u00ebng\u00ebtares Rezarta Shkurta dhe\",\"breadcrumb\":{\"@id\":\"https:\/\/www.visit-ulcinj.com\/blog\/2010\/10\/07\/rezarta-shkurta-dhe-flori-sherr-ne-lokal\/#breadcrumb\"},\"inLanguage\":\"en-US\",\"potentialAction\":[{\"@type\":\"ReadAction\",\"target\":[\"https:\/\/www.visit-ulcinj.com\/blog\/2010\/10\/07\/rezarta-shkurta-dhe-flori-sherr-ne-lokal\/\"]}]},{\"@type\":\"BreadcrumbList\",\"@id\":\"https:\/\/www.visit-ulcinj.com\/blog\/2010\/10\/07\/rezarta-shkurta-dhe-flori-sherr-ne-lokal\/#breadcrumb\",\"itemListElement\":[{\"@type\":\"ListItem\",\"position\":1,\"name\":\"Rezarta Shkurta dhe Flori, sherr ne lokal\"}]},{\"@type\":\"Person\",\"@id\":\"https:\/\/www.visit-ulcinj.com\/blog\/#\/schema\/person\/dcab619c614d3038751c63bc2aadc06d\",\"name\":\"ulqini\",\"sameAs\":[\"http:\/\/www.visit-ulcinj.com\"],\"url\":\"https:\/\/www.visit-ulcinj.com\/blog\/author\/admin\/\"}]}<\/script>\n<!-- \/ Yoast SEO plugin. -->","yoast_head_json":{"title":"Rezarta Shkurta dhe Flori, sherr ne lokal - Lajme nga Ulqini","description":"Ka ndodhur dit\u00ebn e m\u00ebrkur\u00eb pasdite, n\u00eb nj\u00eb prej lokaleve m\u00eb t\u00eb frekuentuara t\u00eb zon\u00ebs s\u00eb ish-Bllokut, sherri midis k\u00ebng\u00ebtares Rezarta Shkurta dhe","robots":{"index":"index","follow":"follow","max-snippet":"max-snippet:-1","max-image-preview":"max-image-preview:large","max-video-preview":"max-video-preview:-1"},"canonical":"https:\/\/www.visit-ulcinj.com\/blog\/2010\/10\/07\/rezarta-shkurta-dhe-flori-sherr-ne-lokal\/","og_locale":"en_US","og_type":"article","og_title":"Rezarta Shkurta dhe Flori, sherr ne lokal - Lajme nga Ulqini","og_description":"Ka ndodhur dit\u00ebn e m\u00ebrkur\u00eb pasdite, n\u00eb nj\u00eb prej lokaleve m\u00eb t\u00eb frekuentuara t\u00eb zon\u00ebs s\u00eb ish-Bllokut, sherri midis k\u00ebng\u00ebtares Rezarta Shkurta dhe","og_url":"https:\/\/www.visit-ulcinj.com\/blog\/2010\/10\/07\/rezarta-shkurta-dhe-flori-sherr-ne-lokal\/","og_site_name":"Lajme nga Ulqini","article_published_time":"2010-10-07T16:58:55+00:00","og_image":[{"url":"http:\/\/www.visit-ulcinj.com\/blog\/wp-content\/uploads\/2010\/10\/rezarta_shkurta_.jpg"}],"twitter_misc":{"Written by":"ulqini","Est. reading time":"2 minutes"},"schema":{"@context":"https:\/\/schema.org","@graph":[{"@type":"WebSite","@id":"https:\/\/www.visit-ulcinj.com\/blog\/#website","url":"https:\/\/www.visit-ulcinj.com\/blog\/","name":"Lajme nga Ulqini","description":"Lajme,Vijesti,Ulqini,Ulqin,Crna Gora,Mali i Zi","potentialAction":[{"@type":"SearchAction","target":{"@type":"EntryPoint","urlTemplate":"https:\/\/www.visit-ulcinj.com\/blog\/?s={search_term_string}"},"query-input":"required name=search_term_string"}],"inLanguage":"en-US"},{"@type":"ImageObject","inLanguage":"en-US","@id":"https:\/\/www.visit-ulcinj.com\/blog\/2010\/10\/07\/rezarta-shkurta-dhe-flori-sherr-ne-lokal\/#primaryimage","url":"http:\/\/www.visit-ulcinj.com\/blog\/wp-content\/uploads\/2010\/10\/rezarta_shkurta_.jpg","contentUrl":"http:\/\/www.visit-ulcinj.com\/blog\/wp-content\/uploads\/2010\/10\/rezarta_shkurta_.jpg"},{"@type":"WebPage","@id":"https:\/\/www.visit-ulcinj.com\/blog\/2010\/10\/07\/rezarta-shkurta-dhe-flori-sherr-ne-lokal\/#webpage","url":"https:\/\/www.visit-ulcinj.com\/blog\/2010\/10\/07\/rezarta-shkurta-dhe-flori-sherr-ne-lokal\/","name":"Rezarta Shkurta dhe Flori, sherr ne lokal - Lajme nga Ulqini","isPartOf":{"@id":"https:\/\/www.visit-ulcinj.com\/blog\/#website"},"primaryImageOfPage":{"@id":"https:\/\/www.visit-ulcinj.com\/blog\/2010\/10\/07\/rezarta-shkurta-dhe-flori-sherr-ne-lokal\/#primaryimage"},"datePublished":"2010-10-07T16:58:55+00:00","dateModified":"2010-10-07T16:58:55+00:00","author":{"@id":"https:\/\/www.visit-ulcinj.com\/blog\/#\/schema\/person\/dcab619c614d3038751c63bc2aadc06d"},"description":"Ka ndodhur dit\u00ebn e m\u00ebrkur\u00eb pasdite, n\u00eb nj\u00eb prej lokaleve m\u00eb t\u00eb frekuentuara t\u00eb zon\u00ebs s\u00eb ish-Bllokut, sherri midis k\u00ebng\u00ebtares Rezarta Shkurta dhe","breadcrumb":{"@id":"https:\/\/www.visit-ulcinj.com\/blog\/2010\/10\/07\/rezarta-shkurta-dhe-flori-sherr-ne-lokal\/#breadcrumb"},"inLanguage":"en-US","potentialAction":[{"@type":"ReadAction","target":["https:\/\/www.visit-ulcinj.com\/blog\/2010\/10\/07\/rezarta-shkurta-dhe-flori-sherr-ne-lokal\/"]}]},{"@type":"BreadcrumbList","@id":"https:\/\/www.visit-ulcinj.com\/blog\/2010\/10\/07\/rezarta-shkurta-dhe-flori-sherr-ne-lokal\/#breadcrumb","itemListElement":[{"@type":"ListItem","position":1,"name":"Rezarta Shkurta dhe Flori, sherr ne lokal"}]},{"@type":"Person","@id":"https:\/\/www.visit-ulcinj.com\/blog\/#\/schema\/person\/dcab619c614d3038751c63bc2aadc06d","name":"ulqini","sameAs":["http:\/\/www.visit-ulcinj.com"],"url":"https:\/\/www.visit-ulcinj.com\/blog\/author\/admin\/"}]}},"jetpack_featured_media_url":"","jetpack_sharing_enabled":true,"jetpack_shortlink":"https:\/\/wp.me\/pe6lTn-9Wh","_links":{"self":[{"href":"https:\/\/www.visit-ulcinj.com\/blog\/wp-json\/wp\/v2\/posts\/38209"}],"collection":[{"href":"https:\/\/www.visit-ulcinj.com\/blog\/wp-json\/wp\/v2\/posts"}],"about":[{"href":"https:\/\/www.visit-ulcinj.com\/blog\/wp-json\/wp\/v2\/types\/post"}],"author":[{"embeddable":true,"href":"https:\/\/www.visit-ulcinj.com\/blog\/wp-json\/wp\/v2\/users\/1"}],"replies":[{"embeddable":true,"href":"https:\/\/www.visit-ulcinj.com\/blog\/wp-json\/wp\/v2\/comments?post=38209"}],"version-history":[{"count":0,"href":"https:\/\/www.visit-ulcinj.com\/blog\/wp-json\/wp\/v2\/posts\/38209\/revisions"}],"wp:attachment":[{"href":"https:\/\/www.visit-ulcinj.com\/blog\/wp-json\/wp\/v2\/media?parent=38209"}],"wp:term":[{"taxonomy":"category","embeddable":true,"href":"https:\/\/www.visit-ulcinj.com\/blog\/wp-json\/wp\/v2\/categories?post=38209"},{"taxonomy":"post_tag","embeddable":true,"href":"https:\/\/www.visit-ulcinj.com\/blog\/wp-json\/wp\/v2\/tags?post=38209"}],"curies":[{"name":"wp","href":"https:\/\/api.w.org\/{rel}","templated":true}]}}