{"id":38212,"date":"2010-10-07T19:08:30","date_gmt":"2010-10-07T17:08:30","guid":{"rendered":"http:\/\/www.visit-ulcinj.com\/blog\/?p=38212"},"modified":"2010-10-07T19:08:30","modified_gmt":"2010-10-07T17:08:30","slug":"edona-llalloshi-fejohet-perseri","status":"publish","type":"post","link":"https:\/\/www.visit-ulcinj.com\/blog\/2010\/10\/07\/edona-llalloshi-fejohet-perseri\/","title":{"rendered":"Edona Llalloshi fejohet perseri"},"content":{"rendered":"<p><a href=\"http:\/\/www.visit-ulcinj.com\/blog\/wp-content\/uploads\/2010\/10\/Edona-Llalloshi-fejohet.jpg\"><img loading=\"lazy\" class=\"alignleft size-full wp-image-38213\" title=\"Edona Llalloshi fejohet\" src=\"http:\/\/www.visit-ulcinj.com\/blog\/wp-content\/uploads\/2010\/10\/Edona-Llalloshi-fejohet.jpg\" alt=\"\" width=\"490\" height=\"238\" \/><\/a>Eshte nj\u00eb k\u00ebng\u00ebtare shum\u00eb e p\u00eblqyer n\u00eb Kosov\u00eb por edhe n\u00eb Shqip\u00ebri. Ajo \u00e7do vit gjat\u00eb sezonit veror performon \u201clive\u201d n\u00eb nj\u00eb nga lokalet n\u00eb Durr\u00ebs, e shoq\u00ebruar gjithmon\u00eb nga i ati Rahmani, t\u00eb cilin e ka edhe menaxher. Edona para disa viteve ka qen\u00eb e martuar me nj\u00eb biznesmen kosovar i cili jetonte dhe punonte n\u00eb Zvic\u00ebr. Lajmi p\u00ebr martes\u00ebn e saj at\u00eb koh\u00eb ishte p\u00ebrcjell\u00eb nga t\u00eb gjitha mediat kosovare, pasi k\u00ebng\u00ebtarja pati realizuar nj\u00eb das\u00ebm glamuroze e p\u00ebrcjell\u00eb me kamera dhe e trasmetuar drejtp\u00ebrdrejt\u00eb edhe n\u00eb disa televizione n\u00eb Prishtin\u00eb. Por, nj\u00eb vit m\u00eb von\u00eb erdhi dhe lajmi p\u00ebr ndarjen nga biznesmeni, pasi kjo martes\u00eb ishte nj\u00eb d\u00ebshtim p\u00ebr k\u00ebng\u00ebtaren, derisa kishte pasur mosmarveshje n\u00eb \u00e7ift dhe e gjitha p\u00ebrfundoi n\u00eb divorc.<br \/>\n\u201cKam kalur 12 muaj q\u00eb as armikut nuk do ia d\u00ebshiroja\u201d, ka theksuar at\u00eb koh\u00eb k\u00ebng\u00ebtarja n\u00eb prononcim p\u00ebr mediat. Q\u00eb nga ajo koh\u00eb Edona nuk \u00ebsht\u00eb prononcuar asnj\u00ebher\u00eb p\u00ebr shkaqet q\u00eb d\u00ebrguan k\u00ebng\u00ebtaren drejt divorcit, por ka theksuar se ka qen\u00eb nj\u00eb nga gabimet m\u00eb t\u00eb m\u00ebdha q\u00eb ka b\u00ebr\u00eb ajo n\u00eb jet\u00eb. Aktiviteti i saj nuk ndaloi aspak, pasi ajo p\u00ebrkushtohet m\u00eb shum\u00eb n\u00eb muzik\u00eb duke realizuar disa albume muzikore dhe duke performuar n\u00ebp\u00ebr koncerte e mbr\u00ebmje t\u00eb ndryshme. Kan\u00eb kaluar kat\u00ebr vite q\u00eb nga d\u00ebshtimi n\u00eb martes\u00ebn e par\u00eb dhe ja ku vijn\u00eb lajme pozitive p\u00ebr jet\u00ebn private t\u00eb Edona Llalloshit. K\u00ebng\u00ebtarja p\u00ebrs\u00ebri \u00ebsht\u00eb fejuar dhe ka gjetur njeriun e zemr\u00ebs me t\u00eb cilin pritet dhe t\u00eb kuror\u00ebzoj\u00eb lidhjen e saj. Nuk dihen akoma detaje se si jan\u00eb njohur Edona dhe i zgjedhuri i saj por n\u00eb jav\u00ebt n\u00eb vazhdim do t\u2019u japim m\u00eb shum\u00eb informacion. Gjithashtu n\u00eb nj\u00eb intervist\u00eb p\u00ebr mediat n\u00eb Kosov\u00eb, Edona ka treguar p\u00ebr karrier\u00ebn e saj si k\u00ebng\u00ebtare, si dhe vil\u00ebn e re q\u00eb ajo ka bler\u00eb n\u00eb nj\u00eb qytez\u00eb t\u00eb re q\u00eb \u00ebsht\u00eb nd\u00ebrtuar n\u00eb Prishtin\u00eb. Duket pra se jeta e saj po arrin tashm\u00eb perfeksionin. Dhe ne ia urojm\u00eb me gjith\u00eb zem\u00ebr!<\/p>\n<p><strong><br \/>\nPanorama Plus<br \/>\n<!--YouTube Error: bad URL entered--><\/strong><\/p>\n","protected":false},"excerpt":{"rendered":"<p>Eshte nj\u00eb k\u00ebng\u00ebtare shum\u00eb e p\u00eblqyer n\u00eb Kosov\u00eb por edhe n\u00eb Shqip\u00ebri. Ajo \u00e7do vit gjat\u00eb sezonit veror performon \u201clive\u201d n\u00eb nj\u00eb nga lokalet n\u00eb Durr\u00ebs, e shoq\u00ebruar gjithmon\u00eb nga i ati Rahmani, t\u00eb cilin e ka edhe menaxher. Edona para disa viteve ka qen\u00eb e martuar me nj\u00eb biznesmen kosovar i cili jetonte dhe [&hellip;]<\/p>\n","protected":false},"author":1,"featured_media":0,"comment_status":"open","ping_status":"closed","sticky":false,"template":"","format":"standard","meta":{"spay_email":"","jetpack_publicize_message":"","jetpack_is_tweetstorm":false,"jetpack_publicize_feature_enabled":true},"categories":[1],"tags":[224],"jetpack_publicize_connections":[],"yoast_head":"<!-- This site is optimized with the Yoast SEO plugin v19.1 - https:\/\/yoast.com\/wordpress\/plugins\/seo\/ -->\n<title>Edona Llalloshi fejohet perseri - Lajme nga Ulqini<\/title>\n<meta name=\"description\" content=\"Eshte nj\u00eb k\u00ebng\u00ebtare shum\u00eb e p\u00eblqyer n\u00eb Kosov\u00eb por edhe n\u00eb Shqip\u00ebri. Ajo \u00e7do vit gjat\u00eb sezonit veror performon \u201clive\u201d n\u00eb nj\u00eb nga lokalet n\u00eb Durr\u00ebs, e\" \/>\n<meta name=\"robots\" content=\"index, follow, max-snippet:-1, max-image-preview:large, max-video-preview:-1\" \/>\n<link rel=\"canonical\" href=\"https:\/\/www.visit-ulcinj.com\/blog\/2010\/10\/07\/edona-llalloshi-fejohet-perseri\/\" \/>\n<meta property=\"og:locale\" content=\"en_US\" \/>\n<meta property=\"og:type\" content=\"article\" \/>\n<meta property=\"og:title\" content=\"Edona Llalloshi fejohet perseri - Lajme nga Ulqini\" \/>\n<meta property=\"og:description\" content=\"Eshte nj\u00eb k\u00ebng\u00ebtare shum\u00eb e p\u00eblqyer n\u00eb Kosov\u00eb por edhe n\u00eb Shqip\u00ebri. Ajo \u00e7do vit gjat\u00eb sezonit veror performon \u201clive\u201d n\u00eb nj\u00eb nga lokalet n\u00eb Durr\u00ebs, e\" \/>\n<meta property=\"og:url\" content=\"https:\/\/www.visit-ulcinj.com\/blog\/2010\/10\/07\/edona-llalloshi-fejohet-perseri\/\" \/>\n<meta property=\"og:site_name\" content=\"Lajme nga Ulqini\" \/>\n<meta property=\"article:published_time\" content=\"2010-10-07T17:08:30+00:00\" \/>\n<meta property=\"og:image\" content=\"http:\/\/www.visit-ulcinj.com\/blog\/wp-content\/uploads\/2010\/10\/Edona-Llalloshi-fejohet.jpg\" \/>\n<meta name=\"twitter:label1\" content=\"Written by\" \/>\n\t<meta name=\"twitter:data1\" content=\"ulqini\" \/>\n\t<meta name=\"twitter:label2\" content=\"Est. reading time\" \/>\n\t<meta name=\"twitter:data2\" content=\"2 minutes\" \/>\n<script type=\"application\/ld+json\" class=\"yoast-schema-graph\">{\"@context\":\"https:\/\/schema.org\",\"@graph\":[{\"@type\":\"WebSite\",\"@id\":\"https:\/\/www.visit-ulcinj.com\/blog\/#website\",\"url\":\"https:\/\/www.visit-ulcinj.com\/blog\/\",\"name\":\"Lajme nga Ulqini\",\"description\":\"Lajme,Vijesti,Ulqini,Ulqin,Crna Gora,Mali i Zi\",\"potentialAction\":[{\"@type\":\"SearchAction\",\"target\":{\"@type\":\"EntryPoint\",\"urlTemplate\":\"https:\/\/www.visit-ulcinj.com\/blog\/?s={search_term_string}\"},\"query-input\":\"required name=search_term_string\"}],\"inLanguage\":\"en-US\"},{\"@type\":\"ImageObject\",\"inLanguage\":\"en-US\",\"@id\":\"https:\/\/www.visit-ulcinj.com\/blog\/2010\/10\/07\/edona-llalloshi-fejohet-perseri\/#primaryimage\",\"url\":\"http:\/\/www.visit-ulcinj.com\/blog\/wp-content\/uploads\/2010\/10\/Edona-Llalloshi-fejohet.jpg\",\"contentUrl\":\"http:\/\/www.visit-ulcinj.com\/blog\/wp-content\/uploads\/2010\/10\/Edona-Llalloshi-fejohet.jpg\"},{\"@type\":\"WebPage\",\"@id\":\"https:\/\/www.visit-ulcinj.com\/blog\/2010\/10\/07\/edona-llalloshi-fejohet-perseri\/#webpage\",\"url\":\"https:\/\/www.visit-ulcinj.com\/blog\/2010\/10\/07\/edona-llalloshi-fejohet-perseri\/\",\"name\":\"Edona Llalloshi fejohet perseri - Lajme nga Ulqini\",\"isPartOf\":{\"@id\":\"https:\/\/www.visit-ulcinj.com\/blog\/#website\"},\"primaryImageOfPage\":{\"@id\":\"https:\/\/www.visit-ulcinj.com\/blog\/2010\/10\/07\/edona-llalloshi-fejohet-perseri\/#primaryimage\"},\"datePublished\":\"2010-10-07T17:08:30+00:00\",\"dateModified\":\"2010-10-07T17:08:30+00:00\",\"author\":{\"@id\":\"https:\/\/www.visit-ulcinj.com\/blog\/#\/schema\/person\/dcab619c614d3038751c63bc2aadc06d\"},\"description\":\"Eshte nj\u00eb k\u00ebng\u00ebtare shum\u00eb e p\u00eblqyer n\u00eb Kosov\u00eb por edhe n\u00eb Shqip\u00ebri. Ajo \u00e7do vit gjat\u00eb sezonit veror performon \u201clive\u201d n\u00eb nj\u00eb nga lokalet n\u00eb Durr\u00ebs, e\",\"breadcrumb\":{\"@id\":\"https:\/\/www.visit-ulcinj.com\/blog\/2010\/10\/07\/edona-llalloshi-fejohet-perseri\/#breadcrumb\"},\"inLanguage\":\"en-US\",\"potentialAction\":[{\"@type\":\"ReadAction\",\"target\":[\"https:\/\/www.visit-ulcinj.com\/blog\/2010\/10\/07\/edona-llalloshi-fejohet-perseri\/\"]}]},{\"@type\":\"BreadcrumbList\",\"@id\":\"https:\/\/www.visit-ulcinj.com\/blog\/2010\/10\/07\/edona-llalloshi-fejohet-perseri\/#breadcrumb\",\"itemListElement\":[{\"@type\":\"ListItem\",\"position\":1,\"name\":\"Edona Llalloshi fejohet perseri\"}]},{\"@type\":\"Person\",\"@id\":\"https:\/\/www.visit-ulcinj.com\/blog\/#\/schema\/person\/dcab619c614d3038751c63bc2aadc06d\",\"name\":\"ulqini\",\"sameAs\":[\"http:\/\/www.visit-ulcinj.com\"],\"url\":\"https:\/\/www.visit-ulcinj.com\/blog\/author\/admin\/\"}]}<\/script>\n<!-- \/ Yoast SEO plugin. -->","yoast_head_json":{"title":"Edona Llalloshi fejohet perseri - Lajme nga Ulqini","description":"Eshte nj\u00eb k\u00ebng\u00ebtare shum\u00eb e p\u00eblqyer n\u00eb Kosov\u00eb por edhe n\u00eb Shqip\u00ebri. Ajo \u00e7do vit gjat\u00eb sezonit veror performon \u201clive\u201d n\u00eb nj\u00eb nga lokalet n\u00eb Durr\u00ebs, e","robots":{"index":"index","follow":"follow","max-snippet":"max-snippet:-1","max-image-preview":"max-image-preview:large","max-video-preview":"max-video-preview:-1"},"canonical":"https:\/\/www.visit-ulcinj.com\/blog\/2010\/10\/07\/edona-llalloshi-fejohet-perseri\/","og_locale":"en_US","og_type":"article","og_title":"Edona Llalloshi fejohet perseri - Lajme nga Ulqini","og_description":"Eshte nj\u00eb k\u00ebng\u00ebtare shum\u00eb e p\u00eblqyer n\u00eb Kosov\u00eb por edhe n\u00eb Shqip\u00ebri. Ajo \u00e7do vit gjat\u00eb sezonit veror performon \u201clive\u201d n\u00eb nj\u00eb nga lokalet n\u00eb Durr\u00ebs, e","og_url":"https:\/\/www.visit-ulcinj.com\/blog\/2010\/10\/07\/edona-llalloshi-fejohet-perseri\/","og_site_name":"Lajme nga Ulqini","article_published_time":"2010-10-07T17:08:30+00:00","og_image":[{"url":"http:\/\/www.visit-ulcinj.com\/blog\/wp-content\/uploads\/2010\/10\/Edona-Llalloshi-fejohet.jpg"}],"twitter_misc":{"Written by":"ulqini","Est. reading time":"2 minutes"},"schema":{"@context":"https:\/\/schema.org","@graph":[{"@type":"WebSite","@id":"https:\/\/www.visit-ulcinj.com\/blog\/#website","url":"https:\/\/www.visit-ulcinj.com\/blog\/","name":"Lajme nga Ulqini","description":"Lajme,Vijesti,Ulqini,Ulqin,Crna Gora,Mali i Zi","potentialAction":[{"@type":"SearchAction","target":{"@type":"EntryPoint","urlTemplate":"https:\/\/www.visit-ulcinj.com\/blog\/?s={search_term_string}"},"query-input":"required name=search_term_string"}],"inLanguage":"en-US"},{"@type":"ImageObject","inLanguage":"en-US","@id":"https:\/\/www.visit-ulcinj.com\/blog\/2010\/10\/07\/edona-llalloshi-fejohet-perseri\/#primaryimage","url":"http:\/\/www.visit-ulcinj.com\/blog\/wp-content\/uploads\/2010\/10\/Edona-Llalloshi-fejohet.jpg","contentUrl":"http:\/\/www.visit-ulcinj.com\/blog\/wp-content\/uploads\/2010\/10\/Edona-Llalloshi-fejohet.jpg"},{"@type":"WebPage","@id":"https:\/\/www.visit-ulcinj.com\/blog\/2010\/10\/07\/edona-llalloshi-fejohet-perseri\/#webpage","url":"https:\/\/www.visit-ulcinj.com\/blog\/2010\/10\/07\/edona-llalloshi-fejohet-perseri\/","name":"Edona Llalloshi fejohet perseri - Lajme nga Ulqini","isPartOf":{"@id":"https:\/\/www.visit-ulcinj.com\/blog\/#website"},"primaryImageOfPage":{"@id":"https:\/\/www.visit-ulcinj.com\/blog\/2010\/10\/07\/edona-llalloshi-fejohet-perseri\/#primaryimage"},"datePublished":"2010-10-07T17:08:30+00:00","dateModified":"2010-10-07T17:08:30+00:00","author":{"@id":"https:\/\/www.visit-ulcinj.com\/blog\/#\/schema\/person\/dcab619c614d3038751c63bc2aadc06d"},"description":"Eshte nj\u00eb k\u00ebng\u00ebtare shum\u00eb e p\u00eblqyer n\u00eb Kosov\u00eb por edhe n\u00eb Shqip\u00ebri. Ajo \u00e7do vit gjat\u00eb sezonit veror performon \u201clive\u201d n\u00eb nj\u00eb nga lokalet n\u00eb Durr\u00ebs, e","breadcrumb":{"@id":"https:\/\/www.visit-ulcinj.com\/blog\/2010\/10\/07\/edona-llalloshi-fejohet-perseri\/#breadcrumb"},"inLanguage":"en-US","potentialAction":[{"@type":"ReadAction","target":["https:\/\/www.visit-ulcinj.com\/blog\/2010\/10\/07\/edona-llalloshi-fejohet-perseri\/"]}]},{"@type":"BreadcrumbList","@id":"https:\/\/www.visit-ulcinj.com\/blog\/2010\/10\/07\/edona-llalloshi-fejohet-perseri\/#breadcrumb","itemListElement":[{"@type":"ListItem","position":1,"name":"Edona Llalloshi fejohet perseri"}]},{"@type":"Person","@id":"https:\/\/www.visit-ulcinj.com\/blog\/#\/schema\/person\/dcab619c614d3038751c63bc2aadc06d","name":"ulqini","sameAs":["http:\/\/www.visit-ulcinj.com"],"url":"https:\/\/www.visit-ulcinj.com\/blog\/author\/admin\/"}]}},"jetpack_featured_media_url":"","jetpack_sharing_enabled":true,"jetpack_shortlink":"https:\/\/wp.me\/pe6lTn-9Wk","_links":{"self":[{"href":"https:\/\/www.visit-ulcinj.com\/blog\/wp-json\/wp\/v2\/posts\/38212"}],"collection":[{"href":"https:\/\/www.visit-ulcinj.com\/blog\/wp-json\/wp\/v2\/posts"}],"about":[{"href":"https:\/\/www.visit-ulcinj.com\/blog\/wp-json\/wp\/v2\/types\/post"}],"author":[{"embeddable":true,"href":"https:\/\/www.visit-ulcinj.com\/blog\/wp-json\/wp\/v2\/users\/1"}],"replies":[{"embeddable":true,"href":"https:\/\/www.visit-ulcinj.com\/blog\/wp-json\/wp\/v2\/comments?post=38212"}],"version-history":[{"count":0,"href":"https:\/\/www.visit-ulcinj.com\/blog\/wp-json\/wp\/v2\/posts\/38212\/revisions"}],"wp:attachment":[{"href":"https:\/\/www.visit-ulcinj.com\/blog\/wp-json\/wp\/v2\/media?parent=38212"}],"wp:term":[{"taxonomy":"category","embeddable":true,"href":"https:\/\/www.visit-ulcinj.com\/blog\/wp-json\/wp\/v2\/categories?post=38212"},{"taxonomy":"post_tag","embeddable":true,"href":"https:\/\/www.visit-ulcinj.com\/blog\/wp-json\/wp\/v2\/tags?post=38212"}],"curies":[{"name":"wp","href":"https:\/\/api.w.org\/{rel}","templated":true}]}}