{"id":38219,"date":"2010-10-07T19:30:41","date_gmt":"2010-10-07T17:30:41","guid":{"rendered":"http:\/\/www.visit-ulcinj.com\/blog\/?p=38219"},"modified":"2010-10-08T08:51:15","modified_gmt":"2010-10-08T06:51:15","slug":"vendoset-gurthemeli-per-ndertimin-e-ures-ne-porto-milen","status":"publish","type":"post","link":"https:\/\/www.visit-ulcinj.com\/blog\/2010\/10\/07\/vendoset-gurthemeli-per-ndertimin-e-ures-ne-porto-milen\/","title":{"rendered":"Vendoset gurthemeli p\u00ebr nd\u00ebrtimin e ur\u00ebs n\u00eb Porto Milen"},"content":{"rendered":"<p><a href=\"http:\/\/www.visit-ulcinj.com\/blog\/wp-content\/uploads\/2009\/08\/Rasklopni-most-na-Port-Mileni.211.jpg\"><img loading=\"lazy\" class=\"alignleft size-full wp-image-24542\" title=\"Rasklopni most na Port Mileni.21\" src=\"http:\/\/www.visit-ulcinj.com\/blog\/wp-content\/uploads\/2009\/08\/Rasklopni-most-na-Port-Mileni.211.jpg\" alt=\"\" width=\"490\" height=\"380\" \/><\/a>Kryeministri i Malit t\u00eb Zi Millo Gjukanoviq dhe kryetari i Komun\u00ebs s\u00eb Ulqinit Gzim Hajdinaga do t\u00eb vendosin sot gurthemelin p\u00ebr nd\u00ebrtimin e ur\u00ebs n\u00eb Porto Milen.<\/p>\n<p>Pas ceremonis\u00eb solemne t\u00eb vendosjes s\u00eb gurit themeltar t\u00eb pranishm\u00ebve do tu drejtohet kryeministri Gjukanoviq, kryetari Komun\u00ebs s\u00eb Ulqinit Hajdinaga, dhe drejtori i drejtoris\u00eb p\u00ebr komunikacion Veselin Grboviq.<\/p>\n<p><strong>TVCG<br \/>\n<\/strong><br \/>\n<strong><a href=\"http:\/\/www.visit-ulcinj.com\/blog\/wp-content\/uploads\/2010\/10\/gzim.mp3\">Gzim Hajdinaga Audio<\/a><\/strong><\/p>\n","protected":false},"excerpt":{"rendered":"<p>Kryeministri i Malit t\u00eb Zi Millo Gjukanoviq dhe kryetari i Komun\u00ebs s\u00eb Ulqinit Gzim Hajdinaga do t\u00eb vendosin sot gurthemelin p\u00ebr nd\u00ebrtimin e ur\u00ebs n\u00eb Porto Milen. Pas ceremonis\u00eb solemne t\u00eb vendosjes s\u00eb gurit themeltar t\u00eb pranishm\u00ebve do tu drejtohet kryeministri Gjukanoviq, kryetari Komun\u00ebs s\u00eb Ulqinit Hajdinaga, dhe drejtori i drejtoris\u00eb p\u00ebr komunikacion Veselin Grboviq. [&hellip;]<\/p>\n","protected":false},"author":1,"featured_media":0,"comment_status":"open","ping_status":"closed","sticky":false,"template":"","format":"standard","meta":{"spay_email":"","jetpack_publicize_message":"","jetpack_is_tweetstorm":false,"jetpack_publicize_feature_enabled":true},"categories":[10],"tags":[200,15916],"jetpack_publicize_connections":[],"yoast_head":"<!-- This site is optimized with the Yoast SEO plugin v19.1 - https:\/\/yoast.com\/wordpress\/plugins\/seo\/ -->\n<title>Vendoset gurthemeli p\u00ebr nd\u00ebrtimin e ur\u00ebs n\u00eb Porto Milen - Lajme nga Ulqini<\/title>\n<meta name=\"description\" content=\"Kryeministri i Malit t\u00eb Zi Millo Gjukanoviq dhe kryetari i Komun\u00ebs s\u00eb Ulqinit Gzim Hajdinaga do t\u00eb vendosin sot gurthemelin p\u00ebr nd\u00ebrtimin e ur\u00ebs n\u00eb Porto\" \/>\n<meta name=\"robots\" content=\"index, follow, max-snippet:-1, max-image-preview:large, max-video-preview:-1\" \/>\n<link rel=\"canonical\" href=\"https:\/\/www.visit-ulcinj.com\/blog\/2010\/10\/07\/vendoset-gurthemeli-per-ndertimin-e-ures-ne-porto-milen\/\" \/>\n<meta property=\"og:locale\" content=\"en_US\" \/>\n<meta property=\"og:type\" content=\"article\" \/>\n<meta property=\"og:title\" content=\"Vendoset gurthemeli p\u00ebr nd\u00ebrtimin e ur\u00ebs n\u00eb Porto Milen - Lajme nga Ulqini\" \/>\n<meta property=\"og:description\" content=\"Kryeministri i Malit t\u00eb Zi Millo Gjukanoviq dhe kryetari i Komun\u00ebs s\u00eb Ulqinit Gzim Hajdinaga do t\u00eb vendosin sot gurthemelin p\u00ebr nd\u00ebrtimin e ur\u00ebs n\u00eb Porto\" \/>\n<meta property=\"og:url\" content=\"https:\/\/www.visit-ulcinj.com\/blog\/2010\/10\/07\/vendoset-gurthemeli-per-ndertimin-e-ures-ne-porto-milen\/\" \/>\n<meta property=\"og:site_name\" content=\"Lajme nga Ulqini\" \/>\n<meta property=\"article:published_time\" content=\"2010-10-07T17:30:41+00:00\" \/>\n<meta property=\"article:modified_time\" content=\"2010-10-08T06:51:15+00:00\" \/>\n<meta property=\"og:image\" content=\"http:\/\/www.visit-ulcinj.com\/blog\/wp-content\/uploads\/2009\/08\/Rasklopni-most-na-Port-Mileni.211.jpg\" \/>\n<meta name=\"twitter:label1\" content=\"Written by\" \/>\n\t<meta name=\"twitter:data1\" content=\"ulqini\" \/>\n<script type=\"application\/ld+json\" class=\"yoast-schema-graph\">{\"@context\":\"https:\/\/schema.org\",\"@graph\":[{\"@type\":\"WebSite\",\"@id\":\"https:\/\/www.visit-ulcinj.com\/blog\/#website\",\"url\":\"https:\/\/www.visit-ulcinj.com\/blog\/\",\"name\":\"Lajme nga Ulqini\",\"description\":\"Lajme,Vijesti,Ulqini,Ulqin,Crna Gora,Mali i Zi\",\"potentialAction\":[{\"@type\":\"SearchAction\",\"target\":{\"@type\":\"EntryPoint\",\"urlTemplate\":\"https:\/\/www.visit-ulcinj.com\/blog\/?s={search_term_string}\"},\"query-input\":\"required name=search_term_string\"}],\"inLanguage\":\"en-US\"},{\"@type\":\"ImageObject\",\"inLanguage\":\"en-US\",\"@id\":\"https:\/\/www.visit-ulcinj.com\/blog\/2010\/10\/07\/vendoset-gurthemeli-per-ndertimin-e-ures-ne-porto-milen\/#primaryimage\",\"url\":\"https:\/\/www.visit-ulcinj.com\/blog\/wp-content\/uploads\/2009\/08\/Rasklopni-most-na-Port-Mileni.211.jpg\",\"contentUrl\":\"https:\/\/www.visit-ulcinj.com\/blog\/wp-content\/uploads\/2009\/08\/Rasklopni-most-na-Port-Mileni.211.jpg\",\"width\":\"1024\",\"height\":\"768\"},{\"@type\":\"WebPage\",\"@id\":\"https:\/\/www.visit-ulcinj.com\/blog\/2010\/10\/07\/vendoset-gurthemeli-per-ndertimin-e-ures-ne-porto-milen\/#webpage\",\"url\":\"https:\/\/www.visit-ulcinj.com\/blog\/2010\/10\/07\/vendoset-gurthemeli-per-ndertimin-e-ures-ne-porto-milen\/\",\"name\":\"Vendoset gurthemeli p\u00ebr nd\u00ebrtimin e ur\u00ebs n\u00eb Porto Milen - Lajme nga Ulqini\",\"isPartOf\":{\"@id\":\"https:\/\/www.visit-ulcinj.com\/blog\/#website\"},\"primaryImageOfPage\":{\"@id\":\"https:\/\/www.visit-ulcinj.com\/blog\/2010\/10\/07\/vendoset-gurthemeli-per-ndertimin-e-ures-ne-porto-milen\/#primaryimage\"},\"datePublished\":\"2010-10-07T17:30:41+00:00\",\"dateModified\":\"2010-10-08T06:51:15+00:00\",\"author\":{\"@id\":\"https:\/\/www.visit-ulcinj.com\/blog\/#\/schema\/person\/dcab619c614d3038751c63bc2aadc06d\"},\"description\":\"Kryeministri i Malit t\u00eb Zi Millo Gjukanoviq dhe kryetari i Komun\u00ebs s\u00eb Ulqinit Gzim Hajdinaga do t\u00eb vendosin sot gurthemelin p\u00ebr nd\u00ebrtimin e ur\u00ebs n\u00eb Porto\",\"breadcrumb\":{\"@id\":\"https:\/\/www.visit-ulcinj.com\/blog\/2010\/10\/07\/vendoset-gurthemeli-per-ndertimin-e-ures-ne-porto-milen\/#breadcrumb\"},\"inLanguage\":\"en-US\",\"potentialAction\":[{\"@type\":\"ReadAction\",\"target\":[\"https:\/\/www.visit-ulcinj.com\/blog\/2010\/10\/07\/vendoset-gurthemeli-per-ndertimin-e-ures-ne-porto-milen\/\"]}]},{\"@type\":\"BreadcrumbList\",\"@id\":\"https:\/\/www.visit-ulcinj.com\/blog\/2010\/10\/07\/vendoset-gurthemeli-per-ndertimin-e-ures-ne-porto-milen\/#breadcrumb\",\"itemListElement\":[{\"@type\":\"ListItem\",\"position\":1,\"name\":\"Vendoset gurthemeli p\u00ebr nd\u00ebrtimin e ur\u00ebs n\u00eb Porto Milen\"}]},{\"@type\":\"Person\",\"@id\":\"https:\/\/www.visit-ulcinj.com\/blog\/#\/schema\/person\/dcab619c614d3038751c63bc2aadc06d\",\"name\":\"ulqini\",\"sameAs\":[\"http:\/\/www.visit-ulcinj.com\"],\"url\":\"https:\/\/www.visit-ulcinj.com\/blog\/author\/admin\/\"}]}<\/script>\n<!-- \/ Yoast SEO plugin. -->","yoast_head_json":{"title":"Vendoset gurthemeli p\u00ebr nd\u00ebrtimin e ur\u00ebs n\u00eb Porto Milen - Lajme nga Ulqini","description":"Kryeministri i Malit t\u00eb Zi Millo Gjukanoviq dhe kryetari i Komun\u00ebs s\u00eb Ulqinit Gzim Hajdinaga do t\u00eb vendosin sot gurthemelin p\u00ebr nd\u00ebrtimin e ur\u00ebs n\u00eb Porto","robots":{"index":"index","follow":"follow","max-snippet":"max-snippet:-1","max-image-preview":"max-image-preview:large","max-video-preview":"max-video-preview:-1"},"canonical":"https:\/\/www.visit-ulcinj.com\/blog\/2010\/10\/07\/vendoset-gurthemeli-per-ndertimin-e-ures-ne-porto-milen\/","og_locale":"en_US","og_type":"article","og_title":"Vendoset gurthemeli p\u00ebr nd\u00ebrtimin e ur\u00ebs n\u00eb Porto Milen - Lajme nga Ulqini","og_description":"Kryeministri i Malit t\u00eb Zi Millo Gjukanoviq dhe kryetari i Komun\u00ebs s\u00eb Ulqinit Gzim Hajdinaga do t\u00eb vendosin sot gurthemelin p\u00ebr nd\u00ebrtimin e ur\u00ebs n\u00eb Porto","og_url":"https:\/\/www.visit-ulcinj.com\/blog\/2010\/10\/07\/vendoset-gurthemeli-per-ndertimin-e-ures-ne-porto-milen\/","og_site_name":"Lajme nga Ulqini","article_published_time":"2010-10-07T17:30:41+00:00","article_modified_time":"2010-10-08T06:51:15+00:00","og_image":[{"url":"http:\/\/www.visit-ulcinj.com\/blog\/wp-content\/uploads\/2009\/08\/Rasklopni-most-na-Port-Mileni.211.jpg"}],"twitter_misc":{"Written by":"ulqini"},"schema":{"@context":"https:\/\/schema.org","@graph":[{"@type":"WebSite","@id":"https:\/\/www.visit-ulcinj.com\/blog\/#website","url":"https:\/\/www.visit-ulcinj.com\/blog\/","name":"Lajme nga Ulqini","description":"Lajme,Vijesti,Ulqini,Ulqin,Crna Gora,Mali i Zi","potentialAction":[{"@type":"SearchAction","target":{"@type":"EntryPoint","urlTemplate":"https:\/\/www.visit-ulcinj.com\/blog\/?s={search_term_string}"},"query-input":"required name=search_term_string"}],"inLanguage":"en-US"},{"@type":"ImageObject","inLanguage":"en-US","@id":"https:\/\/www.visit-ulcinj.com\/blog\/2010\/10\/07\/vendoset-gurthemeli-per-ndertimin-e-ures-ne-porto-milen\/#primaryimage","url":"https:\/\/www.visit-ulcinj.com\/blog\/wp-content\/uploads\/2009\/08\/Rasklopni-most-na-Port-Mileni.211.jpg","contentUrl":"https:\/\/www.visit-ulcinj.com\/blog\/wp-content\/uploads\/2009\/08\/Rasklopni-most-na-Port-Mileni.211.jpg","width":"1024","height":"768"},{"@type":"WebPage","@id":"https:\/\/www.visit-ulcinj.com\/blog\/2010\/10\/07\/vendoset-gurthemeli-per-ndertimin-e-ures-ne-porto-milen\/#webpage","url":"https:\/\/www.visit-ulcinj.com\/blog\/2010\/10\/07\/vendoset-gurthemeli-per-ndertimin-e-ures-ne-porto-milen\/","name":"Vendoset gurthemeli p\u00ebr nd\u00ebrtimin e ur\u00ebs n\u00eb Porto Milen - Lajme nga Ulqini","isPartOf":{"@id":"https:\/\/www.visit-ulcinj.com\/blog\/#website"},"primaryImageOfPage":{"@id":"https:\/\/www.visit-ulcinj.com\/blog\/2010\/10\/07\/vendoset-gurthemeli-per-ndertimin-e-ures-ne-porto-milen\/#primaryimage"},"datePublished":"2010-10-07T17:30:41+00:00","dateModified":"2010-10-08T06:51:15+00:00","author":{"@id":"https:\/\/www.visit-ulcinj.com\/blog\/#\/schema\/person\/dcab619c614d3038751c63bc2aadc06d"},"description":"Kryeministri i Malit t\u00eb Zi Millo Gjukanoviq dhe kryetari i Komun\u00ebs s\u00eb Ulqinit Gzim Hajdinaga do t\u00eb vendosin sot gurthemelin p\u00ebr nd\u00ebrtimin e ur\u00ebs n\u00eb Porto","breadcrumb":{"@id":"https:\/\/www.visit-ulcinj.com\/blog\/2010\/10\/07\/vendoset-gurthemeli-per-ndertimin-e-ures-ne-porto-milen\/#breadcrumb"},"inLanguage":"en-US","potentialAction":[{"@type":"ReadAction","target":["https:\/\/www.visit-ulcinj.com\/blog\/2010\/10\/07\/vendoset-gurthemeli-per-ndertimin-e-ures-ne-porto-milen\/"]}]},{"@type":"BreadcrumbList","@id":"https:\/\/www.visit-ulcinj.com\/blog\/2010\/10\/07\/vendoset-gurthemeli-per-ndertimin-e-ures-ne-porto-milen\/#breadcrumb","itemListElement":[{"@type":"ListItem","position":1,"name":"Vendoset gurthemeli p\u00ebr nd\u00ebrtimin e ur\u00ebs n\u00eb Porto Milen"}]},{"@type":"Person","@id":"https:\/\/www.visit-ulcinj.com\/blog\/#\/schema\/person\/dcab619c614d3038751c63bc2aadc06d","name":"ulqini","sameAs":["http:\/\/www.visit-ulcinj.com"],"url":"https:\/\/www.visit-ulcinj.com\/blog\/author\/admin\/"}]}},"jetpack_featured_media_url":"","jetpack_sharing_enabled":true,"jetpack_shortlink":"https:\/\/wp.me\/pe6lTn-9Wr","_links":{"self":[{"href":"https:\/\/www.visit-ulcinj.com\/blog\/wp-json\/wp\/v2\/posts\/38219"}],"collection":[{"href":"https:\/\/www.visit-ulcinj.com\/blog\/wp-json\/wp\/v2\/posts"}],"about":[{"href":"https:\/\/www.visit-ulcinj.com\/blog\/wp-json\/wp\/v2\/types\/post"}],"author":[{"embeddable":true,"href":"https:\/\/www.visit-ulcinj.com\/blog\/wp-json\/wp\/v2\/users\/1"}],"replies":[{"embeddable":true,"href":"https:\/\/www.visit-ulcinj.com\/blog\/wp-json\/wp\/v2\/comments?post=38219"}],"version-history":[{"count":0,"href":"https:\/\/www.visit-ulcinj.com\/blog\/wp-json\/wp\/v2\/posts\/38219\/revisions"}],"wp:attachment":[{"href":"https:\/\/www.visit-ulcinj.com\/blog\/wp-json\/wp\/v2\/media?parent=38219"}],"wp:term":[{"taxonomy":"category","embeddable":true,"href":"https:\/\/www.visit-ulcinj.com\/blog\/wp-json\/wp\/v2\/categories?post=38219"},{"taxonomy":"post_tag","embeddable":true,"href":"https:\/\/www.visit-ulcinj.com\/blog\/wp-json\/wp\/v2\/tags?post=38219"}],"curies":[{"name":"wp","href":"https:\/\/api.w.org\/{rel}","templated":true}]}}