{"id":38222,"date":"2010-10-08T08:46:43","date_gmt":"2010-10-08T06:46:43","guid":{"rendered":"http:\/\/www.visit-ulcinj.com\/blog\/?p=38222"},"modified":"2010-10-16T20:29:56","modified_gmt":"2010-10-16T18:29:56","slug":"prvi-kamen-za-port-milenu","status":"publish","type":"post","link":"https:\/\/www.visit-ulcinj.com\/blog\/2010\/10\/08\/prvi-kamen-za-port-milenu\/","title":{"rendered":"Prvi kamen za Port Milenu &#8211; Foto"},"content":{"rendered":"<p><a href=\"http:\/\/www.visit-ulcinj.com\/blog\/wp-content\/uploads\/2010\/10\/Prvi-kamen-za-Port-Milenu.jpg\"><img loading=\"lazy\" class=\"alignleft size-full wp-image-38223\" title=\"Prvi kamen za Port Milenu\" src=\"http:\/\/www.visit-ulcinj.com\/blog\/wp-content\/uploads\/2010\/10\/Prvi-kamen-za-Port-Milenu.jpg\" alt=\"\" width=\"490\" height=\"307\" srcset=\"https:\/\/www.visit-ulcinj.com\/blog\/wp-content\/uploads\/2010\/10\/Prvi-kamen-za-Port-Milenu.jpg 490w, https:\/\/www.visit-ulcinj.com\/blog\/wp-content\/uploads\/2010\/10\/Prvi-kamen-za-Port-Milenu-300x187.jpg 300w\" sizes=\"(max-width: 490px) 100vw, 490px\" \/><\/a>U Ulcinju je danas ozna\u010den po\u010detak izgradnje mosta na Port Mileni, koji treba da doprinese punoj valorizaciji turisti\u010dkih potencijala op\u0161tine. Kamen temeljec za izgradnju tog objekta, vrijednog 14 miliona eura, polo\u017eio je premijer Milo \u0110ukanovi\u0107.<\/p>\n<p>On je rekao da se radi o mostu koji treba da doprinese punoj valorizaciji velikih turisti\u010dkih potencijala Ulcinja i \u010ditave Crne Gore.<\/p>\n<p>&#8220;Po\u010detak radova na ovom objektu potvr\u0111uje da Vlada Crne Gore nastavlja sa sistematskom posve\u0107eno\u0161\u0107u unaprje\u0111enju infrastrukture koja treba da dovede do pune valorizacije na\u0161ih turisti\u010dkih potencijala&#8221;, rekao je \u0110ukanovi\u0107.<\/p>\n<p>On je istakao da se i u kriznom vremenu mora nastaviti sa daljim unaprje\u0111enjem infrastrukture u Crnoj Gori.<\/p>\n<p>&#8220;Tek kada u potpunosti obezbijedimo kvalitetnu infrastruktutru stvorili smo pretpostavke da se u punom zamahu mogu iskoristiti na\u0161i turisti\u010dki i drugi razvojni potencijali&#8221;, naveo je premijer.<\/p>\n<p>\u0110ukanovi\u0107 je rekao da Ulcinj posjeduje zna\u010dajne turisti\u010dke potencijale u Velikoj pla\u017ei, Adi i Valdanosu, koji kroz odgovaraju\u0107e projekte treba da do\u017eive svoju punu valorizaciju.<\/p>\n<p>Most \u0107e imati pokretnu konstrukciju koja \u0107e obezbijediti prolaz plovilima sa visokom nadgradnjom, a rok za izgradnju je 18 mjeseci.<\/p>\n<p><strong>RTCG<br \/>\n<a href=\"http:\/\/www.visit-ulcinj.com\/blog\/wp-content\/uploads\/2010\/10\/milo-port.mp3\">Audio zapis: Obra\u0107anje predsjednika Vlade Mila \u0110ukanovi\u0107 na polaganju kamen &#8211; temeljca povodom po\u010detka izgradnje mosta na Port Mileni&#8230; <\/a><\/strong><strong><\/strong><\/p>\n<p><strong><br \/>\n<a href=\"http:\/\/www.visit-ulcinj.com\/blog\/wp-content\/uploads\/2010\/10\/gzim.mp3\">Gzim Hajdinaga Audio<br \/>\n\n\t\t<style type=\"text\/css\">\n\t\t\t#gallery-1 {\n\t\t\t\tmargin: auto;\n\t\t\t}\n\t\t\t#gallery-1 .gallery-item {\n\t\t\t\tfloat: left;\n\t\t\t\tmargin-top: 10px;\n\t\t\t\ttext-align: center;\n\t\t\t\twidth: 33%;\n\t\t\t}\n\t\t\t#gallery-1 img {\n\t\t\t\tborder: 2px solid #cfcfcf;\n\t\t\t}\n\t\t\t#gallery-1 .gallery-caption {\n\t\t\t\tmargin-left: 0;\n\t\t\t}\n\t\t\t\/* see gallery_shortcode() in wp-includes\/media.php *\/\n\t\t<\/style>\n\t\t<div id='gallery-1' class='gallery galleryid-38222 gallery-columns-3 gallery-size-thumbnail'><dl class='gallery-item'>\n\t\t\t<dt class='gallery-icon landscape'>\n\t\t\t\t<a href='https:\/\/www.visit-ulcinj.com\/blog\/wp-content\/uploads\/2010\/10\/Prvi-kamen-za-Port-Milenu.jpg'><img width=\"150\" height=\"150\" src=\"https:\/\/www.visit-ulcinj.com\/blog\/wp-content\/uploads\/2010\/10\/Prvi-kamen-za-Port-Milenu-150x150.jpg\" class=\"attachment-thumbnail size-thumbnail\" alt=\"\" loading=\"lazy\" \/><\/a>\n\t\t\t<\/dt><\/dl><dl class='gallery-item'>\n\t\t\t<dt class='gallery-icon portrait'>\n\t\t\t\t<a href='https:\/\/www.visit-ulcinj.com\/blog\/wp-content\/uploads\/2010\/10\/Postavljanje-kamena-temeljca-za-most-na-Port-Mileni.1.jpg'><img width=\"150\" height=\"150\" src=\"https:\/\/www.visit-ulcinj.com\/blog\/wp-content\/uploads\/2010\/10\/Postavljanje-kamena-temeljca-za-most-na-Port-Mileni.1-150x150.jpg\" class=\"attachment-thumbnail size-thumbnail\" alt=\"\" loading=\"lazy\" \/><\/a>\n\t\t\t<\/dt><\/dl><dl class='gallery-item'>\n\t\t\t<dt class='gallery-icon portrait'>\n\t\t\t\t<a href='https:\/\/www.visit-ulcinj.com\/blog\/wp-content\/uploads\/2010\/10\/Postavljanje-kamena-temeljca-za-most-na-Port-Mileni.2.jpg'><img width=\"150\" height=\"150\" src=\"https:\/\/www.visit-ulcinj.com\/blog\/wp-content\/uploads\/2010\/10\/Postavljanje-kamena-temeljca-za-most-na-Port-Mileni.2-150x150.jpg\" class=\"attachment-thumbnail size-thumbnail\" alt=\"\" loading=\"lazy\" \/><\/a>\n\t\t\t<\/dt><\/dl><br style=\"clear: both\" \/><dl class='gallery-item'>\n\t\t\t<dt class='gallery-icon portrait'>\n\t\t\t\t<a href='https:\/\/www.visit-ulcinj.com\/blog\/wp-content\/uploads\/2010\/10\/Postavljanje-kamena-temeljca-za-most-na-Port-Mileni.3.jpg'><img width=\"150\" height=\"150\" src=\"https:\/\/www.visit-ulcinj.com\/blog\/wp-content\/uploads\/2010\/10\/Postavljanje-kamena-temeljca-za-most-na-Port-Mileni.3-150x150.jpg\" class=\"attachment-thumbnail size-thumbnail\" alt=\"\" loading=\"lazy\" \/><\/a>\n\t\t\t<\/dt><\/dl><dl class='gallery-item'>\n\t\t\t<dt class='gallery-icon portrait'>\n\t\t\t\t<a href='https:\/\/www.visit-ulcinj.com\/blog\/wp-content\/uploads\/2010\/10\/Postavljanje-kamena-temeljca-za-most-na-Port-Mileni.4.jpg'><img width=\"150\" height=\"150\" src=\"https:\/\/www.visit-ulcinj.com\/blog\/wp-content\/uploads\/2010\/10\/Postavljanje-kamena-temeljca-za-most-na-Port-Mileni.4-150x150.jpg\" class=\"attachment-thumbnail size-thumbnail\" alt=\"\" loading=\"lazy\" \/><\/a>\n\t\t\t<\/dt><\/dl><dl class='gallery-item'>\n\t\t\t<dt class='gallery-icon portrait'>\n\t\t\t\t<a href='https:\/\/www.visit-ulcinj.com\/blog\/wp-content\/uploads\/2010\/10\/Postavljanje-kamena-temeljca-za-most-na-Port-Mileni.5.jpg'><img width=\"150\" height=\"150\" src=\"https:\/\/www.visit-ulcinj.com\/blog\/wp-content\/uploads\/2010\/10\/Postavljanje-kamena-temeljca-za-most-na-Port-Mileni.5-150x150.jpg\" class=\"attachment-thumbnail size-thumbnail\" alt=\"\" loading=\"lazy\" \/><\/a>\n\t\t\t<\/dt><\/dl><br style=\"clear: both\" \/><dl class='gallery-item'>\n\t\t\t<dt class='gallery-icon portrait'>\n\t\t\t\t<a href='https:\/\/www.visit-ulcinj.com\/blog\/wp-content\/uploads\/2010\/10\/Postavljanje-kamena-temeljca-za-most-na-Port-Mileni.6.jpg'><img width=\"150\" height=\"150\" src=\"https:\/\/www.visit-ulcinj.com\/blog\/wp-content\/uploads\/2010\/10\/Postavljanje-kamena-temeljca-za-most-na-Port-Mileni.6-150x150.jpg\" class=\"attachment-thumbnail size-thumbnail\" alt=\"\" loading=\"lazy\" \/><\/a>\n\t\t\t<\/dt><\/dl><dl class='gallery-item'>\n\t\t\t<dt class='gallery-icon portrait'>\n\t\t\t\t<a href='https:\/\/www.visit-ulcinj.com\/blog\/wp-content\/uploads\/2010\/10\/Postavljanje-kamena-temeljca-za-most-na-Port-Mileni.7.jpg'><img width=\"150\" height=\"150\" src=\"https:\/\/www.visit-ulcinj.com\/blog\/wp-content\/uploads\/2010\/10\/Postavljanje-kamena-temeljca-za-most-na-Port-Mileni.7-150x150.jpg\" class=\"attachment-thumbnail size-thumbnail\" alt=\"\" loading=\"lazy\" \/><\/a>\n\t\t\t<\/dt><\/dl><dl class='gallery-item'>\n\t\t\t<dt class='gallery-icon portrait'>\n\t\t\t\t<a href='https:\/\/www.visit-ulcinj.com\/blog\/wp-content\/uploads\/2010\/10\/Postavljanje-kamena-temeljca-za-most-na-Port-Mileni.8.jpg'><img width=\"150\" height=\"150\" src=\"https:\/\/www.visit-ulcinj.com\/blog\/wp-content\/uploads\/2010\/10\/Postavljanje-kamena-temeljca-za-most-na-Port-Mileni.8-150x150.jpg\" class=\"attachment-thumbnail size-thumbnail\" alt=\"\" loading=\"lazy\" \/><\/a>\n\t\t\t<\/dt><\/dl><br style=\"clear: both\" \/><dl class='gallery-item'>\n\t\t\t<dt class='gallery-icon landscape'>\n\t\t\t\t<a href='https:\/\/www.visit-ulcinj.com\/blog\/wp-content\/uploads\/2010\/10\/Postavljanje-kamena-temeljca-za-most-na-Port-Mileni.9.jpg'><img width=\"150\" height=\"150\" src=\"https:\/\/www.visit-ulcinj.com\/blog\/wp-content\/uploads\/2010\/10\/Postavljanje-kamena-temeljca-za-most-na-Port-Mileni.9-150x150.jpg\" class=\"attachment-thumbnail size-thumbnail\" alt=\"\" loading=\"lazy\" \/><\/a>\n\t\t\t<\/dt><\/dl><dl class='gallery-item'>\n\t\t\t<dt class='gallery-icon landscape'>\n\t\t\t\t<a href='https:\/\/www.visit-ulcinj.com\/blog\/wp-content\/uploads\/2010\/10\/Postavljanje-kamena-temeljca-za-most-na-Port-Mileni.10.jpg'><img width=\"150\" height=\"150\" src=\"https:\/\/www.visit-ulcinj.com\/blog\/wp-content\/uploads\/2010\/10\/Postavljanje-kamena-temeljca-za-most-na-Port-Mileni.10-150x150.jpg\" class=\"attachment-thumbnail size-thumbnail\" alt=\"\" loading=\"lazy\" \/><\/a>\n\t\t\t<\/dt><\/dl><dl class='gallery-item'>\n\t\t\t<dt class='gallery-icon landscape'>\n\t\t\t\t<a href='https:\/\/www.visit-ulcinj.com\/blog\/wp-content\/uploads\/2010\/10\/Postavljanje-kamena-temeljca-za-most-na-Port-Mileni.11.jpg'><img width=\"150\" height=\"150\" src=\"https:\/\/www.visit-ulcinj.com\/blog\/wp-content\/uploads\/2010\/10\/Postavljanje-kamena-temeljca-za-most-na-Port-Mileni.11-150x150.jpg\" class=\"attachment-thumbnail size-thumbnail\" alt=\"\" loading=\"lazy\" \/><\/a>\n\t\t\t<\/dt><\/dl><br style=\"clear: both\" \/><dl class='gallery-item'>\n\t\t\t<dt class='gallery-icon landscape'>\n\t\t\t\t<a href='https:\/\/www.visit-ulcinj.com\/blog\/wp-content\/uploads\/2010\/10\/Postavljanje-kamena-temeljca-za-most-na-Port-Mileni.12.jpg'><img width=\"150\" height=\"150\" src=\"https:\/\/www.visit-ulcinj.com\/blog\/wp-content\/uploads\/2010\/10\/Postavljanje-kamena-temeljca-za-most-na-Port-Mileni.12-150x150.jpg\" class=\"attachment-thumbnail size-thumbnail\" alt=\"\" loading=\"lazy\" \/><\/a>\n\t\t\t<\/dt><\/dl><dl class='gallery-item'>\n\t\t\t<dt class='gallery-icon landscape'>\n\t\t\t\t<a href='https:\/\/www.visit-ulcinj.com\/blog\/wp-content\/uploads\/2010\/10\/Postavljanje-kamena-temeljca-za-most-na-Port-Mileni.13.jpg'><img width=\"150\" height=\"150\" src=\"https:\/\/www.visit-ulcinj.com\/blog\/wp-content\/uploads\/2010\/10\/Postavljanje-kamena-temeljca-za-most-na-Port-Mileni.13-150x150.jpg\" class=\"attachment-thumbnail size-thumbnail\" alt=\"\" loading=\"lazy\" \/><\/a>\n\t\t\t<\/dt><\/dl><dl class='gallery-item'>\n\t\t\t<dt class='gallery-icon landscape'>\n\t\t\t\t<a href='https:\/\/www.visit-ulcinj.com\/blog\/wp-content\/uploads\/2010\/10\/Postavljanje-kamena-temeljca-za-most-na-Port-Mileni.14.jpg'><img width=\"150\" height=\"150\" src=\"https:\/\/www.visit-ulcinj.com\/blog\/wp-content\/uploads\/2010\/10\/Postavljanje-kamena-temeljca-za-most-na-Port-Mileni.14-150x150.jpg\" class=\"attachment-thumbnail size-thumbnail\" alt=\"\" loading=\"lazy\" \/><\/a>\n\t\t\t<\/dt><\/dl><br style=\"clear: both\" \/><dl class='gallery-item'>\n\t\t\t<dt class='gallery-icon landscape'>\n\t\t\t\t<a href='https:\/\/www.visit-ulcinj.com\/blog\/wp-content\/uploads\/2010\/10\/Postavljanje-kamena-temeljca-za-most-na-Port-Mileni.15.jpg'><img width=\"150\" height=\"150\" src=\"https:\/\/www.visit-ulcinj.com\/blog\/wp-content\/uploads\/2010\/10\/Postavljanje-kamena-temeljca-za-most-na-Port-Mileni.15-150x150.jpg\" class=\"attachment-thumbnail size-thumbnail\" alt=\"\" loading=\"lazy\" \/><\/a>\n\t\t\t<\/dt><\/dl><dl class='gallery-item'>\n\t\t\t<dt class='gallery-icon portrait'>\n\t\t\t\t<a href='https:\/\/www.visit-ulcinj.com\/blog\/wp-content\/uploads\/2010\/10\/Postavljanje-kamena-temeljca-za-most-na-Port-Mileni.jpg'><img width=\"150\" height=\"150\" src=\"https:\/\/www.visit-ulcinj.com\/blog\/wp-content\/uploads\/2010\/10\/Postavljanje-kamena-temeljca-za-most-na-Port-Mileni-150x150.jpg\" class=\"attachment-thumbnail size-thumbnail\" alt=\"\" loading=\"lazy\" \/><\/a>\n\t\t\t<\/dt><\/dl><dl class='gallery-item'>\n\t\t\t<dt class='gallery-icon landscape'>\n\t\t\t\t<a href='https:\/\/www.visit-ulcinj.com\/blog\/wp-content\/uploads\/2010\/10\/Gzim-Hajdinaga.jpg'><img width=\"150\" height=\"150\" src=\"https:\/\/www.visit-ulcinj.com\/blog\/wp-content\/uploads\/2010\/10\/Gzim-Hajdinaga-150x150.jpg\" class=\"attachment-thumbnail size-thumbnail\" alt=\"\" loading=\"lazy\" \/><\/a>\n\t\t\t<\/dt><\/dl><br style=\"clear: both\" \/>\n\t\t<\/div>\n<\/p>\n<p><\/a><\/strong><\/p>\n<!--YouTube Error: bad URL entered-->\n","protected":false},"excerpt":{"rendered":"<p>U Ulcinju je danas ozna\u010den po\u010detak izgradnje mosta na Port Mileni, koji treba da doprinese punoj valorizaciji turisti\u010dkih potencijala op\u0161tine. Kamen temeljec za izgradnju tog objekta, vrijednog 14 miliona eura, polo\u017eio je premijer Milo \u0110ukanovi\u0107. On je rekao da se radi o mostu koji treba da doprinese punoj valorizaciji velikih turisti\u010dkih potencijala Ulcinja i \u010ditave [&hellip;]<\/p>\n","protected":false},"author":1,"featured_media":0,"comment_status":"open","ping_status":"closed","sticky":false,"template":"","format":"standard","meta":{"spay_email":"","jetpack_publicize_message":"","jetpack_is_tweetstorm":false,"jetpack_publicize_feature_enabled":true},"categories":[10,1],"tags":[],"jetpack_publicize_connections":[],"yoast_head":"<!-- This site is optimized with the Yoast SEO plugin v19.1 - https:\/\/yoast.com\/wordpress\/plugins\/seo\/ -->\n<title>Prvi kamen za Port Milenu - Foto - Lajme nga Ulqini<\/title>\n<meta name=\"description\" content=\"U Ulcinju je danas ozna\u010den po\u010detak izgradnje mosta na Port Mileni, koji treba da doprinese punoj valorizaciji turisti\u010dkih potencijala op\u0161tine. Kamen\" \/>\n<meta name=\"robots\" content=\"index, follow, max-snippet:-1, max-image-preview:large, max-video-preview:-1\" \/>\n<link rel=\"canonical\" href=\"https:\/\/www.visit-ulcinj.com\/blog\/2010\/10\/08\/prvi-kamen-za-port-milenu\/\" \/>\n<meta property=\"og:locale\" content=\"en_US\" \/>\n<meta property=\"og:type\" content=\"article\" \/>\n<meta property=\"og:title\" content=\"Prvi kamen za Port Milenu - Foto - Lajme nga Ulqini\" \/>\n<meta property=\"og:description\" content=\"U Ulcinju je danas ozna\u010den po\u010detak izgradnje mosta na Port Mileni, koji treba da doprinese punoj valorizaciji turisti\u010dkih potencijala op\u0161tine. Kamen\" \/>\n<meta property=\"og:url\" content=\"https:\/\/www.visit-ulcinj.com\/blog\/2010\/10\/08\/prvi-kamen-za-port-milenu\/\" \/>\n<meta property=\"og:site_name\" content=\"Lajme nga Ulqini\" \/>\n<meta property=\"article:published_time\" content=\"2010-10-08T06:46:43+00:00\" \/>\n<meta property=\"article:modified_time\" content=\"2010-10-16T18:29:56+00:00\" \/>\n<meta property=\"og:image\" content=\"https:\/\/www.visit-ulcinj.com\/blog\/wp-content\/uploads\/2010\/10\/Prvi-kamen-za-Port-Milenu-150x150.jpg\" \/>\n<meta name=\"twitter:label1\" content=\"Written by\" \/>\n\t<meta name=\"twitter:data1\" content=\"ulqini\" \/>\n\t<meta name=\"twitter:label2\" content=\"Est. reading time\" \/>\n\t<meta name=\"twitter:data2\" content=\"1 minute\" \/>\n<script type=\"application\/ld+json\" class=\"yoast-schema-graph\">{\"@context\":\"https:\/\/schema.org\",\"@graph\":[{\"@type\":\"WebSite\",\"@id\":\"https:\/\/www.visit-ulcinj.com\/blog\/#website\",\"url\":\"https:\/\/www.visit-ulcinj.com\/blog\/\",\"name\":\"Lajme nga Ulqini\",\"description\":\"Lajme,Vijesti,Ulqini,Ulqin,Crna Gora,Mali i Zi\",\"potentialAction\":[{\"@type\":\"SearchAction\",\"target\":{\"@type\":\"EntryPoint\",\"urlTemplate\":\"https:\/\/www.visit-ulcinj.com\/blog\/?s={search_term_string}\"},\"query-input\":\"required name=search_term_string\"}],\"inLanguage\":\"en-US\"},{\"@type\":\"ImageObject\",\"inLanguage\":\"en-US\",\"@id\":\"https:\/\/www.visit-ulcinj.com\/blog\/2010\/10\/08\/prvi-kamen-za-port-milenu\/#primaryimage\",\"url\":\"https:\/\/www.visit-ulcinj.com\/blog\/wp-content\/uploads\/2010\/10\/Prvi-kamen-za-Port-Milenu.jpg\",\"contentUrl\":\"https:\/\/www.visit-ulcinj.com\/blog\/wp-content\/uploads\/2010\/10\/Prvi-kamen-za-Port-Milenu.jpg\",\"width\":\"490\",\"height\":\"307\"},{\"@type\":\"WebPage\",\"@id\":\"https:\/\/www.visit-ulcinj.com\/blog\/2010\/10\/08\/prvi-kamen-za-port-milenu\/#webpage\",\"url\":\"https:\/\/www.visit-ulcinj.com\/blog\/2010\/10\/08\/prvi-kamen-za-port-milenu\/\",\"name\":\"Prvi kamen za Port Milenu - Foto - Lajme nga Ulqini\",\"isPartOf\":{\"@id\":\"https:\/\/www.visit-ulcinj.com\/blog\/#website\"},\"primaryImageOfPage\":{\"@id\":\"https:\/\/www.visit-ulcinj.com\/blog\/2010\/10\/08\/prvi-kamen-za-port-milenu\/#primaryimage\"},\"datePublished\":\"2010-10-08T06:46:43+00:00\",\"dateModified\":\"2010-10-16T18:29:56+00:00\",\"author\":{\"@id\":\"https:\/\/www.visit-ulcinj.com\/blog\/#\/schema\/person\/dcab619c614d3038751c63bc2aadc06d\"},\"description\":\"U Ulcinju je danas ozna\u010den po\u010detak izgradnje mosta na Port Mileni, koji treba da doprinese punoj valorizaciji turisti\u010dkih potencijala op\u0161tine. Kamen\",\"breadcrumb\":{\"@id\":\"https:\/\/www.visit-ulcinj.com\/blog\/2010\/10\/08\/prvi-kamen-za-port-milenu\/#breadcrumb\"},\"inLanguage\":\"en-US\",\"potentialAction\":[{\"@type\":\"ReadAction\",\"target\":[\"https:\/\/www.visit-ulcinj.com\/blog\/2010\/10\/08\/prvi-kamen-za-port-milenu\/\"]}]},{\"@type\":\"BreadcrumbList\",\"@id\":\"https:\/\/www.visit-ulcinj.com\/blog\/2010\/10\/08\/prvi-kamen-za-port-milenu\/#breadcrumb\",\"itemListElement\":[{\"@type\":\"ListItem\",\"position\":1,\"name\":\"Prvi kamen za Port Milenu &#8211; Foto\"}]},{\"@type\":\"Person\",\"@id\":\"https:\/\/www.visit-ulcinj.com\/blog\/#\/schema\/person\/dcab619c614d3038751c63bc2aadc06d\",\"name\":\"ulqini\",\"sameAs\":[\"http:\/\/www.visit-ulcinj.com\"],\"url\":\"https:\/\/www.visit-ulcinj.com\/blog\/author\/admin\/\"}]}<\/script>\n<!-- \/ Yoast SEO plugin. -->","yoast_head_json":{"title":"Prvi kamen za Port Milenu - Foto - Lajme nga Ulqini","description":"U Ulcinju je danas ozna\u010den po\u010detak izgradnje mosta na Port Mileni, koji treba da doprinese punoj valorizaciji turisti\u010dkih potencijala op\u0161tine. Kamen","robots":{"index":"index","follow":"follow","max-snippet":"max-snippet:-1","max-image-preview":"max-image-preview:large","max-video-preview":"max-video-preview:-1"},"canonical":"https:\/\/www.visit-ulcinj.com\/blog\/2010\/10\/08\/prvi-kamen-za-port-milenu\/","og_locale":"en_US","og_type":"article","og_title":"Prvi kamen za Port Milenu - Foto - Lajme nga Ulqini","og_description":"U Ulcinju je danas ozna\u010den po\u010detak izgradnje mosta na Port Mileni, koji treba da doprinese punoj valorizaciji turisti\u010dkih potencijala op\u0161tine. Kamen","og_url":"https:\/\/www.visit-ulcinj.com\/blog\/2010\/10\/08\/prvi-kamen-za-port-milenu\/","og_site_name":"Lajme nga Ulqini","article_published_time":"2010-10-08T06:46:43+00:00","article_modified_time":"2010-10-16T18:29:56+00:00","og_image":[{"url":"https:\/\/www.visit-ulcinj.com\/blog\/wp-content\/uploads\/2010\/10\/Prvi-kamen-za-Port-Milenu-150x150.jpg"}],"twitter_misc":{"Written by":"ulqini","Est. reading time":"1 minute"},"schema":{"@context":"https:\/\/schema.org","@graph":[{"@type":"WebSite","@id":"https:\/\/www.visit-ulcinj.com\/blog\/#website","url":"https:\/\/www.visit-ulcinj.com\/blog\/","name":"Lajme nga Ulqini","description":"Lajme,Vijesti,Ulqini,Ulqin,Crna Gora,Mali i Zi","potentialAction":[{"@type":"SearchAction","target":{"@type":"EntryPoint","urlTemplate":"https:\/\/www.visit-ulcinj.com\/blog\/?s={search_term_string}"},"query-input":"required name=search_term_string"}],"inLanguage":"en-US"},{"@type":"ImageObject","inLanguage":"en-US","@id":"https:\/\/www.visit-ulcinj.com\/blog\/2010\/10\/08\/prvi-kamen-za-port-milenu\/#primaryimage","url":"https:\/\/www.visit-ulcinj.com\/blog\/wp-content\/uploads\/2010\/10\/Prvi-kamen-za-Port-Milenu.jpg","contentUrl":"https:\/\/www.visit-ulcinj.com\/blog\/wp-content\/uploads\/2010\/10\/Prvi-kamen-za-Port-Milenu.jpg","width":"490","height":"307"},{"@type":"WebPage","@id":"https:\/\/www.visit-ulcinj.com\/blog\/2010\/10\/08\/prvi-kamen-za-port-milenu\/#webpage","url":"https:\/\/www.visit-ulcinj.com\/blog\/2010\/10\/08\/prvi-kamen-za-port-milenu\/","name":"Prvi kamen za Port Milenu - Foto - Lajme nga Ulqini","isPartOf":{"@id":"https:\/\/www.visit-ulcinj.com\/blog\/#website"},"primaryImageOfPage":{"@id":"https:\/\/www.visit-ulcinj.com\/blog\/2010\/10\/08\/prvi-kamen-za-port-milenu\/#primaryimage"},"datePublished":"2010-10-08T06:46:43+00:00","dateModified":"2010-10-16T18:29:56+00:00","author":{"@id":"https:\/\/www.visit-ulcinj.com\/blog\/#\/schema\/person\/dcab619c614d3038751c63bc2aadc06d"},"description":"U Ulcinju je danas ozna\u010den po\u010detak izgradnje mosta na Port Mileni, koji treba da doprinese punoj valorizaciji turisti\u010dkih potencijala op\u0161tine. Kamen","breadcrumb":{"@id":"https:\/\/www.visit-ulcinj.com\/blog\/2010\/10\/08\/prvi-kamen-za-port-milenu\/#breadcrumb"},"inLanguage":"en-US","potentialAction":[{"@type":"ReadAction","target":["https:\/\/www.visit-ulcinj.com\/blog\/2010\/10\/08\/prvi-kamen-za-port-milenu\/"]}]},{"@type":"BreadcrumbList","@id":"https:\/\/www.visit-ulcinj.com\/blog\/2010\/10\/08\/prvi-kamen-za-port-milenu\/#breadcrumb","itemListElement":[{"@type":"ListItem","position":1,"name":"Prvi kamen za Port Milenu &#8211; Foto"}]},{"@type":"Person","@id":"https:\/\/www.visit-ulcinj.com\/blog\/#\/schema\/person\/dcab619c614d3038751c63bc2aadc06d","name":"ulqini","sameAs":["http:\/\/www.visit-ulcinj.com"],"url":"https:\/\/www.visit-ulcinj.com\/blog\/author\/admin\/"}]}},"jetpack_featured_media_url":"","jetpack_sharing_enabled":true,"jetpack_shortlink":"https:\/\/wp.me\/pe6lTn-9Wu","_links":{"self":[{"href":"https:\/\/www.visit-ulcinj.com\/blog\/wp-json\/wp\/v2\/posts\/38222"}],"collection":[{"href":"https:\/\/www.visit-ulcinj.com\/blog\/wp-json\/wp\/v2\/posts"}],"about":[{"href":"https:\/\/www.visit-ulcinj.com\/blog\/wp-json\/wp\/v2\/types\/post"}],"author":[{"embeddable":true,"href":"https:\/\/www.visit-ulcinj.com\/blog\/wp-json\/wp\/v2\/users\/1"}],"replies":[{"embeddable":true,"href":"https:\/\/www.visit-ulcinj.com\/blog\/wp-json\/wp\/v2\/comments?post=38222"}],"version-history":[{"count":0,"href":"https:\/\/www.visit-ulcinj.com\/blog\/wp-json\/wp\/v2\/posts\/38222\/revisions"}],"wp:attachment":[{"href":"https:\/\/www.visit-ulcinj.com\/blog\/wp-json\/wp\/v2\/media?parent=38222"}],"wp:term":[{"taxonomy":"category","embeddable":true,"href":"https:\/\/www.visit-ulcinj.com\/blog\/wp-json\/wp\/v2\/categories?post=38222"},{"taxonomy":"post_tag","embeddable":true,"href":"https:\/\/www.visit-ulcinj.com\/blog\/wp-json\/wp\/v2\/tags?post=38222"}],"curies":[{"name":"wp","href":"https:\/\/api.w.org\/{rel}","templated":true}]}}