{"id":38256,"date":"2010-10-08T18:34:23","date_gmt":"2010-10-08T16:34:23","guid":{"rendered":"http:\/\/www.visit-ulcinj.com\/blog\/?p=38256"},"modified":"2010-10-16T20:35:49","modified_gmt":"2010-10-16T18:35:49","slug":"dps-ce-opet-sa-dinosom","status":"publish","type":"post","link":"https:\/\/www.visit-ulcinj.com\/blog\/2010\/10\/08\/dps-ce-opet-sa-dinosom\/","title":{"rendered":"DPS \u0107e opet sa Dino\u0161om"},"content":{"rendered":"<p><strong><a href=\"http:\/\/www.visit-ulcinj.com\/blog\/wp-content\/uploads\/2010\/10\/DPS-ce-opet-sa-Dinosom.jpg\"><img loading=\"lazy\" class=\"alignleft size-full wp-image-38257\" title=\"DPS ce opet sa Dinosom\" src=\"http:\/\/www.visit-ulcinj.com\/blog\/wp-content\/uploads\/2010\/10\/DPS-ce-opet-sa-Dinosom.jpg\" alt=\"\" width=\"490\" height=\"620\" \/><\/a>\u0110ukanovi\u0107 o\u010dekuje dobar rezultat u Ulcinju<br \/>\n<\/strong>Ulcinj \u2013 Predsjednik Demokratske partije socijalista Milo \u0110ukanovi\u0107 kazao je ju\u010de da njegova stranka odli\u010dno sara\u0111uje sa Demokratskom unijom Albanaca i najavio mogu\u0107nost da tu saradnju nastave i nakon loklanih izbora u Ulcinju.<br \/>\n\u201cSa DUA imamo odli\u010dnu saradnju na dr\u017eavnom i lokalnom nivou. Iako u Ulcinju ovog puta nastupamo odvojeno, ostavljamo mogu\u0107nost da \u0107emo saradnju nastaviti i nakon izbora\u201d, kazao je \u0110ukanovi\u0107, prilikom postavljanja kamena temeljca za budu\u0107i most na Port Mileni u Ulcinju.<\/p>\n<p>On je kazao da DPS o\u010dekuje dobar rezultat i na saradnju pozvao \u201csve partije koje Crnu Goru vide kao svoju ku\u0107u i koje su spremne predano da rade na punoj valorizaciji uclinjskih resursa\u201d.<br \/>\nLider DUA Ferhat Dino\u0161a podsjetio je da njegova stranka na izbore izlazi u koaliciji sa partijom Demokratskog prosperiteta.<\/p>\n<p>\u201cMislim da \u0107e nam samo mandati DPS-a faliti za apsolutnu vlast, koja je, u to sam siguran, ubjedljivo najboljja ponuda za gra\u0111ane Ulcinja\u201d, poru\u010dio je Dino\u0161a.<br \/>\nRadovi, koje na nastavku bulevara i novom mostu na Port Mileni izvodi slovena\u010dko preduze\u0107e \u201cPrimorje\u201d vrijedni su 14 miliona eura. Premijer \u0110ukanovi\u0107, predsjednik Op\u0161tine Ulcinj Gzim Hajdinaga, i direktor Direkcije za saobra\u0107aj Veselin Grbovi\u0107 obe\u0107ali su ju\u010de da \u0107e most biti otvoren za 18 mjeseci.<\/p>\n<p><strong>Kamen je prevara<\/strong><\/p>\n<p>Potpredsjednik Force Gaudet Cakuli ocijenio je da postavljanje kamena temeljca za izgradnju mosta na Port Mileni predstavlja jo\u0161 jednu predizbornu prevaru ulcinjske vlasti.<br \/>\n\u201cU izbornu trku vlast nije u\u0161la sa platformom, programom ili vizijom, ve\u0107 predizbornim investicijama i obe\u0107anjima za koja \u0107e se uskoro ispostaviti da su la\u017ena. Posljednjih deset dana pokrenuta je gra\u0111evinska ma\u0161inerija, a najve\u0107u prevaru prestavlja postavljanje kamena temeljca za budu\u0107i most na Port Mileni\u201d, kazao je Cakuli, koji tvrdi da je kamen temeljac postavljen prije dobijanja gra\u0111evinske dozvole.<strong><\/strong><\/p>\n<p><strong>S. A.<\/strong><strong><br \/>\n<a href=\"http:\/\/www.vijesti.me\/\" target=\"_blank\">Vijesti<br \/>\n<\/a><br \/>\n<\/strong><\/p>\n","protected":false},"excerpt":{"rendered":"<p>\u0110ukanovi\u0107 o\u010dekuje dobar rezultat u Ulcinju Ulcinj \u2013 Predsjednik Demokratske partije socijalista Milo \u0110ukanovi\u0107 kazao je ju\u010de da njegova stranka odli\u010dno sara\u0111uje sa Demokratskom unijom Albanaca i najavio mogu\u0107nost da tu saradnju nastave i nakon loklanih izbora u Ulcinju. \u201cSa DUA imamo odli\u010dnu saradnju na dr\u017eavnom i lokalnom nivou. Iako u Ulcinju ovog puta nastupamo [&hellip;]<\/p>\n","protected":false},"author":1,"featured_media":0,"comment_status":"open","ping_status":"closed","sticky":false,"template":"","format":"standard","meta":{"spay_email":"","jetpack_publicize_message":"","jetpack_is_tweetstorm":false,"jetpack_publicize_feature_enabled":true},"categories":[8337],"tags":[12160,6367,924,295,15917,19],"jetpack_publicize_connections":[],"yoast_head":"<!-- This site is optimized with the Yoast SEO plugin v19.1 - https:\/\/yoast.com\/wordpress\/plugins\/seo\/ -->\n<title>DPS \u0107e opet sa Dino\u0161om - Lajme nga Ulqini<\/title>\n<meta name=\"description\" content=\"\u0110ukanovi\u0107 o\u010dekuje dobar rezultat u Ulcinju Ulcinj \u2013 Predsjednik Demokratske partije socijalista Milo \u0110ukanovi\u0107 kazao je ju\u010de da njegova stranka odli\u010dno\" \/>\n<meta name=\"robots\" content=\"index, follow, max-snippet:-1, max-image-preview:large, max-video-preview:-1\" \/>\n<link rel=\"canonical\" href=\"https:\/\/www.visit-ulcinj.com\/blog\/2010\/10\/08\/dps-ce-opet-sa-dinosom\/\" \/>\n<meta property=\"og:locale\" content=\"en_US\" \/>\n<meta property=\"og:type\" content=\"article\" \/>\n<meta property=\"og:title\" content=\"DPS \u0107e opet sa Dino\u0161om - Lajme nga Ulqini\" \/>\n<meta property=\"og:description\" content=\"\u0110ukanovi\u0107 o\u010dekuje dobar rezultat u Ulcinju Ulcinj \u2013 Predsjednik Demokratske partije socijalista Milo \u0110ukanovi\u0107 kazao je ju\u010de da njegova stranka odli\u010dno\" \/>\n<meta property=\"og:url\" content=\"https:\/\/www.visit-ulcinj.com\/blog\/2010\/10\/08\/dps-ce-opet-sa-dinosom\/\" \/>\n<meta property=\"og:site_name\" content=\"Lajme nga Ulqini\" \/>\n<meta property=\"article:published_time\" content=\"2010-10-08T16:34:23+00:00\" \/>\n<meta property=\"article:modified_time\" content=\"2010-10-16T18:35:49+00:00\" \/>\n<meta property=\"og:image\" content=\"http:\/\/www.visit-ulcinj.com\/blog\/wp-content\/uploads\/2010\/10\/DPS-ce-opet-sa-Dinosom.jpg\" \/>\n<meta name=\"twitter:label1\" content=\"Written by\" \/>\n\t<meta name=\"twitter:data1\" content=\"ulqini\" \/>\n\t<meta name=\"twitter:label2\" content=\"Est. reading time\" \/>\n\t<meta name=\"twitter:data2\" content=\"2 minutes\" \/>\n<script type=\"application\/ld+json\" class=\"yoast-schema-graph\">{\"@context\":\"https:\/\/schema.org\",\"@graph\":[{\"@type\":\"WebSite\",\"@id\":\"https:\/\/www.visit-ulcinj.com\/blog\/#website\",\"url\":\"https:\/\/www.visit-ulcinj.com\/blog\/\",\"name\":\"Lajme nga Ulqini\",\"description\":\"Lajme,Vijesti,Ulqini,Ulqin,Crna Gora,Mali i Zi\",\"potentialAction\":[{\"@type\":\"SearchAction\",\"target\":{\"@type\":\"EntryPoint\",\"urlTemplate\":\"https:\/\/www.visit-ulcinj.com\/blog\/?s={search_term_string}\"},\"query-input\":\"required name=search_term_string\"}],\"inLanguage\":\"en-US\"},{\"@type\":\"ImageObject\",\"inLanguage\":\"en-US\",\"@id\":\"https:\/\/www.visit-ulcinj.com\/blog\/2010\/10\/08\/dps-ce-opet-sa-dinosom\/#primaryimage\",\"url\":\"https:\/\/www.visit-ulcinj.com\/blog\/wp-content\/uploads\/2010\/10\/DPS-ce-opet-sa-Dinosom.jpg\",\"contentUrl\":\"https:\/\/www.visit-ulcinj.com\/blog\/wp-content\/uploads\/2010\/10\/DPS-ce-opet-sa-Dinosom.jpg\",\"width\":\"596\",\"height\":\"720\"},{\"@type\":\"WebPage\",\"@id\":\"https:\/\/www.visit-ulcinj.com\/blog\/2010\/10\/08\/dps-ce-opet-sa-dinosom\/#webpage\",\"url\":\"https:\/\/www.visit-ulcinj.com\/blog\/2010\/10\/08\/dps-ce-opet-sa-dinosom\/\",\"name\":\"DPS \u0107e opet sa Dino\u0161om - Lajme nga Ulqini\",\"isPartOf\":{\"@id\":\"https:\/\/www.visit-ulcinj.com\/blog\/#website\"},\"primaryImageOfPage\":{\"@id\":\"https:\/\/www.visit-ulcinj.com\/blog\/2010\/10\/08\/dps-ce-opet-sa-dinosom\/#primaryimage\"},\"datePublished\":\"2010-10-08T16:34:23+00:00\",\"dateModified\":\"2010-10-16T18:35:49+00:00\",\"author\":{\"@id\":\"https:\/\/www.visit-ulcinj.com\/blog\/#\/schema\/person\/dcab619c614d3038751c63bc2aadc06d\"},\"description\":\"\u0110ukanovi\u0107 o\u010dekuje dobar rezultat u Ulcinju Ulcinj \u2013 Predsjednik Demokratske partije socijalista Milo \u0110ukanovi\u0107 kazao je ju\u010de da njegova stranka odli\u010dno\",\"breadcrumb\":{\"@id\":\"https:\/\/www.visit-ulcinj.com\/blog\/2010\/10\/08\/dps-ce-opet-sa-dinosom\/#breadcrumb\"},\"inLanguage\":\"en-US\",\"potentialAction\":[{\"@type\":\"ReadAction\",\"target\":[\"https:\/\/www.visit-ulcinj.com\/blog\/2010\/10\/08\/dps-ce-opet-sa-dinosom\/\"]}]},{\"@type\":\"BreadcrumbList\",\"@id\":\"https:\/\/www.visit-ulcinj.com\/blog\/2010\/10\/08\/dps-ce-opet-sa-dinosom\/#breadcrumb\",\"itemListElement\":[{\"@type\":\"ListItem\",\"position\":1,\"name\":\"DPS \u0107e opet sa Dino\u0161om\"}]},{\"@type\":\"Person\",\"@id\":\"https:\/\/www.visit-ulcinj.com\/blog\/#\/schema\/person\/dcab619c614d3038751c63bc2aadc06d\",\"name\":\"ulqini\",\"sameAs\":[\"http:\/\/www.visit-ulcinj.com\"],\"url\":\"https:\/\/www.visit-ulcinj.com\/blog\/author\/admin\/\"}]}<\/script>\n<!-- \/ Yoast SEO plugin. -->","yoast_head_json":{"title":"DPS \u0107e opet sa Dino\u0161om - Lajme nga Ulqini","description":"\u0110ukanovi\u0107 o\u010dekuje dobar rezultat u Ulcinju Ulcinj \u2013 Predsjednik Demokratske partije socijalista Milo \u0110ukanovi\u0107 kazao je ju\u010de da njegova stranka odli\u010dno","robots":{"index":"index","follow":"follow","max-snippet":"max-snippet:-1","max-image-preview":"max-image-preview:large","max-video-preview":"max-video-preview:-1"},"canonical":"https:\/\/www.visit-ulcinj.com\/blog\/2010\/10\/08\/dps-ce-opet-sa-dinosom\/","og_locale":"en_US","og_type":"article","og_title":"DPS \u0107e opet sa Dino\u0161om - Lajme nga Ulqini","og_description":"\u0110ukanovi\u0107 o\u010dekuje dobar rezultat u Ulcinju Ulcinj \u2013 Predsjednik Demokratske partije socijalista Milo \u0110ukanovi\u0107 kazao je ju\u010de da njegova stranka odli\u010dno","og_url":"https:\/\/www.visit-ulcinj.com\/blog\/2010\/10\/08\/dps-ce-opet-sa-dinosom\/","og_site_name":"Lajme nga Ulqini","article_published_time":"2010-10-08T16:34:23+00:00","article_modified_time":"2010-10-16T18:35:49+00:00","og_image":[{"url":"http:\/\/www.visit-ulcinj.com\/blog\/wp-content\/uploads\/2010\/10\/DPS-ce-opet-sa-Dinosom.jpg"}],"twitter_misc":{"Written by":"ulqini","Est. reading time":"2 minutes"},"schema":{"@context":"https:\/\/schema.org","@graph":[{"@type":"WebSite","@id":"https:\/\/www.visit-ulcinj.com\/blog\/#website","url":"https:\/\/www.visit-ulcinj.com\/blog\/","name":"Lajme nga Ulqini","description":"Lajme,Vijesti,Ulqini,Ulqin,Crna Gora,Mali i Zi","potentialAction":[{"@type":"SearchAction","target":{"@type":"EntryPoint","urlTemplate":"https:\/\/www.visit-ulcinj.com\/blog\/?s={search_term_string}"},"query-input":"required name=search_term_string"}],"inLanguage":"en-US"},{"@type":"ImageObject","inLanguage":"en-US","@id":"https:\/\/www.visit-ulcinj.com\/blog\/2010\/10\/08\/dps-ce-opet-sa-dinosom\/#primaryimage","url":"https:\/\/www.visit-ulcinj.com\/blog\/wp-content\/uploads\/2010\/10\/DPS-ce-opet-sa-Dinosom.jpg","contentUrl":"https:\/\/www.visit-ulcinj.com\/blog\/wp-content\/uploads\/2010\/10\/DPS-ce-opet-sa-Dinosom.jpg","width":"596","height":"720"},{"@type":"WebPage","@id":"https:\/\/www.visit-ulcinj.com\/blog\/2010\/10\/08\/dps-ce-opet-sa-dinosom\/#webpage","url":"https:\/\/www.visit-ulcinj.com\/blog\/2010\/10\/08\/dps-ce-opet-sa-dinosom\/","name":"DPS \u0107e opet sa Dino\u0161om - Lajme nga Ulqini","isPartOf":{"@id":"https:\/\/www.visit-ulcinj.com\/blog\/#website"},"primaryImageOfPage":{"@id":"https:\/\/www.visit-ulcinj.com\/blog\/2010\/10\/08\/dps-ce-opet-sa-dinosom\/#primaryimage"},"datePublished":"2010-10-08T16:34:23+00:00","dateModified":"2010-10-16T18:35:49+00:00","author":{"@id":"https:\/\/www.visit-ulcinj.com\/blog\/#\/schema\/person\/dcab619c614d3038751c63bc2aadc06d"},"description":"\u0110ukanovi\u0107 o\u010dekuje dobar rezultat u Ulcinju Ulcinj \u2013 Predsjednik Demokratske partije socijalista Milo \u0110ukanovi\u0107 kazao je ju\u010de da njegova stranka odli\u010dno","breadcrumb":{"@id":"https:\/\/www.visit-ulcinj.com\/blog\/2010\/10\/08\/dps-ce-opet-sa-dinosom\/#breadcrumb"},"inLanguage":"en-US","potentialAction":[{"@type":"ReadAction","target":["https:\/\/www.visit-ulcinj.com\/blog\/2010\/10\/08\/dps-ce-opet-sa-dinosom\/"]}]},{"@type":"BreadcrumbList","@id":"https:\/\/www.visit-ulcinj.com\/blog\/2010\/10\/08\/dps-ce-opet-sa-dinosom\/#breadcrumb","itemListElement":[{"@type":"ListItem","position":1,"name":"DPS \u0107e opet sa Dino\u0161om"}]},{"@type":"Person","@id":"https:\/\/www.visit-ulcinj.com\/blog\/#\/schema\/person\/dcab619c614d3038751c63bc2aadc06d","name":"ulqini","sameAs":["http:\/\/www.visit-ulcinj.com"],"url":"https:\/\/www.visit-ulcinj.com\/blog\/author\/admin\/"}]}},"jetpack_featured_media_url":"","jetpack_sharing_enabled":true,"jetpack_shortlink":"https:\/\/wp.me\/pe6lTn-9X2","_links":{"self":[{"href":"https:\/\/www.visit-ulcinj.com\/blog\/wp-json\/wp\/v2\/posts\/38256"}],"collection":[{"href":"https:\/\/www.visit-ulcinj.com\/blog\/wp-json\/wp\/v2\/posts"}],"about":[{"href":"https:\/\/www.visit-ulcinj.com\/blog\/wp-json\/wp\/v2\/types\/post"}],"author":[{"embeddable":true,"href":"https:\/\/www.visit-ulcinj.com\/blog\/wp-json\/wp\/v2\/users\/1"}],"replies":[{"embeddable":true,"href":"https:\/\/www.visit-ulcinj.com\/blog\/wp-json\/wp\/v2\/comments?post=38256"}],"version-history":[{"count":0,"href":"https:\/\/www.visit-ulcinj.com\/blog\/wp-json\/wp\/v2\/posts\/38256\/revisions"}],"wp:attachment":[{"href":"https:\/\/www.visit-ulcinj.com\/blog\/wp-json\/wp\/v2\/media?parent=38256"}],"wp:term":[{"taxonomy":"category","embeddable":true,"href":"https:\/\/www.visit-ulcinj.com\/blog\/wp-json\/wp\/v2\/categories?post=38256"},{"taxonomy":"post_tag","embeddable":true,"href":"https:\/\/www.visit-ulcinj.com\/blog\/wp-json\/wp\/v2\/tags?post=38256"}],"curies":[{"name":"wp","href":"https:\/\/api.w.org\/{rel}","templated":true}]}}