{"id":38270,"date":"2010-10-09T14:05:19","date_gmt":"2010-10-09T12:05:19","guid":{"rendered":"http:\/\/www.visit-ulcinj.com\/blog\/?p=38270"},"modified":"2010-10-09T15:09:58","modified_gmt":"2010-10-09T13:09:58","slug":"ingrid-gjoni-thote-me-fal","status":"publish","type":"post","link":"https:\/\/www.visit-ulcinj.com\/blog\/2010\/10\/09\/ingrid-gjoni-thote-me-fal\/","title":{"rendered":"Ingrid Gjoni thot\u00eb \u201cM\u00eb fal\u201d"},"content":{"rendered":"<p><a href=\"http:\/\/www.visit-ulcinj.com\/blog\/wp-content\/uploads\/2010\/10\/ingrid-gjoni-sexy.jpg\"><img loading=\"lazy\" class=\"alignleft size-full wp-image-38272\" title=\"ingrid-gjoni-sexy\" src=\"http:\/\/www.visit-ulcinj.com\/blog\/wp-content\/uploads\/2010\/10\/ingrid-gjoni-sexy.jpg\" alt=\"Ingrid Gjoni Sexyy\" width=\"604\" height=\"330\" \/><\/a><\/p>\n<p><strong>Ka b\u00ebr\u00eb shum\u00eb k\u00ebng\u00eb dhe ka preferuar q\u00eb pothuajse t\u00eb gjitha t\u2019i shoq\u00ebroj\u00eb me klipe. Natyrisht elementet sensuale nuk kan\u00eb munguar asnj\u00ebher\u00eb. Mjafton t\u00eb kujtojm\u00eb klipet e k\u00ebng\u00ebve si \u201cTani jemi jek e jek\u201d, \u201cNj\u00ebri-tjetrit\u201d, \u201cN\u00ebmi, n\u00ebmi\u201d, etj, p\u00ebr t\u00eb sjell\u00eb n\u00eb kujtes\u00eb k\u00ebng\u00ebtaren, e cila n\u00eb \u00e7do klip sjell krahas t\u00eb tjerave edhe fabula mjaft interesante.<\/strong><\/p>\n<p><em>Ingrit Gjoni na rr\u00ebfen n\u00eb intervist\u00ebn e m\u00ebposhtme detajet nga realizimi i hitit m\u00eb t\u00eb fundit, si dhe historin\u00eb e dashuris\u00eb, e cila zgjat prej m\u00eb shum\u00eb se tre vitesh&#8230;<\/em><\/p>\n<p><strong>Kujt i thot\u00eb Ingriti &#8220;M\u00eb fal o zem\u00ebr&#8221; n\u00eb videon e saj m\u00eb t\u00eb fundit ?<\/strong><\/p>\n<p>E kam th\u00ebn\u00eb gjithmon\u00eb dhe e p\u00ebrs\u00ebris se un\u00eb nuk jam autore tekstesh dhe nuk m\u00eb pyet njeri (qesh). Kur shkruajn\u00eb di\u00e7ka q\u00eb ta k\u00ebndoj un\u00eb, m\u00eb pyesin n\u00ebse m\u00eb p\u00eblqen, n\u00ebse e gjej veten n\u00eb tekst dhe e kam m\u00eb qejf p\u00ebr ta k\u00ebnduar. Mua m\u00eb mbetet vet\u00ebm t\u00eb them &#8220;po&#8221; ose &#8220;jo&#8221;.<\/p>\n<p><strong>Sikur t\u00eb t\u00eb ofronin t\u00eb k\u00ebndoje nj\u00eb tekst ku nj\u00eb vajz\u00eb i shpreh dashurin\u00eb nj\u00eb tjetre, do kishe pranuar apo do kishe refuzuar ?<\/strong><\/p>\n<p>Do pranoja, pse jo? Kjo ka t\u00eb b\u00ebj\u00eb edhe me komercializ\u00ebm &#8230;<\/p>\n<p><strong>Po pastaj do t\u00eb detyroheshe t\u00eb realizoje nj\u00eb klip ku ti puth nj\u00eb fem\u00ebr &#8230;<\/strong><\/p>\n<p>Nuk do t\u00eb kishte qen\u00eb nj\u00eb problem i madh, sepse tek e fundit un\u00eb kam mbaruar shkoll\u00ebn p\u00ebr aktore, k\u00ebshtu q\u00eb ma lejon edhe profesioni &#8230; Por nuk m\u00eb ka shkuar n\u00eb mendje nj\u00eb gj\u00eb e till\u00eb. P\u00ebr sa i p\u00ebrket asaj pjes\u00ebs s\u00eb tekstit ku un\u00eb them &#8220;m\u00eb fal o zem\u00ebr, m\u00eb fal o shpirt&#8221;, un\u00eb s&#8217;kam fare gisht n\u00eb t\u00eb. M\u00eb ka ardhur gati demoja e k\u00ebng\u00ebs dhe mua m\u00eb p\u00eblqeu si teksti, ashtu edhe muzika.<\/p>\n<p><strong>Ti i je drejtuar ndonj\u00eb djali me k\u00ebto fjal\u00eb, i ke k\u00ebrkuar ndonj\u00ebrit falje ?<\/strong><\/p>\n<p>Po kjo \u00ebsht\u00eb di\u00e7ka m\u00eb se normale, sepse n\u00eb dashuri nuk ka as kushte dhe as rregulla. Her\u00eb u kam k\u00ebrkuar falje, her\u00eb m\u00eb kan\u00eb k\u00ebrkuar. \u00cbsht\u00eb di\u00e7ka reciproke dhe ndodh n\u00eb nj\u00eb marr\u00ebdh\u00ebnie. At\u00ebher\u00eb kur duhet egoja lihet m\u00ebnjan\u00eb dhe k\u00ebrkon falje natyrsh\u00ebm, si\u00e7 edhe zgjedh ta fal\u00ebsh tjetrin n\u00ebse ka b\u00ebr\u00eb ndonj\u00eb gabim. Edhe k\u00ebng\u00ebt nuk b\u00ebhen ashtu kot, tekstshkruesit bazohen n\u00eb nj\u00eb ngjare nga jeta e p\u00ebrditshme kur shkruan. Jan\u00eb gj\u00ebra q\u00eb ndodhin n\u00eb jet\u00ebn e gjithkujt.<\/p>\n<p><strong>Pjesa d\u00ebrrmuese e k\u00ebng\u00ebve i kushtohen dashuris\u00eb. Pse i k\u00ebndohet kaq shum\u00eb dashuris\u00eb ?<\/strong><\/p>\n<p>Po kujt t&#8217;i k\u00ebndojm\u00eb, vetes? I kemi k\u00ebnduar edhe vetes tashm\u00eb. \u201cJam kjo\u201d e \u201cjam ajo\u201d (qesh).<\/p>\n<p><strong>Meq\u00eb po flasim p\u00ebr muzik\u00ebn, cil\u00ebn prej prurjeve t\u00eb reja do t\u00eb ve\u00e7oje ti ?<\/strong><\/p>\n<p>Jo se \u00ebsht\u00eb kompozitori im, por k\u00ebng\u00ebt e Florit kan\u00eb b\u00ebr\u00eb goxha buj\u00eb dhe jan\u00eb pritur mir\u00eb nga publiku. \u201cPlayback\u201d apo \u201cNext\u201d jan\u00eb dy nga k\u00ebng\u00ebt m\u00eb t\u00eb d\u00ebgjuara, p\u00ebr t\u00eb mos folur p\u00ebr t\u00eb gjitha hitet q\u00eb ka kompozuar p\u00ebr artist\u00ebt tjer\u00eb. M\u00eb p\u00eblqen edhe k\u00ebnga e Aurel\u00ebs \u201cOrigjinale\u201d, si dhe \u201cRock this club\u201d, e k\u00ebng\u00ebtares Dafina Zeqiri.<\/p>\n<p><strong>Nuk b\u00ebhesh ndopak xheloze q\u00eb Dafina ka nj\u00eb klip t\u00eb bukur n\u00eb anglisht ?<\/strong><\/p>\n<p>Jo, s\u2019jam xheloze, p\u00ebrndryshe nuk do t\u2019i p\u00ebrmendja fare k\u00ebto k\u00ebng\u00eb. Pastaj, mendoj se Dafina mund ta p\u00ebrfaq\u00ebsoj\u00eb vendin ton\u00eb n\u00eb tregun nd\u00ebrkomb\u00ebtar t\u00eb muzik\u00ebs m\u00eb mir\u00eb se t\u00eb gjitha. Mund t\u00eb ket\u00eb k\u00ebng\u00ebtare m\u00eb t\u00eb mira nga ajo, por asnj\u00eb nuk interpreton aq bukur sa Dafina. \u00cbsht\u00eb, p\u00ebr mendimin tim, p\u00ebrfaq\u00ebsuesja m\u00eb e denj\u00eb e muzik\u00ebs R&amp;B n\u00eb Shqip\u00ebri.<\/p>\n<p><strong>\u00cbsht\u00eb e v\u00ebrtet\u00eb se porsa i p\u00ebrket muzik\u00ebs rep dhe R&amp;B, artist\u00ebt e Kosov\u00ebs jan\u00eb m\u00eb p\u00ebrpara nesh ?<\/strong><\/p>\n<p>Ndoshta, sepse ata kan\u00eb qen\u00eb m\u00eb p\u00ebrpara nesh n\u00eb shumim drejtime, kan\u00eb pasur m\u00eb tep\u00ebr k\u00ebmbime me bot\u00ebn. Edhe njer\u00ebzit kan\u00eb m\u00eb tep\u00ebr kultur\u00eb dhe informacion p\u00ebr muzik\u00ebn krahasuar me ne.<\/p>\n<p><strong>Kam kuptuar se Kosova t\u00eb do dhe t\u00eb p\u00eblqen. \u00cbsht\u00eb reciproke ?<\/strong><\/p>\n<p>Patjet\u00ebr! Jo se iki nes\u00ebr n\u00eb Pej\u00eb, por \u00ebsht\u00eb qyteti ku ndihem m\u00eb mir\u00eb n\u00eb Kosov\u00eb. N\u00eb Shqip\u00ebri klubet jan\u00eb m\u00eb t\u00eb bukura dhe m\u00eb t\u00eb shumta n\u00eb num\u00ebr, por m\u00eb p\u00eblqen shum\u00eb edhe atmosfera q\u00eb krijohet n\u00eb klubet e Prishtin\u00ebs.<\/p>\n<p><strong><a href=\"http:\/\/www.visit-ulcinj.com\/blog\/wp-content\/uploads\/2010\/10\/ingridi-dhe-ciljeta-nje-miqesi.jpg\"><img loading=\"lazy\" class=\"alignleft size-full wp-image-38279\" title=\"ingridi-dhe-ciljeta-nje-miqesi\" src=\"http:\/\/www.visit-ulcinj.com\/blog\/wp-content\/uploads\/2010\/10\/ingridi-dhe-ciljeta-nje-miqesi.jpg\" alt=\"Ingrid Cjoni dhe Ciljeta n\u00eb club\" width=\"607\" height=\"380\" \/><\/a>N\u00eb Kosov\u00eb m\u00eb b\u00ebri p\u00ebrshtypje se d\u00ebgjoheshin hite si &#8220;Pu\u00e7i, pu\u00e7i&#8221; apo &#8220;Vitamina&#8221;, t\u00eb cilat k\u00ebtu te ne mund t\u00eb cil\u00ebsohen t\u00eb vjetra: Artiste si ti, \u00c7iljeta, Rozana Radi apo Zajmina ishin shum\u00eb t\u00eb preferuara atje.<\/strong><\/p>\n<p>M\u00eb vjen mir\u00eb q\u00eb ke qen\u00eb nj\u00eb d\u00ebshmitar i k\u00ebtij fakti, pasi th\u00ebn\u00eb nga ne \u00ebsht\u00eb krejt ndryshe. N\u00eb Kosov\u00eb v\u00ebrtet q\u00eb na kan\u00eb pritur gjithmon\u00eb shum\u00eb mir\u00eb, pa\u00e7ka se nuk kam shkuar shpesh, se kam inat udh\u00ebtimet. Por, tani q\u00eb fluturimet p\u00ebr n\u00eb Prishtin\u00eb jan\u00eb t\u00eb p\u00ebrditshme, \u00ebsht\u00eb m\u00eb ndryshe, m\u00eb e rehatshme dhe shkoj m\u00eb shpesh n\u00eb Prishtin\u00eb.<\/p>\n<p><strong>Duke pasur parasysh gjith\u00eb k\u00ebt\u00eb sukses dhe simpati q\u00eb g\u00ebzon n\u00eb Kosov\u00eb, pse nuk shkon t\u00eb jetosh dhe punosh atje ?<\/strong><\/p>\n<p>Sepse nuk mund t\u00eb rri dot larg qytetit, familjes dhe shoq\u00ebris\u00eb n\u00eb Tiran\u00eb. Un\u00eb kam qen\u00eb n\u00eb zem\u00ebr t\u00eb Manhatanit dhe atje m\u00eb propozuan plot gj\u00ebra konkrete, q\u00eb t\u00eb rrija e t\u00eb kisha nj\u00eb pun\u00eb t\u00eb sigurt, por refuzova. Nuk e imagjinoj dot t\u00eb jetoj p\u00ebrgjithmon\u00eb n\u00eb Kosov\u00eb, mbase 2-3 muaj.<\/p>\n<p><strong>Mesa shoh, puna nuk t\u00eb mban dot n\u00eb Prishtin\u00eb. Po t\u00eb ishte ndonj\u00eb djal\u00eb n\u00eb k\u00ebt\u00eb mes do e sakrifikoje Tiran\u00ebn p\u00ebr t\u2019i q\u00ebndruar pran\u00eb ?<\/strong><\/p>\n<p>Nuk e di, nuk mund t\u00eb flas apriori p\u00ebr di\u00e7ka q\u00eb nuk e kam provuara (buz\u00ebqesh).<\/p>\n<p><strong>Deri n\u00eb \u00e7\u2019pik\u00eb do kishte sakrifikuar Ingridi p\u00ebr dashurin\u00eb ?<\/strong><\/p>\n<p>Deri n\u00eb at\u00eb pik\u00eb q\u00eb do ta k\u00ebrkonte dashuria!<\/p>\n<p><strong>E sikur t\u00eb zinte qymyri me ndonj\u00ebrin q\u00eb punon mjek vullnetar n\u00eb Afrik\u00eb, do ta kishit ndjekur pas ?<\/strong><\/p>\n<p>Pse jo, nuk m\u00eb duket ndonj\u00eb sakrific\u00eb e jasht\u00ebzakonshme. Pastaj, jam tip q\u00eb b\u00ebj at\u00eb q\u00eb dua!<\/p>\n<p><a href=\"http:\/\/www.visit-ulcinj.com\/blog\/wp-content\/uploads\/2010\/10\/ingrid-gjoni-ferme.jpg\"><img loading=\"lazy\" class=\"alignleft size-full wp-image-38274\" title=\"ingrid-gjoni-ferme\" src=\"http:\/\/www.visit-ulcinj.com\/blog\/wp-content\/uploads\/2010\/10\/ingrid-gjoni-ferme.jpg\" alt=\"\" width=\"604\" height=\"360\" \/><\/a><\/p>\n<p><strong>Do t\u00eb ishe e gatshme t\u00eb jetoje n\u00eb nj\u00eb sht\u00ebpi prej kashte vet\u00ebm p\u00ebr t\u00eb, larg qyteteve moderne me pabe dhe &#8220;Me Donalds&#8221; ?<\/strong><\/p>\n<p>K\u00ebto nuk kan\u00eb lidhje fare, se pabet nuk i p\u00eblqej as tani q\u00eb i kam. M\u00eb kan\u00eb ardhur n\u00eb maj\u00eb t\u00eb hund\u00ebs \u00e7do nat\u00eb duke k\u00ebnduar.<\/p>\n<p><strong>K\u00ebt\u00eb gj\u00eb e d\u00ebgjoj shpesh n\u00eb biseda me miqt\u00eb. Pse me kalimin e viteve d\u00ebshira p\u00ebr jet\u00eb nate largohet, si mendon ?<\/strong><\/p>\n<p>Kam p\u00ebrshtypjen se ka \u00e7do mosh\u00eb ato d\u00ebshirat e veta. P\u00ebrve\u00e7 k\u00ebsaj, duke pasur nj\u00eb jet\u00eb kaq t\u00eb ngarkuar dhe me impenjime, s&#8217; ke m\u00eb at\u00eb qejfin e dikursh\u00ebm p\u00ebr t\u00eb dal\u00eb.<\/p>\n<p><strong>Sa koh\u00eb ke q\u00eb nuk del m\u00eb si dikur <\/strong><strong>?<\/strong><\/p>\n<p>B\u00ebhen rreth pes\u00eb vjet q\u00eb, p\u00ebrve\u00e7se kur ka ndonj\u00eb sebep, nuk shkoj n\u00eb pab. Vet\u00ebm kur ndonj\u00eb i af\u00ebrt apo mik ka dit\u00eblindjen, p\u00ebrndryshe m\u00eb p\u00eblqen t\u00eb rri n\u00eb sht\u00ebpi shtrir\u00eb e t\u00eb shoh televizor.<\/p>\n<p><strong>\u00c7far\u00eb t\u00eb p\u00eblqen t\u00eb shoh\u00ebsh n\u00eb televizor ?<\/strong><\/p>\n<p>M\u00eb p\u00eblqen t\u00eb d\u00ebgjoj muzik\u00eb t\u00eb mir\u00eb; duhet ta di p\u00ebr \u00e7far\u00eb flet filmi q\u00eb ta ndjek. M\u00eb p\u00eblqejn\u00eb filmat romantik\u00eb, por edhe ata horror, vet\u00ebm se dua t\u00eb jem me njer\u00ebz kur i shoh se jam frikacake (qesh) .<\/p>\n<p><strong>Thon\u00eb se suksesi \u00ebsht\u00eb m\u00eb i v\u00ebshtir\u00eb p\u00ebr t&#8217;u mbajtur, sesa p\u00ebr t&#8217;u arritur. Bie dakord me k\u00ebt\u00eb th\u00ebnie ?<\/strong><\/p>\n<p>Po, \u00ebsht\u00eb m\u00eb se e v\u00ebrtet\u00eb. E kam diskutuar edhe me koleget e mia k\u00ebt\u00eb dhe kemi r\u00ebn\u00eb dakord se t\u00eb q\u00ebndrosh n\u00eb treg \u00ebsht\u00eb e v\u00ebshtir\u00eb. Un\u00eb, p\u00ebr aq koh\u00eb sa do dua t\u00eb jem n\u00eb ekran, e kam fituar nj\u00eb vend p\u00ebr veten dhe do t\u00eb t\u00ebrhiqem kur t\u00eb dua un\u00eb. Kan\u00eb dal\u00eb dhe shum\u00eb artist\u00eb t\u00eb rinj, por ne q\u00eb kemi krijuar nj\u00eb em\u00ebr kemi vendin ton\u00eb sidoqoft\u00eb.<\/p>\n<p><strong>Dhe k\u00ebtu dalim tek ajo shprehja q\u00eb thot\u00eb: &#8220;Duhet t\u00eb punosh fort p\u00ebr emrin, pastaj emri do t\u00eb punoj\u00eb t\u00ebr\u00eb jet\u00ebn p\u00ebr ty&#8221;.<\/strong><\/p>\n<p>Edhe kjo \u00ebsht\u00eb e v\u00ebrtet\u00eb, t\u00eb pakt\u00ebn nisur nga p\u00ebrvoja ime.<\/p>\n<p><strong>Si shkon jeta personale ?<\/strong><\/p>\n<p>Mund t\u00eb them se po kaloj momente shum\u00eb t\u00eb mira. Jam me personin q\u00eb e dua prej tashm\u00eb tre vjet\u00ebsh e gjysm\u00eb. Ndihem mir\u00eb n\u00eb krah t\u00eb tij, kaq!<\/p>\n<p><strong><em>Telegrafi<br \/>\n<!--YouTube Error: bad URL entered--><\/em><\/strong><\/p>\n","protected":false},"excerpt":{"rendered":"<p>Ka b\u00ebr\u00eb shum\u00eb k\u00ebng\u00eb dhe ka preferuar q\u00eb pothuajse t\u00eb gjitha t\u2019i shoq\u00ebroj\u00eb me klipe. Natyrisht elementet sensuale nuk kan\u00eb munguar asnj\u00ebher\u00eb. Mjafton t\u00eb kujtojm\u00eb klipet e k\u00ebng\u00ebve si \u201cTani jemi jek e jek\u201d, \u201cNj\u00ebri-tjetrit\u201d, \u201cN\u00ebmi, n\u00ebmi\u201d, etj, p\u00ebr t\u00eb sjell\u00eb n\u00eb kujtes\u00eb k\u00ebng\u00ebtaren, e cila n\u00eb \u00e7do klip sjell krahas t\u00eb tjerave edhe fabula [&hellip;]<\/p>\n","protected":false},"author":1,"featured_media":0,"comment_status":"open","ping_status":"closed","sticky":false,"template":"","format":"standard","meta":{"spay_email":"","jetpack_publicize_message":"","jetpack_is_tweetstorm":false,"jetpack_publicize_feature_enabled":true},"categories":[1],"tags":[5456,4966,15918,4896],"jetpack_publicize_connections":[],"yoast_head":"<!-- This site is optimized with the Yoast SEO plugin v19.1 - https:\/\/yoast.com\/wordpress\/plugins\/seo\/ -->\n<title>Ingrid Gjoni thot\u00eb : M\u00eb fal<\/title>\n<meta name=\"description\" content=\"Ingrit Gjoni na rr\u00ebfen n\u00eb intervist\u00ebn e m\u00ebposhtme detajet nga realizimi i hitit m\u00eb t\u00eb fundit, si dhe historin\u00eb e dashuris\u00eb, e cila zgjat prej m\u00eb shum\u00eb se tre vitesh...\" \/>\n<meta name=\"robots\" content=\"index, follow, max-snippet:-1, max-image-preview:large, max-video-preview:-1\" \/>\n<link rel=\"canonical\" href=\"https:\/\/www.visit-ulcinj.com\/blog\/2010\/10\/09\/ingrid-gjoni-thote-me-fal\/\" \/>\n<meta property=\"og:locale\" content=\"en_US\" \/>\n<meta property=\"og:type\" content=\"article\" \/>\n<meta property=\"og:title\" content=\"Ingrid Gjoni thot\u00eb : M\u00eb fal\" \/>\n<meta property=\"og:description\" content=\"Ingrit Gjoni na rr\u00ebfen n\u00eb intervist\u00ebn e m\u00ebposhtme detajet nga realizimi i hitit m\u00eb t\u00eb fundit, si dhe historin\u00eb e dashuris\u00eb, e cila zgjat prej m\u00eb shum\u00eb se tre vitesh...\" \/>\n<meta property=\"og:url\" content=\"https:\/\/www.visit-ulcinj.com\/blog\/2010\/10\/09\/ingrid-gjoni-thote-me-fal\/\" \/>\n<meta property=\"og:site_name\" content=\"Lajme nga Ulqini\" \/>\n<meta property=\"article:published_time\" content=\"2010-10-09T12:05:19+00:00\" \/>\n<meta property=\"article:modified_time\" content=\"2010-10-09T13:09:58+00:00\" \/>\n<meta property=\"og:image\" content=\"http:\/\/www.visit-ulcinj.com\/blog\/wp-content\/uploads\/2010\/10\/ingrid-gjoni-sexy.jpg\" \/>\n<meta name=\"twitter:label1\" content=\"Written by\" \/>\n\t<meta name=\"twitter:data1\" content=\"ulqini\" \/>\n\t<meta name=\"twitter:label2\" content=\"Est. reading time\" \/>\n\t<meta name=\"twitter:data2\" content=\"7 minutes\" \/>\n<script type=\"application\/ld+json\" class=\"yoast-schema-graph\">{\"@context\":\"https:\/\/schema.org\",\"@graph\":[{\"@type\":\"WebSite\",\"@id\":\"https:\/\/www.visit-ulcinj.com\/blog\/#website\",\"url\":\"https:\/\/www.visit-ulcinj.com\/blog\/\",\"name\":\"Lajme nga Ulqini\",\"description\":\"Lajme,Vijesti,Ulqini,Ulqin,Crna Gora,Mali i Zi\",\"potentialAction\":[{\"@type\":\"SearchAction\",\"target\":{\"@type\":\"EntryPoint\",\"urlTemplate\":\"https:\/\/www.visit-ulcinj.com\/blog\/?s={search_term_string}\"},\"query-input\":\"required name=search_term_string\"}],\"inLanguage\":\"en-US\"},{\"@type\":\"ImageObject\",\"inLanguage\":\"en-US\",\"@id\":\"https:\/\/www.visit-ulcinj.com\/blog\/2010\/10\/09\/ingrid-gjoni-thote-me-fal\/#primaryimage\",\"url\":\"http:\/\/www.visit-ulcinj.com\/blog\/wp-content\/uploads\/2010\/10\/ingrid-gjoni-sexy.jpg\",\"contentUrl\":\"http:\/\/www.visit-ulcinj.com\/blog\/wp-content\/uploads\/2010\/10\/ingrid-gjoni-sexy.jpg\"},{\"@type\":\"WebPage\",\"@id\":\"https:\/\/www.visit-ulcinj.com\/blog\/2010\/10\/09\/ingrid-gjoni-thote-me-fal\/#webpage\",\"url\":\"https:\/\/www.visit-ulcinj.com\/blog\/2010\/10\/09\/ingrid-gjoni-thote-me-fal\/\",\"name\":\"Ingrid Gjoni thot\u00eb : M\u00eb fal\",\"isPartOf\":{\"@id\":\"https:\/\/www.visit-ulcinj.com\/blog\/#website\"},\"primaryImageOfPage\":{\"@id\":\"https:\/\/www.visit-ulcinj.com\/blog\/2010\/10\/09\/ingrid-gjoni-thote-me-fal\/#primaryimage\"},\"datePublished\":\"2010-10-09T12:05:19+00:00\",\"dateModified\":\"2010-10-09T13:09:58+00:00\",\"author\":{\"@id\":\"https:\/\/www.visit-ulcinj.com\/blog\/#\/schema\/person\/dcab619c614d3038751c63bc2aadc06d\"},\"description\":\"Ingrit Gjoni na rr\u00ebfen n\u00eb intervist\u00ebn e m\u00ebposhtme detajet nga realizimi i hitit m\u00eb t\u00eb fundit, si dhe historin\u00eb e dashuris\u00eb, e cila zgjat prej m\u00eb shum\u00eb se tre vitesh...\",\"breadcrumb\":{\"@id\":\"https:\/\/www.visit-ulcinj.com\/blog\/2010\/10\/09\/ingrid-gjoni-thote-me-fal\/#breadcrumb\"},\"inLanguage\":\"en-US\",\"potentialAction\":[{\"@type\":\"ReadAction\",\"target\":[\"https:\/\/www.visit-ulcinj.com\/blog\/2010\/10\/09\/ingrid-gjoni-thote-me-fal\/\"]}]},{\"@type\":\"BreadcrumbList\",\"@id\":\"https:\/\/www.visit-ulcinj.com\/blog\/2010\/10\/09\/ingrid-gjoni-thote-me-fal\/#breadcrumb\",\"itemListElement\":[{\"@type\":\"ListItem\",\"position\":1,\"name\":\"Ingrid Gjoni thot\u00eb \u201cM\u00eb fal\u201d\"}]},{\"@type\":\"Person\",\"@id\":\"https:\/\/www.visit-ulcinj.com\/blog\/#\/schema\/person\/dcab619c614d3038751c63bc2aadc06d\",\"name\":\"ulqini\",\"sameAs\":[\"http:\/\/www.visit-ulcinj.com\"],\"url\":\"https:\/\/www.visit-ulcinj.com\/blog\/author\/admin\/\"}]}<\/script>\n<!-- \/ Yoast SEO plugin. -->","yoast_head_json":{"title":"Ingrid Gjoni thot\u00eb : M\u00eb fal","description":"Ingrit Gjoni na rr\u00ebfen n\u00eb intervist\u00ebn e m\u00ebposhtme detajet nga realizimi i hitit m\u00eb t\u00eb fundit, si dhe historin\u00eb e dashuris\u00eb, e cila zgjat prej m\u00eb shum\u00eb se tre vitesh...","robots":{"index":"index","follow":"follow","max-snippet":"max-snippet:-1","max-image-preview":"max-image-preview:large","max-video-preview":"max-video-preview:-1"},"canonical":"https:\/\/www.visit-ulcinj.com\/blog\/2010\/10\/09\/ingrid-gjoni-thote-me-fal\/","og_locale":"en_US","og_type":"article","og_title":"Ingrid Gjoni thot\u00eb : M\u00eb fal","og_description":"Ingrit Gjoni na rr\u00ebfen n\u00eb intervist\u00ebn e m\u00ebposhtme detajet nga realizimi i hitit m\u00eb t\u00eb fundit, si dhe historin\u00eb e dashuris\u00eb, e cila zgjat prej m\u00eb shum\u00eb se tre vitesh...","og_url":"https:\/\/www.visit-ulcinj.com\/blog\/2010\/10\/09\/ingrid-gjoni-thote-me-fal\/","og_site_name":"Lajme nga Ulqini","article_published_time":"2010-10-09T12:05:19+00:00","article_modified_time":"2010-10-09T13:09:58+00:00","og_image":[{"url":"http:\/\/www.visit-ulcinj.com\/blog\/wp-content\/uploads\/2010\/10\/ingrid-gjoni-sexy.jpg"}],"twitter_misc":{"Written by":"ulqini","Est. reading time":"7 minutes"},"schema":{"@context":"https:\/\/schema.org","@graph":[{"@type":"WebSite","@id":"https:\/\/www.visit-ulcinj.com\/blog\/#website","url":"https:\/\/www.visit-ulcinj.com\/blog\/","name":"Lajme nga Ulqini","description":"Lajme,Vijesti,Ulqini,Ulqin,Crna Gora,Mali i Zi","potentialAction":[{"@type":"SearchAction","target":{"@type":"EntryPoint","urlTemplate":"https:\/\/www.visit-ulcinj.com\/blog\/?s={search_term_string}"},"query-input":"required name=search_term_string"}],"inLanguage":"en-US"},{"@type":"ImageObject","inLanguage":"en-US","@id":"https:\/\/www.visit-ulcinj.com\/blog\/2010\/10\/09\/ingrid-gjoni-thote-me-fal\/#primaryimage","url":"http:\/\/www.visit-ulcinj.com\/blog\/wp-content\/uploads\/2010\/10\/ingrid-gjoni-sexy.jpg","contentUrl":"http:\/\/www.visit-ulcinj.com\/blog\/wp-content\/uploads\/2010\/10\/ingrid-gjoni-sexy.jpg"},{"@type":"WebPage","@id":"https:\/\/www.visit-ulcinj.com\/blog\/2010\/10\/09\/ingrid-gjoni-thote-me-fal\/#webpage","url":"https:\/\/www.visit-ulcinj.com\/blog\/2010\/10\/09\/ingrid-gjoni-thote-me-fal\/","name":"Ingrid Gjoni thot\u00eb : M\u00eb fal","isPartOf":{"@id":"https:\/\/www.visit-ulcinj.com\/blog\/#website"},"primaryImageOfPage":{"@id":"https:\/\/www.visit-ulcinj.com\/blog\/2010\/10\/09\/ingrid-gjoni-thote-me-fal\/#primaryimage"},"datePublished":"2010-10-09T12:05:19+00:00","dateModified":"2010-10-09T13:09:58+00:00","author":{"@id":"https:\/\/www.visit-ulcinj.com\/blog\/#\/schema\/person\/dcab619c614d3038751c63bc2aadc06d"},"description":"Ingrit Gjoni na rr\u00ebfen n\u00eb intervist\u00ebn e m\u00ebposhtme detajet nga realizimi i hitit m\u00eb t\u00eb fundit, si dhe historin\u00eb e dashuris\u00eb, e cila zgjat prej m\u00eb shum\u00eb se tre vitesh...","breadcrumb":{"@id":"https:\/\/www.visit-ulcinj.com\/blog\/2010\/10\/09\/ingrid-gjoni-thote-me-fal\/#breadcrumb"},"inLanguage":"en-US","potentialAction":[{"@type":"ReadAction","target":["https:\/\/www.visit-ulcinj.com\/blog\/2010\/10\/09\/ingrid-gjoni-thote-me-fal\/"]}]},{"@type":"BreadcrumbList","@id":"https:\/\/www.visit-ulcinj.com\/blog\/2010\/10\/09\/ingrid-gjoni-thote-me-fal\/#breadcrumb","itemListElement":[{"@type":"ListItem","position":1,"name":"Ingrid Gjoni thot\u00eb \u201cM\u00eb fal\u201d"}]},{"@type":"Person","@id":"https:\/\/www.visit-ulcinj.com\/blog\/#\/schema\/person\/dcab619c614d3038751c63bc2aadc06d","name":"ulqini","sameAs":["http:\/\/www.visit-ulcinj.com"],"url":"https:\/\/www.visit-ulcinj.com\/blog\/author\/admin\/"}]}},"jetpack_featured_media_url":"","jetpack_sharing_enabled":true,"jetpack_shortlink":"https:\/\/wp.me\/pe6lTn-9Xg","_links":{"self":[{"href":"https:\/\/www.visit-ulcinj.com\/blog\/wp-json\/wp\/v2\/posts\/38270"}],"collection":[{"href":"https:\/\/www.visit-ulcinj.com\/blog\/wp-json\/wp\/v2\/posts"}],"about":[{"href":"https:\/\/www.visit-ulcinj.com\/blog\/wp-json\/wp\/v2\/types\/post"}],"author":[{"embeddable":true,"href":"https:\/\/www.visit-ulcinj.com\/blog\/wp-json\/wp\/v2\/users\/1"}],"replies":[{"embeddable":true,"href":"https:\/\/www.visit-ulcinj.com\/blog\/wp-json\/wp\/v2\/comments?post=38270"}],"version-history":[{"count":0,"href":"https:\/\/www.visit-ulcinj.com\/blog\/wp-json\/wp\/v2\/posts\/38270\/revisions"}],"wp:attachment":[{"href":"https:\/\/www.visit-ulcinj.com\/blog\/wp-json\/wp\/v2\/media?parent=38270"}],"wp:term":[{"taxonomy":"category","embeddable":true,"href":"https:\/\/www.visit-ulcinj.com\/blog\/wp-json\/wp\/v2\/categories?post=38270"},{"taxonomy":"post_tag","embeddable":true,"href":"https:\/\/www.visit-ulcinj.com\/blog\/wp-json\/wp\/v2\/tags?post=38270"}],"curies":[{"name":"wp","href":"https:\/\/api.w.org\/{rel}","templated":true}]}}