{"id":38292,"date":"2010-10-09T16:49:40","date_gmt":"2010-10-09T14:49:40","guid":{"rendered":"http:\/\/www.visit-ulcinj.com\/blog\/?p=38292"},"modified":"2010-10-09T16:56:02","modified_gmt":"2010-10-09T14:56:02","slug":"real1-une-dhe-dj-blunt-jemi-nje","status":"publish","type":"post","link":"https:\/\/www.visit-ulcinj.com\/blog\/2010\/10\/09\/real1-une-dhe-dj-blunt-jemi-nje\/","title":{"rendered":"Real1: Un\u00eb dhe Dj Blunt jemi nj\u00eb"},"content":{"rendered":"<p><strong><em><a href=\"http:\/\/www.visit-ulcinj.com\/blog\/wp-content\/uploads\/2010\/10\/Real1-dhe-DjBlunt-Music-my-Ghetto.jpg\"><img loading=\"lazy\" class=\"alignleft size-full wp-image-38299\" title=\"Real1-dhe-DjBlunt-Music-my-Ghetto\" src=\"http:\/\/www.visit-ulcinj.com\/blog\/wp-content\/uploads\/2010\/10\/Real1-dhe-DjBlunt-Music-my-Ghetto.jpg\" alt=\"\" width=\"608\" height=\"342\" \/><\/a>Real1, realizimet muzikore t\u00eb t\u00eb cilit jan\u00eb gjithmon\u00eb n\u00eb bashk\u00ebpunim me DJ Blunt, thot\u00eb se ata tashm\u00eb jan\u00eb b\u00ebr\u00eb si nj\u00eb grupi i pa ndash\u00ebm.<\/em><\/strong><\/p>\n<p>\u201cPse gjithmon\u00eb me DJ Blunt? Sepse me DJ Blunt jemi s\u00eb pari shum\u00eb shok\u00eb t\u00eb mir\u00eb dhe kemi punuar q\u00eb nga fillimi bashk\u00eb, prej koh\u00ebs n\u00eb \u00b4NR URBAN ROOTS\u00b4. Jemi b\u00ebr\u00eb si grup dy vet\u00eb\u201d.<\/p>\n<p>\u201cPor dallimi mes neve \u00ebsht\u00eb se ai \u00ebsht\u00eb DJ e un\u00eb MC. \u00cbsht\u00eb v\u00ebrtet nj\u00eb kombinim i mir\u00eb. P\u00ebr instrumentalet gjithmon\u00eb p\u00ebrkujdeset DJ Blunt, nd\u00ebrsa p\u00ebr tekstet un\u00eb\u201d, ka th\u00ebn\u00eb Reali1 p\u00ebr Telegrafi.com.<\/p>\n<p>Relal1, emri i v\u00ebrtet i t\u00eb cilit \u00ebsht\u00eb Ilir Zhita, ka zbuluar se p\u00ebr sezonin dim\u00ebror ata s\u00eb shpejti do t\u00eb vijn\u00eb n\u00eb treg edhe me nj\u00eb videoklip.<\/p>\n<p>\u201cJemi shum\u00eb t\u00eb angazhuar p\u00ebr k\u00ebt\u00eb sezon dim\u00ebror. Momentalisht jemi duke punuar me nj\u00eb k\u00ebng\u00eb t\u00eb re dhe s\u00eb shpejti do t\u00eb lansohet me videoklip. Gjithashtu kemi nj\u00eb bashk\u00ebpunim me \u20182po2\u2019 kemi edhe shum\u00eb k\u00ebng\u00eb t\u00eb reja por d\u00ebshiroj t\u00eb mbesin sekret, por s\u00eb shpejti do t\u00eb dalin n\u00eb treg\u201d.<\/p>\n<p>Reperi m\u00eb tej \u00ebsht\u00eb shprehur shum\u00eb i k\u00ebnaqur edhe me suksesin e tij q\u00eb ka arritur deri tash.<\/p>\n<p>\u201cUn\u00eb personalisht jam shum\u00eb, shum\u00eb i k\u00ebnaqur me suksesin tim. Punoj shum\u00eb rreth muzik\u00ebs. Muzik\u00ebn e kam me t\u00eb lindur dhe shum\u00eb thjesht\u00eb \u2013 jeta ime \u00ebsht\u00eb e gjitha muzik\u00eb.<\/p>\n<p>\u00cbsht\u00eb nj\u00eb ndjenj\u00eb shum\u00eb e mir\u00eb kur un\u00eb b\u00ebj muzik\u00eb hip-hop dhe un\u00eb jetoj prej saj dhe \u00ebsht\u00eb nj\u00eb sukses shum\u00eb i madh p\u00ebr mua\u201d, ka p\u00ebrfunduar <strong>Real1<\/strong>.<\/p>\n<!--YouTube Error: bad URL entered-->\n","protected":false},"excerpt":{"rendered":"<p>Real1, realizimet muzikore t\u00eb t\u00eb cilit jan\u00eb gjithmon\u00eb n\u00eb bashk\u00ebpunim me DJ Blunt, thot\u00eb se ata tashm\u00eb jan\u00eb b\u00ebr\u00eb si nj\u00eb grupi i pa ndash\u00ebm. \u201cPse gjithmon\u00eb me DJ Blunt? Sepse me DJ Blunt jemi s\u00eb pari shum\u00eb shok\u00eb t\u00eb mir\u00eb dhe kemi punuar q\u00eb nga fillimi bashk\u00eb, prej koh\u00ebs n\u00eb \u00b4NR URBAN ROOTS\u00b4. Jemi [&hellip;]<\/p>\n","protected":false},"author":1,"featured_media":0,"comment_status":"open","ping_status":"closed","sticky":false,"template":"","format":"standard","meta":{"spay_email":"","jetpack_publicize_message":"","jetpack_is_tweetstorm":false,"jetpack_publicize_feature_enabled":true},"categories":[1],"tags":[7018,12759,15922,15920,15921],"jetpack_publicize_connections":[],"yoast_head":"<!-- This site is optimized with the Yoast SEO plugin v19.1 - https:\/\/yoast.com\/wordpress\/plugins\/seo\/ -->\n<title>Real1: Un\u00eb dhe Dj Blunt jemi nj\u00eb - Lajme nga Ulqini<\/title>\n<meta name=\"description\" content=\"Real1, realizimet muzikore t\u00eb t\u00eb cilit jan\u00eb gjithmon\u00eb n\u00eb bashk\u00ebpunim me DJ Blunt, thot\u00eb se ata tashm\u00eb jan\u00eb b\u00ebr\u00eb si nj\u00eb grupi i pa ndash\u00ebm. \u201cPse gjithmon\u00eb\" \/>\n<meta name=\"robots\" content=\"index, follow, max-snippet:-1, max-image-preview:large, max-video-preview:-1\" \/>\n<link rel=\"canonical\" href=\"https:\/\/www.visit-ulcinj.com\/blog\/2010\/10\/09\/real1-une-dhe-dj-blunt-jemi-nje\/\" \/>\n<meta property=\"og:locale\" content=\"en_US\" \/>\n<meta property=\"og:type\" content=\"article\" \/>\n<meta property=\"og:title\" content=\"Real1: Un\u00eb dhe Dj Blunt jemi nj\u00eb - Lajme nga Ulqini\" \/>\n<meta property=\"og:description\" content=\"Real1, realizimet muzikore t\u00eb t\u00eb cilit jan\u00eb gjithmon\u00eb n\u00eb bashk\u00ebpunim me DJ Blunt, thot\u00eb se ata tashm\u00eb jan\u00eb b\u00ebr\u00eb si nj\u00eb grupi i pa ndash\u00ebm. \u201cPse gjithmon\u00eb\" \/>\n<meta property=\"og:url\" content=\"https:\/\/www.visit-ulcinj.com\/blog\/2010\/10\/09\/real1-une-dhe-dj-blunt-jemi-nje\/\" \/>\n<meta property=\"og:site_name\" content=\"Lajme nga Ulqini\" \/>\n<meta property=\"article:published_time\" content=\"2010-10-09T14:49:40+00:00\" \/>\n<meta property=\"article:modified_time\" content=\"2010-10-09T14:56:02+00:00\" \/>\n<meta property=\"og:image\" content=\"http:\/\/www.visit-ulcinj.com\/blog\/wp-content\/uploads\/2010\/10\/Real1-dhe-DjBlunt-Music-my-Ghetto.jpg\" \/>\n<meta name=\"twitter:label1\" content=\"Written by\" \/>\n\t<meta name=\"twitter:data1\" content=\"ulqini\" \/>\n\t<meta name=\"twitter:label2\" content=\"Est. reading time\" \/>\n\t<meta name=\"twitter:data2\" content=\"1 minute\" \/>\n<script type=\"application\/ld+json\" class=\"yoast-schema-graph\">{\"@context\":\"https:\/\/schema.org\",\"@graph\":[{\"@type\":\"WebSite\",\"@id\":\"https:\/\/www.visit-ulcinj.com\/blog\/#website\",\"url\":\"https:\/\/www.visit-ulcinj.com\/blog\/\",\"name\":\"Lajme nga Ulqini\",\"description\":\"Lajme,Vijesti,Ulqini,Ulqin,Crna Gora,Mali i Zi\",\"potentialAction\":[{\"@type\":\"SearchAction\",\"target\":{\"@type\":\"EntryPoint\",\"urlTemplate\":\"https:\/\/www.visit-ulcinj.com\/blog\/?s={search_term_string}\"},\"query-input\":\"required name=search_term_string\"}],\"inLanguage\":\"en-US\"},{\"@type\":\"ImageObject\",\"inLanguage\":\"en-US\",\"@id\":\"https:\/\/www.visit-ulcinj.com\/blog\/2010\/10\/09\/real1-une-dhe-dj-blunt-jemi-nje\/#primaryimage\",\"url\":\"http:\/\/www.visit-ulcinj.com\/blog\/wp-content\/uploads\/2010\/10\/Real1-dhe-DjBlunt-Music-my-Ghetto.jpg\",\"contentUrl\":\"http:\/\/www.visit-ulcinj.com\/blog\/wp-content\/uploads\/2010\/10\/Real1-dhe-DjBlunt-Music-my-Ghetto.jpg\"},{\"@type\":\"WebPage\",\"@id\":\"https:\/\/www.visit-ulcinj.com\/blog\/2010\/10\/09\/real1-une-dhe-dj-blunt-jemi-nje\/#webpage\",\"url\":\"https:\/\/www.visit-ulcinj.com\/blog\/2010\/10\/09\/real1-une-dhe-dj-blunt-jemi-nje\/\",\"name\":\"Real1: Un\u00eb dhe Dj Blunt jemi nj\u00eb - Lajme nga Ulqini\",\"isPartOf\":{\"@id\":\"https:\/\/www.visit-ulcinj.com\/blog\/#website\"},\"primaryImageOfPage\":{\"@id\":\"https:\/\/www.visit-ulcinj.com\/blog\/2010\/10\/09\/real1-une-dhe-dj-blunt-jemi-nje\/#primaryimage\"},\"datePublished\":\"2010-10-09T14:49:40+00:00\",\"dateModified\":\"2010-10-09T14:56:02+00:00\",\"author\":{\"@id\":\"https:\/\/www.visit-ulcinj.com\/blog\/#\/schema\/person\/dcab619c614d3038751c63bc2aadc06d\"},\"description\":\"Real1, realizimet muzikore t\u00eb t\u00eb cilit jan\u00eb gjithmon\u00eb n\u00eb bashk\u00ebpunim me DJ Blunt, thot\u00eb se ata tashm\u00eb jan\u00eb b\u00ebr\u00eb si nj\u00eb grupi i pa ndash\u00ebm. \u201cPse gjithmon\u00eb\",\"breadcrumb\":{\"@id\":\"https:\/\/www.visit-ulcinj.com\/blog\/2010\/10\/09\/real1-une-dhe-dj-blunt-jemi-nje\/#breadcrumb\"},\"inLanguage\":\"en-US\",\"potentialAction\":[{\"@type\":\"ReadAction\",\"target\":[\"https:\/\/www.visit-ulcinj.com\/blog\/2010\/10\/09\/real1-une-dhe-dj-blunt-jemi-nje\/\"]}]},{\"@type\":\"BreadcrumbList\",\"@id\":\"https:\/\/www.visit-ulcinj.com\/blog\/2010\/10\/09\/real1-une-dhe-dj-blunt-jemi-nje\/#breadcrumb\",\"itemListElement\":[{\"@type\":\"ListItem\",\"position\":1,\"name\":\"Real1: Un\u00eb dhe Dj Blunt jemi nj\u00eb\"}]},{\"@type\":\"Person\",\"@id\":\"https:\/\/www.visit-ulcinj.com\/blog\/#\/schema\/person\/dcab619c614d3038751c63bc2aadc06d\",\"name\":\"ulqini\",\"sameAs\":[\"http:\/\/www.visit-ulcinj.com\"],\"url\":\"https:\/\/www.visit-ulcinj.com\/blog\/author\/admin\/\"}]}<\/script>\n<!-- \/ Yoast SEO plugin. -->","yoast_head_json":{"title":"Real1: Un\u00eb dhe Dj Blunt jemi nj\u00eb - Lajme nga Ulqini","description":"Real1, realizimet muzikore t\u00eb t\u00eb cilit jan\u00eb gjithmon\u00eb n\u00eb bashk\u00ebpunim me DJ Blunt, thot\u00eb se ata tashm\u00eb jan\u00eb b\u00ebr\u00eb si nj\u00eb grupi i pa ndash\u00ebm. \u201cPse gjithmon\u00eb","robots":{"index":"index","follow":"follow","max-snippet":"max-snippet:-1","max-image-preview":"max-image-preview:large","max-video-preview":"max-video-preview:-1"},"canonical":"https:\/\/www.visit-ulcinj.com\/blog\/2010\/10\/09\/real1-une-dhe-dj-blunt-jemi-nje\/","og_locale":"en_US","og_type":"article","og_title":"Real1: Un\u00eb dhe Dj Blunt jemi nj\u00eb - Lajme nga Ulqini","og_description":"Real1, realizimet muzikore t\u00eb t\u00eb cilit jan\u00eb gjithmon\u00eb n\u00eb bashk\u00ebpunim me DJ Blunt, thot\u00eb se ata tashm\u00eb jan\u00eb b\u00ebr\u00eb si nj\u00eb grupi i pa ndash\u00ebm. \u201cPse gjithmon\u00eb","og_url":"https:\/\/www.visit-ulcinj.com\/blog\/2010\/10\/09\/real1-une-dhe-dj-blunt-jemi-nje\/","og_site_name":"Lajme nga Ulqini","article_published_time":"2010-10-09T14:49:40+00:00","article_modified_time":"2010-10-09T14:56:02+00:00","og_image":[{"url":"http:\/\/www.visit-ulcinj.com\/blog\/wp-content\/uploads\/2010\/10\/Real1-dhe-DjBlunt-Music-my-Ghetto.jpg"}],"twitter_misc":{"Written by":"ulqini","Est. reading time":"1 minute"},"schema":{"@context":"https:\/\/schema.org","@graph":[{"@type":"WebSite","@id":"https:\/\/www.visit-ulcinj.com\/blog\/#website","url":"https:\/\/www.visit-ulcinj.com\/blog\/","name":"Lajme nga Ulqini","description":"Lajme,Vijesti,Ulqini,Ulqin,Crna Gora,Mali i Zi","potentialAction":[{"@type":"SearchAction","target":{"@type":"EntryPoint","urlTemplate":"https:\/\/www.visit-ulcinj.com\/blog\/?s={search_term_string}"},"query-input":"required name=search_term_string"}],"inLanguage":"en-US"},{"@type":"ImageObject","inLanguage":"en-US","@id":"https:\/\/www.visit-ulcinj.com\/blog\/2010\/10\/09\/real1-une-dhe-dj-blunt-jemi-nje\/#primaryimage","url":"http:\/\/www.visit-ulcinj.com\/blog\/wp-content\/uploads\/2010\/10\/Real1-dhe-DjBlunt-Music-my-Ghetto.jpg","contentUrl":"http:\/\/www.visit-ulcinj.com\/blog\/wp-content\/uploads\/2010\/10\/Real1-dhe-DjBlunt-Music-my-Ghetto.jpg"},{"@type":"WebPage","@id":"https:\/\/www.visit-ulcinj.com\/blog\/2010\/10\/09\/real1-une-dhe-dj-blunt-jemi-nje\/#webpage","url":"https:\/\/www.visit-ulcinj.com\/blog\/2010\/10\/09\/real1-une-dhe-dj-blunt-jemi-nje\/","name":"Real1: Un\u00eb dhe Dj Blunt jemi nj\u00eb - Lajme nga Ulqini","isPartOf":{"@id":"https:\/\/www.visit-ulcinj.com\/blog\/#website"},"primaryImageOfPage":{"@id":"https:\/\/www.visit-ulcinj.com\/blog\/2010\/10\/09\/real1-une-dhe-dj-blunt-jemi-nje\/#primaryimage"},"datePublished":"2010-10-09T14:49:40+00:00","dateModified":"2010-10-09T14:56:02+00:00","author":{"@id":"https:\/\/www.visit-ulcinj.com\/blog\/#\/schema\/person\/dcab619c614d3038751c63bc2aadc06d"},"description":"Real1, realizimet muzikore t\u00eb t\u00eb cilit jan\u00eb gjithmon\u00eb n\u00eb bashk\u00ebpunim me DJ Blunt, thot\u00eb se ata tashm\u00eb jan\u00eb b\u00ebr\u00eb si nj\u00eb grupi i pa ndash\u00ebm. \u201cPse gjithmon\u00eb","breadcrumb":{"@id":"https:\/\/www.visit-ulcinj.com\/blog\/2010\/10\/09\/real1-une-dhe-dj-blunt-jemi-nje\/#breadcrumb"},"inLanguage":"en-US","potentialAction":[{"@type":"ReadAction","target":["https:\/\/www.visit-ulcinj.com\/blog\/2010\/10\/09\/real1-une-dhe-dj-blunt-jemi-nje\/"]}]},{"@type":"BreadcrumbList","@id":"https:\/\/www.visit-ulcinj.com\/blog\/2010\/10\/09\/real1-une-dhe-dj-blunt-jemi-nje\/#breadcrumb","itemListElement":[{"@type":"ListItem","position":1,"name":"Real1: Un\u00eb dhe Dj Blunt jemi nj\u00eb"}]},{"@type":"Person","@id":"https:\/\/www.visit-ulcinj.com\/blog\/#\/schema\/person\/dcab619c614d3038751c63bc2aadc06d","name":"ulqini","sameAs":["http:\/\/www.visit-ulcinj.com"],"url":"https:\/\/www.visit-ulcinj.com\/blog\/author\/admin\/"}]}},"jetpack_featured_media_url":"","jetpack_sharing_enabled":true,"jetpack_shortlink":"https:\/\/wp.me\/pe6lTn-9XC","_links":{"self":[{"href":"https:\/\/www.visit-ulcinj.com\/blog\/wp-json\/wp\/v2\/posts\/38292"}],"collection":[{"href":"https:\/\/www.visit-ulcinj.com\/blog\/wp-json\/wp\/v2\/posts"}],"about":[{"href":"https:\/\/www.visit-ulcinj.com\/blog\/wp-json\/wp\/v2\/types\/post"}],"author":[{"embeddable":true,"href":"https:\/\/www.visit-ulcinj.com\/blog\/wp-json\/wp\/v2\/users\/1"}],"replies":[{"embeddable":true,"href":"https:\/\/www.visit-ulcinj.com\/blog\/wp-json\/wp\/v2\/comments?post=38292"}],"version-history":[{"count":0,"href":"https:\/\/www.visit-ulcinj.com\/blog\/wp-json\/wp\/v2\/posts\/38292\/revisions"}],"wp:attachment":[{"href":"https:\/\/www.visit-ulcinj.com\/blog\/wp-json\/wp\/v2\/media?parent=38292"}],"wp:term":[{"taxonomy":"category","embeddable":true,"href":"https:\/\/www.visit-ulcinj.com\/blog\/wp-json\/wp\/v2\/categories?post=38292"},{"taxonomy":"post_tag","embeddable":true,"href":"https:\/\/www.visit-ulcinj.com\/blog\/wp-json\/wp\/v2\/tags?post=38292"}],"curies":[{"name":"wp","href":"https:\/\/api.w.org\/{rel}","templated":true}]}}