{"id":38302,"date":"2010-10-09T18:25:55","date_gmt":"2010-10-09T16:25:55","guid":{"rendered":"http:\/\/www.visit-ulcinj.com\/blog\/?p=38302"},"modified":"2010-10-09T18:25:55","modified_gmt":"2010-10-09T16:25:55","slug":"u-ulcinju-svi-grade-bez-dozvole","status":"publish","type":"post","link":"https:\/\/www.visit-ulcinj.com\/blog\/2010\/10\/09\/u-ulcinju-svi-grade-bez-dozvole\/","title":{"rendered":"U Ulcinju svi grade bez dozvole"},"content":{"rendered":"<p>Podgorica \u2013 Gzim Hajdinaga, gradona\u010delnik Ulcinja, ponovo nije do\u0161ao na  zakazani glavni pretres, a u spisima sudskog predmeta nema dokaza da je  primio poziv za svjedo\u010denje, kazao je ju\u010de sudija Ratko \u0106upi\u0107 u nastavku  su\u0111enja inspektorima gra\u0111evinarstva optu\u017eenim za primanje mita.  Optu\u017eeni Pavle Briskovi\u0107 je kazao da mu je krivo \u201c\u0161to nije do\u0161ao  predsjednik da se pogledaju u o\u010di, jer ne\u0107e iza le\u0111a da mu pri\u010da\u201d.  Sudija je dodao da \u0107e do\u0107i predsjednik, te da mora do\u0107i.<br \/>\nSvjedok Badema Lazovi\u0107 iz Ulcinja, kazala je da je sagradila objekat bez  gra\u0111evinske dozvole.<br \/>\n\u201cU naselju \u0110erani kod Ulcinja, bez gra\u0111evinske dozvole 2008. godine,  gradila sam objekat.<br \/>\n\u201cA za\u0161to\u201d, pitao je sudija.<br \/>\n\u201cKao i svi. Bez dozvole. Kada sam zavr\u0161ila gradnju, do\u0161la je gra\u0111evinska  inspekcija. Tokom gradnje, inspekcija nije dolazila, ve\u0107 kada sam  zavr\u0161ila objekat. Donijela je rje\u0161enje o zabrani dalje gradnje i nije mi  ni\u0161ta posebno nalo\u017eila. I sada nemam gra\u0111evinsku dozvolu, a nisam  platila ni komunalije \u201d, navela je svjedokinja. Sudija \u0106upi\u0107 je  primijetio da se na fotografiji njene ku\u0107e vidi da ima dvoje vrata, te  da je to prizemlje i sprat. Ona je ponovila da je jedan sprat, ali  sudija je bio uporan.<br \/>\n\u201cOstavili ste \u017eeljezo da gradite dalje\u201d.<br \/>\n\u201cZasada nemam namjeru da gradim, nemam novaca, ali gradi\u0107u sigurno\u201d,  obe\u0107ala je svjedokinja.<\/p>\n<p>Svjedok \u0106azim Metanovi\u0107 iz Ulcinja, naveo je da je gradio u Pristanu.  Objasnio je da je imao gra\u0111evinsku dozvolu, ali da je na svoju ruku  pro\u0161irio gabarite ku\u0107e, ali se nada da \u0107e se sve uklopiti u urbanisti\u010dki  plan.<br \/>\n\u201cGra\u0111evinska inspekcija je dolazila, ali sam nastavio da gradim.  Nastavio sam da gradim iako mi je inspekcija zabranila gradnju. Me\u0111utim,  nisam je poslu\u0161ao. Tada se, osim mene, u Ulcinju gradilo jo\u0161 300  objekata bez gra\u0111evinske dozvole, tako da sam mislio da mi ne\u0107e sru\u0161iti  ku\u0107u. Zbog toga nisam po\u0161tovao zabranu. Inspekcija nije vi\u0161e dolazila, a  ja sam zavr\u0161io objekat i sada \u017eivim u njemu,\u201d rekao je svjedok.<br \/>\nPrema optu\u017enici Dra\u017eena Buri\u0107a, zamjenika specijalnog tu\u017eioca, Pavle Z.  Briskovi\u0107, Radomir N. Gazivoda, Tahiri H. Ru\u017edi i Islam Red\u017ea, optu\u017eeni  su za krivi\u010dno djelo \\&#8221;primanja mita\\&#8221;.<\/p>\n<div><strong>K. RADEVI\u0106<br \/>\n<a href=\"http:\/\/www.vijesti.me\/\" target=\"_blank\">Vijesti<\/a><\/strong><\/div>\n","protected":false},"excerpt":{"rendered":"<p>Podgorica \u2013 Gzim Hajdinaga, gradona\u010delnik Ulcinja, ponovo nije do\u0161ao na zakazani glavni pretres, a u spisima sudskog predmeta nema dokaza da je primio poziv za svjedo\u010denje, kazao je ju\u010de sudija Ratko \u0106upi\u0107 u nastavku su\u0111enja inspektorima gra\u0111evinarstva optu\u017eenim za primanje mita. Optu\u017eeni Pavle Briskovi\u0107 je kazao da mu je krivo \u201c\u0161to nije do\u0161ao predsjednik da [&hellip;]<\/p>\n","protected":false},"author":1,"featured_media":0,"comment_status":"open","ping_status":"closed","sticky":false,"template":"","format":"standard","meta":{"spay_email":"","jetpack_publicize_message":"","jetpack_is_tweetstorm":false,"jetpack_publicize_feature_enabled":true},"categories":[8],"tags":[19],"jetpack_publicize_connections":[],"yoast_head":"<!-- This site is optimized with the Yoast SEO plugin v19.1 - https:\/\/yoast.com\/wordpress\/plugins\/seo\/ -->\n<title>U Ulcinju svi grade bez dozvole - Lajme nga Ulqini<\/title>\n<meta name=\"description\" content=\"Podgorica \u2013 Gzim Hajdinaga, gradona\u010delnik Ulcinja, ponovo nije do\u0161ao na zakazani glavni pretres, a u spisima sudskog predmeta nema dokaza da je primio\" \/>\n<meta name=\"robots\" content=\"index, follow, max-snippet:-1, max-image-preview:large, max-video-preview:-1\" \/>\n<link rel=\"canonical\" href=\"https:\/\/www.visit-ulcinj.com\/blog\/2010\/10\/09\/u-ulcinju-svi-grade-bez-dozvole\/\" \/>\n<meta property=\"og:locale\" content=\"en_US\" \/>\n<meta property=\"og:type\" content=\"article\" \/>\n<meta property=\"og:title\" content=\"U Ulcinju svi grade bez dozvole - Lajme nga Ulqini\" \/>\n<meta property=\"og:description\" content=\"Podgorica \u2013 Gzim Hajdinaga, gradona\u010delnik Ulcinja, ponovo nije do\u0161ao na zakazani glavni pretres, a u spisima sudskog predmeta nema dokaza da je primio\" \/>\n<meta property=\"og:url\" content=\"https:\/\/www.visit-ulcinj.com\/blog\/2010\/10\/09\/u-ulcinju-svi-grade-bez-dozvole\/\" \/>\n<meta property=\"og:site_name\" content=\"Lajme nga Ulqini\" \/>\n<meta property=\"article:published_time\" content=\"2010-10-09T16:25:55+00:00\" \/>\n<meta name=\"twitter:label1\" content=\"Written by\" \/>\n\t<meta name=\"twitter:data1\" content=\"ulqini\" \/>\n\t<meta name=\"twitter:label2\" content=\"Est. reading time\" \/>\n\t<meta name=\"twitter:data2\" content=\"2 minutes\" \/>\n<script type=\"application\/ld+json\" class=\"yoast-schema-graph\">{\"@context\":\"https:\/\/schema.org\",\"@graph\":[{\"@type\":\"WebSite\",\"@id\":\"https:\/\/www.visit-ulcinj.com\/blog\/#website\",\"url\":\"https:\/\/www.visit-ulcinj.com\/blog\/\",\"name\":\"Lajme nga Ulqini\",\"description\":\"Lajme,Vijesti,Ulqini,Ulqin,Crna Gora,Mali i Zi\",\"potentialAction\":[{\"@type\":\"SearchAction\",\"target\":{\"@type\":\"EntryPoint\",\"urlTemplate\":\"https:\/\/www.visit-ulcinj.com\/blog\/?s={search_term_string}\"},\"query-input\":\"required name=search_term_string\"}],\"inLanguage\":\"en-US\"},{\"@type\":\"WebPage\",\"@id\":\"https:\/\/www.visit-ulcinj.com\/blog\/2010\/10\/09\/u-ulcinju-svi-grade-bez-dozvole\/#webpage\",\"url\":\"https:\/\/www.visit-ulcinj.com\/blog\/2010\/10\/09\/u-ulcinju-svi-grade-bez-dozvole\/\",\"name\":\"U Ulcinju svi grade bez dozvole - Lajme nga Ulqini\",\"isPartOf\":{\"@id\":\"https:\/\/www.visit-ulcinj.com\/blog\/#website\"},\"datePublished\":\"2010-10-09T16:25:55+00:00\",\"dateModified\":\"2010-10-09T16:25:55+00:00\",\"author\":{\"@id\":\"https:\/\/www.visit-ulcinj.com\/blog\/#\/schema\/person\/dcab619c614d3038751c63bc2aadc06d\"},\"description\":\"Podgorica \u2013 Gzim Hajdinaga, gradona\u010delnik Ulcinja, ponovo nije do\u0161ao na zakazani glavni pretres, a u spisima sudskog predmeta nema dokaza da je primio\",\"breadcrumb\":{\"@id\":\"https:\/\/www.visit-ulcinj.com\/blog\/2010\/10\/09\/u-ulcinju-svi-grade-bez-dozvole\/#breadcrumb\"},\"inLanguage\":\"en-US\",\"potentialAction\":[{\"@type\":\"ReadAction\",\"target\":[\"https:\/\/www.visit-ulcinj.com\/blog\/2010\/10\/09\/u-ulcinju-svi-grade-bez-dozvole\/\"]}]},{\"@type\":\"BreadcrumbList\",\"@id\":\"https:\/\/www.visit-ulcinj.com\/blog\/2010\/10\/09\/u-ulcinju-svi-grade-bez-dozvole\/#breadcrumb\",\"itemListElement\":[{\"@type\":\"ListItem\",\"position\":1,\"name\":\"U Ulcinju svi grade bez dozvole\"}]},{\"@type\":\"Person\",\"@id\":\"https:\/\/www.visit-ulcinj.com\/blog\/#\/schema\/person\/dcab619c614d3038751c63bc2aadc06d\",\"name\":\"ulqini\",\"sameAs\":[\"http:\/\/www.visit-ulcinj.com\"],\"url\":\"https:\/\/www.visit-ulcinj.com\/blog\/author\/admin\/\"}]}<\/script>\n<!-- \/ Yoast SEO plugin. -->","yoast_head_json":{"title":"U Ulcinju svi grade bez dozvole - Lajme nga Ulqini","description":"Podgorica \u2013 Gzim Hajdinaga, gradona\u010delnik Ulcinja, ponovo nije do\u0161ao na zakazani glavni pretres, a u spisima sudskog predmeta nema dokaza da je primio","robots":{"index":"index","follow":"follow","max-snippet":"max-snippet:-1","max-image-preview":"max-image-preview:large","max-video-preview":"max-video-preview:-1"},"canonical":"https:\/\/www.visit-ulcinj.com\/blog\/2010\/10\/09\/u-ulcinju-svi-grade-bez-dozvole\/","og_locale":"en_US","og_type":"article","og_title":"U Ulcinju svi grade bez dozvole - Lajme nga Ulqini","og_description":"Podgorica \u2013 Gzim Hajdinaga, gradona\u010delnik Ulcinja, ponovo nije do\u0161ao na zakazani glavni pretres, a u spisima sudskog predmeta nema dokaza da je primio","og_url":"https:\/\/www.visit-ulcinj.com\/blog\/2010\/10\/09\/u-ulcinju-svi-grade-bez-dozvole\/","og_site_name":"Lajme nga Ulqini","article_published_time":"2010-10-09T16:25:55+00:00","twitter_misc":{"Written by":"ulqini","Est. reading time":"2 minutes"},"schema":{"@context":"https:\/\/schema.org","@graph":[{"@type":"WebSite","@id":"https:\/\/www.visit-ulcinj.com\/blog\/#website","url":"https:\/\/www.visit-ulcinj.com\/blog\/","name":"Lajme nga Ulqini","description":"Lajme,Vijesti,Ulqini,Ulqin,Crna Gora,Mali i Zi","potentialAction":[{"@type":"SearchAction","target":{"@type":"EntryPoint","urlTemplate":"https:\/\/www.visit-ulcinj.com\/blog\/?s={search_term_string}"},"query-input":"required name=search_term_string"}],"inLanguage":"en-US"},{"@type":"WebPage","@id":"https:\/\/www.visit-ulcinj.com\/blog\/2010\/10\/09\/u-ulcinju-svi-grade-bez-dozvole\/#webpage","url":"https:\/\/www.visit-ulcinj.com\/blog\/2010\/10\/09\/u-ulcinju-svi-grade-bez-dozvole\/","name":"U Ulcinju svi grade bez dozvole - Lajme nga Ulqini","isPartOf":{"@id":"https:\/\/www.visit-ulcinj.com\/blog\/#website"},"datePublished":"2010-10-09T16:25:55+00:00","dateModified":"2010-10-09T16:25:55+00:00","author":{"@id":"https:\/\/www.visit-ulcinj.com\/blog\/#\/schema\/person\/dcab619c614d3038751c63bc2aadc06d"},"description":"Podgorica \u2013 Gzim Hajdinaga, gradona\u010delnik Ulcinja, ponovo nije do\u0161ao na zakazani glavni pretres, a u spisima sudskog predmeta nema dokaza da je primio","breadcrumb":{"@id":"https:\/\/www.visit-ulcinj.com\/blog\/2010\/10\/09\/u-ulcinju-svi-grade-bez-dozvole\/#breadcrumb"},"inLanguage":"en-US","potentialAction":[{"@type":"ReadAction","target":["https:\/\/www.visit-ulcinj.com\/blog\/2010\/10\/09\/u-ulcinju-svi-grade-bez-dozvole\/"]}]},{"@type":"BreadcrumbList","@id":"https:\/\/www.visit-ulcinj.com\/blog\/2010\/10\/09\/u-ulcinju-svi-grade-bez-dozvole\/#breadcrumb","itemListElement":[{"@type":"ListItem","position":1,"name":"U Ulcinju svi grade bez dozvole"}]},{"@type":"Person","@id":"https:\/\/www.visit-ulcinj.com\/blog\/#\/schema\/person\/dcab619c614d3038751c63bc2aadc06d","name":"ulqini","sameAs":["http:\/\/www.visit-ulcinj.com"],"url":"https:\/\/www.visit-ulcinj.com\/blog\/author\/admin\/"}]}},"jetpack_featured_media_url":"","jetpack_sharing_enabled":true,"jetpack_shortlink":"https:\/\/wp.me\/pe6lTn-9XM","_links":{"self":[{"href":"https:\/\/www.visit-ulcinj.com\/blog\/wp-json\/wp\/v2\/posts\/38302"}],"collection":[{"href":"https:\/\/www.visit-ulcinj.com\/blog\/wp-json\/wp\/v2\/posts"}],"about":[{"href":"https:\/\/www.visit-ulcinj.com\/blog\/wp-json\/wp\/v2\/types\/post"}],"author":[{"embeddable":true,"href":"https:\/\/www.visit-ulcinj.com\/blog\/wp-json\/wp\/v2\/users\/1"}],"replies":[{"embeddable":true,"href":"https:\/\/www.visit-ulcinj.com\/blog\/wp-json\/wp\/v2\/comments?post=38302"}],"version-history":[{"count":0,"href":"https:\/\/www.visit-ulcinj.com\/blog\/wp-json\/wp\/v2\/posts\/38302\/revisions"}],"wp:attachment":[{"href":"https:\/\/www.visit-ulcinj.com\/blog\/wp-json\/wp\/v2\/media?parent=38302"}],"wp:term":[{"taxonomy":"category","embeddable":true,"href":"https:\/\/www.visit-ulcinj.com\/blog\/wp-json\/wp\/v2\/categories?post=38302"},{"taxonomy":"post_tag","embeddable":true,"href":"https:\/\/www.visit-ulcinj.com\/blog\/wp-json\/wp\/v2\/tags?post=38302"}],"curies":[{"name":"wp","href":"https:\/\/api.w.org\/{rel}","templated":true}]}}