{"id":38305,"date":"2010-10-09T18:48:24","date_gmt":"2010-10-09T16:48:24","guid":{"rendered":"http:\/\/www.visit-ulcinj.com\/blog\/?p=38305"},"modified":"2010-10-09T19:00:21","modified_gmt":"2010-10-09T17:00:21","slug":"ferhat-dinosa-ako-ne-ode-sam-razrijesite-ga","status":"publish","type":"post","link":"https:\/\/www.visit-ulcinj.com\/blog\/2010\/10\/09\/ferhat-dinosa-ako-ne-ode-sam-razrijesite-ga\/","title":{"rendered":"Ferhat Dino\u0161a: Ako ne ode sam razrije\u0161ite ga"},"content":{"rendered":"<p><a href=\"http:\/\/www.visit-ulcinj.com\/blog\/wp-content\/uploads\/2010\/10\/Ferhat-Dinosa.jpg\"><img loading=\"lazy\" class=\"alignleft size-full wp-image-38306\" title=\"Ferhat Dinosa\" src=\"http:\/\/www.visit-ulcinj.com\/blog\/wp-content\/uploads\/2010\/10\/Ferhat-Dinosa.jpg\" alt=\"\" width=\"490\" height=\"256\" srcset=\"https:\/\/www.visit-ulcinj.com\/blog\/wp-content\/uploads\/2010\/10\/Ferhat-Dinosa.jpg 490w, https:\/\/www.visit-ulcinj.com\/blog\/wp-content\/uploads\/2010\/10\/Ferhat-Dinosa-300x156.jpg 300w\" sizes=\"(max-width: 490px) 100vw, 490px\" \/><\/a>Podgorica &#8211; NVO \u201cJuventas\u201d daje sna\u017enu podr\u0161ku stavovima koji su usvojeni u zajedni\u010dkoj Deklaraciji i preporukama Parlamentarnog odbora za stabilizaciju i pridru\u017eivanje, koji \u010dine po 14 parlamentaraca iz evropskog i crnogorskog parlamenta, saop\u0161teno je ju\u010de iz te NVO.<br \/>\nU \u201cJuventasu\u201d tvrde da i dalje ostaju pri stavu da ministar za ljudska i manjinska prava Ferhat Dino\u0161a treba da podnese ostavku, smatraju\u0107i da \u201cako on to i dalje bude odbijao, treba da bude razrije\u0161en sa te pozicije\u201d.<br \/>\nPosebnu podr\u0161ku, kako se navodi, ta NVO pru\u017ei\u0107e koordinatorki Komiteta za spoljne poslove Urlike Lunacek, koja je iznijela jasan stav o neprimjerenom odnosu crnogorskog ministra za ljudska i manjinska prava prema LGBT populaciji.<br \/>\n\u201cNa\u017ealost, umjesto da je ostao pozitivan utisak u javnosti, nakon veoma jasne osude pona\u0161anja ministra od strane parlamentaraca, Dino\u0161a nastavlja da sa istim \u017earom iznosi negativne stavove prema politici tolerancije i po\u0161tovanja ljudskih prava LGBT osoba, \u010dak i po cijenu odbijanja saradnje u vezi sa tim pitanjem sa predstavnicima EU\u201d, poru\u010dili su iz NVO-a.<\/p>\n<p>U \u201cJuventasu\u201d isti\u010du da nikako ne shvataju, kao ni zna\u010dajan broj nevladinih organizacija u Crnoj Gori, ali i u regionu i EU, \u201cza\u0161to Dino\u0161a i dalje u\u017eiva podr\u0161ku Vlade\u201d.<br \/>\n\u201cPosljednjim osu\u0111uju\u0107im izjavama i kritikama, onim koji su osudili njegov diskrimini\u0161u\u0107i odnos prema LGBT populaciji, Dino\u0161a poku\u0161ava da zao\u0161tri situaciju u javnosti i isprovocira reakciju njenog konzervativnijeg dijela, koji bi o\u010digledno kako on o\u010dekuje, trebalo da izvr\u0161i pritisak na one koji nijesu spremni da slijede njegovu politiku selektivnog po\u0161tovanja ljudskih prava\u201d, smatraju u toj NVO.<\/p>\n<p>Na\u017ealost, kako upozoravaju, \u201cDino\u0161a i dalje ne \u017eeli da prihvati da manjinska prava nijesu samo prava nacionalnih manjina, nego svih onih kategorija stanovni\u0161tva, kojima je potrebna institucionalna podr\u0161ka da bi njihova prava bila po\u0161tovana\u201d.<br \/>\n\u201cNepodno\u0161enjem ostavke, koja je od njega zahtijevana, Dino\u0161a nanosi \u0161tetu naporima za sticanjem kandidature, a nakon toga i \u010dlanstva na\u0161e zemlje u EU. <strong>Ako<\/strong> Vlada i dalje insistira da on ostane na toj poziciji, onda se cijeli sistem za\u0161tite ljudskih prava ugro\u017eava, te dovodi u pitanje javno iskazana namjera Vlade da maksimalno radi na za\u0161titi ljudskih prava u Crnoj Gori\u201d, poru\u010dili su u toj nevladinoj organizaciji.<\/p>\n<p><strong>T. \u0110.<br \/>\n<a href=\"http:\/\/www.vijesti.me\/\" target=\"_blank\">Vijesti<\/a><\/strong><\/p>\n<p><strong>Garantujem vam za\u0161titu na paradi ponosa<\/strong><br \/>\nPodgorica \u2013 Ministar za ljudska i manjinska prava Ferhat Dino\u0161a ponudio je ju\u010de za\u0161titu prilikom organizovanja prve parade ponosa u Crnoj Gori svim poslanicima koji su prije nekoliko dana u Briselu sa kolegama iz Evropskog parlamenta usvojili Deklaraciju u kojoj osu\u0111uju njegovu izjavu o homoseksualizmu.<br \/>\nPovodom stava iz Deklaracije Parlamentarnog odbora za stabilizaciju i pridru\u017eivanje, koji \u010dine po 14 parlamentaraca Evropskog i crnogorskog parlamenta, da odbor \u201c\u017eali zbog neprihvatljivih izjava ministra za ljudska i manjinska prava o LGBT populaciji\u201d, Dino\u0161a je kazao da on \u201cne ide u Brisel da pri\u010da ono \u0161to ne govori u Podgorici\u201d.<\/p>\n<p>Taj stav je u\u0161ao u zajedni\u010dki dokument povodom Dino\u0161ine izjave od prije skoro godinu dana da \u201cpostojanje homoseksualaca nije dobra vijest za Crnu Goru\u201d i da ne bi bio \u201cmnogo sre\u0107an zbog toga\u201d. U Deklaraciji se podsje\u0107a da sve manjine, uklju\u010duju\u0107i i LGBT grupu, moraju biti za\u0161ti\u0107ene striktnom primjenom Zakona o zabrani diskriminacije\u201d.<br \/>\nZa taj stav glasali su svi poslanici iz Skup\u0161tine Crne Gore, uklju\u010duju\u0107i i Dino\u0161ine kolege iz vladaju\u0107e DPS-SDP koalicije, kao i iz konzervativne Nove srpske demokratije koja je ranije imala negativan stav prema LGBT populaciji.<br \/>\n\u201cNa\u017ealost, neki poslanici crnogorskog parlamenta jesu to u\u010dinili. Ja nisam znao da LGBT (lezbijke, homoseksualci, biseksualci i transrodne osobe) populacija ima takvu podr\u0161ku kod parlamentarnih stranaka Crne Gore, pogotovo Nove srpske demokratije i Nove demokratske snage \u2013 Force. I sada o\u010dekujem da \u0107e se ovi ljudi anga\u017eovati oko organizacije parade ponosa i stati na njeno \u010delo. Ja im garantujem za\u0161titu u tom slu\u010daju. U\u010dini\u0107u sve da animiram druge dr\u017eavne subjekte da se oni za\u0161tite\u201d, kazao je Dino\u0161a \u201cVijestima\u201d.<\/p>\n<p>Odbijaju\u0107i mogu\u0107nost da se i on na\u0111e u defileu na paradi ponosa, Dino\u0161a je rekao da \u0107e Crna Gora \u201cpru\u017eiti za\u0161titu svim kategorijama ljudi, i svim pojedincima u onome \u0161to su evropski uzusi i \u0161to je evropska praksa, pa i kada je u pitanju LGBT populacija\u201d.<br \/>\n\u201cTa praksa i ti uzusi govore da je dr\u017eava du\u017ena da za\u0161titi i tu kategoriju stanovni\u0161tva, ali da nije obavezna da ih afirmi\u0161e. Dakle, Crna Gora \u0107e se pona\u0161ati u skladu sa evropskim uzusima povodom tog pitanja. Druga je stvar \u0161to u Crnoj Gori postoje i ve\u0107i katolici od pape\u201d, ocijenio je Dino\u0161a.<br \/>\n\u010clanovi crnogorske delegacije koji su u Briselu glasali za Deklaraciju su Ranko Krivokapi\u0107, Miodrag Vukovi\u0107, Predrag Sekuli\u0107, Mevludin Nuhod\u017ei\u0107, Aleksandar Bogdanovi\u0107, Ra\u0161ko Konjevi\u0107, Suljo Mustafi\u0107, Nada Drobnjak, Vasilije Lalo\u0161evi\u0107, Predrag Bulatovi\u0107, Slaven Radunovi\u0107, Branko Radulovi\u0107, Genci Nimanbegu i Goran Danilovi\u0107.<\/p>\n<p>Debatu u Briselu o Dino\u0161inim izjavama, prema informacijama \u201cVijesti\u201d, pokrenula je austrijska parlamentarka, koordinatorka Komiteta za spoljne poslove i izvjestiteljka za Kosovo, \u010dlanica LGBT Integrupe Urlike Lunacek. Njen kolega Eduard Kukan i Krivokapi\u0107 branili su Dino\u0161u, navode\u0107i da nije praksa da u zvani\u010dna dokumenta u\u0111e pojedina\u010dan slu\u010daj, ali je Jelko Kacin iz Slovenije insistirao da se u Deklaraciji uvrsti stav o izjavama crnogorskog ministra.<\/p>\n<p><strong>T. PAVI\u0106EVI\u0106<\/strong><a href=\"http:\/\/www.vijesti.me\/\" target=\"_blank\"><strong><br \/>\nVijesti<\/strong><\/a><br \/>\n[flv width=&#8221;490&#8243; height=&#8221;390&#8243;]http:\/\/a60.video2.blip.tv\/8630006741854\/Rtvvijesti-prizma081010370.flv[\/flv]<\/p>\n","protected":false},"excerpt":{"rendered":"<p>Podgorica &#8211; NVO \u201cJuventas\u201d daje sna\u017enu podr\u0161ku stavovima koji su usvojeni u zajedni\u010dkoj Deklaraciji i preporukama Parlamentarnog odbora za stabilizaciju i pridru\u017eivanje, koji \u010dine po 14 parlamentaraca iz evropskog i crnogorskog parlamenta, saop\u0161teno je ju\u010de iz te NVO. U \u201cJuventasu\u201d tvrde da i dalje ostaju pri stavu da ministar za ljudska i manjinska prava Ferhat [&hellip;]<\/p>\n","protected":false},"author":1,"featured_media":0,"comment_status":"open","ping_status":"closed","sticky":false,"template":"","format":"standard","meta":{"spay_email":"","jetpack_publicize_message":"","jetpack_is_tweetstorm":false,"jetpack_publicize_feature_enabled":true},"categories":[8],"tags":[88,12254,15923],"jetpack_publicize_connections":[],"yoast_head":"<!-- This site is optimized with the Yoast SEO plugin v19.1 - https:\/\/yoast.com\/wordpress\/plugins\/seo\/ -->\n<title>Ferhat Dino\u0161a: Ako ne ode sam razrije\u0161ite ga - Lajme nga Ulqini<\/title>\n<meta name=\"description\" content=\"Podgorica - NVO \u201cJuventas\u201d daje sna\u017enu podr\u0161ku stavovima koji su usvojeni u zajedni\u010dkoj Deklaraciji i preporukama Parlamentarnog odbora za stabilizaciju i\" \/>\n<meta name=\"robots\" content=\"index, follow, max-snippet:-1, max-image-preview:large, max-video-preview:-1\" \/>\n<link rel=\"canonical\" href=\"https:\/\/www.visit-ulcinj.com\/blog\/2010\/10\/09\/ferhat-dinosa-ako-ne-ode-sam-razrijesite-ga\/\" \/>\n<meta property=\"og:locale\" content=\"en_US\" \/>\n<meta property=\"og:type\" content=\"article\" \/>\n<meta property=\"og:title\" content=\"Ferhat Dino\u0161a: Ako ne ode sam razrije\u0161ite ga - Lajme nga Ulqini\" \/>\n<meta property=\"og:description\" content=\"Podgorica - NVO \u201cJuventas\u201d daje sna\u017enu podr\u0161ku stavovima koji su usvojeni u zajedni\u010dkoj Deklaraciji i preporukama Parlamentarnog odbora za stabilizaciju i\" \/>\n<meta property=\"og:url\" content=\"https:\/\/www.visit-ulcinj.com\/blog\/2010\/10\/09\/ferhat-dinosa-ako-ne-ode-sam-razrijesite-ga\/\" \/>\n<meta property=\"og:site_name\" content=\"Lajme nga Ulqini\" \/>\n<meta property=\"article:published_time\" content=\"2010-10-09T16:48:24+00:00\" \/>\n<meta property=\"article:modified_time\" content=\"2010-10-09T17:00:21+00:00\" \/>\n<meta property=\"og:image\" content=\"http:\/\/www.visit-ulcinj.com\/blog\/wp-content\/uploads\/2010\/10\/Ferhat-Dinosa.jpg\" \/>\n<meta name=\"twitter:label1\" content=\"Written by\" \/>\n\t<meta name=\"twitter:data1\" content=\"ulqini\" \/>\n\t<meta name=\"twitter:label2\" content=\"Est. reading time\" \/>\n\t<meta name=\"twitter:data2\" content=\"5 minutes\" \/>\n<script type=\"application\/ld+json\" class=\"yoast-schema-graph\">{\"@context\":\"https:\/\/schema.org\",\"@graph\":[{\"@type\":\"WebSite\",\"@id\":\"https:\/\/www.visit-ulcinj.com\/blog\/#website\",\"url\":\"https:\/\/www.visit-ulcinj.com\/blog\/\",\"name\":\"Lajme nga Ulqini\",\"description\":\"Lajme,Vijesti,Ulqini,Ulqin,Crna Gora,Mali i Zi\",\"potentialAction\":[{\"@type\":\"SearchAction\",\"target\":{\"@type\":\"EntryPoint\",\"urlTemplate\":\"https:\/\/www.visit-ulcinj.com\/blog\/?s={search_term_string}\"},\"query-input\":\"required name=search_term_string\"}],\"inLanguage\":\"en-US\"},{\"@type\":\"ImageObject\",\"inLanguage\":\"en-US\",\"@id\":\"https:\/\/www.visit-ulcinj.com\/blog\/2010\/10\/09\/ferhat-dinosa-ako-ne-ode-sam-razrijesite-ga\/#primaryimage\",\"url\":\"https:\/\/www.visit-ulcinj.com\/blog\/wp-content\/uploads\/2010\/10\/Ferhat-Dinosa.jpg\",\"contentUrl\":\"https:\/\/www.visit-ulcinj.com\/blog\/wp-content\/uploads\/2010\/10\/Ferhat-Dinosa.jpg\",\"width\":\"490\",\"height\":\"256\"},{\"@type\":\"WebPage\",\"@id\":\"https:\/\/www.visit-ulcinj.com\/blog\/2010\/10\/09\/ferhat-dinosa-ako-ne-ode-sam-razrijesite-ga\/#webpage\",\"url\":\"https:\/\/www.visit-ulcinj.com\/blog\/2010\/10\/09\/ferhat-dinosa-ako-ne-ode-sam-razrijesite-ga\/\",\"name\":\"Ferhat Dino\u0161a: Ako ne ode sam razrije\u0161ite ga - Lajme nga Ulqini\",\"isPartOf\":{\"@id\":\"https:\/\/www.visit-ulcinj.com\/blog\/#website\"},\"primaryImageOfPage\":{\"@id\":\"https:\/\/www.visit-ulcinj.com\/blog\/2010\/10\/09\/ferhat-dinosa-ako-ne-ode-sam-razrijesite-ga\/#primaryimage\"},\"datePublished\":\"2010-10-09T16:48:24+00:00\",\"dateModified\":\"2010-10-09T17:00:21+00:00\",\"author\":{\"@id\":\"https:\/\/www.visit-ulcinj.com\/blog\/#\/schema\/person\/dcab619c614d3038751c63bc2aadc06d\"},\"description\":\"Podgorica - NVO \u201cJuventas\u201d daje sna\u017enu podr\u0161ku stavovima koji su usvojeni u zajedni\u010dkoj Deklaraciji i preporukama Parlamentarnog odbora za stabilizaciju i\",\"breadcrumb\":{\"@id\":\"https:\/\/www.visit-ulcinj.com\/blog\/2010\/10\/09\/ferhat-dinosa-ako-ne-ode-sam-razrijesite-ga\/#breadcrumb\"},\"inLanguage\":\"en-US\",\"potentialAction\":[{\"@type\":\"ReadAction\",\"target\":[\"https:\/\/www.visit-ulcinj.com\/blog\/2010\/10\/09\/ferhat-dinosa-ako-ne-ode-sam-razrijesite-ga\/\"]}]},{\"@type\":\"BreadcrumbList\",\"@id\":\"https:\/\/www.visit-ulcinj.com\/blog\/2010\/10\/09\/ferhat-dinosa-ako-ne-ode-sam-razrijesite-ga\/#breadcrumb\",\"itemListElement\":[{\"@type\":\"ListItem\",\"position\":1,\"name\":\"Ferhat Dino\u0161a: Ako ne ode sam razrije\u0161ite ga\"}]},{\"@type\":\"Person\",\"@id\":\"https:\/\/www.visit-ulcinj.com\/blog\/#\/schema\/person\/dcab619c614d3038751c63bc2aadc06d\",\"name\":\"ulqini\",\"sameAs\":[\"http:\/\/www.visit-ulcinj.com\"],\"url\":\"https:\/\/www.visit-ulcinj.com\/blog\/author\/admin\/\"}]}<\/script>\n<!-- \/ Yoast SEO plugin. -->","yoast_head_json":{"title":"Ferhat Dino\u0161a: Ako ne ode sam razrije\u0161ite ga - Lajme nga Ulqini","description":"Podgorica - NVO \u201cJuventas\u201d daje sna\u017enu podr\u0161ku stavovima koji su usvojeni u zajedni\u010dkoj Deklaraciji i preporukama Parlamentarnog odbora za stabilizaciju i","robots":{"index":"index","follow":"follow","max-snippet":"max-snippet:-1","max-image-preview":"max-image-preview:large","max-video-preview":"max-video-preview:-1"},"canonical":"https:\/\/www.visit-ulcinj.com\/blog\/2010\/10\/09\/ferhat-dinosa-ako-ne-ode-sam-razrijesite-ga\/","og_locale":"en_US","og_type":"article","og_title":"Ferhat Dino\u0161a: Ako ne ode sam razrije\u0161ite ga - Lajme nga Ulqini","og_description":"Podgorica - NVO \u201cJuventas\u201d daje sna\u017enu podr\u0161ku stavovima koji su usvojeni u zajedni\u010dkoj Deklaraciji i preporukama Parlamentarnog odbora za stabilizaciju i","og_url":"https:\/\/www.visit-ulcinj.com\/blog\/2010\/10\/09\/ferhat-dinosa-ako-ne-ode-sam-razrijesite-ga\/","og_site_name":"Lajme nga Ulqini","article_published_time":"2010-10-09T16:48:24+00:00","article_modified_time":"2010-10-09T17:00:21+00:00","og_image":[{"url":"http:\/\/www.visit-ulcinj.com\/blog\/wp-content\/uploads\/2010\/10\/Ferhat-Dinosa.jpg"}],"twitter_misc":{"Written by":"ulqini","Est. reading time":"5 minutes"},"schema":{"@context":"https:\/\/schema.org","@graph":[{"@type":"WebSite","@id":"https:\/\/www.visit-ulcinj.com\/blog\/#website","url":"https:\/\/www.visit-ulcinj.com\/blog\/","name":"Lajme nga Ulqini","description":"Lajme,Vijesti,Ulqini,Ulqin,Crna Gora,Mali i Zi","potentialAction":[{"@type":"SearchAction","target":{"@type":"EntryPoint","urlTemplate":"https:\/\/www.visit-ulcinj.com\/blog\/?s={search_term_string}"},"query-input":"required name=search_term_string"}],"inLanguage":"en-US"},{"@type":"ImageObject","inLanguage":"en-US","@id":"https:\/\/www.visit-ulcinj.com\/blog\/2010\/10\/09\/ferhat-dinosa-ako-ne-ode-sam-razrijesite-ga\/#primaryimage","url":"https:\/\/www.visit-ulcinj.com\/blog\/wp-content\/uploads\/2010\/10\/Ferhat-Dinosa.jpg","contentUrl":"https:\/\/www.visit-ulcinj.com\/blog\/wp-content\/uploads\/2010\/10\/Ferhat-Dinosa.jpg","width":"490","height":"256"},{"@type":"WebPage","@id":"https:\/\/www.visit-ulcinj.com\/blog\/2010\/10\/09\/ferhat-dinosa-ako-ne-ode-sam-razrijesite-ga\/#webpage","url":"https:\/\/www.visit-ulcinj.com\/blog\/2010\/10\/09\/ferhat-dinosa-ako-ne-ode-sam-razrijesite-ga\/","name":"Ferhat Dino\u0161a: Ako ne ode sam razrije\u0161ite ga - Lajme nga Ulqini","isPartOf":{"@id":"https:\/\/www.visit-ulcinj.com\/blog\/#website"},"primaryImageOfPage":{"@id":"https:\/\/www.visit-ulcinj.com\/blog\/2010\/10\/09\/ferhat-dinosa-ako-ne-ode-sam-razrijesite-ga\/#primaryimage"},"datePublished":"2010-10-09T16:48:24+00:00","dateModified":"2010-10-09T17:00:21+00:00","author":{"@id":"https:\/\/www.visit-ulcinj.com\/blog\/#\/schema\/person\/dcab619c614d3038751c63bc2aadc06d"},"description":"Podgorica - NVO \u201cJuventas\u201d daje sna\u017enu podr\u0161ku stavovima koji su usvojeni u zajedni\u010dkoj Deklaraciji i preporukama Parlamentarnog odbora za stabilizaciju i","breadcrumb":{"@id":"https:\/\/www.visit-ulcinj.com\/blog\/2010\/10\/09\/ferhat-dinosa-ako-ne-ode-sam-razrijesite-ga\/#breadcrumb"},"inLanguage":"en-US","potentialAction":[{"@type":"ReadAction","target":["https:\/\/www.visit-ulcinj.com\/blog\/2010\/10\/09\/ferhat-dinosa-ako-ne-ode-sam-razrijesite-ga\/"]}]},{"@type":"BreadcrumbList","@id":"https:\/\/www.visit-ulcinj.com\/blog\/2010\/10\/09\/ferhat-dinosa-ako-ne-ode-sam-razrijesite-ga\/#breadcrumb","itemListElement":[{"@type":"ListItem","position":1,"name":"Ferhat Dino\u0161a: Ako ne ode sam razrije\u0161ite ga"}]},{"@type":"Person","@id":"https:\/\/www.visit-ulcinj.com\/blog\/#\/schema\/person\/dcab619c614d3038751c63bc2aadc06d","name":"ulqini","sameAs":["http:\/\/www.visit-ulcinj.com"],"url":"https:\/\/www.visit-ulcinj.com\/blog\/author\/admin\/"}]}},"jetpack_featured_media_url":"","jetpack_sharing_enabled":true,"jetpack_shortlink":"https:\/\/wp.me\/pe6lTn-9XP","_links":{"self":[{"href":"https:\/\/www.visit-ulcinj.com\/blog\/wp-json\/wp\/v2\/posts\/38305"}],"collection":[{"href":"https:\/\/www.visit-ulcinj.com\/blog\/wp-json\/wp\/v2\/posts"}],"about":[{"href":"https:\/\/www.visit-ulcinj.com\/blog\/wp-json\/wp\/v2\/types\/post"}],"author":[{"embeddable":true,"href":"https:\/\/www.visit-ulcinj.com\/blog\/wp-json\/wp\/v2\/users\/1"}],"replies":[{"embeddable":true,"href":"https:\/\/www.visit-ulcinj.com\/blog\/wp-json\/wp\/v2\/comments?post=38305"}],"version-history":[{"count":0,"href":"https:\/\/www.visit-ulcinj.com\/blog\/wp-json\/wp\/v2\/posts\/38305\/revisions"}],"wp:attachment":[{"href":"https:\/\/www.visit-ulcinj.com\/blog\/wp-json\/wp\/v2\/media?parent=38305"}],"wp:term":[{"taxonomy":"category","embeddable":true,"href":"https:\/\/www.visit-ulcinj.com\/blog\/wp-json\/wp\/v2\/categories?post=38305"},{"taxonomy":"post_tag","embeddable":true,"href":"https:\/\/www.visit-ulcinj.com\/blog\/wp-json\/wp\/v2\/tags?post=38305"}],"curies":[{"name":"wp","href":"https:\/\/api.w.org\/{rel}","templated":true}]}}