{"id":38319,"date":"2010-10-09T20:30:44","date_gmt":"2010-10-09T18:30:44","guid":{"rendered":"http:\/\/www.visit-ulcinj.com\/blog\/?p=38319"},"modified":"2010-10-09T20:41:36","modified_gmt":"2010-10-09T18:41:36","slug":"lineablu-in-montenegro-rai-uno","status":"publish","type":"post","link":"https:\/\/www.visit-ulcinj.com\/blog\/2010\/10\/09\/lineablu-in-montenegro-rai-uno\/","title":{"rendered":"Lineablu in Montenegro &#8211; RAI UNO &#8211; Video"},"content":{"rendered":"<p><a href=\"http:\/\/www.rai.tv\/dl\/RaiTV\/programmi\/media\/ContentItem-b246ed0b-333b-4ddb-aaf7-653db1f7659b.html?65583700\" target=\"_blank\"><img loading=\"lazy\" class=\"alignleft size-full wp-image-38320\" title=\"Lineablu in Montenegro\" src=\"http:\/\/www.visit-ulcinj.com\/blog\/wp-content\/uploads\/2010\/10\/Lineablu-in-Montenegro.jpg\" alt=\"\" width=\"490\" height=\"390\" \/><\/a><a href=\"http:\/\/www.rai.tv\/dl\/RaiTV\/programmi\/media\/ContentItem-b246ed0b-333b-4ddb-aaf7-653db1f7659b.html?65583700\" target=\"_blank\"><strong><em>KLIKNITE<\/em> NA SLIKU <em>DA BI<\/em> STE POGLEDALI EMISIJU<\/strong><\/a><br \/>\nItalijanska Rai Uno televizija emitova\u0107e sjutra u 14,30 specijalno izdanje emisije Lineablu posve\u0107eno Crnoj Gori, saop\u0161teno je iz Nacionalne turisti\u010dke organizacije (NTO).<\/p>\n<p>\u201cReporta\u017eu Speciale Lineablu in Montenegro, koja posebno isti\u010de ambijentalne cjelina, kulturno-istorijske i arheolo\u0161ke znamenitosti, pripremale su ekipe italijanske televizije i NTO-a tokom septembra ove godine\u201d, saop\u0161teno je iz te organizacije.<\/p>\n<p>Poseban osvrt napravljen je na podvodna arheolo\u0161ka nalazi\u0161ta i atraktivne lokacije, ribolov i lokalnu gastronomiju, navodi se u saop\u0161tenju.<\/p>\n<p>\u201cImaju\u0107i u vidu zna\u010daj Speciale Lineablu in Montenegro reporta\u017ee za dalju promociju i pozicioniranje Crne Gore na va\u017enom emitivnom tr\u017ei\u0161tu Italije setovi su obuhvatili snimanja na terenu, podvodna i snimanja iz vazduha\u201d, rekli su u NTO.<\/p>\n<p>Emisiju je snimala deseto\u010dlana ekipa novinara, snimatelja i tehni\u010dara u saradnji su lokalnim turisti\u010dkim organizacijama Bara, Budve, Cetinja, Herceg Novog, Kotora, Tivta, Ulcinja i Centrom za obuku ronilaca i podvodno deminiranje.<\/p>\n<p>Reporta\u017ee Lineablu emituju se ve\u0107 17 godina i spadaju me\u0111u najgledanije u Italiji.Zahvaljuju\u0107i Rai interne\u0161nelu \/International\/ emisija je veoma gledana u Latinskoj Americi, Sjedinjenim Ameri\u010dkim Dr\u017eavama, Aziji, Africi i Australiji, kao i u svim evropskim zemljama.<\/p>\n<p>Italijanski novinari bili su pozitivno iznena\u0111eni prirodnim ljepotama Boke Kotorske, o\u010duvanim primorskim naseljima i velikom broju sagovornika koji su izjave dali na italijanskom jeziku.<\/p>\n<p><strong>RTCG<br \/>\n<\/strong><\/p>\n","protected":false},"excerpt":{"rendered":"<p>KLIKNITE NA SLIKU DA BI STE POGLEDALI EMISIJU Italijanska Rai Uno televizija emitova\u0107e sjutra u 14,30 specijalno izdanje emisije Lineablu posve\u0107eno Crnoj Gori, saop\u0161teno je iz Nacionalne turisti\u010dke organizacije (NTO). \u201cReporta\u017eu Speciale Lineablu in Montenegro, koja posebno isti\u010de ambijentalne cjelina, kulturno-istorijske i arheolo\u0161ke znamenitosti, pripremale su ekipe italijanske televizije i NTO-a tokom septembra ove godine\u201d, [&hellip;]<\/p>\n","protected":false},"author":1,"featured_media":0,"comment_status":"open","ping_status":"closed","sticky":false,"template":"","format":"standard","meta":{"spay_email":"","jetpack_publicize_message":"","jetpack_is_tweetstorm":false,"jetpack_publicize_feature_enabled":true},"categories":[8337],"tags":[15561,15563,15562,11504,15566,15565,15568,13834,15930,79,15567,15564,15569,19,12098,12105],"jetpack_publicize_connections":[],"yoast_head":"<!-- This site is optimized with the Yoast SEO plugin v19.1 - https:\/\/yoast.com\/wordpress\/plugins\/seo\/ -->\n<title>Lineablu in Montenegro - RAI UNO - Video - Lajme nga Ulqini<\/title>\n<meta name=\"description\" content=\"KLIKNITE NA SLIKU DA BI STE POGLEDALI EMISIJU Italijanska Rai Uno televizija emitova\u0107e sjutra u 14,30 specijalno izdanje emisije Lineablu posve\u0107eno Crnoj\" \/>\n<meta name=\"robots\" content=\"index, follow, max-snippet:-1, max-image-preview:large, max-video-preview:-1\" \/>\n<link rel=\"canonical\" href=\"https:\/\/www.visit-ulcinj.com\/blog\/2010\/10\/09\/lineablu-in-montenegro-rai-uno\/\" \/>\n<meta property=\"og:locale\" content=\"en_US\" \/>\n<meta property=\"og:type\" content=\"article\" \/>\n<meta property=\"og:title\" content=\"Lineablu in Montenegro - RAI UNO - Video - Lajme nga Ulqini\" \/>\n<meta property=\"og:description\" content=\"KLIKNITE NA SLIKU DA BI STE POGLEDALI EMISIJU Italijanska Rai Uno televizija emitova\u0107e sjutra u 14,30 specijalno izdanje emisije Lineablu posve\u0107eno Crnoj\" \/>\n<meta property=\"og:url\" content=\"https:\/\/www.visit-ulcinj.com\/blog\/2010\/10\/09\/lineablu-in-montenegro-rai-uno\/\" \/>\n<meta property=\"og:site_name\" content=\"Lajme nga Ulqini\" \/>\n<meta property=\"article:published_time\" content=\"2010-10-09T18:30:44+00:00\" \/>\n<meta property=\"article:modified_time\" content=\"2010-10-09T18:41:36+00:00\" \/>\n<meta property=\"og:image\" content=\"http:\/\/www.visit-ulcinj.com\/blog\/wp-content\/uploads\/2010\/10\/Lineablu-in-Montenegro.jpg\" \/>\n<meta name=\"twitter:label1\" content=\"Written by\" \/>\n\t<meta name=\"twitter:data1\" content=\"ulqini\" \/>\n\t<meta name=\"twitter:label2\" content=\"Est. reading time\" \/>\n\t<meta name=\"twitter:data2\" content=\"1 minute\" \/>\n<script type=\"application\/ld+json\" class=\"yoast-schema-graph\">{\"@context\":\"https:\/\/schema.org\",\"@graph\":[{\"@type\":\"WebSite\",\"@id\":\"https:\/\/www.visit-ulcinj.com\/blog\/#website\",\"url\":\"https:\/\/www.visit-ulcinj.com\/blog\/\",\"name\":\"Lajme nga Ulqini\",\"description\":\"Lajme,Vijesti,Ulqini,Ulqin,Crna Gora,Mali i Zi\",\"potentialAction\":[{\"@type\":\"SearchAction\",\"target\":{\"@type\":\"EntryPoint\",\"urlTemplate\":\"https:\/\/www.visit-ulcinj.com\/blog\/?s={search_term_string}\"},\"query-input\":\"required name=search_term_string\"}],\"inLanguage\":\"en-US\"},{\"@type\":\"ImageObject\",\"inLanguage\":\"en-US\",\"@id\":\"https:\/\/www.visit-ulcinj.com\/blog\/2010\/10\/09\/lineablu-in-montenegro-rai-uno\/#primaryimage\",\"url\":\"https:\/\/www.visit-ulcinj.com\/blog\/wp-content\/uploads\/2010\/10\/Lineablu-in-Montenegro.jpg\",\"contentUrl\":\"https:\/\/www.visit-ulcinj.com\/blog\/wp-content\/uploads\/2010\/10\/Lineablu-in-Montenegro.jpg\",\"width\":\"643\",\"height\":\"491\"},{\"@type\":\"WebPage\",\"@id\":\"https:\/\/www.visit-ulcinj.com\/blog\/2010\/10\/09\/lineablu-in-montenegro-rai-uno\/#webpage\",\"url\":\"https:\/\/www.visit-ulcinj.com\/blog\/2010\/10\/09\/lineablu-in-montenegro-rai-uno\/\",\"name\":\"Lineablu in Montenegro - RAI UNO - Video - Lajme nga Ulqini\",\"isPartOf\":{\"@id\":\"https:\/\/www.visit-ulcinj.com\/blog\/#website\"},\"primaryImageOfPage\":{\"@id\":\"https:\/\/www.visit-ulcinj.com\/blog\/2010\/10\/09\/lineablu-in-montenegro-rai-uno\/#primaryimage\"},\"datePublished\":\"2010-10-09T18:30:44+00:00\",\"dateModified\":\"2010-10-09T18:41:36+00:00\",\"author\":{\"@id\":\"https:\/\/www.visit-ulcinj.com\/blog\/#\/schema\/person\/dcab619c614d3038751c63bc2aadc06d\"},\"description\":\"KLIKNITE NA SLIKU DA BI STE POGLEDALI EMISIJU Italijanska Rai Uno televizija emitova\u0107e sjutra u 14,30 specijalno izdanje emisije Lineablu posve\u0107eno Crnoj\",\"breadcrumb\":{\"@id\":\"https:\/\/www.visit-ulcinj.com\/blog\/2010\/10\/09\/lineablu-in-montenegro-rai-uno\/#breadcrumb\"},\"inLanguage\":\"en-US\",\"potentialAction\":[{\"@type\":\"ReadAction\",\"target\":[\"https:\/\/www.visit-ulcinj.com\/blog\/2010\/10\/09\/lineablu-in-montenegro-rai-uno\/\"]}]},{\"@type\":\"BreadcrumbList\",\"@id\":\"https:\/\/www.visit-ulcinj.com\/blog\/2010\/10\/09\/lineablu-in-montenegro-rai-uno\/#breadcrumb\",\"itemListElement\":[{\"@type\":\"ListItem\",\"position\":1,\"name\":\"Lineablu in Montenegro &#8211; RAI UNO &#8211; Video\"}]},{\"@type\":\"Person\",\"@id\":\"https:\/\/www.visit-ulcinj.com\/blog\/#\/schema\/person\/dcab619c614d3038751c63bc2aadc06d\",\"name\":\"ulqini\",\"sameAs\":[\"http:\/\/www.visit-ulcinj.com\"],\"url\":\"https:\/\/www.visit-ulcinj.com\/blog\/author\/admin\/\"}]}<\/script>\n<!-- \/ Yoast SEO plugin. -->","yoast_head_json":{"title":"Lineablu in Montenegro - RAI UNO - Video - Lajme nga Ulqini","description":"KLIKNITE NA SLIKU DA BI STE POGLEDALI EMISIJU Italijanska Rai Uno televizija emitova\u0107e sjutra u 14,30 specijalno izdanje emisije Lineablu posve\u0107eno Crnoj","robots":{"index":"index","follow":"follow","max-snippet":"max-snippet:-1","max-image-preview":"max-image-preview:large","max-video-preview":"max-video-preview:-1"},"canonical":"https:\/\/www.visit-ulcinj.com\/blog\/2010\/10\/09\/lineablu-in-montenegro-rai-uno\/","og_locale":"en_US","og_type":"article","og_title":"Lineablu in Montenegro - RAI UNO - Video - Lajme nga Ulqini","og_description":"KLIKNITE NA SLIKU DA BI STE POGLEDALI EMISIJU Italijanska Rai Uno televizija emitova\u0107e sjutra u 14,30 specijalno izdanje emisije Lineablu posve\u0107eno Crnoj","og_url":"https:\/\/www.visit-ulcinj.com\/blog\/2010\/10\/09\/lineablu-in-montenegro-rai-uno\/","og_site_name":"Lajme nga Ulqini","article_published_time":"2010-10-09T18:30:44+00:00","article_modified_time":"2010-10-09T18:41:36+00:00","og_image":[{"url":"http:\/\/www.visit-ulcinj.com\/blog\/wp-content\/uploads\/2010\/10\/Lineablu-in-Montenegro.jpg"}],"twitter_misc":{"Written by":"ulqini","Est. reading time":"1 minute"},"schema":{"@context":"https:\/\/schema.org","@graph":[{"@type":"WebSite","@id":"https:\/\/www.visit-ulcinj.com\/blog\/#website","url":"https:\/\/www.visit-ulcinj.com\/blog\/","name":"Lajme nga Ulqini","description":"Lajme,Vijesti,Ulqini,Ulqin,Crna Gora,Mali i Zi","potentialAction":[{"@type":"SearchAction","target":{"@type":"EntryPoint","urlTemplate":"https:\/\/www.visit-ulcinj.com\/blog\/?s={search_term_string}"},"query-input":"required name=search_term_string"}],"inLanguage":"en-US"},{"@type":"ImageObject","inLanguage":"en-US","@id":"https:\/\/www.visit-ulcinj.com\/blog\/2010\/10\/09\/lineablu-in-montenegro-rai-uno\/#primaryimage","url":"https:\/\/www.visit-ulcinj.com\/blog\/wp-content\/uploads\/2010\/10\/Lineablu-in-Montenegro.jpg","contentUrl":"https:\/\/www.visit-ulcinj.com\/blog\/wp-content\/uploads\/2010\/10\/Lineablu-in-Montenegro.jpg","width":"643","height":"491"},{"@type":"WebPage","@id":"https:\/\/www.visit-ulcinj.com\/blog\/2010\/10\/09\/lineablu-in-montenegro-rai-uno\/#webpage","url":"https:\/\/www.visit-ulcinj.com\/blog\/2010\/10\/09\/lineablu-in-montenegro-rai-uno\/","name":"Lineablu in Montenegro - RAI UNO - Video - Lajme nga Ulqini","isPartOf":{"@id":"https:\/\/www.visit-ulcinj.com\/blog\/#website"},"primaryImageOfPage":{"@id":"https:\/\/www.visit-ulcinj.com\/blog\/2010\/10\/09\/lineablu-in-montenegro-rai-uno\/#primaryimage"},"datePublished":"2010-10-09T18:30:44+00:00","dateModified":"2010-10-09T18:41:36+00:00","author":{"@id":"https:\/\/www.visit-ulcinj.com\/blog\/#\/schema\/person\/dcab619c614d3038751c63bc2aadc06d"},"description":"KLIKNITE NA SLIKU DA BI STE POGLEDALI EMISIJU Italijanska Rai Uno televizija emitova\u0107e sjutra u 14,30 specijalno izdanje emisije Lineablu posve\u0107eno Crnoj","breadcrumb":{"@id":"https:\/\/www.visit-ulcinj.com\/blog\/2010\/10\/09\/lineablu-in-montenegro-rai-uno\/#breadcrumb"},"inLanguage":"en-US","potentialAction":[{"@type":"ReadAction","target":["https:\/\/www.visit-ulcinj.com\/blog\/2010\/10\/09\/lineablu-in-montenegro-rai-uno\/"]}]},{"@type":"BreadcrumbList","@id":"https:\/\/www.visit-ulcinj.com\/blog\/2010\/10\/09\/lineablu-in-montenegro-rai-uno\/#breadcrumb","itemListElement":[{"@type":"ListItem","position":1,"name":"Lineablu in Montenegro &#8211; RAI UNO &#8211; Video"}]},{"@type":"Person","@id":"https:\/\/www.visit-ulcinj.com\/blog\/#\/schema\/person\/dcab619c614d3038751c63bc2aadc06d","name":"ulqini","sameAs":["http:\/\/www.visit-ulcinj.com"],"url":"https:\/\/www.visit-ulcinj.com\/blog\/author\/admin\/"}]}},"jetpack_featured_media_url":"","jetpack_sharing_enabled":true,"jetpack_shortlink":"https:\/\/wp.me\/pe6lTn-9Y3","_links":{"self":[{"href":"https:\/\/www.visit-ulcinj.com\/blog\/wp-json\/wp\/v2\/posts\/38319"}],"collection":[{"href":"https:\/\/www.visit-ulcinj.com\/blog\/wp-json\/wp\/v2\/posts"}],"about":[{"href":"https:\/\/www.visit-ulcinj.com\/blog\/wp-json\/wp\/v2\/types\/post"}],"author":[{"embeddable":true,"href":"https:\/\/www.visit-ulcinj.com\/blog\/wp-json\/wp\/v2\/users\/1"}],"replies":[{"embeddable":true,"href":"https:\/\/www.visit-ulcinj.com\/blog\/wp-json\/wp\/v2\/comments?post=38319"}],"version-history":[{"count":0,"href":"https:\/\/www.visit-ulcinj.com\/blog\/wp-json\/wp\/v2\/posts\/38319\/revisions"}],"wp:attachment":[{"href":"https:\/\/www.visit-ulcinj.com\/blog\/wp-json\/wp\/v2\/media?parent=38319"}],"wp:term":[{"taxonomy":"category","embeddable":true,"href":"https:\/\/www.visit-ulcinj.com\/blog\/wp-json\/wp\/v2\/categories?post=38319"},{"taxonomy":"post_tag","embeddable":true,"href":"https:\/\/www.visit-ulcinj.com\/blog\/wp-json\/wp\/v2\/tags?post=38319"}],"curies":[{"name":"wp","href":"https:\/\/api.w.org\/{rel}","templated":true}]}}