{"id":38330,"date":"2010-10-10T08:53:26","date_gmt":"2010-10-10T06:53:26","guid":{"rendered":"http:\/\/www.visit-ulcinj.com\/blog\/?p=38330"},"modified":"2010-10-10T11:28:03","modified_gmt":"2010-10-10T09:28:03","slug":"permbytjet-ne-rrethine-te-ulqinitsituata-eshte-ne-kontroll","status":"publish","type":"post","link":"https:\/\/www.visit-ulcinj.com\/blog\/2010\/10\/10\/permbytjet-ne-rrethine-te-ulqinitsituata-eshte-ne-kontroll\/","title":{"rendered":"Permbytjet ne rrethine te Ulqinit,situata \u00ebsht\u00eb n\u00eb kontroll"},"content":{"rendered":"<p><a href=\"http:\/\/www.visit-ulcinj.com\/blog\/wp-content\/uploads\/2010\/10\/Permbytjet-ne-rrethine-te-Ulqinit.jpg\"><img loading=\"lazy\" class=\"alignleft size-full wp-image-38331\" title=\"Permbytjet ne rrethine te Ulqinit\" src=\"http:\/\/www.visit-ulcinj.com\/blog\/wp-content\/uploads\/2010\/10\/Permbytjet-ne-rrethine-te-Ulqinit.jpg\" alt=\"\" width=\"490\" height=\"380\" \/><\/a>N\u00eb An\u00eb t\u00eb Malit dje qe \u00a0mjaft situat\u00eb e v\u00ebshtir\u00eb, pa ndonj\u00eb alarmim q\u00eb \u00ebsht\u00eb gjendja\u00a0 tep\u00ebr tep\u00ebr e rrezikshme, por\u00a0 v\u00ebrtet\u00a0 ka p\u00ebrmbytje t\u00eb m\u00ebdha n\u00eb disa sht\u00ebpi \u00a0si p\u00ebr shembull ne Kryth\u00eb. Tani\u00a0 menj\u00ebher\u00eb nga k\u00ebtu do t\u00eb shkoj n\u00eb Lisna Bor\u00eb, ku kemi informacion se n\u00eb disa vende uji ka kap\u00ebrcyer edhe bendin. T\u00eb shohim n\u00eb terren se si \u00ebsht\u00eb situata konkrete\u00a0 n\u00eb p\u00ebrgjith\u00ebsi\u00a0 n\u00eb Sukubin, Katerkoll\u00eb, Kravar, Rashtish, Shas, Brajsh\u00eb, Shtoder, Fraskanjel, Mill\u00eb, Kryth\u00eb, Amull, Selit\u00eb, Kalimani, Kosiq, Shtegvash, Kllezen, Bojk, Dragin, Lisna Bore, Muriqan, Oblik\u00eb, Shtuf, Doda.<br \/>\nE t\u00ebr\u00eb kjo situat\u00eb e krijuar\u00a0 nga reshjet e dendura n\u00eb k\u00ebt\u00eb rajon ku ka nd\u00ebrprer\u00eb edhe komunikimin\u00a0 nd\u00ebrjmejt \u00a0Ulqinit dhe An\u00ebs s\u00eb Malit .<\/p>\n<p>T\u00eb shohim n\u00eb terren se si \u00ebsht\u00eb situata konkrete, ja se \u00e7far\u00eb qe situata para dy dit\u00ebve 8.10.2010  &#8211; 16:28,ndiqni videon nga Ana Malit.<br \/>\nKurse sot asht dit\u00eb me diell\u00eb dhe krejt kto perbyetje jan t\u00eb kaluar dhe jeta vazhdon.<\/p>\n<!--YouTube Error: bad URL entered-->\n","protected":false},"excerpt":{"rendered":"<p>N\u00eb An\u00eb t\u00eb Malit dje qe \u00a0mjaft situat\u00eb e v\u00ebshtir\u00eb, pa ndonj\u00eb alarmim q\u00eb \u00ebsht\u00eb gjendja\u00a0 tep\u00ebr tep\u00ebr e rrezikshme, por\u00a0 v\u00ebrtet\u00a0 ka p\u00ebrmbytje t\u00eb m\u00ebdha n\u00eb disa sht\u00ebpi \u00a0si p\u00ebr shembull ne Kryth\u00eb. Tani\u00a0 menj\u00ebher\u00eb nga k\u00ebtu do t\u00eb shkoj n\u00eb Lisna Bor\u00eb, ku kemi informacion se n\u00eb disa vende uji ka kap\u00ebrcyer edhe [&hellip;]<\/p>\n","protected":false},"author":1,"featured_media":0,"comment_status":"open","ping_status":"closed","sticky":false,"template":"","format":"standard","meta":{"spay_email":"","jetpack_publicize_message":"","jetpack_is_tweetstorm":false,"jetpack_publicize_feature_enabled":true},"categories":[1],"tags":[3505,212,3510,3502,3516,3511,3504,3506,3499,3509,3507,3500,3228,3512,3227,3513,3514,15931,3501,10472,3231,15932,3503,3515,3498,19,200,18],"jetpack_publicize_connections":[],"yoast_head":"<!-- This site is optimized with the Yoast SEO plugin v19.1 - https:\/\/yoast.com\/wordpress\/plugins\/seo\/ -->\n<title>Permbytjet ne rrethine te Ulqinit,situata \u00ebsht\u00eb n\u00eb kontroll - Lajme nga Ulqini<\/title>\n<meta name=\"description\" content=\"N\u00eb An\u00eb t\u00eb Malit dje qe \u00a0mjaft situat\u00eb e v\u00ebshtir\u00eb, pa ndonj\u00eb alarmim q\u00eb \u00ebsht\u00eb gjendja\u00a0 tep\u00ebr tep\u00ebr e rrezikshme, por\u00a0 v\u00ebrtet\u00a0 ka p\u00ebrmbytje t\u00eb m\u00ebdha n\u00eb disa\" \/>\n<meta name=\"robots\" content=\"index, follow, max-snippet:-1, max-image-preview:large, max-video-preview:-1\" \/>\n<link rel=\"canonical\" href=\"https:\/\/www.visit-ulcinj.com\/blog\/2010\/10\/10\/permbytjet-ne-rrethine-te-ulqinitsituata-eshte-ne-kontroll\/\" \/>\n<meta property=\"og:locale\" content=\"en_US\" \/>\n<meta property=\"og:type\" content=\"article\" \/>\n<meta property=\"og:title\" content=\"Permbytjet ne rrethine te Ulqinit,situata \u00ebsht\u00eb n\u00eb kontroll - Lajme nga Ulqini\" \/>\n<meta property=\"og:description\" content=\"N\u00eb An\u00eb t\u00eb Malit dje qe \u00a0mjaft situat\u00eb e v\u00ebshtir\u00eb, pa ndonj\u00eb alarmim q\u00eb \u00ebsht\u00eb gjendja\u00a0 tep\u00ebr tep\u00ebr e rrezikshme, por\u00a0 v\u00ebrtet\u00a0 ka p\u00ebrmbytje t\u00eb m\u00ebdha n\u00eb disa\" \/>\n<meta property=\"og:url\" content=\"https:\/\/www.visit-ulcinj.com\/blog\/2010\/10\/10\/permbytjet-ne-rrethine-te-ulqinitsituata-eshte-ne-kontroll\/\" \/>\n<meta property=\"og:site_name\" content=\"Lajme nga Ulqini\" \/>\n<meta property=\"article:published_time\" content=\"2010-10-10T06:53:26+00:00\" \/>\n<meta property=\"article:modified_time\" content=\"2010-10-10T09:28:03+00:00\" \/>\n<meta property=\"og:image\" content=\"http:\/\/www.visit-ulcinj.com\/blog\/wp-content\/uploads\/2010\/10\/Permbytjet-ne-rrethine-te-Ulqinit.jpg\" \/>\n<meta name=\"twitter:label1\" content=\"Written by\" \/>\n\t<meta name=\"twitter:data1\" content=\"ulqini\" \/>\n\t<meta name=\"twitter:label2\" content=\"Est. reading time\" \/>\n\t<meta name=\"twitter:data2\" content=\"1 minute\" \/>\n<script type=\"application\/ld+json\" class=\"yoast-schema-graph\">{\"@context\":\"https:\/\/schema.org\",\"@graph\":[{\"@type\":\"WebSite\",\"@id\":\"https:\/\/www.visit-ulcinj.com\/blog\/#website\",\"url\":\"https:\/\/www.visit-ulcinj.com\/blog\/\",\"name\":\"Lajme nga Ulqini\",\"description\":\"Lajme,Vijesti,Ulqini,Ulqin,Crna Gora,Mali i Zi\",\"potentialAction\":[{\"@type\":\"SearchAction\",\"target\":{\"@type\":\"EntryPoint\",\"urlTemplate\":\"https:\/\/www.visit-ulcinj.com\/blog\/?s={search_term_string}\"},\"query-input\":\"required name=search_term_string\"}],\"inLanguage\":\"en-US\"},{\"@type\":\"ImageObject\",\"inLanguage\":\"en-US\",\"@id\":\"https:\/\/www.visit-ulcinj.com\/blog\/2010\/10\/10\/permbytjet-ne-rrethine-te-ulqinitsituata-eshte-ne-kontroll\/#primaryimage\",\"url\":\"https:\/\/www.visit-ulcinj.com\/blog\/wp-content\/uploads\/2010\/10\/Permbytjet-ne-rrethine-te-Ulqinit.jpg\",\"contentUrl\":\"https:\/\/www.visit-ulcinj.com\/blog\/wp-content\/uploads\/2010\/10\/Permbytjet-ne-rrethine-te-Ulqinit.jpg\",\"width\":\"529\",\"height\":\"380\"},{\"@type\":\"WebPage\",\"@id\":\"https:\/\/www.visit-ulcinj.com\/blog\/2010\/10\/10\/permbytjet-ne-rrethine-te-ulqinitsituata-eshte-ne-kontroll\/#webpage\",\"url\":\"https:\/\/www.visit-ulcinj.com\/blog\/2010\/10\/10\/permbytjet-ne-rrethine-te-ulqinitsituata-eshte-ne-kontroll\/\",\"name\":\"Permbytjet ne rrethine te Ulqinit,situata \u00ebsht\u00eb n\u00eb kontroll - Lajme nga Ulqini\",\"isPartOf\":{\"@id\":\"https:\/\/www.visit-ulcinj.com\/blog\/#website\"},\"primaryImageOfPage\":{\"@id\":\"https:\/\/www.visit-ulcinj.com\/blog\/2010\/10\/10\/permbytjet-ne-rrethine-te-ulqinitsituata-eshte-ne-kontroll\/#primaryimage\"},\"datePublished\":\"2010-10-10T06:53:26+00:00\",\"dateModified\":\"2010-10-10T09:28:03+00:00\",\"author\":{\"@id\":\"https:\/\/www.visit-ulcinj.com\/blog\/#\/schema\/person\/dcab619c614d3038751c63bc2aadc06d\"},\"description\":\"N\u00eb An\u00eb t\u00eb Malit dje qe \u00a0mjaft situat\u00eb e v\u00ebshtir\u00eb, pa ndonj\u00eb alarmim q\u00eb \u00ebsht\u00eb gjendja\u00a0 tep\u00ebr tep\u00ebr e rrezikshme, por\u00a0 v\u00ebrtet\u00a0 ka p\u00ebrmbytje t\u00eb m\u00ebdha n\u00eb disa\",\"breadcrumb\":{\"@id\":\"https:\/\/www.visit-ulcinj.com\/blog\/2010\/10\/10\/permbytjet-ne-rrethine-te-ulqinitsituata-eshte-ne-kontroll\/#breadcrumb\"},\"inLanguage\":\"en-US\",\"potentialAction\":[{\"@type\":\"ReadAction\",\"target\":[\"https:\/\/www.visit-ulcinj.com\/blog\/2010\/10\/10\/permbytjet-ne-rrethine-te-ulqinitsituata-eshte-ne-kontroll\/\"]}]},{\"@type\":\"BreadcrumbList\",\"@id\":\"https:\/\/www.visit-ulcinj.com\/blog\/2010\/10\/10\/permbytjet-ne-rrethine-te-ulqinitsituata-eshte-ne-kontroll\/#breadcrumb\",\"itemListElement\":[{\"@type\":\"ListItem\",\"position\":1,\"name\":\"Permbytjet ne rrethine te Ulqinit,situata \u00ebsht\u00eb n\u00eb kontroll\"}]},{\"@type\":\"Person\",\"@id\":\"https:\/\/www.visit-ulcinj.com\/blog\/#\/schema\/person\/dcab619c614d3038751c63bc2aadc06d\",\"name\":\"ulqini\",\"sameAs\":[\"http:\/\/www.visit-ulcinj.com\"],\"url\":\"https:\/\/www.visit-ulcinj.com\/blog\/author\/admin\/\"}]}<\/script>\n<!-- \/ Yoast SEO plugin. -->","yoast_head_json":{"title":"Permbytjet ne rrethine te Ulqinit,situata \u00ebsht\u00eb n\u00eb kontroll - Lajme nga Ulqini","description":"N\u00eb An\u00eb t\u00eb Malit dje qe \u00a0mjaft situat\u00eb e v\u00ebshtir\u00eb, pa ndonj\u00eb alarmim q\u00eb \u00ebsht\u00eb gjendja\u00a0 tep\u00ebr tep\u00ebr e rrezikshme, por\u00a0 v\u00ebrtet\u00a0 ka p\u00ebrmbytje t\u00eb m\u00ebdha n\u00eb disa","robots":{"index":"index","follow":"follow","max-snippet":"max-snippet:-1","max-image-preview":"max-image-preview:large","max-video-preview":"max-video-preview:-1"},"canonical":"https:\/\/www.visit-ulcinj.com\/blog\/2010\/10\/10\/permbytjet-ne-rrethine-te-ulqinitsituata-eshte-ne-kontroll\/","og_locale":"en_US","og_type":"article","og_title":"Permbytjet ne rrethine te Ulqinit,situata \u00ebsht\u00eb n\u00eb kontroll - Lajme nga Ulqini","og_description":"N\u00eb An\u00eb t\u00eb Malit dje qe \u00a0mjaft situat\u00eb e v\u00ebshtir\u00eb, pa ndonj\u00eb alarmim q\u00eb \u00ebsht\u00eb gjendja\u00a0 tep\u00ebr tep\u00ebr e rrezikshme, por\u00a0 v\u00ebrtet\u00a0 ka p\u00ebrmbytje t\u00eb m\u00ebdha n\u00eb disa","og_url":"https:\/\/www.visit-ulcinj.com\/blog\/2010\/10\/10\/permbytjet-ne-rrethine-te-ulqinitsituata-eshte-ne-kontroll\/","og_site_name":"Lajme nga Ulqini","article_published_time":"2010-10-10T06:53:26+00:00","article_modified_time":"2010-10-10T09:28:03+00:00","og_image":[{"url":"http:\/\/www.visit-ulcinj.com\/blog\/wp-content\/uploads\/2010\/10\/Permbytjet-ne-rrethine-te-Ulqinit.jpg"}],"twitter_misc":{"Written by":"ulqini","Est. reading time":"1 minute"},"schema":{"@context":"https:\/\/schema.org","@graph":[{"@type":"WebSite","@id":"https:\/\/www.visit-ulcinj.com\/blog\/#website","url":"https:\/\/www.visit-ulcinj.com\/blog\/","name":"Lajme nga Ulqini","description":"Lajme,Vijesti,Ulqini,Ulqin,Crna Gora,Mali i Zi","potentialAction":[{"@type":"SearchAction","target":{"@type":"EntryPoint","urlTemplate":"https:\/\/www.visit-ulcinj.com\/blog\/?s={search_term_string}"},"query-input":"required name=search_term_string"}],"inLanguage":"en-US"},{"@type":"ImageObject","inLanguage":"en-US","@id":"https:\/\/www.visit-ulcinj.com\/blog\/2010\/10\/10\/permbytjet-ne-rrethine-te-ulqinitsituata-eshte-ne-kontroll\/#primaryimage","url":"https:\/\/www.visit-ulcinj.com\/blog\/wp-content\/uploads\/2010\/10\/Permbytjet-ne-rrethine-te-Ulqinit.jpg","contentUrl":"https:\/\/www.visit-ulcinj.com\/blog\/wp-content\/uploads\/2010\/10\/Permbytjet-ne-rrethine-te-Ulqinit.jpg","width":"529","height":"380"},{"@type":"WebPage","@id":"https:\/\/www.visit-ulcinj.com\/blog\/2010\/10\/10\/permbytjet-ne-rrethine-te-ulqinitsituata-eshte-ne-kontroll\/#webpage","url":"https:\/\/www.visit-ulcinj.com\/blog\/2010\/10\/10\/permbytjet-ne-rrethine-te-ulqinitsituata-eshte-ne-kontroll\/","name":"Permbytjet ne rrethine te Ulqinit,situata \u00ebsht\u00eb n\u00eb kontroll - Lajme nga Ulqini","isPartOf":{"@id":"https:\/\/www.visit-ulcinj.com\/blog\/#website"},"primaryImageOfPage":{"@id":"https:\/\/www.visit-ulcinj.com\/blog\/2010\/10\/10\/permbytjet-ne-rrethine-te-ulqinitsituata-eshte-ne-kontroll\/#primaryimage"},"datePublished":"2010-10-10T06:53:26+00:00","dateModified":"2010-10-10T09:28:03+00:00","author":{"@id":"https:\/\/www.visit-ulcinj.com\/blog\/#\/schema\/person\/dcab619c614d3038751c63bc2aadc06d"},"description":"N\u00eb An\u00eb t\u00eb Malit dje qe \u00a0mjaft situat\u00eb e v\u00ebshtir\u00eb, pa ndonj\u00eb alarmim q\u00eb \u00ebsht\u00eb gjendja\u00a0 tep\u00ebr tep\u00ebr e rrezikshme, por\u00a0 v\u00ebrtet\u00a0 ka p\u00ebrmbytje t\u00eb m\u00ebdha n\u00eb disa","breadcrumb":{"@id":"https:\/\/www.visit-ulcinj.com\/blog\/2010\/10\/10\/permbytjet-ne-rrethine-te-ulqinitsituata-eshte-ne-kontroll\/#breadcrumb"},"inLanguage":"en-US","potentialAction":[{"@type":"ReadAction","target":["https:\/\/www.visit-ulcinj.com\/blog\/2010\/10\/10\/permbytjet-ne-rrethine-te-ulqinitsituata-eshte-ne-kontroll\/"]}]},{"@type":"BreadcrumbList","@id":"https:\/\/www.visit-ulcinj.com\/blog\/2010\/10\/10\/permbytjet-ne-rrethine-te-ulqinitsituata-eshte-ne-kontroll\/#breadcrumb","itemListElement":[{"@type":"ListItem","position":1,"name":"Permbytjet ne rrethine te Ulqinit,situata \u00ebsht\u00eb n\u00eb kontroll"}]},{"@type":"Person","@id":"https:\/\/www.visit-ulcinj.com\/blog\/#\/schema\/person\/dcab619c614d3038751c63bc2aadc06d","name":"ulqini","sameAs":["http:\/\/www.visit-ulcinj.com"],"url":"https:\/\/www.visit-ulcinj.com\/blog\/author\/admin\/"}]}},"jetpack_featured_media_url":"","jetpack_sharing_enabled":true,"jetpack_shortlink":"https:\/\/wp.me\/pe6lTn-9Ye","_links":{"self":[{"href":"https:\/\/www.visit-ulcinj.com\/blog\/wp-json\/wp\/v2\/posts\/38330"}],"collection":[{"href":"https:\/\/www.visit-ulcinj.com\/blog\/wp-json\/wp\/v2\/posts"}],"about":[{"href":"https:\/\/www.visit-ulcinj.com\/blog\/wp-json\/wp\/v2\/types\/post"}],"author":[{"embeddable":true,"href":"https:\/\/www.visit-ulcinj.com\/blog\/wp-json\/wp\/v2\/users\/1"}],"replies":[{"embeddable":true,"href":"https:\/\/www.visit-ulcinj.com\/blog\/wp-json\/wp\/v2\/comments?post=38330"}],"version-history":[{"count":0,"href":"https:\/\/www.visit-ulcinj.com\/blog\/wp-json\/wp\/v2\/posts\/38330\/revisions"}],"wp:attachment":[{"href":"https:\/\/www.visit-ulcinj.com\/blog\/wp-json\/wp\/v2\/media?parent=38330"}],"wp:term":[{"taxonomy":"category","embeddable":true,"href":"https:\/\/www.visit-ulcinj.com\/blog\/wp-json\/wp\/v2\/categories?post=38330"},{"taxonomy":"post_tag","embeddable":true,"href":"https:\/\/www.visit-ulcinj.com\/blog\/wp-json\/wp\/v2\/tags?post=38330"}],"curies":[{"name":"wp","href":"https:\/\/api.w.org\/{rel}","templated":true}]}}