{"id":38338,"date":"2010-10-10T10:24:51","date_gmt":"2010-10-10T08:24:51","guid":{"rendered":"http:\/\/www.visit-ulcinj.com\/blog\/?p=38338"},"modified":"2010-10-10T17:10:53","modified_gmt":"2010-10-10T15:10:53","slug":"milo-dukanovic-ozvanicio-pocetak-izgradnje-mosta-na-port-mileni","status":"publish","type":"post","link":"https:\/\/www.visit-ulcinj.com\/blog\/2010\/10\/10\/milo-dukanovic-ozvanicio-pocetak-izgradnje-mosta-na-port-mileni\/","title":{"rendered":"Milo \u0110ukanovi\u0107 ozvani\u010dio po\u010detak izgradnje mosta na Port Mileni"},"content":{"rendered":"<p><strong><a href=\"http:\/\/www.visit-ulcinj.com\/blog\/wp-content\/uploads\/2010\/10\/Postavljanje-kamena-temeljca-za-most-na-Port-Mileni.-1.jpg\"><img loading=\"lazy\" class=\"alignleft size-full wp-image-38344\" title=\"Postavljanje-kamena-temeljca-za-most-na-Port-Mileni.-1\" src=\"http:\/\/www.visit-ulcinj.com\/blog\/wp-content\/uploads\/2010\/10\/Postavljanje-kamena-temeljca-za-most-na-Port-Mileni.-1.jpg\" alt=\"\" width=\"490\" height=\"620\" \/><\/a>Veliki investitori ne zaobilaze Crnu Goru<br \/>\n<\/strong>Investitori zainteresovani za Veliku pla\u017eu, Valdanos i druge destinacije i dalje pokazuju veliko interesovanje za ulaganja u Crnu Goru, ali su oprezniji nego u vremenima prije krize, \u0161to obavezuje Vladu i sve ostale organe na dodatne napore u rje\u0161avanju infrastrukturnih problema bez kojih nema ni razvoja, rekao je premijer Milo \u0110ukanovi\u0107<\/p>\n<p><a href=\"http:\/\/www.visit-ulcinj.com\/blog\/wp-content\/uploads\/2010\/10\/Postavljanje-kamena-temeljca-za-most-na-Port-Mileni1.jpg\"><img loading=\"lazy\" class=\"alignleft size-medium wp-image-38403\" title=\"Postavljanje kamena temeljca za-most na Port-Mileni\" src=\"http:\/\/www.visit-ulcinj.com\/blog\/wp-content\/uploads\/2010\/10\/Postavljanje-kamena-temeljca-za-most-na-Port-Mileni1-300x225.jpg\" alt=\"\" width=\"300\" height=\"225\" srcset=\"https:\/\/www.visit-ulcinj.com\/blog\/wp-content\/uploads\/2010\/10\/Postavljanje-kamena-temeljca-za-most-na-Port-Mileni1-300x225.jpg 300w, https:\/\/www.visit-ulcinj.com\/blog\/wp-content\/uploads\/2010\/10\/Postavljanje-kamena-temeljca-za-most-na-Port-Mileni1.jpg 720w\" sizes=\"(max-width: 300px) 100vw, 300px\" \/><\/a>Ulcinj &#8211; Simboli\u010dnim polaganjem kamena temeljca, predsjednik Vlade Milo \u0110ukanovi\u0107 ozvani\u010dio je po\u010detak izgradnje mosta na Port Mileni u Ulcinju. Radi se o objektu vrijednom 13,9 miliona eura, sa pokretnom konstrukcijom koja \u0107e omogu\u0107avati slobodnu plovidbu, a bi\u0107e zavr\u0161en za 18 mjeseci.<\/p>\n<p>&#8211; Po\u010detak radova na ovom va\u017enom infrastrukturnom razvojnom objektu potvr\u0111uje \u010dinjenicu da Vlada nastavlja sistematsku posve\u0107enost unapre\u0111enju infrastrukturnih sadr\u017eaja bez kojih nema ni pune valorizacije na\u0161ih turisti\u010dkih i svih drugih resursa &#8211; kazao je premijer \u0110ukanovi\u0107, podsje\u0107aju\u0107i na kapitalne projekte koji su realizovani od sticanja nezavisnosti, poput rekonstrukcije i izgradnje stotina kilometara saobra\u0107ajnica, zatim tunela Sozina, modernizovanje aerodroma, izgradnje grani\u010dnih prelaza, prve faze Regionalnog vodovoda&#8230;<\/p>\n<p><a href=\"http:\/\/www.visit-ulcinj.com\/blog\/wp-content\/uploads\/2010\/10\/Postavljanje-kamena-temeljca-za-most-na-Port-Mileni.-2.jpg\"><img loading=\"lazy\" class=\"alignleft size-medium wp-image-38345\" title=\"Postavljanje-kamena-temeljca-za-most-na-Port-Mileni.-2\" src=\"http:\/\/www.visit-ulcinj.com\/blog\/wp-content\/uploads\/2010\/10\/Postavljanje-kamena-temeljca-za-most-na-Port-Mileni.-2-248x300.jpg\" alt=\"\" width=\"248\" height=\"300\" srcset=\"https:\/\/www.visit-ulcinj.com\/blog\/wp-content\/uploads\/2010\/10\/Postavljanje-kamena-temeljca-za-most-na-Port-Mileni.-2-248x300.jpg 248w, https:\/\/www.visit-ulcinj.com\/blog\/wp-content\/uploads\/2010\/10\/Postavljanje-kamena-temeljca-za-most-na-Port-Mileni.-2.jpg 596w\" sizes=\"(max-width: 248px) 100vw, 248px\" \/><\/a>On je, obra\u0107aju\u0107i se ju\u010de brojnim Ulcinjanima, najavio i po\u010detak radova na autoputu od Bara do Boljara (do kraja godine), zatim saobra\u0107ajnice od Ulcinja do Sukobina, drugu fazu regionalnog vodovoda (na prolje\u0107e) i dalje insistiranje Vlade na realizovanju projekata bez kojih nema ni \u017eeljenog razvojnog tempa. \u0110ukanovi\u0107 je istakao da cilj Ulcinja i Crne Gore objektivno ne mo\u017ee biti masovni, nego razvoj elitnog turizma i ocijenio da veliki investitori zainteresovani za Veliku pla\u017eu, Valdanos i druge destinacije i dalje pokazuju izuzetno interesovanje za ulaganja u na\u0161u zemlju, ali su oprezniji nego u vremenima do globalne ekonomsko-finansijske krize, \u0161to obavezuje i Vladu i sve dr\u017eavne organe na dodatne napore u rje\u0161avanju infrastrukturnih problema.<\/p>\n<p>O izuzetnom zna\u010daju budu\u0107eg mosta za razvoj op\u0161tine govorio je gradona\u010delnik Ulcinja Gzim Hajdinaga, a simboli\u010dnom ozna\u010davanju po\u010detka izgradnje mosta prisustvovali su ministri Andrija Lompar i Ferhat Dino\u0161a i direktor Direkcije za saobra\u0107aj Veselin Grbovi\u0107.<\/p>\n<p><strong>R.Tomi\u0107<br \/>\n<a href=\"http:\/\/www.pobjeda.co.me\/citanje.php?datum=2010-10-08&amp;id=192809\" target=\"_blank\">Pobjeda<br \/>\n\n\t\t<style type=\"text\/css\">\n\t\t\t#gallery-1 {\n\t\t\t\tmargin: auto;\n\t\t\t}\n\t\t\t#gallery-1 .gallery-item {\n\t\t\t\tfloat: left;\n\t\t\t\tmargin-top: 10px;\n\t\t\t\ttext-align: center;\n\t\t\t\twidth: 33%;\n\t\t\t}\n\t\t\t#gallery-1 img {\n\t\t\t\tborder: 2px solid #cfcfcf;\n\t\t\t}\n\t\t\t#gallery-1 .gallery-caption {\n\t\t\t\tmargin-left: 0;\n\t\t\t}\n\t\t\t\/* see gallery_shortcode() in wp-includes\/media.php *\/\n\t\t<\/style>\n\t\t<div id='gallery-1' class='gallery galleryid-38338 gallery-columns-3 gallery-size-thumbnail'><dl class='gallery-item'>\n\t\t\t<dt class='gallery-icon portrait'>\n\t\t\t\t<a href='https:\/\/www.visit-ulcinj.com\/blog\/wp-content\/uploads\/2010\/10\/Postavljanje-kamena-temeljca-za-most-na-Port-Mileni.-1.jpg'><img width=\"150\" height=\"150\" src=\"https:\/\/www.visit-ulcinj.com\/blog\/wp-content\/uploads\/2010\/10\/Postavljanje-kamena-temeljca-za-most-na-Port-Mileni.-1-150x150.jpg\" class=\"attachment-thumbnail size-thumbnail\" alt=\"\" loading=\"lazy\" \/><\/a>\n\t\t\t<\/dt><\/dl><dl class='gallery-item'>\n\t\t\t<dt class='gallery-icon portrait'>\n\t\t\t\t<a href='https:\/\/www.visit-ulcinj.com\/blog\/wp-content\/uploads\/2010\/10\/Postavljanje-kamena-temeljca-za-most-na-Port-Mileni.-2.jpg'><img width=\"150\" height=\"150\" src=\"https:\/\/www.visit-ulcinj.com\/blog\/wp-content\/uploads\/2010\/10\/Postavljanje-kamena-temeljca-za-most-na-Port-Mileni.-2-150x150.jpg\" class=\"attachment-thumbnail size-thumbnail\" alt=\"\" loading=\"lazy\" \/><\/a>\n\t\t\t<\/dt><\/dl><dl class='gallery-item'>\n\t\t\t<dt class='gallery-icon landscape'>\n\t\t\t\t<a href='https:\/\/www.visit-ulcinj.com\/blog\/wp-content\/uploads\/2010\/10\/Postavljanje-kamena-temeljca-za-most-na-Port-Mileni1.jpg'><img width=\"150\" height=\"150\" src=\"https:\/\/www.visit-ulcinj.com\/blog\/wp-content\/uploads\/2010\/10\/Postavljanje-kamena-temeljca-za-most-na-Port-Mileni1-150x150.jpg\" class=\"attachment-thumbnail size-thumbnail\" alt=\"\" loading=\"lazy\" \/><\/a>\n\t\t\t<\/dt><\/dl><br style=\"clear: both\" \/>\n\t\t<\/div>\n<br \/>\n<\/a><!--YouTube Error: bad URL entered--><a href=\"http:\/\/www.pobjeda.co.me\/citanje.php?datum=2010-10-08&amp;id=192809\" target=\"_blank\"><br \/>\n<\/a><\/strong><\/p>\n","protected":false},"excerpt":{"rendered":"<p>Veliki investitori ne zaobilaze Crnu Goru Investitori zainteresovani za Veliku pla\u017eu, Valdanos i druge destinacije i dalje pokazuju veliko interesovanje za ulaganja u Crnu Goru, ali su oprezniji nego u vremenima prije krize, \u0161to obavezuje Vladu i sve ostale organe na dodatne napore u rje\u0161avanju infrastrukturnih problema bez kojih nema ni razvoja, rekao je premijer [&hellip;]<\/p>\n","protected":false},"author":1,"featured_media":0,"comment_status":"open","ping_status":"closed","sticky":false,"template":"","format":"standard","meta":{"spay_email":"","jetpack_publicize_message":"","jetpack_is_tweetstorm":false,"jetpack_publicize_feature_enabled":true},"categories":[8337],"tags":[15934,15933,2890,19],"jetpack_publicize_connections":[],"yoast_head":"<!-- This site is optimized with the Yoast SEO plugin v19.1 - https:\/\/yoast.com\/wordpress\/plugins\/seo\/ -->\n<title>Milo \u0110ukanovi\u0107 ozvani\u010dio po\u010detak izgradnje mosta na Port Mileni - Lajme nga Ulqini<\/title>\n<meta name=\"description\" content=\"Veliki investitori ne zaobilaze Crnu Goru Investitori zainteresovani za Veliku pla\u017eu, Valdanos i druge destinacije i dalje pokazuju veliko interesovanje\" \/>\n<meta name=\"robots\" content=\"index, follow, max-snippet:-1, max-image-preview:large, max-video-preview:-1\" \/>\n<link rel=\"canonical\" href=\"https:\/\/www.visit-ulcinj.com\/blog\/2010\/10\/10\/milo-dukanovic-ozvanicio-pocetak-izgradnje-mosta-na-port-mileni\/\" \/>\n<meta property=\"og:locale\" content=\"en_US\" \/>\n<meta property=\"og:type\" content=\"article\" \/>\n<meta property=\"og:title\" content=\"Milo \u0110ukanovi\u0107 ozvani\u010dio po\u010detak izgradnje mosta na Port Mileni - Lajme nga Ulqini\" \/>\n<meta property=\"og:description\" content=\"Veliki investitori ne zaobilaze Crnu Goru Investitori zainteresovani za Veliku pla\u017eu, Valdanos i druge destinacije i dalje pokazuju veliko interesovanje\" \/>\n<meta property=\"og:url\" content=\"https:\/\/www.visit-ulcinj.com\/blog\/2010\/10\/10\/milo-dukanovic-ozvanicio-pocetak-izgradnje-mosta-na-port-mileni\/\" \/>\n<meta property=\"og:site_name\" content=\"Lajme nga Ulqini\" \/>\n<meta property=\"article:published_time\" content=\"2010-10-10T08:24:51+00:00\" \/>\n<meta property=\"article:modified_time\" content=\"2010-10-10T15:10:53+00:00\" \/>\n<meta property=\"og:image\" content=\"https:\/\/www.visit-ulcinj.com\/blog\/wp-content\/uploads\/2010\/10\/Postavljanje-kamena-temeljca-za-most-na-Port-Mileni.-1-150x150.jpg\" \/>\n<meta name=\"twitter:label1\" content=\"Written by\" \/>\n\t<meta name=\"twitter:data1\" content=\"ulqini\" \/>\n\t<meta name=\"twitter:label2\" content=\"Est. reading time\" \/>\n\t<meta name=\"twitter:data2\" content=\"2 minutes\" \/>\n<script type=\"application\/ld+json\" class=\"yoast-schema-graph\">{\"@context\":\"https:\/\/schema.org\",\"@graph\":[{\"@type\":\"WebSite\",\"@id\":\"https:\/\/www.visit-ulcinj.com\/blog\/#website\",\"url\":\"https:\/\/www.visit-ulcinj.com\/blog\/\",\"name\":\"Lajme nga Ulqini\",\"description\":\"Lajme,Vijesti,Ulqini,Ulqin,Crna Gora,Mali i Zi\",\"potentialAction\":[{\"@type\":\"SearchAction\",\"target\":{\"@type\":\"EntryPoint\",\"urlTemplate\":\"https:\/\/www.visit-ulcinj.com\/blog\/?s={search_term_string}\"},\"query-input\":\"required name=search_term_string\"}],\"inLanguage\":\"en-US\"},{\"@type\":\"ImageObject\",\"inLanguage\":\"en-US\",\"@id\":\"https:\/\/www.visit-ulcinj.com\/blog\/2010\/10\/10\/milo-dukanovic-ozvanicio-pocetak-izgradnje-mosta-na-port-mileni\/#primaryimage\",\"url\":\"https:\/\/www.visit-ulcinj.com\/blog\/wp-content\/uploads\/2010\/10\/Postavljanje-kamena-temeljca-za-most-na-Port-Mileni.-1.jpg\",\"contentUrl\":\"https:\/\/www.visit-ulcinj.com\/blog\/wp-content\/uploads\/2010\/10\/Postavljanje-kamena-temeljca-za-most-na-Port-Mileni.-1.jpg\",\"width\":\"602\",\"height\":\"720\"},{\"@type\":\"WebPage\",\"@id\":\"https:\/\/www.visit-ulcinj.com\/blog\/2010\/10\/10\/milo-dukanovic-ozvanicio-pocetak-izgradnje-mosta-na-port-mileni\/#webpage\",\"url\":\"https:\/\/www.visit-ulcinj.com\/blog\/2010\/10\/10\/milo-dukanovic-ozvanicio-pocetak-izgradnje-mosta-na-port-mileni\/\",\"name\":\"Milo \u0110ukanovi\u0107 ozvani\u010dio po\u010detak izgradnje mosta na Port Mileni - Lajme nga Ulqini\",\"isPartOf\":{\"@id\":\"https:\/\/www.visit-ulcinj.com\/blog\/#website\"},\"primaryImageOfPage\":{\"@id\":\"https:\/\/www.visit-ulcinj.com\/blog\/2010\/10\/10\/milo-dukanovic-ozvanicio-pocetak-izgradnje-mosta-na-port-mileni\/#primaryimage\"},\"datePublished\":\"2010-10-10T08:24:51+00:00\",\"dateModified\":\"2010-10-10T15:10:53+00:00\",\"author\":{\"@id\":\"https:\/\/www.visit-ulcinj.com\/blog\/#\/schema\/person\/dcab619c614d3038751c63bc2aadc06d\"},\"description\":\"Veliki investitori ne zaobilaze Crnu Goru Investitori zainteresovani za Veliku pla\u017eu, Valdanos i druge destinacije i dalje pokazuju veliko interesovanje\",\"breadcrumb\":{\"@id\":\"https:\/\/www.visit-ulcinj.com\/blog\/2010\/10\/10\/milo-dukanovic-ozvanicio-pocetak-izgradnje-mosta-na-port-mileni\/#breadcrumb\"},\"inLanguage\":\"en-US\",\"potentialAction\":[{\"@type\":\"ReadAction\",\"target\":[\"https:\/\/www.visit-ulcinj.com\/blog\/2010\/10\/10\/milo-dukanovic-ozvanicio-pocetak-izgradnje-mosta-na-port-mileni\/\"]}]},{\"@type\":\"BreadcrumbList\",\"@id\":\"https:\/\/www.visit-ulcinj.com\/blog\/2010\/10\/10\/milo-dukanovic-ozvanicio-pocetak-izgradnje-mosta-na-port-mileni\/#breadcrumb\",\"itemListElement\":[{\"@type\":\"ListItem\",\"position\":1,\"name\":\"Milo \u0110ukanovi\u0107 ozvani\u010dio po\u010detak izgradnje mosta na Port Mileni\"}]},{\"@type\":\"Person\",\"@id\":\"https:\/\/www.visit-ulcinj.com\/blog\/#\/schema\/person\/dcab619c614d3038751c63bc2aadc06d\",\"name\":\"ulqini\",\"sameAs\":[\"http:\/\/www.visit-ulcinj.com\"],\"url\":\"https:\/\/www.visit-ulcinj.com\/blog\/author\/admin\/\"}]}<\/script>\n<!-- \/ Yoast SEO plugin. -->","yoast_head_json":{"title":"Milo \u0110ukanovi\u0107 ozvani\u010dio po\u010detak izgradnje mosta na Port Mileni - Lajme nga Ulqini","description":"Veliki investitori ne zaobilaze Crnu Goru Investitori zainteresovani za Veliku pla\u017eu, Valdanos i druge destinacije i dalje pokazuju veliko interesovanje","robots":{"index":"index","follow":"follow","max-snippet":"max-snippet:-1","max-image-preview":"max-image-preview:large","max-video-preview":"max-video-preview:-1"},"canonical":"https:\/\/www.visit-ulcinj.com\/blog\/2010\/10\/10\/milo-dukanovic-ozvanicio-pocetak-izgradnje-mosta-na-port-mileni\/","og_locale":"en_US","og_type":"article","og_title":"Milo \u0110ukanovi\u0107 ozvani\u010dio po\u010detak izgradnje mosta na Port Mileni - Lajme nga Ulqini","og_description":"Veliki investitori ne zaobilaze Crnu Goru Investitori zainteresovani za Veliku pla\u017eu, Valdanos i druge destinacije i dalje pokazuju veliko interesovanje","og_url":"https:\/\/www.visit-ulcinj.com\/blog\/2010\/10\/10\/milo-dukanovic-ozvanicio-pocetak-izgradnje-mosta-na-port-mileni\/","og_site_name":"Lajme nga Ulqini","article_published_time":"2010-10-10T08:24:51+00:00","article_modified_time":"2010-10-10T15:10:53+00:00","og_image":[{"url":"https:\/\/www.visit-ulcinj.com\/blog\/wp-content\/uploads\/2010\/10\/Postavljanje-kamena-temeljca-za-most-na-Port-Mileni.-1-150x150.jpg"}],"twitter_misc":{"Written by":"ulqini","Est. reading time":"2 minutes"},"schema":{"@context":"https:\/\/schema.org","@graph":[{"@type":"WebSite","@id":"https:\/\/www.visit-ulcinj.com\/blog\/#website","url":"https:\/\/www.visit-ulcinj.com\/blog\/","name":"Lajme nga Ulqini","description":"Lajme,Vijesti,Ulqini,Ulqin,Crna Gora,Mali i Zi","potentialAction":[{"@type":"SearchAction","target":{"@type":"EntryPoint","urlTemplate":"https:\/\/www.visit-ulcinj.com\/blog\/?s={search_term_string}"},"query-input":"required name=search_term_string"}],"inLanguage":"en-US"},{"@type":"ImageObject","inLanguage":"en-US","@id":"https:\/\/www.visit-ulcinj.com\/blog\/2010\/10\/10\/milo-dukanovic-ozvanicio-pocetak-izgradnje-mosta-na-port-mileni\/#primaryimage","url":"https:\/\/www.visit-ulcinj.com\/blog\/wp-content\/uploads\/2010\/10\/Postavljanje-kamena-temeljca-za-most-na-Port-Mileni.-1.jpg","contentUrl":"https:\/\/www.visit-ulcinj.com\/blog\/wp-content\/uploads\/2010\/10\/Postavljanje-kamena-temeljca-za-most-na-Port-Mileni.-1.jpg","width":"602","height":"720"},{"@type":"WebPage","@id":"https:\/\/www.visit-ulcinj.com\/blog\/2010\/10\/10\/milo-dukanovic-ozvanicio-pocetak-izgradnje-mosta-na-port-mileni\/#webpage","url":"https:\/\/www.visit-ulcinj.com\/blog\/2010\/10\/10\/milo-dukanovic-ozvanicio-pocetak-izgradnje-mosta-na-port-mileni\/","name":"Milo \u0110ukanovi\u0107 ozvani\u010dio po\u010detak izgradnje mosta na Port Mileni - Lajme nga Ulqini","isPartOf":{"@id":"https:\/\/www.visit-ulcinj.com\/blog\/#website"},"primaryImageOfPage":{"@id":"https:\/\/www.visit-ulcinj.com\/blog\/2010\/10\/10\/milo-dukanovic-ozvanicio-pocetak-izgradnje-mosta-na-port-mileni\/#primaryimage"},"datePublished":"2010-10-10T08:24:51+00:00","dateModified":"2010-10-10T15:10:53+00:00","author":{"@id":"https:\/\/www.visit-ulcinj.com\/blog\/#\/schema\/person\/dcab619c614d3038751c63bc2aadc06d"},"description":"Veliki investitori ne zaobilaze Crnu Goru Investitori zainteresovani za Veliku pla\u017eu, Valdanos i druge destinacije i dalje pokazuju veliko interesovanje","breadcrumb":{"@id":"https:\/\/www.visit-ulcinj.com\/blog\/2010\/10\/10\/milo-dukanovic-ozvanicio-pocetak-izgradnje-mosta-na-port-mileni\/#breadcrumb"},"inLanguage":"en-US","potentialAction":[{"@type":"ReadAction","target":["https:\/\/www.visit-ulcinj.com\/blog\/2010\/10\/10\/milo-dukanovic-ozvanicio-pocetak-izgradnje-mosta-na-port-mileni\/"]}]},{"@type":"BreadcrumbList","@id":"https:\/\/www.visit-ulcinj.com\/blog\/2010\/10\/10\/milo-dukanovic-ozvanicio-pocetak-izgradnje-mosta-na-port-mileni\/#breadcrumb","itemListElement":[{"@type":"ListItem","position":1,"name":"Milo \u0110ukanovi\u0107 ozvani\u010dio po\u010detak izgradnje mosta na Port Mileni"}]},{"@type":"Person","@id":"https:\/\/www.visit-ulcinj.com\/blog\/#\/schema\/person\/dcab619c614d3038751c63bc2aadc06d","name":"ulqini","sameAs":["http:\/\/www.visit-ulcinj.com"],"url":"https:\/\/www.visit-ulcinj.com\/blog\/author\/admin\/"}]}},"jetpack_featured_media_url":"","jetpack_sharing_enabled":true,"jetpack_shortlink":"https:\/\/wp.me\/pe6lTn-9Ym","_links":{"self":[{"href":"https:\/\/www.visit-ulcinj.com\/blog\/wp-json\/wp\/v2\/posts\/38338"}],"collection":[{"href":"https:\/\/www.visit-ulcinj.com\/blog\/wp-json\/wp\/v2\/posts"}],"about":[{"href":"https:\/\/www.visit-ulcinj.com\/blog\/wp-json\/wp\/v2\/types\/post"}],"author":[{"embeddable":true,"href":"https:\/\/www.visit-ulcinj.com\/blog\/wp-json\/wp\/v2\/users\/1"}],"replies":[{"embeddable":true,"href":"https:\/\/www.visit-ulcinj.com\/blog\/wp-json\/wp\/v2\/comments?post=38338"}],"version-history":[{"count":0,"href":"https:\/\/www.visit-ulcinj.com\/blog\/wp-json\/wp\/v2\/posts\/38338\/revisions"}],"wp:attachment":[{"href":"https:\/\/www.visit-ulcinj.com\/blog\/wp-json\/wp\/v2\/media?parent=38338"}],"wp:term":[{"taxonomy":"category","embeddable":true,"href":"https:\/\/www.visit-ulcinj.com\/blog\/wp-json\/wp\/v2\/categories?post=38338"},{"taxonomy":"post_tag","embeddable":true,"href":"https:\/\/www.visit-ulcinj.com\/blog\/wp-json\/wp\/v2\/tags?post=38338"}],"curies":[{"name":"wp","href":"https:\/\/api.w.org\/{rel}","templated":true}]}}