{"id":38350,"date":"2010-10-10T11:36:03","date_gmt":"2010-10-10T09:36:03","guid":{"rendered":"http:\/\/www.visit-ulcinj.com\/blog\/?p=38350"},"modified":"2010-10-10T11:41:32","modified_gmt":"2010-10-10T09:41:32","slug":"stresi-e-verteta-e-marredhenies-me-enxhin-e-big-brother-albania-3","status":"publish","type":"post","link":"https:\/\/www.visit-ulcinj.com\/blog\/2010\/10\/10\/stresi-e-verteta-e-marredhenies-me-enxhin-e-big-brother-albania-3\/","title":{"rendered":"Stresi: E v\u00ebrteta e marr\u00ebdh\u00ebnies me Enxhin e &#8220;Big Brother Albania 3&#8221;"},"content":{"rendered":"<p><a href=\"http:\/\/www.visit-ulcinj.com\/blog\/wp-content\/uploads\/2010\/10\/stresi.jpg\"><img loading=\"lazy\" class=\"alignleft size-full wp-image-38354\" title=\"stresi\" src=\"http:\/\/www.visit-ulcinj.com\/blog\/wp-content\/uploads\/2010\/10\/stresi.jpg\" alt=\"\" width=\"507\" height=\"397\" \/><\/a><\/p>\n<p><strong>\ufeff\ufeffArkimed Lusha (Stresi) \/ Rr\u00ebfen jet\u00ebn e tij t\u00eb momentit. P\u00ebrplasjet me Noizy-n, aventurat e f\u00ebmij\u00ebris\u00eb, marr\u00ebdh\u00ebniet me femrat, prind\u00ebrit dhe pasionin p\u00ebr muzik\u00ebn.<\/strong><\/p>\n<p>Arkimed Lusha me pseudonimin &#8220;Stresi&#8221; nuk e mohon aspak faktin q\u00eb shkakton &#8220;Stres&#8221;. Sot p\u00ebr sot \u00ebsht\u00eb nj\u00eb nd\u00ebr emrat m\u00eb t\u00eb lakuar, jo m\u00eb shum\u00eb n\u00eb fush\u00ebn e muzik\u00ebs ku ai l\u00ebvron, por edhe at\u00eb t\u00eb aksioneve t\u00eb policis\u00eb dhe kronikave t\u00eb zeza n\u00eb faqet e gazetave. P\u00ebrplasja me nj\u00eb grup tjet\u00ebr muzikor q\u00eb k\u00ebndojn\u00eb n\u00eb zhanrin e hip-hop-it, ka b\u00ebr\u00eb q\u00eb shpesh n\u00eb or\u00ebt e vona t\u00eb dark\u00ebs t\u00eb ket\u00eb p\u00ebrplasje fizike mes lider\u00ebve t\u00eb grupit t\u00eb Stresit (TBA) dhe atij t\u00eb Noizy-t (OTR). N\u00eb nj\u00eb rr\u00ebfim &#8220;alla-Stresi&#8221; p\u00ebr &#8220;Sh2&#8221;-in, ai nuk e mohon urrejtjen q\u00eb ka p\u00ebr liderin e grupit rival dhe shpjegon se kjo urrejtje \u00ebsht\u00eb vet\u00ebm p\u00ebr \u00e7\u00ebshtje personale dhe aspak p\u00ebr konkurrenc\u00eb. Rr\u00ebfen se dy fansa t\u00eb tyre jan\u00eb sot e k\u00ebsaj dit\u00eb n\u00eb gjendje kome n\u00eb spital dhe se nuk ka shpresa p\u00ebr nj\u00eb pajtim t\u00eb mundsh\u00ebm mes tyre. Stresi duket si i sigurt n\u00eb ato q\u00eb thot\u00eb dhe n\u00eb hapat q\u00eb hedh. Ka nj\u00eb marr\u00ebdh\u00ebnie t\u00eb ngusht\u00eb me arm\u00ebn, sidomos me ato pa zhurme. Nuk do t\u00eb falte kurr\u00eb at\u00eb q\u00eb e shkel n\u00eb bes\u00eb. Pik\u00eb t\u00eb dob\u00ebt ka familjen. \u00cbsht\u00eb nga ata djem q\u00eb i ka shkaktuar jo pak probleme asaj, por, koh\u00ebt e fundit tregon se ka ndryshuar shum\u00eb. Jam n\u00eb drejtimin e duhur, thot\u00eb ai. Ky \u00ebsht\u00eb nj\u00eb rr\u00ebfim special i tropojanit m\u00eb t\u00eb p\u00ebrfolur t\u00eb kryeqytetit&#8230;<\/p>\n<p><strong>Stresi, ju sa po keni marr\u00eb pjes\u00eb te &#8220;K\u00ebnga magjike&#8221; si konkurrent, \u00ebsht\u00eb hera e par\u00eb q\u00eb merrni pjes\u00eb n\u00eb festivale?<\/strong><br \/>\nJo, \u00ebsht\u00eb hera e dyt\u00eb, me k\u00ebt\u00eb k\u00ebng\u00eb ka punuar producenti Big Basta. Ne pavar\u00ebsisht se jemi n\u00eb 2010-\u00ebn, po un\u00eb jam n\u00eb 2021-in n\u00eb at\u00eb k\u00ebng\u00eb, jam p\u00ebrpara m\u00eb koh\u00ebn.<\/p>\n<p><strong>Pretendoni t\u00eb merrni \u00e7mim?<br \/>\n<\/strong> Nuk \u00ebsht\u00eb puna e \u00e7mimit. P\u00ebr mua nuk ka r\u00ebnd\u00ebsi kjo. R\u00ebnd\u00ebsi kan\u00eb ato zemrat e publikut q\u00eb i b\u00ebn p\u00ebr vete.<\/p>\n<p><strong>Ju e ndjeni q\u00eb jeni i p\u00eblqyer nga publiku?<br \/>\n<\/strong> Po, sigurisht, dhe k\u00ebt\u00eb m\u00eb shum\u00eb e ndjej nga adoleshent\u00ebt. E v\u00eb re gjithandej q\u00eb n\u00eb momentin kur dal n\u00eb m\u00ebngjes n\u00eb rrug\u00eb, n\u00eb lokal, kur pi nj\u00eb kafe, n\u00eb koncerte. Kur b\u00ebn di\u00e7ka m\u00eb shpirt do t&#8217;i marr\u00ebsh edhe k\u00ebto fryte, se nuk \u00ebsht\u00eb se po luaj blofin.<\/p>\n<p><strong>Je i p\u00eblqyer m\u00eb shum\u00eb nga femrat apo nga meshkujt?<br \/>\n<\/strong> T\u00eb them t\u00eb drejt\u00ebn v\u00eb re se m\u00eb shum\u00eb i p\u00eblqyer jam nga meshkujt. K\u00ebta i kam fansa m\u00eb t\u00eb zjarrt\u00eb. Ata m\u00eb frym\u00ebzojn\u00eb m\u00eb shum\u00eb p\u00ebr t\u00eb vazhduar e p\u00ebr t\u00eb krijuar k\u00ebng\u00eb.<\/p>\n<p><strong>Pse ky pseudonim, &#8220;Stresi&#8221;?<br \/>\n<\/strong> M\u00eb ka ngelur q\u00eb nga f\u00ebmij\u00ebria, sepse kam qen\u00eb f\u00ebmij\u00eb rruga\u00e7, i keq. Kam qen\u00eb f\u00ebmij\u00eb i pap\u00ebrgjegjsh\u00ebm. B\u00ebja shum\u00eb prap\u00ebsi. Kam ikur nga sht\u00ebpia p\u00ebr nj\u00eb muaj m\u00eb radh\u00eb dhe kam fjetur jasht\u00eb, ku ka stres m\u00eb t\u00eb madh se kaq p\u00ebr familjen, dhe m\u00eb shum\u00eb k\u00ebt\u00eb pseudonim ma ka ngjitur mami.<\/p>\n<p><strong>Po tani jeton vet\u00ebm apo me familjen?<br \/>\n<\/strong> Jo, me t\u00eb sht\u00ebpis\u00eb, nuk ndahem dot nga familja.<\/p>\n<p><strong>Emblemat tuaja, si e juaj (TBA) dhe e grupit rival\u00eb (OTR) Noizy, jan\u00eb t\u00eb shkruara vazhdimisht n\u00eb mure, pse kjo tendenc\u00eb?<br \/>\n<\/strong> Grafitet n\u00eb mur kudo ndodhin, kjo m\u00eb shum\u00eb vjen nga fansat. Po nga grupi jon\u00eb nuk ka shum\u00eb t\u00eb tilla, ata q\u00eb kan\u00eb qejf t\u00eb jen\u00eb n\u00eb qend\u00ebr t\u00eb v\u00ebmendjes i shkruajn\u00eb.<\/p>\n<p><strong>T\u00eb nj\u00ebjt\u00ebn gj\u00eb thon\u00eb edhe ata, q\u00eb ju doni t\u00eb jeni n\u00eb qend\u00ebr t\u00eb v\u00ebmendje?<br \/>\n<\/strong> Se \u00e7far\u00eb thon\u00eb ata \u00ebsht\u00eb \u00e7\u00ebshtje tjet\u00ebr, nuk na intereson.<\/p>\n<p><strong>A keni ju inat me nj\u00ebri-tjetrin?<br \/>\n<\/strong> Inat thua? Deri n\u00eb vdekje.<\/p>\n<p><strong>Pse ka ardhur kjo urrejtje mes jush?<br \/>\n<\/strong> Kjo nuk ka ardhur nga p\u00ebrplasjet n\u00eb muzik\u00eb, si\u00e7 \u00ebsht\u00eb p\u00ebrfolur, se ne nuk b\u00ebjm\u00eb dhe nuk mund t\u00eb imitojm\u00eb hip-hopin amerikan, kjo ka ardhur p\u00ebr \u00e7\u00ebshtje personale dhe q\u00eb mbetet personale. Nuk ka lidhje me konkurrenc\u00ebn, secili ka hapat e vet, madje m\u00eb p\u00eblqen t\u00eb kem rivalitet, \u00ebsht\u00eb gj\u00eb e mir\u00eb.<\/p>\n<p><strong>Para disa muajsh Noizy-n e q\u00eblluan me arm\u00eb n\u00eb Durr\u00ebs, kishit lidhje ju me k\u00ebt\u00eb?<br \/>\n<\/strong> Jo, aspak. Ai ishte si tip atentati. At\u00eb dit\u00eb kur e kam marr\u00eb vesh at\u00eb kam qen\u00eb n\u00eb drek\u00eb me familjen dhe nuk ka pas lidhje me mua.<\/p>\n<p><strong>Si ka nisur urrejtja me ju?<br \/>\n<\/strong> Kjo gj\u00eb ka tre vjet dhe \u00ebsht\u00eb nj\u00eb \u00e7\u00ebshtje personale. Shpresoj t\u00eb p\u00ebrfundoj\u00eb si t\u00eb jet\u00eb m\u00eb mir\u00eb p\u00ebr t\u00eb dy pal\u00ebt.<\/p>\n<p><strong>Ju vazhdoni t\u00eb sulmoni?<br \/>\n<\/strong> Jo.<\/p>\n<p><strong>Provokoni?<br \/>\n<\/strong> Absolutisht.<\/p>\n<p><strong>Natyra juaj hakmarr\u00ebse ka t\u00eb b\u00ebj\u00eb me origjin\u00ebn tuaj, pasi ju jeni nga veriu, nga Tropoja, apo nuk ka lidhje?<br \/>\n<\/strong> Aspak, un\u00eb jam shum\u00eb liberal si tip, jam djal\u00eb q\u00eb vij nga Evropa. Kam disa vite q\u00eb kam ardhur n\u00eb Shqip\u00ebri. Kam jetuar disa vite n\u00eb Belgjik\u00eb, kam qen\u00eb me familjen, ku kam kaluar edhe adoleshenc\u00ebn. Aty ka qen\u00eb shum\u00eb geto, m\u00eb keq se Shqip\u00ebria, aty kam m\u00ebsuar edhe hip-hop-in. N\u00eb 2005-\u00ebn, jam kthyer. Muzik\u00ebn nuk e b\u00ebj p\u00ebr t\u00eb fituar, e b\u00ebj p\u00ebr qejf.<\/p>\n<p><strong>Ky do t\u00eb jet\u00eb profesioni juaj n\u00eb t\u00eb ardhmen?<br \/>\n<\/strong> Un\u00eb kam shum\u00eb profesione, \u00e7far\u00eb t\u00eb dua, mund t\u00eb b\u00ebj. E kam jet\u00ebn me tollona nuk e kam me lek.<\/p>\n<p><strong>P\u00ebr shembull, \u00e7far\u00eb profesioni?<br \/>\n<\/strong> \u00c7far\u00eb t\u00eb dua, mund t\u00eb b\u00ebj. Nuk bazohem tek ajo formula, ja do t\u00eb vazhdoj shkoll\u00ebn, do t\u00eb marr diplom\u00ebn, pastaj do t\u00eb filloj pun\u00eb. Kam nj\u00eb mami dhe babi q\u00eb mendojn\u00eb p\u00ebr mua. M\u00eb kan\u00eb l\u00ebn\u00eb nj\u00eb pasuri t\u00eb madhe dhe as nuk dua t&#8217;ia di p\u00ebr t\u00eb tjerat.<\/p>\n<p><strong>Kur ka qen\u00eb p\u00ebrballja e fundit me Noizy-n?<br \/>\n<\/strong> N\u00eb &#8220;Top-Fest&#8221;, mos gaboj.<\/p>\n<p><strong>Aty v\u00ebrtet\u00eb keni tentuar ta vritni?<br \/>\n<\/strong> D\u00ebgjoni, t\u00eb kesh nj\u00eb arm\u00eb n\u00eb dor\u00eb \u00ebsht\u00eb e leht\u00eb ta shkrep\u00ebsh, mjafton gishti dhe&#8230; ka qen\u00eb moment. Nj\u00eb dit\u00eb m\u00eb par\u00eb kishim pas nj\u00eb tip incidenti bashk\u00eb. Un\u00eb kam nj\u00eb shoq\u00ebri q\u00eb b\u00ebjm\u00eb shum\u00eb p\u00ebr nj\u00ebri-tjetrin. Jemi shum\u00eb gjak nxeht\u00eb. Ajo ndodhi pasi kishte ardhur momenti dhe ishte mbushur kupa, dhe ndodhi ajo q\u00eb ndodhi. Q\u00eblluam drejt dhe n\u00eb aj\u00ebr, pak r\u00ebnd\u00ebsi ka, sepse u rrezikua jeta e shum\u00eb njer\u00ebzve aty, shyqyr q\u00eb doli me sukses dhe nuk u vra askush.<\/p>\n<p><strong>Keni tentuar ndonj\u00ebher\u00eb q\u00eb t&#8217;i sheshoni t\u00eb gjitha konfliktet q\u00eb keni dhe t\u00eb b\u00ebni paqe?<br \/>\n<\/strong> \u00cbsht\u00eb shum\u00eb e v\u00ebshtir\u00eb. Kemi tre vjet rresht dhe kemi sht\u00ebn\u00eb shum\u00eb her\u00eb e kemi rrezikuar jet\u00ebn, gjithmon\u00eb n\u00eb or\u00ebt e vona, dhe jan\u00eb l\u00ebnduar shum\u00eb njer\u00ebz, edhe fansa me nj\u00ebri- tjetrin. Dy t\u00eb rinj jan\u00eb ende n\u00eb spital n\u00eb gjendje kome p\u00ebr sherret q\u00eb kan\u00eb ndodhur mes nesh.<\/p>\n<p><strong>N\u00eb nj\u00eb emision televiziv keni qen\u00eb bashk\u00eb?<br \/>\n<\/strong> Ai emision \u00ebsht\u00eb b\u00ebr\u00eb p\u00ebr fansat, se n\u00eb at\u00eb koh\u00eb ishte nj\u00eb kriz\u00eb n\u00ebp\u00ebr shkolla, realisht nj\u00eb fans i imi shum\u00eb i zjarrt\u00eb \u00ebsht\u00eb n\u00eb gjendje kome ende. Uroj t\u00eb zgjidhet p\u00ebr mir\u00eb.<\/p>\n<p><strong>Sa k\u00ebng\u00eb keni b\u00ebr\u00eb deri tani?<br \/>\n<\/strong> Shum\u00eb, 60 k\u00ebng\u00eb. Albumi i par\u00eb q\u00eb kam nxjerr\u00eb rezultoi shum\u00eb i suksessh\u00ebm p\u00ebr kaq pak sa jam un\u00eb n\u00eb treg, ka 16 k\u00ebng\u00eb dhe jam shum\u00eb i k\u00ebnaqur me ecjen e tij. Q\u00eb t\u00eb vler\u00ebsohet nj\u00eb album, maksimumi duhet t\u00eb ket\u00eb kat\u00ebr hite, dhe un\u00eb i kam realizuar ato kat\u00ebr hite.<\/p>\n<p><strong>\u00c7far\u00eb mendimi keni p\u00ebr hip-hop-in n\u00eb Shqip\u00ebri?<br \/>\n<\/strong> N\u00eb Shqip\u00ebri nuk ka pas hip-hop, po ka ecur shum\u00eb koh\u00ebt e fundit.<\/p>\n<p><strong>E ndjeni konkurrenc\u00ebn?<br \/>\n<\/strong> E ndjej, t\u00eb jesh n\u00eb treg e ndjen. T\u00eb kesh konkurrenc\u00eb \u00ebsht\u00eb gj\u00eb e mir\u00eb se t\u00eb shtyn m\u00eb tep\u00ebr.<br \/>\nTematikat e k\u00ebng\u00ebve t\u00eb hip-hop-it jan\u00eb t\u00eb dhunshme, ju ecni me k\u00ebt\u00eb stil?<br \/>\nKjo varet shum\u00eb nga rrepisti. Hip-hop-i q\u00eb b\u00ebj un\u00eb \u00ebsht\u00eb realitet, \u00e7far\u00eb mund t\u00eb b\u00ebj tani e kthej n\u00eb k\u00ebng\u00eb. Nuk para frym\u00ebzohem nga muzika jasht\u00eb, ndjek m\u00eb shum\u00eb k\u00ebt\u00eb shqiptaren.<\/p>\n<p><a href=\"http:\/\/www.visit-ulcinj.com\/blog\/wp-content\/uploads\/2010\/10\/Enxhi-Kamenica-Sexy.jpg\"><img loading=\"lazy\" class=\"alignleft size-full wp-image-38361\" title=\"Enxhi-Kamenica-Sexy\" src=\"http:\/\/www.visit-ulcinj.com\/blog\/wp-content\/uploads\/2010\/10\/Enxhi-Kamenica-Sexy.jpg\" alt=\"\" width=\"503\" height=\"720\" \/><\/a><\/p>\n<p><strong>Koh\u00ebt e fundit, mes teje dhe Noizy-t, \u00ebsht\u00eb vendosur nj\u00eb fem\u00ebr dhe kjo nuk \u00ebsht\u00eb pak e njohur, por \u00ebsht\u00eb Enxhi i &#8220;Big Brother&#8221;, si jan\u00eb marr\u00ebdh\u00ebniet tuaja me t\u00eb?<br \/>\n<\/strong> Enxhi p\u00ebr mua \u00ebsht\u00eb engj\u00ebll mbrojt\u00ebs, \u00ebsht\u00eb shum\u00eb unike. P\u00ebr mua \u00ebsht\u00eb shum\u00eb person i shtrenjt\u00eb. Kemi vite q\u00eb njihemi dhe shkojm\u00eb shum\u00eb mir\u00eb me nj\u00ebri-tjetrin. Zihemi, grindemi, por kemi shum\u00eb gj\u00ebra t\u00eb p\u00ebrbashk\u00ebta.<\/p>\n<p><strong>Ajo u b\u00eb mike me Noizy-n, t\u00eb preku kjo gj\u00eb?<br \/>\n<\/strong> Jo s&#8217;m\u00eb preku. Un\u00eb arrij ta kuptoj nj\u00eb fem\u00ebr. Kam besim tek ajo. Me pak fjal\u00eb, \u00ebsht\u00eb shum\u00eb shpirt njeriu.<\/p>\n<p><strong>Si ndodhi m\u00eb pas q\u00eb ju komunikuat bashk\u00eb?<br \/>\n<\/strong> Thjesht jemi tipa t\u00eb nj\u00ebjt\u00eb. Ajo ka disa momente t\u00eb vetat kur mendon, dhe un\u00eb kam disa t\u00eb mijat, dhe kemi telepati me njeri-tjetrin.<\/p>\n<p><strong>Midis jush ka nj\u00eb lidhje dashurie momentalisht?<br \/>\n<\/strong> Jooo.<\/p>\n<p><strong>Mund t\u00eb ket\u00eb n\u00eb t\u00eb ardhmen?<br \/>\n<\/strong> Mund t\u00eb kem 5 f\u00ebmij\u00eb, mund ta kem grua, v\u00eblla, mot\u00ebr, shok, gjith\u00e7ka.<\/p>\n<p><strong>E takoni shpesh Enxhin?<br \/>\n<\/strong> 12 or\u00eb t\u00eb dit\u00ebs po.<\/p>\n<p><strong>\u00c7far\u00eb pretendoni t\u00eb arrini n\u00eb muzik\u00eb?<br \/>\n<\/strong> Dua t\u00eb futem aty ku ka mosrealitet dhe t\u00eb futem, qoft\u00eb edhe me zor. Nuk mund t\u00eb vendos un\u00eb drejt\u00ebsi n\u00eb hip-hop. Muzik\u00ebn e kam p\u00ebr qejf, sepse e kam pasur q\u00eb i vog\u00ebl \u00ebnd\u00ebrr dhe tani po e realizoj.<\/p>\n<p><strong>Ju bezdis fakti q\u00eb jeni kaq i njohur dhe i p\u00ebrfolur?<br \/>\n<\/strong> Aspak, sado q\u00eb t\u00eb flasim keq, apo mir\u00eb, apo me intriga. R\u00ebnd\u00ebsi ka q\u00eb t\u00eb p\u00ebrflitem.<\/p>\n<p><strong>\u00c7far\u00eb nuk do t\u00eb falnit?<br \/>\n<\/strong> Mund t\u00eb falja \u00e7do gj\u00eb, por nuk do t\u00eb falja kurr\u00eb t\u00eb m\u00eb prisnin n\u00eb bes\u00eb.<\/p>\n<p><strong>Ju nuk e lini gjakun &#8220;pa marr\u00eb&#8221;?<br \/>\n<\/strong> As nuk b\u00ebhet fjal\u00eb, n\u00eb mos n\u00eb k\u00ebt\u00eb bot\u00eb, n\u00eb bot\u00ebn tjet\u00ebr e sigurt.<\/p>\n<p><strong>Tregoheni i rezervuar kur flisni?<br \/>\n<\/strong> Po, shum\u00eb.<\/p>\n<p><strong>Stresi, ju afrohen apo largohen femrat m\u00eb shum\u00eb?<br \/>\n<\/strong> Marr\u00ebdh\u00ebniet me femrat i kam pasur gjithmon\u00eb t\u00eb mira. Jan\u00eb shum\u00eb tip i thjesht\u00eb, komunikoj me to, madje ua jap dhe numrin e telefonit dhe ulem n\u00eb kafe. Kjo \u00ebsht\u00eb ajo q\u00eb i afron m\u00eb shum\u00eb, \u00ebsht\u00eb nj\u00eb lloj stresi i lezetsh\u00ebm.<\/p>\n<p><strong>Marr\u00ebdh\u00ebnia m\u00eb e gjat\u00eb me nj\u00eb fem\u00ebr?<br \/>\n<\/strong> Kam pas marr\u00ebdh\u00ebnie shum\u00eb t\u00eb shkurtra. Kan\u00eb qen\u00eb m\u00eb shum\u00eb aventura.<\/p>\n<p><strong>Po t\u00eb kishit nj\u00eb f\u00ebmij\u00eb, \u00e7far\u00eb do t&#8217;i m\u00ebsonit p\u00ebr hip-hop-in?<br \/>\n<\/strong> Do t&#8217;i m\u00ebsoja disa sekrete q\u00eb t\u00eb hynte shum\u00eb shpejt n\u00eb muzik\u00eb. Do t&#8217;i k\u00ebshilloja q\u00eb k\u00ebng\u00ebtarin q\u00eb do t\u00eb ishte n\u00eb top list\u00eb ta sulmonte nga ana artistike.<\/p>\n<p><strong>\u00c7far\u00eb marr\u00ebdh\u00ebnie keni me arm\u00ebn?<br \/>\n<\/strong> I p\u00eblqej shum\u00eb, i adhuroj.<\/p>\n<p><strong>P\u00eblqeni ato t\u00eb ftohtat apo&#8230;?<br \/>\n<\/strong> Arm\u00ebt pa zhurm\u00eb. T\u00eb pjekin byrek ato.<\/p>\n<p><strong>\u00c7far\u00eb marr\u00ebdh\u00ebnie keni me mamin?<br \/>\n<\/strong> Mami \u00ebsht\u00eb personi m\u00eb i shtrenjt\u00eb q\u00eb kam n\u00eb jet\u00eb. Nuk kam fjal\u00eb ta komentoj. Tani koh\u00ebt e fundit e ka par\u00eb Stresin disi ndryshe, t\u00eb angazhuar, e ka par\u00eb shum\u00eb aktiv, duke l\u00ebn\u00eb pas shum\u00eb budallaqe. P\u00ebr k\u00ebto ajo ndihet mir\u00eb.<\/p>\n<p><strong>Po me babin?<br \/>\n<\/strong> Babin e kam si shok. Nuk flas shum\u00eb me t\u00eb, por m\u00eb ndihmon shum\u00eb p\u00ebr \u00e7far\u00ebdo lloj gj\u00ebje, \u00ebsht\u00eb i gatsh\u00ebm gjithmon\u00eb.<\/p>\n<p><strong>Edhe kur ju arreston policia?<br \/>\n<\/strong> Shum\u00eb, shum\u00eb, mos t\u00eb kisha at\u00eb bab\u00eb, kush e di ku mund t\u00eb isha tani. Kjo \u00ebsht\u00eb familja.<\/p>\n<p><img loading=\"lazy\" class=\"alignleft size-full wp-image-38365\" title=\"stresi-ne-studio\" src=\"http:\/\/www.visit-ulcinj.com\/blog\/wp-content\/uploads\/2010\/10\/stresi-ne-studio.jpg\" alt=\"\" width=\"604\" height=\"452\" srcset=\"https:\/\/www.visit-ulcinj.com\/blog\/wp-content\/uploads\/2010\/10\/stresi-ne-studio.jpg 604w, https:\/\/www.visit-ulcinj.com\/blog\/wp-content\/uploads\/2010\/10\/stresi-ne-studio-300x224.jpg 300w\" sizes=\"(max-width: 604px) 100vw, 604px\" \/><\/p>\n<p><strong>E mendoni veten nj\u00eb dit\u00eb me familje?<\/strong><strong><br \/>\n<\/strong><strong> <\/strong> Pse jo, e mendoj.<\/p>\n<p><strong>Keni n\u00eb plan nj\u00eb album t\u00eb dyt\u00eb? Na thoni di\u00e7ka p\u00ebr k\u00ebng\u00ebt&#8230;<br \/>\n<\/strong> Albumi i dyt\u00eb do t\u00eb jet\u00eb shum\u00eb bomb\u00eb, po p\u00ebrgatis klipet p\u00ebr qejf t\u00eb qejfit. Dhe albumi i dyt\u00eb do t\u00eb sjell\u00eb shum\u00eb ndryshime tek un\u00eb.<\/p>\n<p><strong>\u00c7far\u00eb ka ndryshuar n\u00eb jet\u00ebn tuaj k\u00ebto vite?<br \/>\n<\/strong> E shoh veten n\u00eb linj\u00eb t\u00eb drejt\u00eb, si n\u00eb muzik\u00eb, n\u00eb marr\u00ebdh\u00ebnie me familjen, n\u00eb marr\u00ebdh\u00ebnie me femrat. Lezetsh\u00ebm.<\/p>\n<p><strong>Do t\u00eb b\u00ebmi ndonj\u00eb k\u00ebng\u00eb p\u00ebr jet\u00ebn?<br \/>\n<\/strong> Po, \u00ebsht\u00eb nisur ajo k\u00ebng\u00eb. Sikur t&#8217;ia nis nga fillimi thuhet&#8230; po tashm\u00eb \u00ebsht\u00eb von\u00eb.<\/p>\n<!--YouTube Error: bad URL entered-->\n","protected":false},"excerpt":{"rendered":"<p>\ufeff\ufeffArkimed Lusha (Stresi) \/ Rr\u00ebfen jet\u00ebn e tij t\u00eb momentit. P\u00ebrplasjet me Noizy-n, aventurat e f\u00ebmij\u00ebris\u00eb, marr\u00ebdh\u00ebniet me femrat, prind\u00ebrit dhe pasionin p\u00ebr muzik\u00ebn. Arkimed Lusha me pseudonimin &#8220;Stresi&#8221; nuk e mohon aspak faktin q\u00eb shkakton &#8220;Stres&#8221;. Sot p\u00ebr sot \u00ebsht\u00eb nj\u00eb nd\u00ebr emrat m\u00eb t\u00eb lakuar, jo m\u00eb shum\u00eb n\u00eb fush\u00ebn e muzik\u00ebs ku [&hellip;]<\/p>\n","protected":false},"author":1,"featured_media":0,"comment_status":"open","ping_status":"closed","sticky":false,"template":"","format":"standard","meta":{"spay_email":"","jetpack_publicize_message":"","jetpack_is_tweetstorm":false,"jetpack_publicize_feature_enabled":true},"categories":[1],"tags":[15936,15939,15127,5134,15938,15935,15937],"jetpack_publicize_connections":[],"yoast_head":"<!-- This site is optimized with the Yoast SEO plugin v19.1 - https:\/\/yoast.com\/wordpress\/plugins\/seo\/ -->\n<title>Stresi - E v\u00ebrteta e marr\u00ebdh\u00ebnies me Enxhin e Big Brother Albania 3<\/title>\n<meta name=\"description\" content=\"Arkimed Lusha (Stresi) \/ Rr\u00ebfen jet\u00ebn e tij t\u00eb momentit. P\u00ebrplasjet me Noizy-n, aventurat e f\u00ebmij\u00ebris\u00eb, marr\u00ebdh\u00ebniet me femrat, prind\u00ebrit dhe pasionin p\u00ebr muzik\u00ebn.\" \/>\n<meta name=\"robots\" content=\"index, follow, max-snippet:-1, max-image-preview:large, max-video-preview:-1\" \/>\n<link rel=\"canonical\" href=\"https:\/\/www.visit-ulcinj.com\/blog\/2010\/10\/10\/stresi-e-verteta-e-marredhenies-me-enxhin-e-big-brother-albania-3\/\" \/>\n<meta property=\"og:locale\" content=\"en_US\" \/>\n<meta property=\"og:type\" content=\"article\" \/>\n<meta property=\"og:title\" content=\"Stresi - E v\u00ebrteta e marr\u00ebdh\u00ebnies me Enxhin e Big Brother Albania 3\" \/>\n<meta property=\"og:description\" content=\"Arkimed Lusha (Stresi) \/ Rr\u00ebfen jet\u00ebn e tij t\u00eb momentit. P\u00ebrplasjet me Noizy-n, aventurat e f\u00ebmij\u00ebris\u00eb, marr\u00ebdh\u00ebniet me femrat, prind\u00ebrit dhe pasionin p\u00ebr muzik\u00ebn.\" \/>\n<meta property=\"og:url\" content=\"https:\/\/www.visit-ulcinj.com\/blog\/2010\/10\/10\/stresi-e-verteta-e-marredhenies-me-enxhin-e-big-brother-albania-3\/\" \/>\n<meta property=\"og:site_name\" content=\"Lajme nga Ulqini\" \/>\n<meta property=\"article:published_time\" content=\"2010-10-10T09:36:03+00:00\" \/>\n<meta property=\"article:modified_time\" content=\"2010-10-10T09:41:32+00:00\" \/>\n<meta property=\"og:image\" content=\"http:\/\/www.visit-ulcinj.com\/blog\/wp-content\/uploads\/2010\/10\/stresi.jpg\" \/>\n<meta name=\"twitter:label1\" content=\"Written by\" \/>\n\t<meta name=\"twitter:data1\" content=\"ulqini\" \/>\n\t<meta name=\"twitter:label2\" content=\"Est. reading time\" \/>\n\t<meta name=\"twitter:data2\" content=\"11 minutes\" \/>\n<script type=\"application\/ld+json\" class=\"yoast-schema-graph\">{\"@context\":\"https:\/\/schema.org\",\"@graph\":[{\"@type\":\"WebSite\",\"@id\":\"https:\/\/www.visit-ulcinj.com\/blog\/#website\",\"url\":\"https:\/\/www.visit-ulcinj.com\/blog\/\",\"name\":\"Lajme nga Ulqini\",\"description\":\"Lajme,Vijesti,Ulqini,Ulqin,Crna Gora,Mali i Zi\",\"potentialAction\":[{\"@type\":\"SearchAction\",\"target\":{\"@type\":\"EntryPoint\",\"urlTemplate\":\"https:\/\/www.visit-ulcinj.com\/blog\/?s={search_term_string}\"},\"query-input\":\"required name=search_term_string\"}],\"inLanguage\":\"en-US\"},{\"@type\":\"ImageObject\",\"inLanguage\":\"en-US\",\"@id\":\"https:\/\/www.visit-ulcinj.com\/blog\/2010\/10\/10\/stresi-e-verteta-e-marredhenies-me-enxhin-e-big-brother-albania-3\/#primaryimage\",\"url\":\"https:\/\/www.visit-ulcinj.com\/blog\/wp-content\/uploads\/2010\/10\/stresi.jpg\",\"contentUrl\":\"https:\/\/www.visit-ulcinj.com\/blog\/wp-content\/uploads\/2010\/10\/stresi.jpg\",\"width\":\"406\",\"height\":\"397\"},{\"@type\":\"WebPage\",\"@id\":\"https:\/\/www.visit-ulcinj.com\/blog\/2010\/10\/10\/stresi-e-verteta-e-marredhenies-me-enxhin-e-big-brother-albania-3\/#webpage\",\"url\":\"https:\/\/www.visit-ulcinj.com\/blog\/2010\/10\/10\/stresi-e-verteta-e-marredhenies-me-enxhin-e-big-brother-albania-3\/\",\"name\":\"Stresi - E v\u00ebrteta e marr\u00ebdh\u00ebnies me Enxhin e Big Brother Albania 3\",\"isPartOf\":{\"@id\":\"https:\/\/www.visit-ulcinj.com\/blog\/#website\"},\"primaryImageOfPage\":{\"@id\":\"https:\/\/www.visit-ulcinj.com\/blog\/2010\/10\/10\/stresi-e-verteta-e-marredhenies-me-enxhin-e-big-brother-albania-3\/#primaryimage\"},\"datePublished\":\"2010-10-10T09:36:03+00:00\",\"dateModified\":\"2010-10-10T09:41:32+00:00\",\"author\":{\"@id\":\"https:\/\/www.visit-ulcinj.com\/blog\/#\/schema\/person\/dcab619c614d3038751c63bc2aadc06d\"},\"description\":\"Arkimed Lusha (Stresi) \/ Rr\u00ebfen jet\u00ebn e tij t\u00eb momentit. P\u00ebrplasjet me Noizy-n, aventurat e f\u00ebmij\u00ebris\u00eb, marr\u00ebdh\u00ebniet me femrat, prind\u00ebrit dhe pasionin p\u00ebr muzik\u00ebn.\",\"breadcrumb\":{\"@id\":\"https:\/\/www.visit-ulcinj.com\/blog\/2010\/10\/10\/stresi-e-verteta-e-marredhenies-me-enxhin-e-big-brother-albania-3\/#breadcrumb\"},\"inLanguage\":\"en-US\",\"potentialAction\":[{\"@type\":\"ReadAction\",\"target\":[\"https:\/\/www.visit-ulcinj.com\/blog\/2010\/10\/10\/stresi-e-verteta-e-marredhenies-me-enxhin-e-big-brother-albania-3\/\"]}]},{\"@type\":\"BreadcrumbList\",\"@id\":\"https:\/\/www.visit-ulcinj.com\/blog\/2010\/10\/10\/stresi-e-verteta-e-marredhenies-me-enxhin-e-big-brother-albania-3\/#breadcrumb\",\"itemListElement\":[{\"@type\":\"ListItem\",\"position\":1,\"name\":\"Stresi: E v\u00ebrteta e marr\u00ebdh\u00ebnies me Enxhin e &#8220;Big Brother Albania 3&#8221;\"}]},{\"@type\":\"Person\",\"@id\":\"https:\/\/www.visit-ulcinj.com\/blog\/#\/schema\/person\/dcab619c614d3038751c63bc2aadc06d\",\"name\":\"ulqini\",\"sameAs\":[\"http:\/\/www.visit-ulcinj.com\"],\"url\":\"https:\/\/www.visit-ulcinj.com\/blog\/author\/admin\/\"}]}<\/script>\n<!-- \/ Yoast SEO plugin. -->","yoast_head_json":{"title":"Stresi - E v\u00ebrteta e marr\u00ebdh\u00ebnies me Enxhin e Big Brother Albania 3","description":"Arkimed Lusha (Stresi) \/ Rr\u00ebfen jet\u00ebn e tij t\u00eb momentit. P\u00ebrplasjet me Noizy-n, aventurat e f\u00ebmij\u00ebris\u00eb, marr\u00ebdh\u00ebniet me femrat, prind\u00ebrit dhe pasionin p\u00ebr muzik\u00ebn.","robots":{"index":"index","follow":"follow","max-snippet":"max-snippet:-1","max-image-preview":"max-image-preview:large","max-video-preview":"max-video-preview:-1"},"canonical":"https:\/\/www.visit-ulcinj.com\/blog\/2010\/10\/10\/stresi-e-verteta-e-marredhenies-me-enxhin-e-big-brother-albania-3\/","og_locale":"en_US","og_type":"article","og_title":"Stresi - E v\u00ebrteta e marr\u00ebdh\u00ebnies me Enxhin e Big Brother Albania 3","og_description":"Arkimed Lusha (Stresi) \/ Rr\u00ebfen jet\u00ebn e tij t\u00eb momentit. P\u00ebrplasjet me Noizy-n, aventurat e f\u00ebmij\u00ebris\u00eb, marr\u00ebdh\u00ebniet me femrat, prind\u00ebrit dhe pasionin p\u00ebr muzik\u00ebn.","og_url":"https:\/\/www.visit-ulcinj.com\/blog\/2010\/10\/10\/stresi-e-verteta-e-marredhenies-me-enxhin-e-big-brother-albania-3\/","og_site_name":"Lajme nga Ulqini","article_published_time":"2010-10-10T09:36:03+00:00","article_modified_time":"2010-10-10T09:41:32+00:00","og_image":[{"url":"http:\/\/www.visit-ulcinj.com\/blog\/wp-content\/uploads\/2010\/10\/stresi.jpg"}],"twitter_misc":{"Written by":"ulqini","Est. reading time":"11 minutes"},"schema":{"@context":"https:\/\/schema.org","@graph":[{"@type":"WebSite","@id":"https:\/\/www.visit-ulcinj.com\/blog\/#website","url":"https:\/\/www.visit-ulcinj.com\/blog\/","name":"Lajme nga Ulqini","description":"Lajme,Vijesti,Ulqini,Ulqin,Crna Gora,Mali i Zi","potentialAction":[{"@type":"SearchAction","target":{"@type":"EntryPoint","urlTemplate":"https:\/\/www.visit-ulcinj.com\/blog\/?s={search_term_string}"},"query-input":"required name=search_term_string"}],"inLanguage":"en-US"},{"@type":"ImageObject","inLanguage":"en-US","@id":"https:\/\/www.visit-ulcinj.com\/blog\/2010\/10\/10\/stresi-e-verteta-e-marredhenies-me-enxhin-e-big-brother-albania-3\/#primaryimage","url":"https:\/\/www.visit-ulcinj.com\/blog\/wp-content\/uploads\/2010\/10\/stresi.jpg","contentUrl":"https:\/\/www.visit-ulcinj.com\/blog\/wp-content\/uploads\/2010\/10\/stresi.jpg","width":"406","height":"397"},{"@type":"WebPage","@id":"https:\/\/www.visit-ulcinj.com\/blog\/2010\/10\/10\/stresi-e-verteta-e-marredhenies-me-enxhin-e-big-brother-albania-3\/#webpage","url":"https:\/\/www.visit-ulcinj.com\/blog\/2010\/10\/10\/stresi-e-verteta-e-marredhenies-me-enxhin-e-big-brother-albania-3\/","name":"Stresi - E v\u00ebrteta e marr\u00ebdh\u00ebnies me Enxhin e Big Brother Albania 3","isPartOf":{"@id":"https:\/\/www.visit-ulcinj.com\/blog\/#website"},"primaryImageOfPage":{"@id":"https:\/\/www.visit-ulcinj.com\/blog\/2010\/10\/10\/stresi-e-verteta-e-marredhenies-me-enxhin-e-big-brother-albania-3\/#primaryimage"},"datePublished":"2010-10-10T09:36:03+00:00","dateModified":"2010-10-10T09:41:32+00:00","author":{"@id":"https:\/\/www.visit-ulcinj.com\/blog\/#\/schema\/person\/dcab619c614d3038751c63bc2aadc06d"},"description":"Arkimed Lusha (Stresi) \/ Rr\u00ebfen jet\u00ebn e tij t\u00eb momentit. P\u00ebrplasjet me Noizy-n, aventurat e f\u00ebmij\u00ebris\u00eb, marr\u00ebdh\u00ebniet me femrat, prind\u00ebrit dhe pasionin p\u00ebr muzik\u00ebn.","breadcrumb":{"@id":"https:\/\/www.visit-ulcinj.com\/blog\/2010\/10\/10\/stresi-e-verteta-e-marredhenies-me-enxhin-e-big-brother-albania-3\/#breadcrumb"},"inLanguage":"en-US","potentialAction":[{"@type":"ReadAction","target":["https:\/\/www.visit-ulcinj.com\/blog\/2010\/10\/10\/stresi-e-verteta-e-marredhenies-me-enxhin-e-big-brother-albania-3\/"]}]},{"@type":"BreadcrumbList","@id":"https:\/\/www.visit-ulcinj.com\/blog\/2010\/10\/10\/stresi-e-verteta-e-marredhenies-me-enxhin-e-big-brother-albania-3\/#breadcrumb","itemListElement":[{"@type":"ListItem","position":1,"name":"Stresi: E v\u00ebrteta e marr\u00ebdh\u00ebnies me Enxhin e &#8220;Big Brother Albania 3&#8221;"}]},{"@type":"Person","@id":"https:\/\/www.visit-ulcinj.com\/blog\/#\/schema\/person\/dcab619c614d3038751c63bc2aadc06d","name":"ulqini","sameAs":["http:\/\/www.visit-ulcinj.com"],"url":"https:\/\/www.visit-ulcinj.com\/blog\/author\/admin\/"}]}},"jetpack_featured_media_url":"","jetpack_sharing_enabled":true,"jetpack_shortlink":"https:\/\/wp.me\/pe6lTn-9Yy","_links":{"self":[{"href":"https:\/\/www.visit-ulcinj.com\/blog\/wp-json\/wp\/v2\/posts\/38350"}],"collection":[{"href":"https:\/\/www.visit-ulcinj.com\/blog\/wp-json\/wp\/v2\/posts"}],"about":[{"href":"https:\/\/www.visit-ulcinj.com\/blog\/wp-json\/wp\/v2\/types\/post"}],"author":[{"embeddable":true,"href":"https:\/\/www.visit-ulcinj.com\/blog\/wp-json\/wp\/v2\/users\/1"}],"replies":[{"embeddable":true,"href":"https:\/\/www.visit-ulcinj.com\/blog\/wp-json\/wp\/v2\/comments?post=38350"}],"version-history":[{"count":0,"href":"https:\/\/www.visit-ulcinj.com\/blog\/wp-json\/wp\/v2\/posts\/38350\/revisions"}],"wp:attachment":[{"href":"https:\/\/www.visit-ulcinj.com\/blog\/wp-json\/wp\/v2\/media?parent=38350"}],"wp:term":[{"taxonomy":"category","embeddable":true,"href":"https:\/\/www.visit-ulcinj.com\/blog\/wp-json\/wp\/v2\/categories?post=38350"},{"taxonomy":"post_tag","embeddable":true,"href":"https:\/\/www.visit-ulcinj.com\/blog\/wp-json\/wp\/v2\/tags?post=38350"}],"curies":[{"name":"wp","href":"https:\/\/api.w.org\/{rel}","templated":true}]}}