{"id":38369,"date":"2010-10-10T13:52:41","date_gmt":"2010-10-10T11:52:41","guid":{"rendered":"http:\/\/www.visit-ulcinj.com\/blog\/?p=38369"},"modified":"2010-10-10T14:09:39","modified_gmt":"2010-10-10T12:09:39","slug":"elvana-gjata-kapet-mat-me-gazin-e-portokalli-se","status":"publish","type":"post","link":"https:\/\/www.visit-ulcinj.com\/blog\/2010\/10\/10\/elvana-gjata-kapet-mat-me-gazin-e-portokalli-se\/","title":{"rendered":"Elvana Gjata kapet mat me Gazin e Portokalli-s\u00eb"},"content":{"rendered":"<p><a href=\"http:\/\/www.visit-ulcinj.com\/blog\/wp-content\/uploads\/2010\/10\/Elvana-Gjata-dhe-Gazi-Portzokalli-1.jpg\"><img loading=\"lazy\" class=\"alignleft size-full wp-image-38370\" title=\"Elvana-Gjata-dhe-Gazi Portokalli-1\" src=\"http:\/\/www.visit-ulcinj.com\/blog\/wp-content\/uploads\/2010\/10\/Elvana-Gjata-dhe-Gazi-Portzokalli-1.jpg\" alt=\"Elvana Gjata dhe Gazi Portokalli\" width=\"508\" height=\"310\" \/><\/a><\/p>\n<p>Duket se jeta e Elvana Gjat\u00ebs ka filluar t\u00eb gjall\u00ebrohet koh\u00ebve t\u00eb fundit. \u00cbsht\u00eb nj\u00eb nga k\u00ebng\u00ebtaret q\u00eb shihet m\u00eb pak nga t\u00eb gjitha t\u00eb frekuentoj\u00eb jet\u00ebn e nat\u00ebs.<\/p>\n<p>Kjo edhe p\u00ebr arsyen se n\u00eb p\u00ebrgjith\u00ebsi fundjavat e gjejn\u00eb me koncerte jasht\u00eb Shqip\u00ebris\u00eb. Por sipas miqve t\u00eb saj, Elvana ka vendosur t\u00eb pushoj\u00eb pak dhe t\u00eb merret m\u00eb shum\u00eb me veten. Pas tre k\u00ebng\u00ebve t\u00eb reja q\u00eb tashm\u00eb jan\u00eb t\u00eb njohura p\u00ebr ne dhe nj\u00eb tjetre q\u00eb pritet t\u00eb dal\u00eb k\u00ebto dit\u00eb, pa harruar k\u00ebtu edhe koncertet e ver\u00ebs, ajo i ka dh\u00ebn\u00eb vetes nj\u00eb pauz\u00eb dhe fundjav\u00ebn e kaluar ka dal\u00eb n\u00eb nj\u00eb nga pubet e Tiran\u00ebs me motr\u00ebn dhe disa miq.<\/p>\n<p><a href=\"http:\/\/www.visit-ulcinj.com\/blog\/wp-content\/uploads\/2010\/10\/Elvana-Gjata-dhe-Gazi-Portokalli-2.jpg\"><img loading=\"lazy\" class=\"alignleft size-full wp-image-38371\" title=\"Elvana-Gjata-dhe-Gazi-Portokalli-2\" src=\"http:\/\/www.visit-ulcinj.com\/blog\/wp-content\/uploads\/2010\/10\/Elvana-Gjata-dhe-Gazi-Portokalli-2.jpg\" alt=\"Elvana Gjata dhe Gazi Portokalli\" width=\"300\" height=\"159\" \/><\/a>Paparaci yn\u00eb e ka fotografuar k\u00ebng\u00ebtaren simpatike m\u00eb aktorin e njohur t\u00eb \u201cPortokalli\u201d-s\u00eb, Gazmend Paja, teksa bisedonin me nj\u00ebri-tjetrin dhe meq\u00eb muzika ka volum shum\u00eb t\u00eb lart\u00eb, shpesh detyrohesh t\u00eb afrohesh ca si shum\u00eb tek bashk\u00ebbiseduesi si n\u00eb rastin e Elvan\u00ebs me Gazin.<\/p>\n<p>Por asgj\u00eb p\u00ebr t\u2019u shqet\u00ebsuar, pasi Elvana thot\u00eb se vazhdon t\u00eb ket\u00eb t\u00eb nj\u00ebjtin partner, nd\u00ebrsa p\u00ebr jet\u00ebn private t\u00eb Gazit nuk kemi ndonj\u00eb informacion.<\/p>\n<p><strong><em>Panorama +<\/em><\/strong><\/p>\n<!--YouTube Error: bad URL entered-->\n<p><strong><em><br \/>\n<\/em><\/strong><\/p>\n","protected":false},"excerpt":{"rendered":"<p>Duket se jeta e Elvana Gjat\u00ebs ka filluar t\u00eb gjall\u00ebrohet koh\u00ebve t\u00eb fundit. \u00cbsht\u00eb nj\u00eb nga k\u00ebng\u00ebtaret q\u00eb shihet m\u00eb pak nga t\u00eb gjitha t\u00eb frekuentoj\u00eb jet\u00ebn e nat\u00ebs. Kjo edhe p\u00ebr arsyen se n\u00eb p\u00ebrgjith\u00ebsi fundjavat e gjejn\u00eb me koncerte jasht\u00eb Shqip\u00ebris\u00eb. Por sipas miqve t\u00eb saj, Elvana ka vendosur t\u00eb pushoj\u00eb pak dhe [&hellip;]<\/p>\n","protected":false},"author":1,"featured_media":0,"comment_status":"open","ping_status":"closed","sticky":false,"template":"","format":"standard","meta":{"spay_email":"","jetpack_publicize_message":"","jetpack_is_tweetstorm":false,"jetpack_publicize_feature_enabled":true},"categories":[1],"tags":[7760,15940,5350,9690],"jetpack_publicize_connections":[],"yoast_head":"<!-- This site is optimized with the Yoast SEO plugin v19.1 - https:\/\/yoast.com\/wordpress\/plugins\/seo\/ -->\n<title>Elvana Gjata kapet mat me Gazin e Portokalli-s\u00eb<\/title>\n<meta name=\"description\" content=\"Duket se jeta e Elvana Gjat\u00ebs ka filluar t\u00eb gjall\u00ebrohet koh\u00ebve t\u00eb fundit. \u00cbsht\u00eb nj\u00eb nga k\u00ebng\u00ebtaret q\u00eb shihet m\u00eb pak nga t\u00eb gjitha t\u00eb frekuentoj\u00eb jet\u00ebn e nat\u00ebs.\" \/>\n<meta name=\"robots\" content=\"index, follow, max-snippet:-1, max-image-preview:large, max-video-preview:-1\" \/>\n<link rel=\"canonical\" href=\"https:\/\/www.visit-ulcinj.com\/blog\/2010\/10\/10\/elvana-gjata-kapet-mat-me-gazin-e-portokalli-se\/\" \/>\n<meta property=\"og:locale\" content=\"en_US\" \/>\n<meta property=\"og:type\" content=\"article\" \/>\n<meta property=\"og:title\" content=\"Elvana Gjata kapet mat me Gazin e Portokalli-s\u00eb\" \/>\n<meta property=\"og:description\" content=\"Duket se jeta e Elvana Gjat\u00ebs ka filluar t\u00eb gjall\u00ebrohet koh\u00ebve t\u00eb fundit. \u00cbsht\u00eb nj\u00eb nga k\u00ebng\u00ebtaret q\u00eb shihet m\u00eb pak nga t\u00eb gjitha t\u00eb frekuentoj\u00eb jet\u00ebn e nat\u00ebs.\" \/>\n<meta property=\"og:url\" content=\"https:\/\/www.visit-ulcinj.com\/blog\/2010\/10\/10\/elvana-gjata-kapet-mat-me-gazin-e-portokalli-se\/\" \/>\n<meta property=\"og:site_name\" content=\"Lajme nga Ulqini\" \/>\n<meta property=\"article:published_time\" content=\"2010-10-10T11:52:41+00:00\" \/>\n<meta property=\"article:modified_time\" content=\"2010-10-10T12:09:39+00:00\" \/>\n<meta property=\"og:image\" content=\"http:\/\/www.visit-ulcinj.com\/blog\/wp-content\/uploads\/2010\/10\/Elvana-Gjata-dhe-Gazi-Portzokalli-1.jpg\" \/>\n<meta name=\"twitter:label1\" content=\"Written by\" \/>\n\t<meta name=\"twitter:data1\" content=\"ulqini\" \/>\n\t<meta name=\"twitter:label2\" content=\"Est. reading time\" \/>\n\t<meta name=\"twitter:data2\" content=\"1 minute\" \/>\n<script type=\"application\/ld+json\" class=\"yoast-schema-graph\">{\"@context\":\"https:\/\/schema.org\",\"@graph\":[{\"@type\":\"WebSite\",\"@id\":\"https:\/\/www.visit-ulcinj.com\/blog\/#website\",\"url\":\"https:\/\/www.visit-ulcinj.com\/blog\/\",\"name\":\"Lajme nga Ulqini\",\"description\":\"Lajme,Vijesti,Ulqini,Ulqin,Crna Gora,Mali i Zi\",\"potentialAction\":[{\"@type\":\"SearchAction\",\"target\":{\"@type\":\"EntryPoint\",\"urlTemplate\":\"https:\/\/www.visit-ulcinj.com\/blog\/?s={search_term_string}\"},\"query-input\":\"required name=search_term_string\"}],\"inLanguage\":\"en-US\"},{\"@type\":\"ImageObject\",\"inLanguage\":\"en-US\",\"@id\":\"https:\/\/www.visit-ulcinj.com\/blog\/2010\/10\/10\/elvana-gjata-kapet-mat-me-gazin-e-portokalli-se\/#primaryimage\",\"url\":\"http:\/\/www.visit-ulcinj.com\/blog\/wp-content\/uploads\/2010\/10\/Elvana-Gjata-dhe-Gazi-Portzokalli-1.jpg\",\"contentUrl\":\"http:\/\/www.visit-ulcinj.com\/blog\/wp-content\/uploads\/2010\/10\/Elvana-Gjata-dhe-Gazi-Portzokalli-1.jpg\"},{\"@type\":\"WebPage\",\"@id\":\"https:\/\/www.visit-ulcinj.com\/blog\/2010\/10\/10\/elvana-gjata-kapet-mat-me-gazin-e-portokalli-se\/#webpage\",\"url\":\"https:\/\/www.visit-ulcinj.com\/blog\/2010\/10\/10\/elvana-gjata-kapet-mat-me-gazin-e-portokalli-se\/\",\"name\":\"Elvana Gjata kapet mat me Gazin e Portokalli-s\u00eb\",\"isPartOf\":{\"@id\":\"https:\/\/www.visit-ulcinj.com\/blog\/#website\"},\"primaryImageOfPage\":{\"@id\":\"https:\/\/www.visit-ulcinj.com\/blog\/2010\/10\/10\/elvana-gjata-kapet-mat-me-gazin-e-portokalli-se\/#primaryimage\"},\"datePublished\":\"2010-10-10T11:52:41+00:00\",\"dateModified\":\"2010-10-10T12:09:39+00:00\",\"author\":{\"@id\":\"https:\/\/www.visit-ulcinj.com\/blog\/#\/schema\/person\/dcab619c614d3038751c63bc2aadc06d\"},\"description\":\"Duket se jeta e Elvana Gjat\u00ebs ka filluar t\u00eb gjall\u00ebrohet koh\u00ebve t\u00eb fundit. \u00cbsht\u00eb nj\u00eb nga k\u00ebng\u00ebtaret q\u00eb shihet m\u00eb pak nga t\u00eb gjitha t\u00eb frekuentoj\u00eb jet\u00ebn e nat\u00ebs.\",\"breadcrumb\":{\"@id\":\"https:\/\/www.visit-ulcinj.com\/blog\/2010\/10\/10\/elvana-gjata-kapet-mat-me-gazin-e-portokalli-se\/#breadcrumb\"},\"inLanguage\":\"en-US\",\"potentialAction\":[{\"@type\":\"ReadAction\",\"target\":[\"https:\/\/www.visit-ulcinj.com\/blog\/2010\/10\/10\/elvana-gjata-kapet-mat-me-gazin-e-portokalli-se\/\"]}]},{\"@type\":\"BreadcrumbList\",\"@id\":\"https:\/\/www.visit-ulcinj.com\/blog\/2010\/10\/10\/elvana-gjata-kapet-mat-me-gazin-e-portokalli-se\/#breadcrumb\",\"itemListElement\":[{\"@type\":\"ListItem\",\"position\":1,\"name\":\"Elvana Gjata kapet mat me Gazin e Portokalli-s\u00eb\"}]},{\"@type\":\"Person\",\"@id\":\"https:\/\/www.visit-ulcinj.com\/blog\/#\/schema\/person\/dcab619c614d3038751c63bc2aadc06d\",\"name\":\"ulqini\",\"sameAs\":[\"http:\/\/www.visit-ulcinj.com\"],\"url\":\"https:\/\/www.visit-ulcinj.com\/blog\/author\/admin\/\"}]}<\/script>\n<!-- \/ Yoast SEO plugin. -->","yoast_head_json":{"title":"Elvana Gjata kapet mat me Gazin e Portokalli-s\u00eb","description":"Duket se jeta e Elvana Gjat\u00ebs ka filluar t\u00eb gjall\u00ebrohet koh\u00ebve t\u00eb fundit. \u00cbsht\u00eb nj\u00eb nga k\u00ebng\u00ebtaret q\u00eb shihet m\u00eb pak nga t\u00eb gjitha t\u00eb frekuentoj\u00eb jet\u00ebn e nat\u00ebs.","robots":{"index":"index","follow":"follow","max-snippet":"max-snippet:-1","max-image-preview":"max-image-preview:large","max-video-preview":"max-video-preview:-1"},"canonical":"https:\/\/www.visit-ulcinj.com\/blog\/2010\/10\/10\/elvana-gjata-kapet-mat-me-gazin-e-portokalli-se\/","og_locale":"en_US","og_type":"article","og_title":"Elvana Gjata kapet mat me Gazin e Portokalli-s\u00eb","og_description":"Duket se jeta e Elvana Gjat\u00ebs ka filluar t\u00eb gjall\u00ebrohet koh\u00ebve t\u00eb fundit. \u00cbsht\u00eb nj\u00eb nga k\u00ebng\u00ebtaret q\u00eb shihet m\u00eb pak nga t\u00eb gjitha t\u00eb frekuentoj\u00eb jet\u00ebn e nat\u00ebs.","og_url":"https:\/\/www.visit-ulcinj.com\/blog\/2010\/10\/10\/elvana-gjata-kapet-mat-me-gazin-e-portokalli-se\/","og_site_name":"Lajme nga Ulqini","article_published_time":"2010-10-10T11:52:41+00:00","article_modified_time":"2010-10-10T12:09:39+00:00","og_image":[{"url":"http:\/\/www.visit-ulcinj.com\/blog\/wp-content\/uploads\/2010\/10\/Elvana-Gjata-dhe-Gazi-Portzokalli-1.jpg"}],"twitter_misc":{"Written by":"ulqini","Est. reading time":"1 minute"},"schema":{"@context":"https:\/\/schema.org","@graph":[{"@type":"WebSite","@id":"https:\/\/www.visit-ulcinj.com\/blog\/#website","url":"https:\/\/www.visit-ulcinj.com\/blog\/","name":"Lajme nga Ulqini","description":"Lajme,Vijesti,Ulqini,Ulqin,Crna Gora,Mali i Zi","potentialAction":[{"@type":"SearchAction","target":{"@type":"EntryPoint","urlTemplate":"https:\/\/www.visit-ulcinj.com\/blog\/?s={search_term_string}"},"query-input":"required name=search_term_string"}],"inLanguage":"en-US"},{"@type":"ImageObject","inLanguage":"en-US","@id":"https:\/\/www.visit-ulcinj.com\/blog\/2010\/10\/10\/elvana-gjata-kapet-mat-me-gazin-e-portokalli-se\/#primaryimage","url":"http:\/\/www.visit-ulcinj.com\/blog\/wp-content\/uploads\/2010\/10\/Elvana-Gjata-dhe-Gazi-Portzokalli-1.jpg","contentUrl":"http:\/\/www.visit-ulcinj.com\/blog\/wp-content\/uploads\/2010\/10\/Elvana-Gjata-dhe-Gazi-Portzokalli-1.jpg"},{"@type":"WebPage","@id":"https:\/\/www.visit-ulcinj.com\/blog\/2010\/10\/10\/elvana-gjata-kapet-mat-me-gazin-e-portokalli-se\/#webpage","url":"https:\/\/www.visit-ulcinj.com\/blog\/2010\/10\/10\/elvana-gjata-kapet-mat-me-gazin-e-portokalli-se\/","name":"Elvana Gjata kapet mat me Gazin e Portokalli-s\u00eb","isPartOf":{"@id":"https:\/\/www.visit-ulcinj.com\/blog\/#website"},"primaryImageOfPage":{"@id":"https:\/\/www.visit-ulcinj.com\/blog\/2010\/10\/10\/elvana-gjata-kapet-mat-me-gazin-e-portokalli-se\/#primaryimage"},"datePublished":"2010-10-10T11:52:41+00:00","dateModified":"2010-10-10T12:09:39+00:00","author":{"@id":"https:\/\/www.visit-ulcinj.com\/blog\/#\/schema\/person\/dcab619c614d3038751c63bc2aadc06d"},"description":"Duket se jeta e Elvana Gjat\u00ebs ka filluar t\u00eb gjall\u00ebrohet koh\u00ebve t\u00eb fundit. \u00cbsht\u00eb nj\u00eb nga k\u00ebng\u00ebtaret q\u00eb shihet m\u00eb pak nga t\u00eb gjitha t\u00eb frekuentoj\u00eb jet\u00ebn e nat\u00ebs.","breadcrumb":{"@id":"https:\/\/www.visit-ulcinj.com\/blog\/2010\/10\/10\/elvana-gjata-kapet-mat-me-gazin-e-portokalli-se\/#breadcrumb"},"inLanguage":"en-US","potentialAction":[{"@type":"ReadAction","target":["https:\/\/www.visit-ulcinj.com\/blog\/2010\/10\/10\/elvana-gjata-kapet-mat-me-gazin-e-portokalli-se\/"]}]},{"@type":"BreadcrumbList","@id":"https:\/\/www.visit-ulcinj.com\/blog\/2010\/10\/10\/elvana-gjata-kapet-mat-me-gazin-e-portokalli-se\/#breadcrumb","itemListElement":[{"@type":"ListItem","position":1,"name":"Elvana Gjata kapet mat me Gazin e Portokalli-s\u00eb"}]},{"@type":"Person","@id":"https:\/\/www.visit-ulcinj.com\/blog\/#\/schema\/person\/dcab619c614d3038751c63bc2aadc06d","name":"ulqini","sameAs":["http:\/\/www.visit-ulcinj.com"],"url":"https:\/\/www.visit-ulcinj.com\/blog\/author\/admin\/"}]}},"jetpack_featured_media_url":"","jetpack_sharing_enabled":true,"jetpack_shortlink":"https:\/\/wp.me\/pe6lTn-9YR","_links":{"self":[{"href":"https:\/\/www.visit-ulcinj.com\/blog\/wp-json\/wp\/v2\/posts\/38369"}],"collection":[{"href":"https:\/\/www.visit-ulcinj.com\/blog\/wp-json\/wp\/v2\/posts"}],"about":[{"href":"https:\/\/www.visit-ulcinj.com\/blog\/wp-json\/wp\/v2\/types\/post"}],"author":[{"embeddable":true,"href":"https:\/\/www.visit-ulcinj.com\/blog\/wp-json\/wp\/v2\/users\/1"}],"replies":[{"embeddable":true,"href":"https:\/\/www.visit-ulcinj.com\/blog\/wp-json\/wp\/v2\/comments?post=38369"}],"version-history":[{"count":0,"href":"https:\/\/www.visit-ulcinj.com\/blog\/wp-json\/wp\/v2\/posts\/38369\/revisions"}],"wp:attachment":[{"href":"https:\/\/www.visit-ulcinj.com\/blog\/wp-json\/wp\/v2\/media?parent=38369"}],"wp:term":[{"taxonomy":"category","embeddable":true,"href":"https:\/\/www.visit-ulcinj.com\/blog\/wp-json\/wp\/v2\/categories?post=38369"},{"taxonomy":"post_tag","embeddable":true,"href":"https:\/\/www.visit-ulcinj.com\/blog\/wp-json\/wp\/v2\/tags?post=38369"}],"curies":[{"name":"wp","href":"https:\/\/api.w.org\/{rel}","templated":true}]}}