{"id":38379,"date":"2010-10-10T14:02:36","date_gmt":"2010-10-10T12:02:36","guid":{"rendered":"http:\/\/www.visit-ulcinj.com\/blog\/?p=38379"},"modified":"2010-10-10T22:49:15","modified_gmt":"2010-10-10T20:49:15","slug":"tirane-masakra-e-tivarit-zbulohet-korrespondenca-qeveritare","status":"publish","type":"post","link":"https:\/\/www.visit-ulcinj.com\/blog\/2010\/10\/10\/tirane-masakra-e-tivarit-zbulohet-korrespondenca-qeveritare\/","title":{"rendered":"Tiran\u00eb: Masakra e Tivarit, zbulohet korrespondenca qeveritare"},"content":{"rendered":"<p><a href=\"http:\/\/www.visit-ulcinj.com\/blog\/wp-content\/uploads\/2010\/10\/Masakra-e-Tivarit.jpg\"><img loading=\"lazy\" class=\"alignleft size-full wp-image-38381\" title=\"Masakra e Tivarit\" src=\"http:\/\/www.visit-ulcinj.com\/blog\/wp-content\/uploads\/2010\/10\/Masakra-e-Tivarit.jpg\" alt=\"\" width=\"490\" height=\"287\" srcset=\"https:\/\/www.visit-ulcinj.com\/blog\/wp-content\/uploads\/2010\/10\/Masakra-e-Tivarit.jpg 490w, https:\/\/www.visit-ulcinj.com\/blog\/wp-content\/uploads\/2010\/10\/Masakra-e-Tivarit-300x175.jpg 300w\" sizes=\"(max-width: 490px) 100vw, 490px\" \/><\/a>Komisioni hetimor parlamentar p\u00ebr masakr\u00ebn e Tivarit ka zbardhur disa fakte trondit\u00ebse t\u00eb p\u00ebrfshirjes s\u00eb krer\u00ebve m\u00eb t\u00eb lart\u00eb t\u00eb shtetit n\u00eb ngjarjen makabre t\u00eb afro 60 viteve m\u00eb par\u00eb. Implikimi i tyre, sipas an\u00ebtar\u00ebve t\u00eb k\u00ebtij komisioni, faktohet nga korrespondenca q\u00eb kan\u00eb patur drejtuesit e shtetit shqiptar, e zbuluar n\u00eb dosjet e Arkiv\u00ebs Qendrore t\u00eb Shtetit.<\/p>\n<p>An\u00ebtarja e komisionit hetimor p\u00ebr masakr\u00ebn e Tivarit, deputetja Mesila Doda u shpreh se n\u00eb baz\u00eb t\u00eb t\u00eb dh\u00ebnave t\u00eb pamohueshme, ku Haxhi Lleshi dhe Ramiz Alia informojn\u00eb Enver Hoxh\u00ebn<\/p>\n<p>\u201cNga t\u00eb dh\u00ebnat q\u00eb ne kemi p\u00ebrgjegj\u00ebsin\u00eb direkte t\u00eb ministrit t\u00eb Brendsh\u00ebm t\u00eb asaj koh\u00eb, Haxhi Lleshi, t\u00eb kryetarit t\u00eb divizionit t\u00eb V q\u00eb ishte Ramiz Alia, i cili n\u00eb replika k\u00ebrkon t\u00eb dij\u00eb fatin e k\u00ebtyre njer\u00ebzve dhe i shkruan Enver Hoxh\u00ebs, dhe m\u00eb pas kemi ekzekutimin n\u00eb mas\u00eb t\u00eb kosovar\u00ebve, t\u00eb cil\u00ebve u k\u00ebrkohet t\u00eb dor\u00ebzohen tek forcat jugosllave. T\u00eb rejat m\u00eb t\u00eb fundit na b\u00ebjn\u00eb t\u00eb kuptojm\u00eb p\u00ebrgjegj\u00ebsin\u00eb e madhe politike t\u00eb krer\u00ebve t\u00eb shtetit t\u00eb asaj kohe dhe urdhrat e dala. B\u00ebhet fjal\u00eb p\u00ebr nj\u00eb radiogram t\u00eb vet\u00eb Enver Hoxh\u00ebs q\u00eb fliste p\u00ebr nj\u00eb rikthim t\u00eb t\u00eb arratisurve pran\u00eb divizioneve partizane jugosllave. P\u00ebrgjegj\u00ebsi direkte bie dhe mbi Haxhi Lleshin, apo Alia q\u00eb i ka shkruar Enverit p\u00ebr t\u2019u v\u00ebn\u00eb n\u00eb dijeni t\u00eb arratisurve\u201d- u shpreh Doda.<\/p>\n<p>Dokumentet e zbuluar, sipas komisionit hetimor, faktojn\u00eb se Ramiz Alia ka qen\u00eb n\u00eb dijeni t\u00eb masakr\u00ebs.<\/p>\n<p>\u201cRamiz Alia e ka nisur karrier\u00ebn e tij politike si nj\u00eb vras\u00ebs dhe po e p\u00ebrfundon si nj\u00eb g\u00ebnjeshtar ordiner. T\u00eb gjitha faktet q\u00eb ekzistojn\u00eb n\u00eb arkivat e shtetit shqiptar tregojn\u00eb p\u00ebr nj\u00eb dijeni t\u00eb plot\u00eb n\u00eb k\u00ebt\u00eb ngjarje dhe p\u00ebr nj\u00eb aktivitet t\u00eb plot\u00eb t\u00eb Ramiz Alis\u00eb, n\u00eb masakr\u00ebn e Tivarit. Ai ka qen\u00eb n\u00eb dijeni t\u00eb t\u00eb gjith\u00eb ngjarjes\u201d- thot\u00eb ajo.<\/p>\n<p>Komisioni po punon aktualisht vet\u00ebm me an\u00ebtar\u00eb t\u00eb mazhoranc\u00ebs, pasi socialist\u00ebt kan\u00eb refuzuar t\u00eb marrin pjes\u00eb n\u00eb t\u00eb.<\/p>\n<p>\u201cSocialist\u00ebt e rinj duhet t\u00eb tregojn\u00eb q\u00eb jan\u00eb larg komunist\u00ebve t\u00eb vjet\u00ebr, shpresoj q\u00eb shum\u00eb prej tyre t\u00eb mund ta b\u00ebjn\u00eb k\u00ebt\u00eb hap p\u00ebr t\u00eb zbardhur nj\u00ebher\u00eb e p\u00ebrgjithmon\u00eb t\u00eb v\u00ebrtetat e shqiptar\u00ebve\u201d- deklaroi m\u00eb tej deputetja demokrate.<\/p>\n<p>I ngritur me nj\u00eb afat kohor 1 vje\u00e7ar komisioni hetimor p\u00ebr masakr\u00ebn e Tivarit pritet t\u00eb hedh\u00eb drit\u00eb mbi ekzekutimin makab\u00ebr t\u00eb afro 5000 burrave n\u00eb territorin e ish-Jugosllavis\u00eb. Pas mbledhjes s\u00eb dokumenteve zyrtar\u00eb p\u00ebr ngjarjen, komisioni do t\u00eb th\u00ebrras\u00eb edhe d\u00ebshmitar\u00eb t\u00eb k\u00ebsaj ngjarje.<\/p>\n<p><strong>BOTA SOT<br \/>\n<!--YouTube Error: bad URL entered--><\/strong><\/p>\n","protected":false},"excerpt":{"rendered":"<p>Komisioni hetimor parlamentar p\u00ebr masakr\u00ebn e Tivarit ka zbardhur disa fakte trondit\u00ebse t\u00eb p\u00ebrfshirjes s\u00eb krer\u00ebve m\u00eb t\u00eb lart\u00eb t\u00eb shtetit n\u00eb ngjarjen makabre t\u00eb afro 60 viteve m\u00eb par\u00eb. Implikimi i tyre, sipas an\u00ebtar\u00ebve t\u00eb k\u00ebtij komisioni, faktohet nga korrespondenca q\u00eb kan\u00eb patur drejtuesit e shtetit shqiptar, e zbuluar n\u00eb dosjet e Arkiv\u00ebs Qendrore [&hellip;]<\/p>\n","protected":false},"author":1,"featured_media":0,"comment_status":"open","ping_status":"closed","sticky":false,"template":"","format":"standard","meta":{"spay_email":"","jetpack_publicize_message":"","jetpack_is_tweetstorm":false,"jetpack_publicize_feature_enabled":true},"categories":[14],"tags":[15941],"jetpack_publicize_connections":[],"yoast_head":"<!-- This site is optimized with the Yoast SEO plugin v19.1 - https:\/\/yoast.com\/wordpress\/plugins\/seo\/ -->\n<title>Tiran\u00eb: Masakra e Tivarit, zbulohet korrespondenca qeveritare - Lajme nga Ulqini<\/title>\n<meta name=\"description\" content=\"Komisioni hetimor parlamentar p\u00ebr masakr\u00ebn e Tivarit ka zbardhur disa fakte trondit\u00ebse t\u00eb p\u00ebrfshirjes s\u00eb krer\u00ebve m\u00eb t\u00eb lart\u00eb t\u00eb shtetit n\u00eb ngjarjen\" \/>\n<meta name=\"robots\" content=\"index, follow, max-snippet:-1, max-image-preview:large, max-video-preview:-1\" \/>\n<link rel=\"canonical\" href=\"https:\/\/www.visit-ulcinj.com\/blog\/2010\/10\/10\/tirane-masakra-e-tivarit-zbulohet-korrespondenca-qeveritare\/\" \/>\n<meta property=\"og:locale\" content=\"en_US\" \/>\n<meta property=\"og:type\" content=\"article\" \/>\n<meta property=\"og:title\" content=\"Tiran\u00eb: Masakra e Tivarit, zbulohet korrespondenca qeveritare - Lajme nga Ulqini\" \/>\n<meta property=\"og:description\" content=\"Komisioni hetimor parlamentar p\u00ebr masakr\u00ebn e Tivarit ka zbardhur disa fakte trondit\u00ebse t\u00eb p\u00ebrfshirjes s\u00eb krer\u00ebve m\u00eb t\u00eb lart\u00eb t\u00eb shtetit n\u00eb ngjarjen\" \/>\n<meta property=\"og:url\" content=\"https:\/\/www.visit-ulcinj.com\/blog\/2010\/10\/10\/tirane-masakra-e-tivarit-zbulohet-korrespondenca-qeveritare\/\" \/>\n<meta property=\"og:site_name\" content=\"Lajme nga Ulqini\" \/>\n<meta property=\"article:published_time\" content=\"2010-10-10T12:02:36+00:00\" \/>\n<meta property=\"article:modified_time\" content=\"2010-10-10T20:49:15+00:00\" \/>\n<meta property=\"og:image\" content=\"http:\/\/www.visit-ulcinj.com\/blog\/wp-content\/uploads\/2010\/10\/Masakra-e-Tivarit.jpg\" \/>\n<meta name=\"twitter:label1\" content=\"Written by\" \/>\n\t<meta name=\"twitter:data1\" content=\"ulqini\" \/>\n\t<meta name=\"twitter:label2\" content=\"Est. reading time\" \/>\n\t<meta name=\"twitter:data2\" content=\"2 minutes\" \/>\n<script type=\"application\/ld+json\" class=\"yoast-schema-graph\">{\"@context\":\"https:\/\/schema.org\",\"@graph\":[{\"@type\":\"WebSite\",\"@id\":\"https:\/\/www.visit-ulcinj.com\/blog\/#website\",\"url\":\"https:\/\/www.visit-ulcinj.com\/blog\/\",\"name\":\"Lajme nga Ulqini\",\"description\":\"Lajme,Vijesti,Ulqini,Ulqin,Crna Gora,Mali i Zi\",\"potentialAction\":[{\"@type\":\"SearchAction\",\"target\":{\"@type\":\"EntryPoint\",\"urlTemplate\":\"https:\/\/www.visit-ulcinj.com\/blog\/?s={search_term_string}\"},\"query-input\":\"required name=search_term_string\"}],\"inLanguage\":\"en-US\"},{\"@type\":\"ImageObject\",\"inLanguage\":\"en-US\",\"@id\":\"https:\/\/www.visit-ulcinj.com\/blog\/2010\/10\/10\/tirane-masakra-e-tivarit-zbulohet-korrespondenca-qeveritare\/#primaryimage\",\"url\":\"https:\/\/www.visit-ulcinj.com\/blog\/wp-content\/uploads\/2010\/10\/Masakra-e-Tivarit.jpg\",\"contentUrl\":\"https:\/\/www.visit-ulcinj.com\/blog\/wp-content\/uploads\/2010\/10\/Masakra-e-Tivarit.jpg\",\"width\":\"490\",\"height\":\"287\"},{\"@type\":\"WebPage\",\"@id\":\"https:\/\/www.visit-ulcinj.com\/blog\/2010\/10\/10\/tirane-masakra-e-tivarit-zbulohet-korrespondenca-qeveritare\/#webpage\",\"url\":\"https:\/\/www.visit-ulcinj.com\/blog\/2010\/10\/10\/tirane-masakra-e-tivarit-zbulohet-korrespondenca-qeveritare\/\",\"name\":\"Tiran\u00eb: Masakra e Tivarit, zbulohet korrespondenca qeveritare - Lajme nga Ulqini\",\"isPartOf\":{\"@id\":\"https:\/\/www.visit-ulcinj.com\/blog\/#website\"},\"primaryImageOfPage\":{\"@id\":\"https:\/\/www.visit-ulcinj.com\/blog\/2010\/10\/10\/tirane-masakra-e-tivarit-zbulohet-korrespondenca-qeveritare\/#primaryimage\"},\"datePublished\":\"2010-10-10T12:02:36+00:00\",\"dateModified\":\"2010-10-10T20:49:15+00:00\",\"author\":{\"@id\":\"https:\/\/www.visit-ulcinj.com\/blog\/#\/schema\/person\/dcab619c614d3038751c63bc2aadc06d\"},\"description\":\"Komisioni hetimor parlamentar p\u00ebr masakr\u00ebn e Tivarit ka zbardhur disa fakte trondit\u00ebse t\u00eb p\u00ebrfshirjes s\u00eb krer\u00ebve m\u00eb t\u00eb lart\u00eb t\u00eb shtetit n\u00eb ngjarjen\",\"breadcrumb\":{\"@id\":\"https:\/\/www.visit-ulcinj.com\/blog\/2010\/10\/10\/tirane-masakra-e-tivarit-zbulohet-korrespondenca-qeveritare\/#breadcrumb\"},\"inLanguage\":\"en-US\",\"potentialAction\":[{\"@type\":\"ReadAction\",\"target\":[\"https:\/\/www.visit-ulcinj.com\/blog\/2010\/10\/10\/tirane-masakra-e-tivarit-zbulohet-korrespondenca-qeveritare\/\"]}]},{\"@type\":\"BreadcrumbList\",\"@id\":\"https:\/\/www.visit-ulcinj.com\/blog\/2010\/10\/10\/tirane-masakra-e-tivarit-zbulohet-korrespondenca-qeveritare\/#breadcrumb\",\"itemListElement\":[{\"@type\":\"ListItem\",\"position\":1,\"name\":\"Tiran\u00eb: Masakra e Tivarit, zbulohet korrespondenca qeveritare\"}]},{\"@type\":\"Person\",\"@id\":\"https:\/\/www.visit-ulcinj.com\/blog\/#\/schema\/person\/dcab619c614d3038751c63bc2aadc06d\",\"name\":\"ulqini\",\"sameAs\":[\"http:\/\/www.visit-ulcinj.com\"],\"url\":\"https:\/\/www.visit-ulcinj.com\/blog\/author\/admin\/\"}]}<\/script>\n<!-- \/ Yoast SEO plugin. -->","yoast_head_json":{"title":"Tiran\u00eb: Masakra e Tivarit, zbulohet korrespondenca qeveritare - Lajme nga Ulqini","description":"Komisioni hetimor parlamentar p\u00ebr masakr\u00ebn e Tivarit ka zbardhur disa fakte trondit\u00ebse t\u00eb p\u00ebrfshirjes s\u00eb krer\u00ebve m\u00eb t\u00eb lart\u00eb t\u00eb shtetit n\u00eb ngjarjen","robots":{"index":"index","follow":"follow","max-snippet":"max-snippet:-1","max-image-preview":"max-image-preview:large","max-video-preview":"max-video-preview:-1"},"canonical":"https:\/\/www.visit-ulcinj.com\/blog\/2010\/10\/10\/tirane-masakra-e-tivarit-zbulohet-korrespondenca-qeveritare\/","og_locale":"en_US","og_type":"article","og_title":"Tiran\u00eb: Masakra e Tivarit, zbulohet korrespondenca qeveritare - Lajme nga Ulqini","og_description":"Komisioni hetimor parlamentar p\u00ebr masakr\u00ebn e Tivarit ka zbardhur disa fakte trondit\u00ebse t\u00eb p\u00ebrfshirjes s\u00eb krer\u00ebve m\u00eb t\u00eb lart\u00eb t\u00eb shtetit n\u00eb ngjarjen","og_url":"https:\/\/www.visit-ulcinj.com\/blog\/2010\/10\/10\/tirane-masakra-e-tivarit-zbulohet-korrespondenca-qeveritare\/","og_site_name":"Lajme nga Ulqini","article_published_time":"2010-10-10T12:02:36+00:00","article_modified_time":"2010-10-10T20:49:15+00:00","og_image":[{"url":"http:\/\/www.visit-ulcinj.com\/blog\/wp-content\/uploads\/2010\/10\/Masakra-e-Tivarit.jpg"}],"twitter_misc":{"Written by":"ulqini","Est. reading time":"2 minutes"},"schema":{"@context":"https:\/\/schema.org","@graph":[{"@type":"WebSite","@id":"https:\/\/www.visit-ulcinj.com\/blog\/#website","url":"https:\/\/www.visit-ulcinj.com\/blog\/","name":"Lajme nga Ulqini","description":"Lajme,Vijesti,Ulqini,Ulqin,Crna Gora,Mali i Zi","potentialAction":[{"@type":"SearchAction","target":{"@type":"EntryPoint","urlTemplate":"https:\/\/www.visit-ulcinj.com\/blog\/?s={search_term_string}"},"query-input":"required name=search_term_string"}],"inLanguage":"en-US"},{"@type":"ImageObject","inLanguage":"en-US","@id":"https:\/\/www.visit-ulcinj.com\/blog\/2010\/10\/10\/tirane-masakra-e-tivarit-zbulohet-korrespondenca-qeveritare\/#primaryimage","url":"https:\/\/www.visit-ulcinj.com\/blog\/wp-content\/uploads\/2010\/10\/Masakra-e-Tivarit.jpg","contentUrl":"https:\/\/www.visit-ulcinj.com\/blog\/wp-content\/uploads\/2010\/10\/Masakra-e-Tivarit.jpg","width":"490","height":"287"},{"@type":"WebPage","@id":"https:\/\/www.visit-ulcinj.com\/blog\/2010\/10\/10\/tirane-masakra-e-tivarit-zbulohet-korrespondenca-qeveritare\/#webpage","url":"https:\/\/www.visit-ulcinj.com\/blog\/2010\/10\/10\/tirane-masakra-e-tivarit-zbulohet-korrespondenca-qeveritare\/","name":"Tiran\u00eb: Masakra e Tivarit, zbulohet korrespondenca qeveritare - Lajme nga Ulqini","isPartOf":{"@id":"https:\/\/www.visit-ulcinj.com\/blog\/#website"},"primaryImageOfPage":{"@id":"https:\/\/www.visit-ulcinj.com\/blog\/2010\/10\/10\/tirane-masakra-e-tivarit-zbulohet-korrespondenca-qeveritare\/#primaryimage"},"datePublished":"2010-10-10T12:02:36+00:00","dateModified":"2010-10-10T20:49:15+00:00","author":{"@id":"https:\/\/www.visit-ulcinj.com\/blog\/#\/schema\/person\/dcab619c614d3038751c63bc2aadc06d"},"description":"Komisioni hetimor parlamentar p\u00ebr masakr\u00ebn e Tivarit ka zbardhur disa fakte trondit\u00ebse t\u00eb p\u00ebrfshirjes s\u00eb krer\u00ebve m\u00eb t\u00eb lart\u00eb t\u00eb shtetit n\u00eb ngjarjen","breadcrumb":{"@id":"https:\/\/www.visit-ulcinj.com\/blog\/2010\/10\/10\/tirane-masakra-e-tivarit-zbulohet-korrespondenca-qeveritare\/#breadcrumb"},"inLanguage":"en-US","potentialAction":[{"@type":"ReadAction","target":["https:\/\/www.visit-ulcinj.com\/blog\/2010\/10\/10\/tirane-masakra-e-tivarit-zbulohet-korrespondenca-qeveritare\/"]}]},{"@type":"BreadcrumbList","@id":"https:\/\/www.visit-ulcinj.com\/blog\/2010\/10\/10\/tirane-masakra-e-tivarit-zbulohet-korrespondenca-qeveritare\/#breadcrumb","itemListElement":[{"@type":"ListItem","position":1,"name":"Tiran\u00eb: Masakra e Tivarit, zbulohet korrespondenca qeveritare"}]},{"@type":"Person","@id":"https:\/\/www.visit-ulcinj.com\/blog\/#\/schema\/person\/dcab619c614d3038751c63bc2aadc06d","name":"ulqini","sameAs":["http:\/\/www.visit-ulcinj.com"],"url":"https:\/\/www.visit-ulcinj.com\/blog\/author\/admin\/"}]}},"jetpack_featured_media_url":"","jetpack_sharing_enabled":true,"jetpack_shortlink":"https:\/\/wp.me\/pe6lTn-9Z1","_links":{"self":[{"href":"https:\/\/www.visit-ulcinj.com\/blog\/wp-json\/wp\/v2\/posts\/38379"}],"collection":[{"href":"https:\/\/www.visit-ulcinj.com\/blog\/wp-json\/wp\/v2\/posts"}],"about":[{"href":"https:\/\/www.visit-ulcinj.com\/blog\/wp-json\/wp\/v2\/types\/post"}],"author":[{"embeddable":true,"href":"https:\/\/www.visit-ulcinj.com\/blog\/wp-json\/wp\/v2\/users\/1"}],"replies":[{"embeddable":true,"href":"https:\/\/www.visit-ulcinj.com\/blog\/wp-json\/wp\/v2\/comments?post=38379"}],"version-history":[{"count":0,"href":"https:\/\/www.visit-ulcinj.com\/blog\/wp-json\/wp\/v2\/posts\/38379\/revisions"}],"wp:attachment":[{"href":"https:\/\/www.visit-ulcinj.com\/blog\/wp-json\/wp\/v2\/media?parent=38379"}],"wp:term":[{"taxonomy":"category","embeddable":true,"href":"https:\/\/www.visit-ulcinj.com\/blog\/wp-json\/wp\/v2\/categories?post=38379"},{"taxonomy":"post_tag","embeddable":true,"href":"https:\/\/www.visit-ulcinj.com\/blog\/wp-json\/wp\/v2\/tags?post=38379"}],"curies":[{"name":"wp","href":"https:\/\/api.w.org\/{rel}","templated":true}]}}