{"id":38380,"date":"2010-10-10T14:12:36","date_gmt":"2010-10-10T12:12:36","guid":{"rendered":"http:\/\/www.visit-ulcinj.com\/blog\/?p=38380"},"modified":"2010-10-10T14:14:02","modified_gmt":"2010-10-10T12:14:02","slug":"ermal-fejzullahu-se-shpejti-baba-per-here-te-dyte","status":"publish","type":"post","link":"https:\/\/www.visit-ulcinj.com\/blog\/2010\/10\/10\/ermal-fejzullahu-se-shpejti-baba-per-here-te-dyte\/","title":{"rendered":"Ermal Fejzullahu: S\u00eb shpejti baba p\u00ebr her\u00eb t\u00eb dyt\u00eb"},"content":{"rendered":"<p><a href=\"http:\/\/www.visit-ulcinj.com\/blog\/wp-content\/uploads\/2010\/10\/Ermali-dhe-Ariana-ne-Plazh.jpg\"><img loading=\"lazy\" class=\"alignleft size-full wp-image-38386\" title=\"Ermali-dhe-Ariana-ne-Plazh\" src=\"http:\/\/www.visit-ulcinj.com\/blog\/wp-content\/uploads\/2010\/10\/Ermali-dhe-Ariana-ne-Plazh.jpg\" alt=\"\" width=\"601\" height=\"349\" \/><\/a><\/p>\n<p>K\u00ebng\u00ebtarit t\u00eb njohur kosovar Fejzullahu, ka dy vite q\u00eb gj\u00ebrat po i ecin fjoll\u00eb. U martua dhe \u00ebsht\u00eb b\u00ebr\u00eb baba. Kurse p\u00ebrsa i p\u00ebrket muzik\u00ebs, sukseset e tij nuk kan\u00eb t\u00eb ndalur. Shum\u00eb k\u00ebng\u00eb, hite t\u00eb shoq\u00ebruara me videoklipe, nd\u00ebr m\u00eb t\u00eb k\u00ebrkuarit n\u00eb mbr\u00ebmje rinore n\u00eb diaspor\u00eb, dhe i vler\u00ebsuar me shum\u00eb \u00e7mime n\u00eb festivale, Ermali nuk ka t\u00eb ndalur.. Kishte koh\u00eb q\u00eb p\u00ebr shkak t\u00eb angazhimeve t\u00eb shumta nuk jepte intervista e p\u00ebr t\u00eb lar\u00eb k\u00ebt\u00eb borxh rikthehet me nj\u00eb intervist\u00eb ekskluzive ku tregon p\u00ebr sukseset e k\u00ebng\u00ebs s\u00eb fundit me \u201cTingullin 3nt\u201d, planet e tij muzikore, familjen dhe lajmin se do b\u00ebhet baba p\u00ebr her\u00eb t\u00eb dyt\u00eb\u2026<\/p>\n<p><strong> Ermal, ka disa muaj q\u00eb e keni lan\u00e7uar videoklipin \u201cI Kom\u201d n\u00eb bashk\u00ebpunim me \u201cTingullin e 3nt\u201d, k\u00ebng\u00eb e cila vazhdon t\u00eb jet\u00eb e k\u00ebrkuar..Sa jeni i k\u00ebnaqur me sukseset q\u00eb ka arritur k\u00ebnga?<br \/>\n<\/strong> Jam shum\u00eb i k\u00ebnaqur sepse \u00ebsht\u00eb pritur shum\u00eb mir\u00eb nga publiku, ka qen\u00eb n\u00eb krye t\u00eb top-listave dhe sigurisht q\u00eb suksesi i nj\u00eb k\u00ebnge t\u00eb b\u00ebn t\u00eb ndjehesh mir\u00eb dhe t\u00eb jesh i k\u00ebnaqur. Dhe sigurisht \u00ebsht\u00eb nj\u00eb stimulim p\u00ebr k\u00ebng\u00ebn dhe bashk\u00ebpunimet e radh\u00ebs.<\/p>\n<p><strong> Si erdhi deri tek ty ky bashk\u00ebpunim, e kujt ishte idea <\/strong><strong>?<\/strong><\/p>\n<p>Mua m\u00eb ftoi Getoari p\u00ebr ta d\u00ebgjuar k\u00ebng\u00ebn n\u00eb demo dhe m\u00eb pelqeu ideja e tij shum\u00eb , k\u00ebshtu q\u00eb pranova me k\u00ebnaq\u00ebsi dhe u mundova t\u00eb jap maksimumin gj\u00eb t\u00eb cil\u00ebn besoj se e kam arritur..<\/p>\n<p><strong> A mendon se keni dal\u00eb jasht\u00eb stilit tuaj muzikor ?<\/strong><\/p>\n<p>Jo nuk mendoj, sepse un\u00eb jam rritur duke d\u00ebgjuar nga \u00e7do zhan\u00ebr muzikor k\u00ebng\u00ebt e mira, k\u00ebshtu q\u00eb edhe rryma e hip-hop-it m\u00eb ka p\u00eblqyer gjithmon\u00eb dhe pse jo ta realizoja nj\u00eb k\u00ebng\u00eb t\u00eb till\u00eb, mir\u00ebpo kjo nuk do t\u00eb thot\u00eb q\u00eb un\u00eb kam dal\u00eb nga stili im. Un\u00eb vazhdoj t\u00eb jem po i nj\u00ebjti..<\/p>\n<p><strong> A do t\u00eb ket\u00eb t\u00eb tjera bashk\u00ebpunime ?<\/strong><\/p>\n<p>Un\u00eb mundohem gjithmon\u00eb t\u2019u p\u00ebrshtatem k\u00ebrkesave t\u00eb publikut. Besoj q\u00eb pas nj\u00eb kohe do t\u00eb realizoj nj\u00eb k\u00ebng\u00eb duet me k\u00ebng\u00ebtaren e njohur Leonora Jakupi..<\/p>\n<p><strong> Ju jeni k\u00ebng\u00ebtar jasht\u00ebzakonisht i p\u00eblqyer n\u00eb Shqip\u00ebri.  \u00c7far\u00eb emocioni ju jep publiku shqiptar ?<\/strong><\/p>\n<p>Publiku shqiptar m\u00eb jep shum\u00eb emocion t\u00eb ve\u00e7ant\u00eb, ndihem jasht\u00ebzakonisht mir\u00eb n\u00eb mesin e tyre. Ata jan\u00eb njoh\u00ebs shum\u00eb t\u00eb mir\u00eb t\u00eb artit dhe jam mjaft i privilegjuar kur arrij t\u00eb ofroj di\u00e7ka t\u00eb mir\u00eb.<\/p>\n<p><strong> Sa shpesh vini n\u00eb Shqip\u00ebri? Cilat jan\u00eb qytetet q\u00eb ju p\u00eblqejn\u00eb m\u00eb shum\u00eb ?<\/strong><\/p>\n<p>N\u00eb Shqip\u00ebri shkoj shum\u00eb shpesh, kam dhe sht\u00ebpi n\u00eb Durr\u00ebs k\u00ebshtu q\u00eb t\u00eb pakt\u00ebn nj\u00eb her\u00eb n\u00eb muaj jam aty. M\u00eb p\u00eblqen Tirana shum\u00eb, e ndjej vet\u00ebn sikur t\u00eb jem n\u00eb per\u00ebndim. Kruja m\u00eb b\u00ebn t\u00eb jem krenar q\u00eb jam shqiptar si dhe mahnitem me perlat e  bregdetit adriatik.<\/p>\n<p><strong> Ju jeni i martuar, a \u00ebshte xheloze bashk\u00ebshortja juaj meq\u00eb ka nj\u00eb burr\u00eb artist ?<\/strong><\/p>\n<p>Jo aspak. Un\u00eb nuk i kam dh\u00ebn\u00eb arsye p\u00ebr t\u00eb xhelozuar..  p\u00ebrkundrazi \u00ebsht\u00eb mb\u00ebshtet\u00ebsja ime m\u00eb e madhe gjat\u00eb gjith\u00eb koh\u00ebs dhe e lumturojn\u00eb sukseset e mia.<\/p>\n<p><strong> Na tregoni dicka p\u00ebr djalin (Artin), \u00e7far\u00eb f\u00ebmije \u00ebsht\u00eb ai, sa jeni i lidhur me t\u00eb ?<\/strong><\/p>\n<p>Arti e ka ndryshuar jet\u00ebn time shum\u00eb, nuk mund t\u00eb rri nj\u00eb dit\u00eb pa e par\u00eb, jam shum\u00eb i lidhur me t\u00eb. \u00cbsht\u00eb shum\u00eb i gjall\u00eb dhe mistrec, ka filluar t\u00eb b\u00ebj\u00eb shum\u00eb sherre por \u00e7udit\u00ebrisht kjo gj\u00eb m\u00eb b\u00ebn ta dua edhe m\u00eb shum\u00eb\u2026.(E ka babi zem\u00ebr).<\/p>\n<p><strong> \u00c7far\u00eb ka ndryshuar lindja e djalit tek ju ?<\/strong><\/p>\n<p>Sapo e thash\u00eb sepse me t\u00eb vertet\u00eb \u00ebsht\u00eb nj\u00eb ndjenj\u00eb e pap\u00ebrshkrueshme t\u00eb jesh prind, ata q\u00eb e kan\u00eb provuar e din\u00eb se p\u00ebr \u00e7far\u00eb po flas..N\u00eb fakt \u00ebsht\u00eb nj\u00ebra nd\u00ebr gj\u00ebrat m\u00eb t\u00eb bukura q\u00eb t\u00eb ndodh n\u00eb jet\u00eb..<\/p>\n<p><strong> Keni menduar t\u00eb keni nj\u00eb tjet\u00ebr f\u00ebmij\u00eb ?<\/strong><\/p>\n<p>(qesh) Ju sapo zbuluat nj\u00eb sekret. Un\u00eb dhe Ariana do b\u00ebhemi prind\u00ebr p\u00ebr her\u00eb t\u00eb dyt\u00eb, jam shum\u00eb i lumtur .. dhe ju keni eskluzivitetin e k\u00ebtij lajmi, pra \u00ebsht\u00eb hera e par\u00eb q\u00eb e them publikisht.<\/p>\n<!--YouTube Error: bad URL entered-->\n<p><em>PanoramaPlus<\/em><\/p>\n","protected":false},"excerpt":{"rendered":"<p>K\u00ebng\u00ebtarit t\u00eb njohur kosovar Fejzullahu, ka dy vite q\u00eb gj\u00ebrat po i ecin fjoll\u00eb. U martua dhe \u00ebsht\u00eb b\u00ebr\u00eb baba. Kurse p\u00ebrsa i p\u00ebrket muzik\u00ebs, sukseset e tij nuk kan\u00eb t\u00eb ndalur. Shum\u00eb k\u00ebng\u00eb, hite t\u00eb shoq\u00ebruara me videoklipe, nd\u00ebr m\u00eb t\u00eb k\u00ebrkuarit n\u00eb mbr\u00ebmje rinore n\u00eb diaspor\u00eb, dhe i vler\u00ebsuar me shum\u00eb \u00e7mime n\u00eb [&hellip;]<\/p>\n","protected":false},"author":1,"featured_media":0,"comment_status":"open","ping_status":"closed","sticky":false,"template":"","format":"standard","meta":{"spay_email":"","jetpack_publicize_message":"","jetpack_is_tweetstorm":false,"jetpack_publicize_feature_enabled":true},"categories":[1],"tags":[15947,15946,15945,7453,15942,15944,15943],"jetpack_publicize_connections":[],"yoast_head":"<!-- This site is optimized with the Yoast SEO plugin v19.1 - https:\/\/yoast.com\/wordpress\/plugins\/seo\/ -->\n<title>Ermal Fejzullahu: S\u00eb shpejti baba p\u00ebr her\u00eb t\u00eb dyt\u00eb - Lajme nga Ulqini<\/title>\n<meta name=\"description\" content=\"K\u00ebng\u00ebtarit t\u00eb njohur kosovar Fejzullahu, ka dy vite q\u00eb gj\u00ebrat po i ecin fjoll\u00eb. U martua dhe \u00ebsht\u00eb b\u00ebr\u00eb baba. Kurse p\u00ebrsa i p\u00ebrket muzik\u00ebs, sukseset e tij\" \/>\n<meta name=\"robots\" content=\"index, follow, max-snippet:-1, max-image-preview:large, max-video-preview:-1\" \/>\n<link rel=\"canonical\" href=\"https:\/\/www.visit-ulcinj.com\/blog\/2010\/10\/10\/ermal-fejzullahu-se-shpejti-baba-per-here-te-dyte\/\" \/>\n<meta property=\"og:locale\" content=\"en_US\" \/>\n<meta property=\"og:type\" content=\"article\" \/>\n<meta property=\"og:title\" content=\"Ermal Fejzullahu: S\u00eb shpejti baba p\u00ebr her\u00eb t\u00eb dyt\u00eb - Lajme nga Ulqini\" \/>\n<meta property=\"og:description\" content=\"K\u00ebng\u00ebtarit t\u00eb njohur kosovar Fejzullahu, ka dy vite q\u00eb gj\u00ebrat po i ecin fjoll\u00eb. U martua dhe \u00ebsht\u00eb b\u00ebr\u00eb baba. Kurse p\u00ebrsa i p\u00ebrket muzik\u00ebs, sukseset e tij\" \/>\n<meta property=\"og:url\" content=\"https:\/\/www.visit-ulcinj.com\/blog\/2010\/10\/10\/ermal-fejzullahu-se-shpejti-baba-per-here-te-dyte\/\" \/>\n<meta property=\"og:site_name\" content=\"Lajme nga Ulqini\" \/>\n<meta property=\"article:published_time\" content=\"2010-10-10T12:12:36+00:00\" \/>\n<meta property=\"article:modified_time\" content=\"2010-10-10T12:14:02+00:00\" \/>\n<meta property=\"og:image\" content=\"http:\/\/www.visit-ulcinj.com\/blog\/wp-content\/uploads\/2010\/10\/Ermali-dhe-Ariana-ne-Plazh.jpg\" \/>\n<meta name=\"twitter:label1\" content=\"Written by\" \/>\n\t<meta name=\"twitter:data1\" content=\"ulqini\" \/>\n\t<meta name=\"twitter:label2\" content=\"Est. reading time\" \/>\n\t<meta name=\"twitter:data2\" content=\"4 minutes\" \/>\n<script type=\"application\/ld+json\" class=\"yoast-schema-graph\">{\"@context\":\"https:\/\/schema.org\",\"@graph\":[{\"@type\":\"WebSite\",\"@id\":\"https:\/\/www.visit-ulcinj.com\/blog\/#website\",\"url\":\"https:\/\/www.visit-ulcinj.com\/blog\/\",\"name\":\"Lajme nga Ulqini\",\"description\":\"Lajme,Vijesti,Ulqini,Ulqin,Crna Gora,Mali i Zi\",\"potentialAction\":[{\"@type\":\"SearchAction\",\"target\":{\"@type\":\"EntryPoint\",\"urlTemplate\":\"https:\/\/www.visit-ulcinj.com\/blog\/?s={search_term_string}\"},\"query-input\":\"required name=search_term_string\"}],\"inLanguage\":\"en-US\"},{\"@type\":\"ImageObject\",\"inLanguage\":\"en-US\",\"@id\":\"https:\/\/www.visit-ulcinj.com\/blog\/2010\/10\/10\/ermal-fejzullahu-se-shpejti-baba-per-here-te-dyte\/#primaryimage\",\"url\":\"http:\/\/www.visit-ulcinj.com\/blog\/wp-content\/uploads\/2010\/10\/Ermali-dhe-Ariana-ne-Plazh.jpg\",\"contentUrl\":\"http:\/\/www.visit-ulcinj.com\/blog\/wp-content\/uploads\/2010\/10\/Ermali-dhe-Ariana-ne-Plazh.jpg\"},{\"@type\":\"WebPage\",\"@id\":\"https:\/\/www.visit-ulcinj.com\/blog\/2010\/10\/10\/ermal-fejzullahu-se-shpejti-baba-per-here-te-dyte\/#webpage\",\"url\":\"https:\/\/www.visit-ulcinj.com\/blog\/2010\/10\/10\/ermal-fejzullahu-se-shpejti-baba-per-here-te-dyte\/\",\"name\":\"Ermal Fejzullahu: S\u00eb shpejti baba p\u00ebr her\u00eb t\u00eb dyt\u00eb - Lajme nga Ulqini\",\"isPartOf\":{\"@id\":\"https:\/\/www.visit-ulcinj.com\/blog\/#website\"},\"primaryImageOfPage\":{\"@id\":\"https:\/\/www.visit-ulcinj.com\/blog\/2010\/10\/10\/ermal-fejzullahu-se-shpejti-baba-per-here-te-dyte\/#primaryimage\"},\"datePublished\":\"2010-10-10T12:12:36+00:00\",\"dateModified\":\"2010-10-10T12:14:02+00:00\",\"author\":{\"@id\":\"https:\/\/www.visit-ulcinj.com\/blog\/#\/schema\/person\/dcab619c614d3038751c63bc2aadc06d\"},\"description\":\"K\u00ebng\u00ebtarit t\u00eb njohur kosovar Fejzullahu, ka dy vite q\u00eb gj\u00ebrat po i ecin fjoll\u00eb. U martua dhe \u00ebsht\u00eb b\u00ebr\u00eb baba. Kurse p\u00ebrsa i p\u00ebrket muzik\u00ebs, sukseset e tij\",\"breadcrumb\":{\"@id\":\"https:\/\/www.visit-ulcinj.com\/blog\/2010\/10\/10\/ermal-fejzullahu-se-shpejti-baba-per-here-te-dyte\/#breadcrumb\"},\"inLanguage\":\"en-US\",\"potentialAction\":[{\"@type\":\"ReadAction\",\"target\":[\"https:\/\/www.visit-ulcinj.com\/blog\/2010\/10\/10\/ermal-fejzullahu-se-shpejti-baba-per-here-te-dyte\/\"]}]},{\"@type\":\"BreadcrumbList\",\"@id\":\"https:\/\/www.visit-ulcinj.com\/blog\/2010\/10\/10\/ermal-fejzullahu-se-shpejti-baba-per-here-te-dyte\/#breadcrumb\",\"itemListElement\":[{\"@type\":\"ListItem\",\"position\":1,\"name\":\"Ermal Fejzullahu: S\u00eb shpejti baba p\u00ebr her\u00eb t\u00eb dyt\u00eb\"}]},{\"@type\":\"Person\",\"@id\":\"https:\/\/www.visit-ulcinj.com\/blog\/#\/schema\/person\/dcab619c614d3038751c63bc2aadc06d\",\"name\":\"ulqini\",\"sameAs\":[\"http:\/\/www.visit-ulcinj.com\"],\"url\":\"https:\/\/www.visit-ulcinj.com\/blog\/author\/admin\/\"}]}<\/script>\n<!-- \/ Yoast SEO plugin. -->","yoast_head_json":{"title":"Ermal Fejzullahu: S\u00eb shpejti baba p\u00ebr her\u00eb t\u00eb dyt\u00eb - Lajme nga Ulqini","description":"K\u00ebng\u00ebtarit t\u00eb njohur kosovar Fejzullahu, ka dy vite q\u00eb gj\u00ebrat po i ecin fjoll\u00eb. U martua dhe \u00ebsht\u00eb b\u00ebr\u00eb baba. Kurse p\u00ebrsa i p\u00ebrket muzik\u00ebs, sukseset e tij","robots":{"index":"index","follow":"follow","max-snippet":"max-snippet:-1","max-image-preview":"max-image-preview:large","max-video-preview":"max-video-preview:-1"},"canonical":"https:\/\/www.visit-ulcinj.com\/blog\/2010\/10\/10\/ermal-fejzullahu-se-shpejti-baba-per-here-te-dyte\/","og_locale":"en_US","og_type":"article","og_title":"Ermal Fejzullahu: S\u00eb shpejti baba p\u00ebr her\u00eb t\u00eb dyt\u00eb - Lajme nga Ulqini","og_description":"K\u00ebng\u00ebtarit t\u00eb njohur kosovar Fejzullahu, ka dy vite q\u00eb gj\u00ebrat po i ecin fjoll\u00eb. U martua dhe \u00ebsht\u00eb b\u00ebr\u00eb baba. Kurse p\u00ebrsa i p\u00ebrket muzik\u00ebs, sukseset e tij","og_url":"https:\/\/www.visit-ulcinj.com\/blog\/2010\/10\/10\/ermal-fejzullahu-se-shpejti-baba-per-here-te-dyte\/","og_site_name":"Lajme nga Ulqini","article_published_time":"2010-10-10T12:12:36+00:00","article_modified_time":"2010-10-10T12:14:02+00:00","og_image":[{"url":"http:\/\/www.visit-ulcinj.com\/blog\/wp-content\/uploads\/2010\/10\/Ermali-dhe-Ariana-ne-Plazh.jpg"}],"twitter_misc":{"Written by":"ulqini","Est. reading time":"4 minutes"},"schema":{"@context":"https:\/\/schema.org","@graph":[{"@type":"WebSite","@id":"https:\/\/www.visit-ulcinj.com\/blog\/#website","url":"https:\/\/www.visit-ulcinj.com\/blog\/","name":"Lajme nga Ulqini","description":"Lajme,Vijesti,Ulqini,Ulqin,Crna Gora,Mali i Zi","potentialAction":[{"@type":"SearchAction","target":{"@type":"EntryPoint","urlTemplate":"https:\/\/www.visit-ulcinj.com\/blog\/?s={search_term_string}"},"query-input":"required name=search_term_string"}],"inLanguage":"en-US"},{"@type":"ImageObject","inLanguage":"en-US","@id":"https:\/\/www.visit-ulcinj.com\/blog\/2010\/10\/10\/ermal-fejzullahu-se-shpejti-baba-per-here-te-dyte\/#primaryimage","url":"http:\/\/www.visit-ulcinj.com\/blog\/wp-content\/uploads\/2010\/10\/Ermali-dhe-Ariana-ne-Plazh.jpg","contentUrl":"http:\/\/www.visit-ulcinj.com\/blog\/wp-content\/uploads\/2010\/10\/Ermali-dhe-Ariana-ne-Plazh.jpg"},{"@type":"WebPage","@id":"https:\/\/www.visit-ulcinj.com\/blog\/2010\/10\/10\/ermal-fejzullahu-se-shpejti-baba-per-here-te-dyte\/#webpage","url":"https:\/\/www.visit-ulcinj.com\/blog\/2010\/10\/10\/ermal-fejzullahu-se-shpejti-baba-per-here-te-dyte\/","name":"Ermal Fejzullahu: S\u00eb shpejti baba p\u00ebr her\u00eb t\u00eb dyt\u00eb - Lajme nga Ulqini","isPartOf":{"@id":"https:\/\/www.visit-ulcinj.com\/blog\/#website"},"primaryImageOfPage":{"@id":"https:\/\/www.visit-ulcinj.com\/blog\/2010\/10\/10\/ermal-fejzullahu-se-shpejti-baba-per-here-te-dyte\/#primaryimage"},"datePublished":"2010-10-10T12:12:36+00:00","dateModified":"2010-10-10T12:14:02+00:00","author":{"@id":"https:\/\/www.visit-ulcinj.com\/blog\/#\/schema\/person\/dcab619c614d3038751c63bc2aadc06d"},"description":"K\u00ebng\u00ebtarit t\u00eb njohur kosovar Fejzullahu, ka dy vite q\u00eb gj\u00ebrat po i ecin fjoll\u00eb. U martua dhe \u00ebsht\u00eb b\u00ebr\u00eb baba. Kurse p\u00ebrsa i p\u00ebrket muzik\u00ebs, sukseset e tij","breadcrumb":{"@id":"https:\/\/www.visit-ulcinj.com\/blog\/2010\/10\/10\/ermal-fejzullahu-se-shpejti-baba-per-here-te-dyte\/#breadcrumb"},"inLanguage":"en-US","potentialAction":[{"@type":"ReadAction","target":["https:\/\/www.visit-ulcinj.com\/blog\/2010\/10\/10\/ermal-fejzullahu-se-shpejti-baba-per-here-te-dyte\/"]}]},{"@type":"BreadcrumbList","@id":"https:\/\/www.visit-ulcinj.com\/blog\/2010\/10\/10\/ermal-fejzullahu-se-shpejti-baba-per-here-te-dyte\/#breadcrumb","itemListElement":[{"@type":"ListItem","position":1,"name":"Ermal Fejzullahu: S\u00eb shpejti baba p\u00ebr her\u00eb t\u00eb dyt\u00eb"}]},{"@type":"Person","@id":"https:\/\/www.visit-ulcinj.com\/blog\/#\/schema\/person\/dcab619c614d3038751c63bc2aadc06d","name":"ulqini","sameAs":["http:\/\/www.visit-ulcinj.com"],"url":"https:\/\/www.visit-ulcinj.com\/blog\/author\/admin\/"}]}},"jetpack_featured_media_url":"","jetpack_sharing_enabled":true,"jetpack_shortlink":"https:\/\/wp.me\/pe6lTn-9Z2","_links":{"self":[{"href":"https:\/\/www.visit-ulcinj.com\/blog\/wp-json\/wp\/v2\/posts\/38380"}],"collection":[{"href":"https:\/\/www.visit-ulcinj.com\/blog\/wp-json\/wp\/v2\/posts"}],"about":[{"href":"https:\/\/www.visit-ulcinj.com\/blog\/wp-json\/wp\/v2\/types\/post"}],"author":[{"embeddable":true,"href":"https:\/\/www.visit-ulcinj.com\/blog\/wp-json\/wp\/v2\/users\/1"}],"replies":[{"embeddable":true,"href":"https:\/\/www.visit-ulcinj.com\/blog\/wp-json\/wp\/v2\/comments?post=38380"}],"version-history":[{"count":0,"href":"https:\/\/www.visit-ulcinj.com\/blog\/wp-json\/wp\/v2\/posts\/38380\/revisions"}],"wp:attachment":[{"href":"https:\/\/www.visit-ulcinj.com\/blog\/wp-json\/wp\/v2\/media?parent=38380"}],"wp:term":[{"taxonomy":"category","embeddable":true,"href":"https:\/\/www.visit-ulcinj.com\/blog\/wp-json\/wp\/v2\/categories?post=38380"},{"taxonomy":"post_tag","embeddable":true,"href":"https:\/\/www.visit-ulcinj.com\/blog\/wp-json\/wp\/v2\/tags?post=38380"}],"curies":[{"name":"wp","href":"https:\/\/api.w.org\/{rel}","templated":true}]}}