{"id":38401,"date":"2010-10-10T23:25:29","date_gmt":"2010-10-10T21:25:29","guid":{"rendered":"http:\/\/www.visit-ulcinj.com\/blog\/?p=38401"},"modified":"2010-10-10T23:31:20","modified_gmt":"2010-10-10T21:31:20","slug":"adelina-ismajli-dukje-te-re-superseksi","status":"publish","type":"post","link":"https:\/\/www.visit-ulcinj.com\/blog\/2010\/10\/10\/adelina-ismajli-dukje-te-re-superseksi\/","title":{"rendered":"Adelina Ismajli dukje t\u00eb re superseksi"},"content":{"rendered":"<p><strong>Diva e muzik\u00ebs kosovare, Adelina Ismajli, definitivisht \u00ebsht\u00eb duke planifikuar nj\u00eb rikthim t\u00eb fuqish\u00ebm n\u00eb sken\u00ebn e muzik\u00ebs kosovare, pasi q\u00eb tashm\u00eb ndryshimet e para kan\u00eb filluar t\u00eb paraqiten, sidomos n\u00eb dukjen e saj.<\/strong><\/p>\n<p><strong><a href=\"http:\/\/www.visit-ulcinj.com\/blog\/wp-content\/uploads\/2010\/10\/Adelina-Ismajli-Sexy.jpg\"><img loading=\"lazy\" class=\"alignleft size-full wp-image-38439\" title=\"Adelina-Ismajli-Sexy\" src=\"http:\/\/www.visit-ulcinj.com\/blog\/wp-content\/uploads\/2010\/10\/Adelina-Ismajli-Sexy.jpg\" alt=\"\" width=\"600\" height=\"450\" \/><\/a><br \/>\n<\/strong><\/p>\n<p>Pasi p\u00ebrfundoi koncertet e saj n\u00ebp\u00ebr viset shqiptare, krijuesja e hitit \u201c1 Vjet e 7 Dit\u00eb\u201d, \u00ebsht\u00eb rikthyer n\u00eb Franc\u00eb dhe Zvic\u00ebr p\u00ebr t\u00eb punuar n\u00eb projektet tjera. Por, ajo \u00ebsht\u00eb par\u00eb n\u00eb nj\u00eb shou t\u00eb madh n\u00eb Ticino t\u00eb Zvicr\u00ebs, p\u00ebrball\u00eb shum\u00eb bashkatdhetar\u00ebve,<\/p>\n<p>me nj\u00eb dukje t\u00ebr\u00ebsisht t\u00eb re.<\/p>\n<p><a href=\"http:\/\/www.visit-ulcinj.com\/blog\/wp-content\/uploads\/2010\/10\/Adelina-Ismajli-Sexy2.jpg\"><img loading=\"lazy\" class=\"alignleft size-full wp-image-38440\" title=\"Adelina-Ismajli-Sexy2\" src=\"http:\/\/www.visit-ulcinj.com\/blog\/wp-content\/uploads\/2010\/10\/Adelina-Ismajli-Sexy2.jpg\" alt=\"\" width=\"600\" height=\"450\" \/><\/a><\/p>\n<p><a href=\"http:\/\/www.visit-ulcinj.com\/blog\/wp-content\/uploads\/2010\/10\/Adelina-Ismajli-Sexy3.jpg\"><img loading=\"lazy\" class=\"alignleft size-full wp-image-38441\" title=\"Adelina-Ismajli-Sexy3\" src=\"http:\/\/www.visit-ulcinj.com\/blog\/wp-content\/uploads\/2010\/10\/Adelina-Ismajli-Sexy3.jpg\" alt=\"\" width=\"600\" height=\"450\" \/><\/a><\/p>\n<p><a href=\"http:\/\/www.visit-ulcinj.com\/blog\/wp-content\/uploads\/2010\/10\/Adelina-Ismajli-Sexy2.jpg\"><img loading=\"lazy\" class=\"alignleft size-full wp-image-38440\" title=\"Adelina-Ismajli-Sexy2\" src=\"http:\/\/www.visit-ulcinj.com\/blog\/wp-content\/uploads\/2010\/10\/Adelina-Ismajli-Sexy2.jpg\" alt=\"\" width=\"600\" height=\"450\" \/><\/a><\/p>\n<p><a href=\"http:\/\/www.visit-ulcinj.com\/blog\/wp-content\/uploads\/2010\/10\/Adelina-Ismajli-Sexy4.jpg\"><img loading=\"lazy\" class=\"alignleft size-full wp-image-38442\" title=\"Adelina-Ismajli-Sexy4\" src=\"http:\/\/www.visit-ulcinj.com\/blog\/wp-content\/uploads\/2010\/10\/Adelina-Ismajli-Sexy4.jpg\" alt=\"\" width=\"600\" height=\"525\" \/><\/a><\/p>\n<p>Figura e re trupore, rikthimi i ngjyr\u00ebs natyrale n\u00eb flok\u00eb, nj\u00eb prerje totalisht e re e tyre, t\u00eb cilat lehtazi v\u00ebrviten dhe gjejn\u00eb mb\u00ebshtetjen n\u00eb krah\u00ebt e saj prej nj\u00eb ikone, jan\u00eb disa prej ndryshimeve t\u00eb theksuara n\u00eb dukjen e Adelin\u00ebs, t\u00eb cilat e b\u00ebjn\u00eb at\u00eb m\u00eb n\u00eb form\u00eb se kurr\u00eb\u2026p\u00ebr nga pamja e jashtme.<\/p>\n<!--YouTube Error: bad URL entered-->\n","protected":false},"excerpt":{"rendered":"<p>Diva e muzik\u00ebs kosovare, Adelina Ismajli, definitivisht \u00ebsht\u00eb duke planifikuar nj\u00eb rikthim t\u00eb fuqish\u00ebm n\u00eb sken\u00ebn e muzik\u00ebs kosovare, pasi q\u00eb tashm\u00eb ndryshimet e para kan\u00eb filluar t\u00eb paraqiten, sidomos n\u00eb dukjen e saj. Pasi p\u00ebrfundoi koncertet e saj n\u00ebp\u00ebr viset shqiptare, krijuesja e hitit \u201c1 Vjet e 7 Dit\u00eb\u201d, \u00ebsht\u00eb rikthyer n\u00eb Franc\u00eb dhe [&hellip;]<\/p>\n","protected":false},"author":1,"featured_media":0,"comment_status":"open","ping_status":"closed","sticky":false,"template":"","format":"standard","meta":{"spay_email":"","jetpack_publicize_message":"","jetpack_is_tweetstorm":false,"jetpack_publicize_feature_enabled":true},"categories":[1],"tags":[5264,15991,15992],"jetpack_publicize_connections":[],"yoast_head":"<!-- This site is optimized with the Yoast SEO plugin v19.1 - https:\/\/yoast.com\/wordpress\/plugins\/seo\/ -->\n<title>Adelina Ismajli dukje t\u00eb re superseksi - Lajme nga Ulqini<\/title>\n<meta name=\"description\" content=\"Diva e muzik\u00ebs kosovare, Adelina Ismajli, definitivisht \u00ebsht\u00eb duke planifikuar nj\u00eb rikthim t\u00eb fuqish\u00ebm n\u00eb sken\u00ebn e muzik\u00ebs kosovare, pasi q\u00eb tashm\u00eb\" \/>\n<meta name=\"robots\" content=\"index, follow, max-snippet:-1, max-image-preview:large, max-video-preview:-1\" \/>\n<link rel=\"canonical\" href=\"https:\/\/www.visit-ulcinj.com\/blog\/2010\/10\/10\/adelina-ismajli-dukje-te-re-superseksi\/\" \/>\n<meta property=\"og:locale\" content=\"en_US\" \/>\n<meta property=\"og:type\" content=\"article\" \/>\n<meta property=\"og:title\" content=\"Adelina Ismajli dukje t\u00eb re superseksi - Lajme nga Ulqini\" \/>\n<meta property=\"og:description\" content=\"Diva e muzik\u00ebs kosovare, Adelina Ismajli, definitivisht \u00ebsht\u00eb duke planifikuar nj\u00eb rikthim t\u00eb fuqish\u00ebm n\u00eb sken\u00ebn e muzik\u00ebs kosovare, pasi q\u00eb tashm\u00eb\" \/>\n<meta property=\"og:url\" content=\"https:\/\/www.visit-ulcinj.com\/blog\/2010\/10\/10\/adelina-ismajli-dukje-te-re-superseksi\/\" \/>\n<meta property=\"og:site_name\" content=\"Lajme nga Ulqini\" \/>\n<meta property=\"article:published_time\" content=\"2010-10-10T21:25:29+00:00\" \/>\n<meta property=\"article:modified_time\" content=\"2010-10-10T21:31:20+00:00\" \/>\n<meta property=\"og:image\" content=\"http:\/\/www.visit-ulcinj.com\/blog\/wp-content\/uploads\/2010\/10\/Adelina-Ismajli-Sexy.jpg\" \/>\n<meta name=\"twitter:label1\" content=\"Written by\" \/>\n\t<meta name=\"twitter:data1\" content=\"ulqini\" \/>\n\t<meta name=\"twitter:label2\" content=\"Est. reading time\" \/>\n\t<meta name=\"twitter:data2\" content=\"1 minute\" \/>\n<script type=\"application\/ld+json\" class=\"yoast-schema-graph\">{\"@context\":\"https:\/\/schema.org\",\"@graph\":[{\"@type\":\"WebSite\",\"@id\":\"https:\/\/www.visit-ulcinj.com\/blog\/#website\",\"url\":\"https:\/\/www.visit-ulcinj.com\/blog\/\",\"name\":\"Lajme nga Ulqini\",\"description\":\"Lajme,Vijesti,Ulqini,Ulqin,Crna Gora,Mali i Zi\",\"potentialAction\":[{\"@type\":\"SearchAction\",\"target\":{\"@type\":\"EntryPoint\",\"urlTemplate\":\"https:\/\/www.visit-ulcinj.com\/blog\/?s={search_term_string}\"},\"query-input\":\"required name=search_term_string\"}],\"inLanguage\":\"en-US\"},{\"@type\":\"ImageObject\",\"inLanguage\":\"en-US\",\"@id\":\"https:\/\/www.visit-ulcinj.com\/blog\/2010\/10\/10\/adelina-ismajli-dukje-te-re-superseksi\/#primaryimage\",\"url\":\"http:\/\/www.visit-ulcinj.com\/blog\/wp-content\/uploads\/2010\/10\/Adelina-Ismajli-Sexy.jpg\",\"contentUrl\":\"http:\/\/www.visit-ulcinj.com\/blog\/wp-content\/uploads\/2010\/10\/Adelina-Ismajli-Sexy.jpg\"},{\"@type\":\"WebPage\",\"@id\":\"https:\/\/www.visit-ulcinj.com\/blog\/2010\/10\/10\/adelina-ismajli-dukje-te-re-superseksi\/#webpage\",\"url\":\"https:\/\/www.visit-ulcinj.com\/blog\/2010\/10\/10\/adelina-ismajli-dukje-te-re-superseksi\/\",\"name\":\"Adelina Ismajli dukje t\u00eb re superseksi - Lajme nga Ulqini\",\"isPartOf\":{\"@id\":\"https:\/\/www.visit-ulcinj.com\/blog\/#website\"},\"primaryImageOfPage\":{\"@id\":\"https:\/\/www.visit-ulcinj.com\/blog\/2010\/10\/10\/adelina-ismajli-dukje-te-re-superseksi\/#primaryimage\"},\"datePublished\":\"2010-10-10T21:25:29+00:00\",\"dateModified\":\"2010-10-10T21:31:20+00:00\",\"author\":{\"@id\":\"https:\/\/www.visit-ulcinj.com\/blog\/#\/schema\/person\/dcab619c614d3038751c63bc2aadc06d\"},\"description\":\"Diva e muzik\u00ebs kosovare, Adelina Ismajli, definitivisht \u00ebsht\u00eb duke planifikuar nj\u00eb rikthim t\u00eb fuqish\u00ebm n\u00eb sken\u00ebn e muzik\u00ebs kosovare, pasi q\u00eb tashm\u00eb\",\"breadcrumb\":{\"@id\":\"https:\/\/www.visit-ulcinj.com\/blog\/2010\/10\/10\/adelina-ismajli-dukje-te-re-superseksi\/#breadcrumb\"},\"inLanguage\":\"en-US\",\"potentialAction\":[{\"@type\":\"ReadAction\",\"target\":[\"https:\/\/www.visit-ulcinj.com\/blog\/2010\/10\/10\/adelina-ismajli-dukje-te-re-superseksi\/\"]}]},{\"@type\":\"BreadcrumbList\",\"@id\":\"https:\/\/www.visit-ulcinj.com\/blog\/2010\/10\/10\/adelina-ismajli-dukje-te-re-superseksi\/#breadcrumb\",\"itemListElement\":[{\"@type\":\"ListItem\",\"position\":1,\"name\":\"Adelina Ismajli dukje t\u00eb re superseksi\"}]},{\"@type\":\"Person\",\"@id\":\"https:\/\/www.visit-ulcinj.com\/blog\/#\/schema\/person\/dcab619c614d3038751c63bc2aadc06d\",\"name\":\"ulqini\",\"sameAs\":[\"http:\/\/www.visit-ulcinj.com\"],\"url\":\"https:\/\/www.visit-ulcinj.com\/blog\/author\/admin\/\"}]}<\/script>\n<!-- \/ Yoast SEO plugin. -->","yoast_head_json":{"title":"Adelina Ismajli dukje t\u00eb re superseksi - Lajme nga Ulqini","description":"Diva e muzik\u00ebs kosovare, Adelina Ismajli, definitivisht \u00ebsht\u00eb duke planifikuar nj\u00eb rikthim t\u00eb fuqish\u00ebm n\u00eb sken\u00ebn e muzik\u00ebs kosovare, pasi q\u00eb tashm\u00eb","robots":{"index":"index","follow":"follow","max-snippet":"max-snippet:-1","max-image-preview":"max-image-preview:large","max-video-preview":"max-video-preview:-1"},"canonical":"https:\/\/www.visit-ulcinj.com\/blog\/2010\/10\/10\/adelina-ismajli-dukje-te-re-superseksi\/","og_locale":"en_US","og_type":"article","og_title":"Adelina Ismajli dukje t\u00eb re superseksi - Lajme nga Ulqini","og_description":"Diva e muzik\u00ebs kosovare, Adelina Ismajli, definitivisht \u00ebsht\u00eb duke planifikuar nj\u00eb rikthim t\u00eb fuqish\u00ebm n\u00eb sken\u00ebn e muzik\u00ebs kosovare, pasi q\u00eb tashm\u00eb","og_url":"https:\/\/www.visit-ulcinj.com\/blog\/2010\/10\/10\/adelina-ismajli-dukje-te-re-superseksi\/","og_site_name":"Lajme nga Ulqini","article_published_time":"2010-10-10T21:25:29+00:00","article_modified_time":"2010-10-10T21:31:20+00:00","og_image":[{"url":"http:\/\/www.visit-ulcinj.com\/blog\/wp-content\/uploads\/2010\/10\/Adelina-Ismajli-Sexy.jpg"}],"twitter_misc":{"Written by":"ulqini","Est. reading time":"1 minute"},"schema":{"@context":"https:\/\/schema.org","@graph":[{"@type":"WebSite","@id":"https:\/\/www.visit-ulcinj.com\/blog\/#website","url":"https:\/\/www.visit-ulcinj.com\/blog\/","name":"Lajme nga Ulqini","description":"Lajme,Vijesti,Ulqini,Ulqin,Crna Gora,Mali i Zi","potentialAction":[{"@type":"SearchAction","target":{"@type":"EntryPoint","urlTemplate":"https:\/\/www.visit-ulcinj.com\/blog\/?s={search_term_string}"},"query-input":"required name=search_term_string"}],"inLanguage":"en-US"},{"@type":"ImageObject","inLanguage":"en-US","@id":"https:\/\/www.visit-ulcinj.com\/blog\/2010\/10\/10\/adelina-ismajli-dukje-te-re-superseksi\/#primaryimage","url":"http:\/\/www.visit-ulcinj.com\/blog\/wp-content\/uploads\/2010\/10\/Adelina-Ismajli-Sexy.jpg","contentUrl":"http:\/\/www.visit-ulcinj.com\/blog\/wp-content\/uploads\/2010\/10\/Adelina-Ismajli-Sexy.jpg"},{"@type":"WebPage","@id":"https:\/\/www.visit-ulcinj.com\/blog\/2010\/10\/10\/adelina-ismajli-dukje-te-re-superseksi\/#webpage","url":"https:\/\/www.visit-ulcinj.com\/blog\/2010\/10\/10\/adelina-ismajli-dukje-te-re-superseksi\/","name":"Adelina Ismajli dukje t\u00eb re superseksi - Lajme nga Ulqini","isPartOf":{"@id":"https:\/\/www.visit-ulcinj.com\/blog\/#website"},"primaryImageOfPage":{"@id":"https:\/\/www.visit-ulcinj.com\/blog\/2010\/10\/10\/adelina-ismajli-dukje-te-re-superseksi\/#primaryimage"},"datePublished":"2010-10-10T21:25:29+00:00","dateModified":"2010-10-10T21:31:20+00:00","author":{"@id":"https:\/\/www.visit-ulcinj.com\/blog\/#\/schema\/person\/dcab619c614d3038751c63bc2aadc06d"},"description":"Diva e muzik\u00ebs kosovare, Adelina Ismajli, definitivisht \u00ebsht\u00eb duke planifikuar nj\u00eb rikthim t\u00eb fuqish\u00ebm n\u00eb sken\u00ebn e muzik\u00ebs kosovare, pasi q\u00eb tashm\u00eb","breadcrumb":{"@id":"https:\/\/www.visit-ulcinj.com\/blog\/2010\/10\/10\/adelina-ismajli-dukje-te-re-superseksi\/#breadcrumb"},"inLanguage":"en-US","potentialAction":[{"@type":"ReadAction","target":["https:\/\/www.visit-ulcinj.com\/blog\/2010\/10\/10\/adelina-ismajli-dukje-te-re-superseksi\/"]}]},{"@type":"BreadcrumbList","@id":"https:\/\/www.visit-ulcinj.com\/blog\/2010\/10\/10\/adelina-ismajli-dukje-te-re-superseksi\/#breadcrumb","itemListElement":[{"@type":"ListItem","position":1,"name":"Adelina Ismajli dukje t\u00eb re superseksi"}]},{"@type":"Person","@id":"https:\/\/www.visit-ulcinj.com\/blog\/#\/schema\/person\/dcab619c614d3038751c63bc2aadc06d","name":"ulqini","sameAs":["http:\/\/www.visit-ulcinj.com"],"url":"https:\/\/www.visit-ulcinj.com\/blog\/author\/admin\/"}]}},"jetpack_featured_media_url":"","jetpack_sharing_enabled":true,"jetpack_shortlink":"https:\/\/wp.me\/pe6lTn-9Zn","_links":{"self":[{"href":"https:\/\/www.visit-ulcinj.com\/blog\/wp-json\/wp\/v2\/posts\/38401"}],"collection":[{"href":"https:\/\/www.visit-ulcinj.com\/blog\/wp-json\/wp\/v2\/posts"}],"about":[{"href":"https:\/\/www.visit-ulcinj.com\/blog\/wp-json\/wp\/v2\/types\/post"}],"author":[{"embeddable":true,"href":"https:\/\/www.visit-ulcinj.com\/blog\/wp-json\/wp\/v2\/users\/1"}],"replies":[{"embeddable":true,"href":"https:\/\/www.visit-ulcinj.com\/blog\/wp-json\/wp\/v2\/comments?post=38401"}],"version-history":[{"count":0,"href":"https:\/\/www.visit-ulcinj.com\/blog\/wp-json\/wp\/v2\/posts\/38401\/revisions"}],"wp:attachment":[{"href":"https:\/\/www.visit-ulcinj.com\/blog\/wp-json\/wp\/v2\/media?parent=38401"}],"wp:term":[{"taxonomy":"category","embeddable":true,"href":"https:\/\/www.visit-ulcinj.com\/blog\/wp-json\/wp\/v2\/categories?post=38401"},{"taxonomy":"post_tag","embeddable":true,"href":"https:\/\/www.visit-ulcinj.com\/blog\/wp-json\/wp\/v2\/tags?post=38401"}],"curies":[{"name":"wp","href":"https:\/\/api.w.org\/{rel}","templated":true}]}}