{"id":38405,"date":"2010-10-10T18:19:34","date_gmt":"2010-10-10T16:19:34","guid":{"rendered":"http:\/\/www.visit-ulcinj.com\/blog\/?p=38405"},"modified":"2010-10-10T20:31:04","modified_gmt":"2010-10-10T18:31:04","slug":"debati-i-lidereve-politik-ne-tv-teuta-ulqin-2010","status":"publish","type":"post","link":"https:\/\/www.visit-ulcinj.com\/blog\/2010\/10\/10\/debati-i-lidereve-politik-ne-tv-teuta-ulqin-2010\/","title":{"rendered":"Debati i lider\u00ebve politik n\u00eb Tv Teuta &#8211; Ulqin 2010"},"content":{"rendered":"<p><a href=\"http:\/\/www.visit-ulcinj.com\/blog\/wp-content\/uploads\/2010\/10\/Debati-televiziv-ne-TV-TEUTA_Ulqin.jpg\"><img loading=\"lazy\" class=\"alignleft size-full wp-image-38406\" title=\"Debati televiziv ne TV TEUTA_Ulqin, Luigj Shkrelja - Partia Demokratike e Socialisteve (PDS),G\u00ebzim Hajdinaga - Koalicioni UDSH \u2013 PPD, Nazif Cungu - Forca e re demokratike, Ragip Shaptafi - Grupi i Qytetarve  Integrimi ,Amir Hollaj - L\u00ebvizja Qytetare Perspektiva, Andrija Qetkoviq -  Koalicioni \u201cBolji Ulcinj \u2013 bolja Crna Gora\u201d, Saubih Mehmeti - Lidhja Demokratike ne Mal te Zi , Selim Resulbegoviq - Partia Socialdemokrate Ulqin, Rifat Stankoviq - Partia Boshnjake,ulcinj,ulqini,debati televiziv,ibrahim berjashi,\" src=\"http:\/\/www.visit-ulcinj.com\/blog\/wp-content\/uploads\/2010\/10\/Debati-televiziv-ne-TV-TEUTA_Ulqin.jpg\" alt=\"\" width=\"490\" height=\"371\" srcset=\"https:\/\/www.visit-ulcinj.com\/blog\/wp-content\/uploads\/2010\/10\/Debati-televiziv-ne-TV-TEUTA_Ulqin.jpg 490w, https:\/\/www.visit-ulcinj.com\/blog\/wp-content\/uploads\/2010\/10\/Debati-televiziv-ne-TV-TEUTA_Ulqin-300x227.jpg 300w\" sizes=\"(max-width: 490px) 100vw, 490px\" \/><\/a>N\u00eb prag t\u00eb zgjedhjeve t\u00eb 17 tetorit,\u00a0u mbajt debati \u00a0televiziv n\u00eb Tv Teuta n\u00eb krye me Ibrahim Berjashin.N\u00eb k\u00ebto zgjedhje u p\u00ebrballen lider\u00ebt e \u00a0partive q\u00eb veprojn n\u00eb Ulqin e ato jan\u00a0: Luigj Shkrelja &#8211; Partia Demokratike e Socialisteve (PDS),G\u00ebzim Hajdinaga &#8211; Koalicioni UDSH \u2013 PPD, Nazif Cungu &#8211; Forca e re demokratike, Ragip Shaptafi &#8211; Grupi i Qytetarve\u00a0 Integrimi  ,Amir Hollaj &#8211; L\u00ebvizja Qytetare Perspektiva, Andrija Qetkoviq &#8211; \u00a0Koalicioni \u201cBolji Ulcinj \u2013 bolja Crna Gora\u201d, Saubih Mehmeti &#8211; Lidhja Demokratike ne Mal te Zi  , Selim Resulbegoviq &#8211; Partia Socialdemokrate Ulqin, Rifat Stankoviq &#8211; Partia Boshnjake.<\/p>\n<p><strong>Prisni 5 minuta e 30 sekonda deri sa fillon video. Ju d\u00ebshirojm shikim t\u00eb kanshem.<br \/>\n<a href=\"http:\/\/www.forca.me\/index.php?option=com_content&amp;view=article&amp;id=328%3Adebati&amp;catid=32%3Avideo&amp;Itemid=156&amp;lang=sq\" target=\"_blank\">DEBATI TV TEUTA LINKU DIREKT<\/a> <\/strong><br \/>\n[flv width=&#8221;490&#8243; height=&#8221;390&#8243; start=&#8221;1000&#8243;]http:\/\/forca.me\/images\/stories\/videos\/Debati_2010_2.flv[\/flv]<br \/>\n<a name=\"pd_a_3816709\"><\/a>\n<div class=\"CSS_Poll PDS_Poll\" id=\"PDI_container3816709\" style=\"display:inline-block;\"><\/div>\n<div id=\"PD_superContainer\"><\/div>\n<script type=\"text\/javascript\" charset=\"UTF-8\" src=\"\/\/static.polldaddy.com\/p\/3816709.js\"><\/script>\n<noscript><a href=\"https:\/\/poll.fm\/3816709\">Take Our Poll<\/a><\/noscript><\/p>\n","protected":false},"excerpt":{"rendered":"<p>N\u00eb prag t\u00eb zgjedhjeve t\u00eb 17 tetorit,\u00a0u mbajt debati \u00a0televiziv n\u00eb Tv Teuta n\u00eb krye me Ibrahim Berjashin.N\u00eb k\u00ebto zgjedhje u p\u00ebrballen lider\u00ebt e \u00a0partive q\u00eb veprojn n\u00eb Ulqin e ato jan\u00a0: Luigj Shkrelja &#8211; Partia Demokratike e Socialisteve (PDS),G\u00ebzim Hajdinaga &#8211; Koalicioni UDSH \u2013 PPD, Nazif Cungu &#8211; Forca e re demokratike, Ragip Shaptafi [&hellip;]<\/p>\n","protected":false},"author":1,"featured_media":0,"comment_status":"open","ping_status":"closed","sticky":false,"template":"","format":"standard","meta":{"spay_email":"","jetpack_publicize_message":"","jetpack_is_tweetstorm":false,"jetpack_publicize_feature_enabled":true},"categories":[1],"tags":[15958,15959,7748,15955,3721,15954,15956,15957,15962,15960,15961,15963,2088,19,200,18],"jetpack_publicize_connections":[],"yoast_head":"<!-- This site is optimized with the Yoast SEO plugin v19.1 - https:\/\/yoast.com\/wordpress\/plugins\/seo\/ -->\n<title>Debati i lider\u00ebve politik n\u00eb Tv Teuta - Ulqin 2010 - Lajme nga Ulqini<\/title>\n<meta name=\"description\" content=\"N\u00eb prag t\u00eb zgjedhjeve t\u00eb 17 tetorit,\u00a0u mbajt debati \u00a0televiziv n\u00eb Tv Teuta n\u00eb krye me Ibrahim Berjashin.N\u00eb k\u00ebto zgjedhje u p\u00ebrballen lider\u00ebt e \u00a0partive q\u00eb\" \/>\n<meta name=\"robots\" content=\"index, follow, max-snippet:-1, max-image-preview:large, max-video-preview:-1\" \/>\n<link rel=\"canonical\" href=\"https:\/\/www.visit-ulcinj.com\/blog\/2010\/10\/10\/debati-i-lidereve-politik-ne-tv-teuta-ulqin-2010\/\" \/>\n<meta property=\"og:locale\" content=\"en_US\" \/>\n<meta property=\"og:type\" content=\"article\" \/>\n<meta property=\"og:title\" content=\"Debati i lider\u00ebve politik n\u00eb Tv Teuta - Ulqin 2010 - Lajme nga Ulqini\" \/>\n<meta property=\"og:description\" content=\"N\u00eb prag t\u00eb zgjedhjeve t\u00eb 17 tetorit,\u00a0u mbajt debati \u00a0televiziv n\u00eb Tv Teuta n\u00eb krye me Ibrahim Berjashin.N\u00eb k\u00ebto zgjedhje u p\u00ebrballen lider\u00ebt e \u00a0partive q\u00eb\" \/>\n<meta property=\"og:url\" content=\"https:\/\/www.visit-ulcinj.com\/blog\/2010\/10\/10\/debati-i-lidereve-politik-ne-tv-teuta-ulqin-2010\/\" \/>\n<meta property=\"og:site_name\" content=\"Lajme nga Ulqini\" \/>\n<meta property=\"article:published_time\" content=\"2010-10-10T16:19:34+00:00\" \/>\n<meta property=\"article:modified_time\" content=\"2010-10-10T18:31:04+00:00\" \/>\n<meta property=\"og:image\" content=\"http:\/\/www.visit-ulcinj.com\/blog\/wp-content\/uploads\/2010\/10\/Debati-televiziv-ne-TV-TEUTA_Ulqin.jpg\" \/>\n<meta name=\"twitter:label1\" content=\"Written by\" \/>\n\t<meta name=\"twitter:data1\" content=\"ulqini\" \/>\n\t<meta name=\"twitter:label2\" content=\"Est. reading time\" \/>\n\t<meta name=\"twitter:data2\" content=\"1 minute\" \/>\n<script type=\"application\/ld+json\" class=\"yoast-schema-graph\">{\"@context\":\"https:\/\/schema.org\",\"@graph\":[{\"@type\":\"WebSite\",\"@id\":\"https:\/\/www.visit-ulcinj.com\/blog\/#website\",\"url\":\"https:\/\/www.visit-ulcinj.com\/blog\/\",\"name\":\"Lajme nga Ulqini\",\"description\":\"Lajme,Vijesti,Ulqini,Ulqin,Crna Gora,Mali i Zi\",\"potentialAction\":[{\"@type\":\"SearchAction\",\"target\":{\"@type\":\"EntryPoint\",\"urlTemplate\":\"https:\/\/www.visit-ulcinj.com\/blog\/?s={search_term_string}\"},\"query-input\":\"required name=search_term_string\"}],\"inLanguage\":\"en-US\"},{\"@type\":\"ImageObject\",\"inLanguage\":\"en-US\",\"@id\":\"https:\/\/www.visit-ulcinj.com\/blog\/2010\/10\/10\/debati-i-lidereve-politik-ne-tv-teuta-ulqin-2010\/#primaryimage\",\"url\":\"https:\/\/www.visit-ulcinj.com\/blog\/wp-content\/uploads\/2010\/10\/Debati-televiziv-ne-TV-TEUTA_Ulqin.jpg\",\"contentUrl\":\"https:\/\/www.visit-ulcinj.com\/blog\/wp-content\/uploads\/2010\/10\/Debati-televiziv-ne-TV-TEUTA_Ulqin.jpg\",\"width\":\"490\",\"height\":\"371\"},{\"@type\":\"WebPage\",\"@id\":\"https:\/\/www.visit-ulcinj.com\/blog\/2010\/10\/10\/debati-i-lidereve-politik-ne-tv-teuta-ulqin-2010\/#webpage\",\"url\":\"https:\/\/www.visit-ulcinj.com\/blog\/2010\/10\/10\/debati-i-lidereve-politik-ne-tv-teuta-ulqin-2010\/\",\"name\":\"Debati i lider\u00ebve politik n\u00eb Tv Teuta - Ulqin 2010 - Lajme nga Ulqini\",\"isPartOf\":{\"@id\":\"https:\/\/www.visit-ulcinj.com\/blog\/#website\"},\"primaryImageOfPage\":{\"@id\":\"https:\/\/www.visit-ulcinj.com\/blog\/2010\/10\/10\/debati-i-lidereve-politik-ne-tv-teuta-ulqin-2010\/#primaryimage\"},\"datePublished\":\"2010-10-10T16:19:34+00:00\",\"dateModified\":\"2010-10-10T18:31:04+00:00\",\"author\":{\"@id\":\"https:\/\/www.visit-ulcinj.com\/blog\/#\/schema\/person\/dcab619c614d3038751c63bc2aadc06d\"},\"description\":\"N\u00eb prag t\u00eb zgjedhjeve t\u00eb 17 tetorit,\u00a0u mbajt debati \u00a0televiziv n\u00eb Tv Teuta n\u00eb krye me Ibrahim Berjashin.N\u00eb k\u00ebto zgjedhje u p\u00ebrballen lider\u00ebt e \u00a0partive q\u00eb\",\"breadcrumb\":{\"@id\":\"https:\/\/www.visit-ulcinj.com\/blog\/2010\/10\/10\/debati-i-lidereve-politik-ne-tv-teuta-ulqin-2010\/#breadcrumb\"},\"inLanguage\":\"en-US\",\"potentialAction\":[{\"@type\":\"ReadAction\",\"target\":[\"https:\/\/www.visit-ulcinj.com\/blog\/2010\/10\/10\/debati-i-lidereve-politik-ne-tv-teuta-ulqin-2010\/\"]}]},{\"@type\":\"BreadcrumbList\",\"@id\":\"https:\/\/www.visit-ulcinj.com\/blog\/2010\/10\/10\/debati-i-lidereve-politik-ne-tv-teuta-ulqin-2010\/#breadcrumb\",\"itemListElement\":[{\"@type\":\"ListItem\",\"position\":1,\"name\":\"Debati i lider\u00ebve politik n\u00eb Tv Teuta &#8211; Ulqin 2010\"}]},{\"@type\":\"Person\",\"@id\":\"https:\/\/www.visit-ulcinj.com\/blog\/#\/schema\/person\/dcab619c614d3038751c63bc2aadc06d\",\"name\":\"ulqini\",\"sameAs\":[\"http:\/\/www.visit-ulcinj.com\"],\"url\":\"https:\/\/www.visit-ulcinj.com\/blog\/author\/admin\/\"}]}<\/script>\n<!-- \/ Yoast SEO plugin. -->","yoast_head_json":{"title":"Debati i lider\u00ebve politik n\u00eb Tv Teuta - Ulqin 2010 - Lajme nga Ulqini","description":"N\u00eb prag t\u00eb zgjedhjeve t\u00eb 17 tetorit,\u00a0u mbajt debati \u00a0televiziv n\u00eb Tv Teuta n\u00eb krye me Ibrahim Berjashin.N\u00eb k\u00ebto zgjedhje u p\u00ebrballen lider\u00ebt e \u00a0partive q\u00eb","robots":{"index":"index","follow":"follow","max-snippet":"max-snippet:-1","max-image-preview":"max-image-preview:large","max-video-preview":"max-video-preview:-1"},"canonical":"https:\/\/www.visit-ulcinj.com\/blog\/2010\/10\/10\/debati-i-lidereve-politik-ne-tv-teuta-ulqin-2010\/","og_locale":"en_US","og_type":"article","og_title":"Debati i lider\u00ebve politik n\u00eb Tv Teuta - Ulqin 2010 - Lajme nga Ulqini","og_description":"N\u00eb prag t\u00eb zgjedhjeve t\u00eb 17 tetorit,\u00a0u mbajt debati \u00a0televiziv n\u00eb Tv Teuta n\u00eb krye me Ibrahim Berjashin.N\u00eb k\u00ebto zgjedhje u p\u00ebrballen lider\u00ebt e \u00a0partive q\u00eb","og_url":"https:\/\/www.visit-ulcinj.com\/blog\/2010\/10\/10\/debati-i-lidereve-politik-ne-tv-teuta-ulqin-2010\/","og_site_name":"Lajme nga Ulqini","article_published_time":"2010-10-10T16:19:34+00:00","article_modified_time":"2010-10-10T18:31:04+00:00","og_image":[{"url":"http:\/\/www.visit-ulcinj.com\/blog\/wp-content\/uploads\/2010\/10\/Debati-televiziv-ne-TV-TEUTA_Ulqin.jpg"}],"twitter_misc":{"Written by":"ulqini","Est. reading time":"1 minute"},"schema":{"@context":"https:\/\/schema.org","@graph":[{"@type":"WebSite","@id":"https:\/\/www.visit-ulcinj.com\/blog\/#website","url":"https:\/\/www.visit-ulcinj.com\/blog\/","name":"Lajme nga Ulqini","description":"Lajme,Vijesti,Ulqini,Ulqin,Crna Gora,Mali i Zi","potentialAction":[{"@type":"SearchAction","target":{"@type":"EntryPoint","urlTemplate":"https:\/\/www.visit-ulcinj.com\/blog\/?s={search_term_string}"},"query-input":"required name=search_term_string"}],"inLanguage":"en-US"},{"@type":"ImageObject","inLanguage":"en-US","@id":"https:\/\/www.visit-ulcinj.com\/blog\/2010\/10\/10\/debati-i-lidereve-politik-ne-tv-teuta-ulqin-2010\/#primaryimage","url":"https:\/\/www.visit-ulcinj.com\/blog\/wp-content\/uploads\/2010\/10\/Debati-televiziv-ne-TV-TEUTA_Ulqin.jpg","contentUrl":"https:\/\/www.visit-ulcinj.com\/blog\/wp-content\/uploads\/2010\/10\/Debati-televiziv-ne-TV-TEUTA_Ulqin.jpg","width":"490","height":"371"},{"@type":"WebPage","@id":"https:\/\/www.visit-ulcinj.com\/blog\/2010\/10\/10\/debati-i-lidereve-politik-ne-tv-teuta-ulqin-2010\/#webpage","url":"https:\/\/www.visit-ulcinj.com\/blog\/2010\/10\/10\/debati-i-lidereve-politik-ne-tv-teuta-ulqin-2010\/","name":"Debati i lider\u00ebve politik n\u00eb Tv Teuta - Ulqin 2010 - Lajme nga Ulqini","isPartOf":{"@id":"https:\/\/www.visit-ulcinj.com\/blog\/#website"},"primaryImageOfPage":{"@id":"https:\/\/www.visit-ulcinj.com\/blog\/2010\/10\/10\/debati-i-lidereve-politik-ne-tv-teuta-ulqin-2010\/#primaryimage"},"datePublished":"2010-10-10T16:19:34+00:00","dateModified":"2010-10-10T18:31:04+00:00","author":{"@id":"https:\/\/www.visit-ulcinj.com\/blog\/#\/schema\/person\/dcab619c614d3038751c63bc2aadc06d"},"description":"N\u00eb prag t\u00eb zgjedhjeve t\u00eb 17 tetorit,\u00a0u mbajt debati \u00a0televiziv n\u00eb Tv Teuta n\u00eb krye me Ibrahim Berjashin.N\u00eb k\u00ebto zgjedhje u p\u00ebrballen lider\u00ebt e \u00a0partive q\u00eb","breadcrumb":{"@id":"https:\/\/www.visit-ulcinj.com\/blog\/2010\/10\/10\/debati-i-lidereve-politik-ne-tv-teuta-ulqin-2010\/#breadcrumb"},"inLanguage":"en-US","potentialAction":[{"@type":"ReadAction","target":["https:\/\/www.visit-ulcinj.com\/blog\/2010\/10\/10\/debati-i-lidereve-politik-ne-tv-teuta-ulqin-2010\/"]}]},{"@type":"BreadcrumbList","@id":"https:\/\/www.visit-ulcinj.com\/blog\/2010\/10\/10\/debati-i-lidereve-politik-ne-tv-teuta-ulqin-2010\/#breadcrumb","itemListElement":[{"@type":"ListItem","position":1,"name":"Debati i lider\u00ebve politik n\u00eb Tv Teuta &#8211; Ulqin 2010"}]},{"@type":"Person","@id":"https:\/\/www.visit-ulcinj.com\/blog\/#\/schema\/person\/dcab619c614d3038751c63bc2aadc06d","name":"ulqini","sameAs":["http:\/\/www.visit-ulcinj.com"],"url":"https:\/\/www.visit-ulcinj.com\/blog\/author\/admin\/"}]}},"jetpack_featured_media_url":"","jetpack_sharing_enabled":true,"jetpack_shortlink":"https:\/\/wp.me\/pe6lTn-9Zr","_links":{"self":[{"href":"https:\/\/www.visit-ulcinj.com\/blog\/wp-json\/wp\/v2\/posts\/38405"}],"collection":[{"href":"https:\/\/www.visit-ulcinj.com\/blog\/wp-json\/wp\/v2\/posts"}],"about":[{"href":"https:\/\/www.visit-ulcinj.com\/blog\/wp-json\/wp\/v2\/types\/post"}],"author":[{"embeddable":true,"href":"https:\/\/www.visit-ulcinj.com\/blog\/wp-json\/wp\/v2\/users\/1"}],"replies":[{"embeddable":true,"href":"https:\/\/www.visit-ulcinj.com\/blog\/wp-json\/wp\/v2\/comments?post=38405"}],"version-history":[{"count":1,"href":"https:\/\/www.visit-ulcinj.com\/blog\/wp-json\/wp\/v2\/posts\/38405\/revisions"}],"predecessor-version":[{"id":50256,"href":"https:\/\/www.visit-ulcinj.com\/blog\/wp-json\/wp\/v2\/posts\/38405\/revisions\/50256"}],"wp:attachment":[{"href":"https:\/\/www.visit-ulcinj.com\/blog\/wp-json\/wp\/v2\/media?parent=38405"}],"wp:term":[{"taxonomy":"category","embeddable":true,"href":"https:\/\/www.visit-ulcinj.com\/blog\/wp-json\/wp\/v2\/categories?post=38405"},{"taxonomy":"post_tag","embeddable":true,"href":"https:\/\/www.visit-ulcinj.com\/blog\/wp-json\/wp\/v2\/tags?post=38405"}],"curies":[{"name":"wp","href":"https:\/\/api.w.org\/{rel}","templated":true}]}}