{"id":38418,"date":"2010-10-10T20:50:09","date_gmt":"2010-10-10T18:50:09","guid":{"rendered":"http:\/\/www.visit-ulcinj.com\/blog\/?p=38418"},"modified":"2010-10-10T20:50:09","modified_gmt":"2010-10-10T18:50:09","slug":"sinistaj-pisao-maureru","status":"publish","type":"post","link":"https:\/\/www.visit-ulcinj.com\/blog\/2010\/10\/10\/sinistaj-pisao-maureru\/","title":{"rendered":"Sini\u0161taj pisao Maureru"},"content":{"rendered":"<p><a href=\"http:\/\/www.visit-ulcinj.com\/blog\/wp-content\/uploads\/2010\/10\/Vaselj-Sinistaj.jpg\"><img loading=\"lazy\" class=\"alignleft size-medium wp-image-38419\" title=\"Vaselj Sinistaj\" src=\"http:\/\/www.visit-ulcinj.com\/blog\/wp-content\/uploads\/2010\/10\/Vaselj-Sinistaj-300x225.jpg\" alt=\"\" width=\"300\" height=\"225\" srcset=\"https:\/\/www.visit-ulcinj.com\/blog\/wp-content\/uploads\/2010\/10\/Vaselj-Sinistaj-300x225.jpg 300w, https:\/\/www.visit-ulcinj.com\/blog\/wp-content\/uploads\/2010\/10\/Vaselj-Sinistaj.jpg 800w\" sizes=\"(max-width: 300px) 100vw, 300px\" \/><\/a>Poslanik crnogorske Skup\u0161tine Vaselj Sini\u0161taj zatra\u017eio je od \u0161efa Misije Evropske unije u Podgorici Leopolda Maurera da interveni\u0161e da se u Crnoj Gori po\u0161tuje Ustav, donose zakoni u skladu sa najvi\u0161im pravnim aktom i garantuju ste\u010dena prava. Sini\u0161taj, koji je i odbornik Gra\u0111anske inicijative Tuzi, u otvorenom pismu Maureru, ukazao je na, kako je rekao, nespremnost skup\u0161tinske ve\u0107ine da po\u0161tovanjem Ustava stvori uslove za dvotre\u0107insko usvajanje izmjena i dopuna Zakona o izboru odbornika i poslanika.<\/p>\n<p>On je upitao Maurera mo\u017ee li biti gra\u0111anska dr\u017eava ako se u njoj ne po\u0161tuje Ustav i zakoni, ako se maternji jezik i pismo ne mogu slobodno koristiti.<\/p>\n<p>&#8220;Ako u dr\u017eavnim i organima lokalne uprave, javnim preduze\u0107ima i javnim ustanovama ima nas (pripadnika albanske manjine) zaposlenih svega oko 0,3 odsto, a u ukupnom broju stanovnika Crne Gore oko sedam odsto, ako nas u policiji ima neznatan broj, a u sudstvu i tu\u017eila\u0161tvu skoro da nas i nema&#8221;, naveo je Sini\u0161taj.<\/p>\n<p>Rekao je da se za 12,5 hiljada stanovnika Malesije, sa mjesnim centrom Tuzi, ne mo\u017ee obezbjediti Ustavom zagarantovano pravo na lokalnu samoupravu, odnosno punopravna op\u0161tina.<\/p>\n<p>Sini\u0161taj se pita i je li gra\u0111anska dr\u017eava ako se ukidaju ste\u010dena prava, ako vlast te\u017ei da oduzme dr\u017eavljanstvo i onima koji su ro\u0111eni u Crnoj Gori, slu\u017eili vojni rok, i dostina njih glasali na referendumu o samostalnosti. &#8220;O ovim i sli\u010dnim problemima ne smijemo da \u0107utimo jer u datim trenucima \u0107utanje je sau\u010desni\u0161tvo&#8221;, naveo je Sini\u0161taj.<\/p>\n<p>On je, kako je naveo u pismu, svjestan \u010dinjenice da Maurer nije nadle\u017ean da rje\u0161ava te probleme, ali je osjetio potrebu da mu se obrati. &#8220;I ukazujem na neke probleme koji nas ti\u0161te, a ne mo\u017eemo ih sami rje\u0161iti jer je politi\u010dka korupcija i beneficije koja ona donosi na visokom nivou. Stoga, o\u010dekujem da \u0107u nai\u0107i na Va\u0161e razumjevanje, tim prije \u0161to se Vi, u ime Evropske Unije, borite protiv duplih ar\u0161ina&#8221;, kazao je Sini\u0161taj.<\/p>\n<p>Dupli standardi su, kako je rekao, da Srbi koji na Kosovu ne priznaju institucije sistema i bojkotuju izbore, imaju objezbije\u0111eno minimum deset poslani\u010dkih mandata i pet novih op\u0161tina ili da Crnogorci (njih oko tri hiljade) tako\u0111e na Kosovu, tra\u017ee da im bude zagarontovan jedan poslani\u010dki mandat. &#8220;Dok se nama Albancima u Crnoj Gori (ima nas oko 42, hiljade) otimaju ve\u0107 ste\u010dena prava (pet poslani\u010dkih mandata i utvr\u0111ena bira\u010dka mjesta i uporno nam se odbija zahtjev za osnivanje punopravne op\u0161tine Malesija\/Tuzi), i pored \u010dinjenice da po\u0161tujemo institucije sistema i ne bojkotujemo izbore&#8221;, rekao je Sini\u0161taj.<\/p>\n<p>Prema njegovim rije\u010dima, predlo\u017eene izmjene i dopune Zakona o izboru odbornika i poslanika ne sadr\u017ee ni ono \u0161to je zagarantovano Ustavom \u2013 pravo na autenti\u010dnu zastupljenost pripadnika manjina u Skup\u0161tini Crne Gore i skup\u0161tinama jedinica lokalne samouprave u kojima \u010dine zna\u010dajan dio stanovni\u0161tva, shodno principu afirmativne akcije.<\/p>\n<p>Stoga, kazao je Sini\u0161taj, o\u010dekujem razumjevanje Maurera za ispunjenje njihovih zahtjeva, prvenstveno intervenisanje u pravcu po\u0161tovanja Ustava, dono\u0161enje zakona u roku, i njihovu uskla\u0111enost sa Ustavom, garantovanje ste\u010denih prava i njihovo unaprje\u0111enje a ne umanjivanje ili ukidanje. &#8220;To su principi koje mi o\u010dekujemo, a te standarde odavno imaju evropske demokratske zemlje. Pitamo Vas za\u0161to ta prava ne mo\u017eemo ostvariti u Crnoj Gori i za\u0161to nam se ukidaju ste\u010dena prava i to pred o\u010dima me\u0111unarodne zajednice&#8221;, naveo je Sini\u0161taj u pismu Maureru.<\/p>\n<p>Sini\u0161taj je napomenuo i da izborni zakon nije jedini koga treba usvojiti dvotre\u0107inskom ve\u0107inom, da je rok za to odavno istekao. Tako\u0111e je napisao i da je, na\u017ealost, svjedok vremena stvaranja tri dr\u017eave na ovim prostorima, da je ro\u0111en u \u010detrvrtoj \u2013 biv\u0161oj SFRJ, a da Albanci nikada nijesu imali jednaku \u0161ansu i jednake mogu\u0107nosti kao drugi narodi. &#8220;Takva politika dovela je do toga da danas iz Crne Gore ima iseljenih Albanaca vi\u0161e nego \u0161to ih ima na svojim vje\u010ditim ognji\u0161tima&#8221;, dodao je on.<\/p>\n<p>Kada je u pitanju izborni zakon, naveo je da je problem u tome \u0161to skup\u0161tinska ve\u0107ina, po staroj navici, poku\u0161ava da izdejstvuje zakon po mjeri partija, a ne u interesu gra\u0111ana.<\/p>\n<p>On je napomenuo da su gra\u0111ani albanske nacionalnosti na referendumu odr\u017eanom 2006. godine dali su svoj puni doprinos u dono\u0161enju odluke o samostalnosti Crne Gore. &#8220;I pored \u010dinjenice da su stalno bili diskriminisani, a i nekoliko puta do tada bili su prevareni potpisivanjem raznih politi\u010dkih sporazuma, a imali su u vidu i lo\u0161u poruku ove vlasti kada nije iskazala spremnost da ispuni na\u0161 zahtjev i o\u010dekivanje za osnivanje punopravne op\u0161tine Malesija\/Tuzi&#8221;, dodao je Sini\u0161taj.<\/p>\n<p>On je naveo i da crnogorski Ustav nema odredbe kojima se garantuju ste\u010dena prava, niti propisuje kako se tuma\u010de manjinska prava.<\/p>\n<p>Dodaje da ga je to, izme\u0111u ostalog, opredijelilo da ne glasa za sada\u0161nji tekst Ustava, isti\u010du\u0107i da za Ustav Crne Gore nije glasao nijedan poslanik sa Albanske nacionalne liste, \u0161to ne zna\u010di da ne po\u0161tuju njegove odredbe. &#8220;Naprotiv. Ustav ne po\u0161tuje skup\u0161tinska ve\u0107ina, a logi\u010dno bi bilo da oni koji su glasali za Ustav imaju ve\u0107u obavezu i da ga po\u0161tuju. Tim prije, kada znamo da se Ustavne odredbe nikada ne tuma\u010de, one se samo sprovode&#8221;, naveo je Sini\u0161taj.<\/p>\n<p>Kako je kazao, u Crnoj Gori nije problem donjeti Ustav, zakone i podzakonska akta, nego njihova implementacija. &#8220;Niko ne\u0107e da sije\u010de granu na kojoj sjedi, a jo\u0161 ve\u0107i je problem \u0161to ova vlast jo\u0161 nije spremna da prihvati me\u0111unarodne standarde iz ove oblasti, niti da po\u0161tuje ve\u0107 prihva\u0107ene obaveze iz potpisanih dokumenata, a obja\u0161njenje za sve to je da je Crna Gora gra\u0111anska dr\u017eava&#8221;, naveo je Sini\u0161taj u pismu \u0161efu delegacije EU.<\/p>\n<p><a href=\"http:\/\/www.rtcg.me\/vijesti\/politika\/aktuelno\/32398-sinistaj-pisao-maureru.html\" target=\"_blank\"><strong>RTCG<\/strong><\/a><\/p>\n","protected":false},"excerpt":{"rendered":"<p>Poslanik crnogorske Skup\u0161tine Vaselj Sini\u0161taj zatra\u017eio je od \u0161efa Misije Evropske unije u Podgorici Leopolda Maurera da interveni\u0161e da se u Crnoj Gori po\u0161tuje Ustav, donose zakoni u skladu sa najvi\u0161im pravnim aktom i garantuju ste\u010dena prava. Sini\u0161taj, koji je i odbornik Gra\u0111anske inicijative Tuzi, u otvorenom pismu Maureru, ukazao je na, kako je rekao, [&hellip;]<\/p>\n","protected":false},"author":1,"featured_media":0,"comment_status":"open","ping_status":"closed","sticky":false,"template":"","format":"standard","meta":{"spay_email":"","jetpack_publicize_message":"","jetpack_is_tweetstorm":false,"jetpack_publicize_feature_enabled":true},"categories":[8],"tags":[2474],"jetpack_publicize_connections":[],"yoast_head":"<!-- This site is optimized with the Yoast SEO plugin v19.1 - https:\/\/yoast.com\/wordpress\/plugins\/seo\/ -->\n<title>Sini\u0161taj pisao Maureru - Lajme nga Ulqini<\/title>\n<meta name=\"description\" content=\"Poslanik crnogorske Skup\u0161tine Vaselj Sini\u0161taj zatra\u017eio je od \u0161efa Misije Evropske unije u Podgorici Leopolda Maurera da interveni\u0161e da se u Crnoj Gori\" \/>\n<meta name=\"robots\" content=\"index, follow, max-snippet:-1, max-image-preview:large, max-video-preview:-1\" \/>\n<link rel=\"canonical\" href=\"https:\/\/www.visit-ulcinj.com\/blog\/2010\/10\/10\/sinistaj-pisao-maureru\/\" \/>\n<meta property=\"og:locale\" content=\"en_US\" \/>\n<meta property=\"og:type\" content=\"article\" \/>\n<meta property=\"og:title\" content=\"Sini\u0161taj pisao Maureru - Lajme nga Ulqini\" \/>\n<meta property=\"og:description\" content=\"Poslanik crnogorske Skup\u0161tine Vaselj Sini\u0161taj zatra\u017eio je od \u0161efa Misije Evropske unije u Podgorici Leopolda Maurera da interveni\u0161e da se u Crnoj Gori\" \/>\n<meta property=\"og:url\" content=\"https:\/\/www.visit-ulcinj.com\/blog\/2010\/10\/10\/sinistaj-pisao-maureru\/\" \/>\n<meta property=\"og:site_name\" content=\"Lajme nga Ulqini\" \/>\n<meta property=\"article:published_time\" content=\"2010-10-10T18:50:09+00:00\" \/>\n<meta property=\"og:image\" content=\"http:\/\/www.visit-ulcinj.com\/blog\/wp-content\/uploads\/2010\/10\/Vaselj-Sinistaj-300x225.jpg\" \/>\n<meta name=\"twitter:label1\" content=\"Written by\" \/>\n\t<meta name=\"twitter:data1\" content=\"ulqini\" \/>\n\t<meta name=\"twitter:label2\" content=\"Est. reading time\" \/>\n\t<meta name=\"twitter:data2\" content=\"5 minutes\" \/>\n<script type=\"application\/ld+json\" class=\"yoast-schema-graph\">{\"@context\":\"https:\/\/schema.org\",\"@graph\":[{\"@type\":\"WebSite\",\"@id\":\"https:\/\/www.visit-ulcinj.com\/blog\/#website\",\"url\":\"https:\/\/www.visit-ulcinj.com\/blog\/\",\"name\":\"Lajme nga Ulqini\",\"description\":\"Lajme,Vijesti,Ulqini,Ulqin,Crna Gora,Mali i Zi\",\"potentialAction\":[{\"@type\":\"SearchAction\",\"target\":{\"@type\":\"EntryPoint\",\"urlTemplate\":\"https:\/\/www.visit-ulcinj.com\/blog\/?s={search_term_string}\"},\"query-input\":\"required name=search_term_string\"}],\"inLanguage\":\"en-US\"},{\"@type\":\"ImageObject\",\"inLanguage\":\"en-US\",\"@id\":\"https:\/\/www.visit-ulcinj.com\/blog\/2010\/10\/10\/sinistaj-pisao-maureru\/#primaryimage\",\"url\":\"https:\/\/www.visit-ulcinj.com\/blog\/wp-content\/uploads\/2010\/10\/Vaselj-Sinistaj.jpg\",\"contentUrl\":\"https:\/\/www.visit-ulcinj.com\/blog\/wp-content\/uploads\/2010\/10\/Vaselj-Sinistaj.jpg\",\"width\":\"800\",\"height\":\"600\"},{\"@type\":\"WebPage\",\"@id\":\"https:\/\/www.visit-ulcinj.com\/blog\/2010\/10\/10\/sinistaj-pisao-maureru\/#webpage\",\"url\":\"https:\/\/www.visit-ulcinj.com\/blog\/2010\/10\/10\/sinistaj-pisao-maureru\/\",\"name\":\"Sini\u0161taj pisao Maureru - Lajme nga Ulqini\",\"isPartOf\":{\"@id\":\"https:\/\/www.visit-ulcinj.com\/blog\/#website\"},\"primaryImageOfPage\":{\"@id\":\"https:\/\/www.visit-ulcinj.com\/blog\/2010\/10\/10\/sinistaj-pisao-maureru\/#primaryimage\"},\"datePublished\":\"2010-10-10T18:50:09+00:00\",\"dateModified\":\"2010-10-10T18:50:09+00:00\",\"author\":{\"@id\":\"https:\/\/www.visit-ulcinj.com\/blog\/#\/schema\/person\/dcab619c614d3038751c63bc2aadc06d\"},\"description\":\"Poslanik crnogorske Skup\u0161tine Vaselj Sini\u0161taj zatra\u017eio je od \u0161efa Misije Evropske unije u Podgorici Leopolda Maurera da interveni\u0161e da se u Crnoj Gori\",\"breadcrumb\":{\"@id\":\"https:\/\/www.visit-ulcinj.com\/blog\/2010\/10\/10\/sinistaj-pisao-maureru\/#breadcrumb\"},\"inLanguage\":\"en-US\",\"potentialAction\":[{\"@type\":\"ReadAction\",\"target\":[\"https:\/\/www.visit-ulcinj.com\/blog\/2010\/10\/10\/sinistaj-pisao-maureru\/\"]}]},{\"@type\":\"BreadcrumbList\",\"@id\":\"https:\/\/www.visit-ulcinj.com\/blog\/2010\/10\/10\/sinistaj-pisao-maureru\/#breadcrumb\",\"itemListElement\":[{\"@type\":\"ListItem\",\"position\":1,\"name\":\"Sini\u0161taj pisao Maureru\"}]},{\"@type\":\"Person\",\"@id\":\"https:\/\/www.visit-ulcinj.com\/blog\/#\/schema\/person\/dcab619c614d3038751c63bc2aadc06d\",\"name\":\"ulqini\",\"sameAs\":[\"http:\/\/www.visit-ulcinj.com\"],\"url\":\"https:\/\/www.visit-ulcinj.com\/blog\/author\/admin\/\"}]}<\/script>\n<!-- \/ Yoast SEO plugin. -->","yoast_head_json":{"title":"Sini\u0161taj pisao Maureru - Lajme nga Ulqini","description":"Poslanik crnogorske Skup\u0161tine Vaselj Sini\u0161taj zatra\u017eio je od \u0161efa Misije Evropske unije u Podgorici Leopolda Maurera da interveni\u0161e da se u Crnoj Gori","robots":{"index":"index","follow":"follow","max-snippet":"max-snippet:-1","max-image-preview":"max-image-preview:large","max-video-preview":"max-video-preview:-1"},"canonical":"https:\/\/www.visit-ulcinj.com\/blog\/2010\/10\/10\/sinistaj-pisao-maureru\/","og_locale":"en_US","og_type":"article","og_title":"Sini\u0161taj pisao Maureru - Lajme nga Ulqini","og_description":"Poslanik crnogorske Skup\u0161tine Vaselj Sini\u0161taj zatra\u017eio je od \u0161efa Misije Evropske unije u Podgorici Leopolda Maurera da interveni\u0161e da se u Crnoj Gori","og_url":"https:\/\/www.visit-ulcinj.com\/blog\/2010\/10\/10\/sinistaj-pisao-maureru\/","og_site_name":"Lajme nga Ulqini","article_published_time":"2010-10-10T18:50:09+00:00","og_image":[{"url":"http:\/\/www.visit-ulcinj.com\/blog\/wp-content\/uploads\/2010\/10\/Vaselj-Sinistaj-300x225.jpg"}],"twitter_misc":{"Written by":"ulqini","Est. reading time":"5 minutes"},"schema":{"@context":"https:\/\/schema.org","@graph":[{"@type":"WebSite","@id":"https:\/\/www.visit-ulcinj.com\/blog\/#website","url":"https:\/\/www.visit-ulcinj.com\/blog\/","name":"Lajme nga Ulqini","description":"Lajme,Vijesti,Ulqini,Ulqin,Crna Gora,Mali i Zi","potentialAction":[{"@type":"SearchAction","target":{"@type":"EntryPoint","urlTemplate":"https:\/\/www.visit-ulcinj.com\/blog\/?s={search_term_string}"},"query-input":"required name=search_term_string"}],"inLanguage":"en-US"},{"@type":"ImageObject","inLanguage":"en-US","@id":"https:\/\/www.visit-ulcinj.com\/blog\/2010\/10\/10\/sinistaj-pisao-maureru\/#primaryimage","url":"https:\/\/www.visit-ulcinj.com\/blog\/wp-content\/uploads\/2010\/10\/Vaselj-Sinistaj.jpg","contentUrl":"https:\/\/www.visit-ulcinj.com\/blog\/wp-content\/uploads\/2010\/10\/Vaselj-Sinistaj.jpg","width":"800","height":"600"},{"@type":"WebPage","@id":"https:\/\/www.visit-ulcinj.com\/blog\/2010\/10\/10\/sinistaj-pisao-maureru\/#webpage","url":"https:\/\/www.visit-ulcinj.com\/blog\/2010\/10\/10\/sinistaj-pisao-maureru\/","name":"Sini\u0161taj pisao Maureru - Lajme nga Ulqini","isPartOf":{"@id":"https:\/\/www.visit-ulcinj.com\/blog\/#website"},"primaryImageOfPage":{"@id":"https:\/\/www.visit-ulcinj.com\/blog\/2010\/10\/10\/sinistaj-pisao-maureru\/#primaryimage"},"datePublished":"2010-10-10T18:50:09+00:00","dateModified":"2010-10-10T18:50:09+00:00","author":{"@id":"https:\/\/www.visit-ulcinj.com\/blog\/#\/schema\/person\/dcab619c614d3038751c63bc2aadc06d"},"description":"Poslanik crnogorske Skup\u0161tine Vaselj Sini\u0161taj zatra\u017eio je od \u0161efa Misije Evropske unije u Podgorici Leopolda Maurera da interveni\u0161e da se u Crnoj Gori","breadcrumb":{"@id":"https:\/\/www.visit-ulcinj.com\/blog\/2010\/10\/10\/sinistaj-pisao-maureru\/#breadcrumb"},"inLanguage":"en-US","potentialAction":[{"@type":"ReadAction","target":["https:\/\/www.visit-ulcinj.com\/blog\/2010\/10\/10\/sinistaj-pisao-maureru\/"]}]},{"@type":"BreadcrumbList","@id":"https:\/\/www.visit-ulcinj.com\/blog\/2010\/10\/10\/sinistaj-pisao-maureru\/#breadcrumb","itemListElement":[{"@type":"ListItem","position":1,"name":"Sini\u0161taj pisao Maureru"}]},{"@type":"Person","@id":"https:\/\/www.visit-ulcinj.com\/blog\/#\/schema\/person\/dcab619c614d3038751c63bc2aadc06d","name":"ulqini","sameAs":["http:\/\/www.visit-ulcinj.com"],"url":"https:\/\/www.visit-ulcinj.com\/blog\/author\/admin\/"}]}},"jetpack_featured_media_url":"","jetpack_sharing_enabled":true,"jetpack_shortlink":"https:\/\/wp.me\/pe6lTn-9ZE","_links":{"self":[{"href":"https:\/\/www.visit-ulcinj.com\/blog\/wp-json\/wp\/v2\/posts\/38418"}],"collection":[{"href":"https:\/\/www.visit-ulcinj.com\/blog\/wp-json\/wp\/v2\/posts"}],"about":[{"href":"https:\/\/www.visit-ulcinj.com\/blog\/wp-json\/wp\/v2\/types\/post"}],"author":[{"embeddable":true,"href":"https:\/\/www.visit-ulcinj.com\/blog\/wp-json\/wp\/v2\/users\/1"}],"replies":[{"embeddable":true,"href":"https:\/\/www.visit-ulcinj.com\/blog\/wp-json\/wp\/v2\/comments?post=38418"}],"version-history":[{"count":0,"href":"https:\/\/www.visit-ulcinj.com\/blog\/wp-json\/wp\/v2\/posts\/38418\/revisions"}],"wp:attachment":[{"href":"https:\/\/www.visit-ulcinj.com\/blog\/wp-json\/wp\/v2\/media?parent=38418"}],"wp:term":[{"taxonomy":"category","embeddable":true,"href":"https:\/\/www.visit-ulcinj.com\/blog\/wp-json\/wp\/v2\/categories?post=38418"},{"taxonomy":"post_tag","embeddable":true,"href":"https:\/\/www.visit-ulcinj.com\/blog\/wp-json\/wp\/v2\/tags?post=38418"}],"curies":[{"name":"wp","href":"https:\/\/api.w.org\/{rel}","templated":true}]}}